{"id":15733,"date":"2015-10-18T12:54:37","date_gmt":"2015-10-18T10:54:37","guid":{"rendered":"http:\/\/tuky.fi\/?p=15733"},"modified":"2015-10-18T12:54:37","modified_gmt":"2015-10-18T10:54:37","slug":"vuosijuhlaviikon-aikataulu","status":"publish","type":"post","link":"https:\/\/www.tuky.fi\/etusivu\/news\/vuosijuhlaviikon-aikataulu\/","title":{"rendered":"Vuosijuhlaviikon aikataulu"},"content":{"rendered":"<p><strong>Vuosijuhlaviikon 2015 tapahtuma-aikataulu on seuraavanlainen:<\/strong><\/p>\n<p><b>Maanantai 19.10.<\/b><\/p>\n<p><b><\/b><em>Vuosijuhlaviikon avajaiset klo 18.00 , Monttu<\/em><\/p>\n<p><b><\/b>Juhlaviikon avaa pikkumustatilaisuus, jossa juhlitaan Turun KY:t\u00e4, yhdistyksen ansioituneita toimijoita ja uuden kylterisukupolven esiinmarssia. Ohjelmassa on mm. juhlapuheita, hopeisten ansiomerkkien jako aktiivisille TuKYl\u00e4isille sek\u00e4 pupujen lakitus, jossa ensimm\u00e4isen vuosikurssin j\u00e4senet saavat Turun KY:n merkin yo-lakkiinsa ja heist\u00e4 tulee virallisesti kyltereit\u00e4.<\/p>\n<p><b>Tiistai 20.10.<\/b><\/p>\n<p><em>Etiketti- ja pukeutumiskurssi klo 18.00, ls 16<\/em><\/p>\n<p>Mill\u00e4 haarukalla sy\u00f6minen pit\u00e4\u00e4 aloittaa? Voiko juhlan aikana k\u00e4yd\u00e4 vessassa vai onko sitsikulttuuri ulottunut vuosijuhlillekin? T\u00e4m\u00e4n ja paljon muuta opit ilmaisella etikettikurssillamme, jolle saapuu etikettikouluttaja Helsingist\u00e4. Luvassa ei kuitenkaan ole pelkk\u00e4\u00e4 kuivaa luennointia, joten paikalle kannattaa ilmesty\u00e4, jotta p\u00f6yt\u00e4seurueesi voi hurmaantua sulavasti k\u00e4yt\u00f6ksest\u00e4si iltajuhlassa. Vinkit ovat kuitenkin hy\u00f6dyllisi\u00e4 miss\u00e4 tahansa juhlavammassakin tilaisuudessa, joten kurssista on hy\u00f6ty\u00e4 niillekin, jotka eiv\u00e4t t\u00e4n\u00e4 vuonna p\u00e4\u00e4juhlaan osallistu.<\/p>\n<p>Samalla selvitet\u00e4\u00e4n yleisimpien pukeutumiskoodien smart casual, business casual ja iltajuhlapukeutumisen mysteerit, kun Muotikuu ja Herrainpukimo tulevat johdattamaan kylterit pukeutumisen saloihin. Tilaisuudessa jaetaan hy\u00f6dyllisi\u00e4 pukeutumisvinkkej\u00e4 kaikille kyltereille tulevaisuutta varten. Juhlahengess\u00e4 on tarjolla my\u00f6s kuohuviini\u00e4.<\/p>\n<p><b>Keskiviikko 21.10.<\/b><\/p>\n<p><em>Rahvaanjuhlat klo 19.00, Parkki<\/em><\/p>\n<p><b><\/b>Kulttiksen j\u00e4rjest\u00e4m\u00e4t vuosijuhlien vastakohta, rahvaanjuhlat, on yksin TuKYn vanhimmista tapahtumista pornobileitten ohella; ensimm\u00e4iset rahvaanjuhlat j\u00e4rjestettiin jo 1967. N\u00e4iss\u00e4 juhlissa voi ottaa rennosti come-as-you-are-periaatteella; verkkarit jalkaan ja Karhu k\u00e4teen.<\/p>\n<p><b>Torstai 22.10.<\/b><\/p>\n<p><em>After Work klo 15.00, Monttu<\/em><\/p>\n<p>Valmistaudu perjantaisiin vuosijuhliin yst\u00e4vien seurasta ja parista lasillisesta nauttien!<\/p>\n<p><em>Tanssikurssi klo 18.30, OP-Pohjola<\/em><\/p>\n<p><b><\/b>Teroita parkettien partaveitsesi TuKYn tanssikurssilla, miss\u00e4 paritanssin saloihin opastaa Tanssii t\u00e4htien kanssa -valmentaja Mikko Ahti. Kilpatanssijan ura ei kuitenkaan ole vaatimus, eik\u00e4 omiin jalkoihin kompastumista tarvitse t\u00e4ll\u00e4 kurssilla h\u00e4vet\u00e4!<\/p>\n<p><b>Perjantai 23.10.<\/b><\/p>\n<p>Perjantaina voit soveltaa viikon aikana saamiasi oppeja viikon kohokohtaan &#8211; itse vuosijuhlaan.\u00a0Cocktailtilaisuus kutsuvierailla alkaa klo 16.00 Mercatorilla. P\u00e4\u00e4juhla k\u00e4ynnistyy Turun VPK-talolla (Eskelinkatu 5) klo 19.00, josta siirryt\u00e4\u00e4n jatkoille Monttuun puoleny\u00f6n aikoihin. V\u00e4sym\u00e4tt\u00f6mimm\u00e4t voivat viel\u00e4 jatkaa juhlintaa jatkojen jatkoilla Parkilla klo 03.00 eteenp\u00e4in.<\/p>\n<p><b>Lauantai 24.10.<\/b><\/p>\n<p>Bussit legendaariselle Turun KY:n sillikselle starttaavat TSE:n edest\u00e4 klo 10.00. Sillis kest\u00e4\u00e4 klo 17.00 asti.<\/p>\n<p>&nbsp;<\/p>\n<p>Pidet\u00e4\u00e4n huikea juhlaviikko, TuKYl\u00e4iset!<\/p>\n<p>Vujuj\u00e4nn\u00e4terveisin,<\/p>\n<p>Vuosijuhlatiimi 2015<\/p>\n","protected":false},"excerpt":{"rendered":"<p>Vuosijuhlaviikon 2015 tapahtuma-aikataulu on seuraavanlainen: Maanantai 19.10. Vuosijuhlaviikon avajaiset klo 18.00 , Monttu Juhlaviikon avaa pikkumustatilaisuus, jossa juhlitaan Turun KY:t\u00e4, yhdistyksen ansioituneita toimijoita ja uuden kylterisukupolven esiinmarssia. Ohjelmassa on mm. [&hellip;]<\/p>\n","protected":false},"author":21,"featured_media":0,"comment_status":"open","ping_status":"open","sticky":false,"template":"","format":"standard","meta":{"_et_pb_use_builder":"","_et_pb_old_content":"","_et_gb_content_width":"","footnotes":""},"categories":[4],"tags":[],"class_list":["post-15733","post","type-post","status-publish","format-standard","hentry","category-news"],"yoast_head":"<!-- This site is optimized with the Yoast SEO plugin v27.2 - https:\/\/yoast.com\/product\/yoast-seo-wordpress\/ -->\n<title>Vuosijuhlaviikon aikataulu - Turun KY<\/title>\n<meta name=\"robots\" content=\"index, follow, max-snippet:-1, max-image-preview:large, max-video-preview:-1\" \/>\n<link rel=\"canonical\" href=\"https:\/\/www.tuky.fi\/etusivu\/news\/vuosijuhlaviikon-aikataulu\/\" \/>\n<meta property=\"og:locale\" content=\"fi_FI\" \/>\n<meta property=\"og:type\" content=\"article\" \/>\n<meta property=\"og:title\" content=\"Vuosijuhlaviikon aikataulu - Turun KY\" \/>\n<meta property=\"og:description\" content=\"Vuosijuhlaviikon 2015 tapahtuma-aikataulu on seuraavanlainen: Maanantai 19.10. Vuosijuhlaviikon avajaiset klo 18.00 , Monttu Juhlaviikon avaa pikkumustatilaisuus, jossa juhlitaan Turun KY:t\u00e4, yhdistyksen ansioituneita toimijoita ja uuden kylterisukupolven esiinmarssia. Ohjelmassa on mm. [&hellip;]\" \/>\n<meta property=\"og:url\" content=\"https:\/\/www.tuky.fi\/etusivu\/news\/vuosijuhlaviikon-aikataulu\/\" \/>\n<meta property=\"og:site_name\" content=\"Turun KY\" \/>\n<meta property=\"article:published_time\" content=\"2015-10-18T10:54:37+00:00\" \/>\n<meta name=\"author\" content=\"Vuosijuhlat\" \/>\n<meta name=\"twitter:card\" content=\"summary_large_image\" \/>\n<meta name=\"twitter:label1\" content=\"Kirjoittanut\" \/>\n\t<meta name=\"twitter:data1\" content=\"Vuosijuhlat\" \/>\n\t<meta name=\"twitter:label2\" content=\"Arvioitu lukuaika\" \/>\n\t<meta name=\"twitter:data2\" content=\"2 minuuttia\" \/>\n<script type=\"application\/ld+json\" class=\"yoast-schema-graph\">{\"@context\":\"https:\/\/schema.org\",\"@graph\":[{\"@type\":\"Article\",\"@id\":\"https:\/\/www.tuky.fi\/etusivu\/news\/vuosijuhlaviikon-aikataulu\/#article\",\"isPartOf\":{\"@id\":\"https:\/\/www.tuky.fi\/etusivu\/news\/vuosijuhlaviikon-aikataulu\/\"},\"author\":{\"name\":\"Vuosijuhlat\",\"@id\":\"https:\/\/www.tuky.fi\/etusivu\/#\/schema\/person\/0715edede6f9d54c694dcabff0dc204f\"},\"headline\":\"Vuosijuhlaviikon aikataulu\",\"datePublished\":\"2015-10-18T10:54:37+00:00\",\"mainEntityOfPage\":{\"@id\":\"https:\/\/www.tuky.fi\/etusivu\/news\/vuosijuhlaviikon-aikataulu\/\"},\"wordCount\":339,\"commentCount\":0,\"publisher\":{\"@id\":\"https:\/\/www.tuky.fi\/etusivu\/#organization\"},\"articleSection\":[\"news\"],\"inLanguage\":\"fi\",\"potentialAction\":[{\"@type\":\"CommentAction\",\"name\":\"Comment\",\"target\":[\"https:\/\/www.tuky.fi\/etusivu\/news\/vuosijuhlaviikon-aikataulu\/#respond\"]}]},{\"@type\":\"WebPage\",\"@id\":\"https:\/\/www.tuky.fi\/etusivu\/news\/vuosijuhlaviikon-aikataulu\/\",\"url\":\"https:\/\/www.tuky.fi\/etusivu\/news\/vuosijuhlaviikon-aikataulu\/\",\"name\":\"Vuosijuhlaviikon aikataulu - Turun KY\",\"isPartOf\":{\"@id\":\"https:\/\/www.tuky.fi\/etusivu\/#website\"},\"datePublished\":\"2015-10-18T10:54:37+00:00\",\"breadcrumb\":{\"@id\":\"https:\/\/www.tuky.fi\/etusivu\/news\/vuosijuhlaviikon-aikataulu\/#breadcrumb\"},\"inLanguage\":\"fi\",\"potentialAction\":[{\"@type\":\"ReadAction\",\"target\":[\"https:\/\/www.tuky.fi\/etusivu\/news\/vuosijuhlaviikon-aikataulu\/\"]}]},{\"@type\":\"BreadcrumbList\",\"@id\":\"https:\/\/www.tuky.fi\/etusivu\/news\/vuosijuhlaviikon-aikataulu\/#breadcrumb\",\"itemListElement\":[{\"@type\":\"ListItem\",\"position\":1,\"name\":\"Etusivu\",\"item\":\"https:\/\/www.tuky.fi\/etusivu\/\"},{\"@type\":\"ListItem\",\"position\":2,\"name\":\"Vuosijuhlaviikon aikataulu\"}]},{\"@type\":\"WebSite\",\"@id\":\"https:\/\/www.tuky.fi\/etusivu\/#website\",\"url\":\"https:\/\/www.tuky.fi\/etusivu\/\",\"name\":\"Turun KY\",\"description\":\"TuKY\",\"publisher\":{\"@id\":\"https:\/\/www.tuky.fi\/etusivu\/#organization\"},\"alternateName\":\"TuKY\",\"potentialAction\":[{\"@type\":\"SearchAction\",\"target\":{\"@type\":\"EntryPoint\",\"urlTemplate\":\"https:\/\/www.tuky.fi\/etusivu\/?s={search_term_string}\"},\"query-input\":{\"@type\":\"PropertyValueSpecification\",\"valueRequired\":true,\"valueName\":\"search_term_string\"}}],\"inLanguage\":\"fi\"},{\"@type\":\"Organization\",\"@id\":\"https:\/\/www.tuky.fi\/etusivu\/#organization\",\"name\":\"Turun KY\",\"alternateName\":\"TuKY\",\"url\":\"https:\/\/www.tuky.fi\/etusivu\/\",\"logo\":{\"@type\":\"ImageObject\",\"inLanguage\":\"fi\",\"@id\":\"https:\/\/www.tuky.fi\/etusivu\/#\/schema\/logo\/image\/\",\"url\":\"https:\/\/www.tuky.fi\/wp-content\/uploads\/2024\/09\/TuKY-logo-kulta-1.png\",\"contentUrl\":\"https:\/\/www.tuky.fi\/wp-content\/uploads\/2024\/09\/TuKY-logo-kulta-1.png\",\"width\":1080,\"height\":1080,\"caption\":\"Turun KY\"},\"image\":{\"@id\":\"https:\/\/www.tuky.fi\/etusivu\/#\/schema\/logo\/image\/\"},\"sameAs\":[\"https:\/\/instagram.com\/turunky\",\"https:\/\/linkedin.com\/turunky\"]},{\"@type\":\"Person\",\"@id\":\"https:\/\/www.tuky.fi\/etusivu\/#\/schema\/person\/0715edede6f9d54c694dcabff0dc204f\",\"name\":\"Vuosijuhlat\",\"image\":{\"@type\":\"ImageObject\",\"inLanguage\":\"fi\",\"@id\":\"https:\/\/secure.gravatar.com\/avatar\/c84dfd5a67676072cda55c2b646b8dea401a458dd2b334dc7915a06871c48d8f?s=96&d=mm&r=g\",\"url\":\"https:\/\/secure.gravatar.com\/avatar\/c84dfd5a67676072cda55c2b646b8dea401a458dd2b334dc7915a06871c48d8f?s=96&d=mm&r=g\",\"contentUrl\":\"https:\/\/secure.gravatar.com\/avatar\/c84dfd5a67676072cda55c2b646b8dea401a458dd2b334dc7915a06871c48d8f?s=96&d=mm&r=g\",\"caption\":\"Vuosijuhlat\"},\"url\":\"https:\/\/www.tuky.fi\/etusivu\/author\/vuosijuhlat\/\"}]}<\/script>\n<!-- \/ Yoast SEO plugin. -->","yoast_head_json":{"title":"Vuosijuhlaviikon aikataulu - Turun KY","robots":{"index":"index","follow":"follow","max-snippet":"max-snippet:-1","max-image-preview":"max-image-preview:large","max-video-preview":"max-video-preview:-1"},"canonical":"https:\/\/www.tuky.fi\/etusivu\/news\/vuosijuhlaviikon-aikataulu\/","og_locale":"fi_FI","og_type":"article","og_title":"Vuosijuhlaviikon aikataulu - Turun KY","og_description":"Vuosijuhlaviikon 2015 tapahtuma-aikataulu on seuraavanlainen: Maanantai 19.10. Vuosijuhlaviikon avajaiset klo 18.00 , Monttu Juhlaviikon avaa pikkumustatilaisuus, jossa juhlitaan Turun KY:t\u00e4, yhdistyksen ansioituneita toimijoita ja uuden kylterisukupolven esiinmarssia. Ohjelmassa on mm. [&hellip;]","og_url":"https:\/\/www.tuky.fi\/etusivu\/news\/vuosijuhlaviikon-aikataulu\/","og_site_name":"Turun KY","article_published_time":"2015-10-18T10:54:37+00:00","author":"Vuosijuhlat","twitter_card":"summary_large_image","twitter_misc":{"Kirjoittanut":"Vuosijuhlat","Arvioitu lukuaika":"2 minuuttia"},"schema":{"@context":"https:\/\/schema.org","@graph":[{"@type":"Article","@id":"https:\/\/www.tuky.fi\/etusivu\/news\/vuosijuhlaviikon-aikataulu\/#article","isPartOf":{"@id":"https:\/\/www.tuky.fi\/etusivu\/news\/vuosijuhlaviikon-aikataulu\/"},"author":{"name":"Vuosijuhlat","@id":"https:\/\/www.tuky.fi\/etusivu\/#\/schema\/person\/0715edede6f9d54c694dcabff0dc204f"},"headline":"Vuosijuhlaviikon aikataulu","datePublished":"2015-10-18T10:54:37+00:00","mainEntityOfPage":{"@id":"https:\/\/www.tuky.fi\/etusivu\/news\/vuosijuhlaviikon-aikataulu\/"},"wordCount":339,"commentCount":0,"publisher":{"@id":"https:\/\/www.tuky.fi\/etusivu\/#organization"},"articleSection":["news"],"inLanguage":"fi","potentialAction":[{"@type":"CommentAction","name":"Comment","target":["https:\/\/www.tuky.fi\/etusivu\/news\/vuosijuhlaviikon-aikataulu\/#respond"]}]},{"@type":"WebPage","@id":"https:\/\/www.tuky.fi\/etusivu\/news\/vuosijuhlaviikon-aikataulu\/","url":"https:\/\/www.tuky.fi\/etusivu\/news\/vuosijuhlaviikon-aikataulu\/","name":"Vuosijuhlaviikon aikataulu - Turun KY","isPartOf":{"@id":"https:\/\/www.tuky.fi\/etusivu\/#website"},"datePublished":"2015-10-18T10:54:37+00:00","breadcrumb":{"@id":"https:\/\/www.tuky.fi\/etusivu\/news\/vuosijuhlaviikon-aikataulu\/#breadcrumb"},"inLanguage":"fi","potentialAction":[{"@type":"ReadAction","target":["https:\/\/www.tuky.fi\/etusivu\/news\/vuosijuhlaviikon-aikataulu\/"]}]},{"@type":"BreadcrumbList","@id":"https:\/\/www.tuky.fi\/etusivu\/news\/vuosijuhlaviikon-aikataulu\/#breadcrumb","itemListElement":[{"@type":"ListItem","position":1,"name":"Etusivu","item":"https:\/\/www.tuky.fi\/etusivu\/"},{"@type":"ListItem","position":2,"name":"Vuosijuhlaviikon aikataulu"}]},{"@type":"WebSite","@id":"https:\/\/www.tuky.fi\/etusivu\/#website","url":"https:\/\/www.tuky.fi\/etusivu\/","name":"Turun KY","description":"TuKY","publisher":{"@id":"https:\/\/www.tuky.fi\/etusivu\/#organization"},"alternateName":"TuKY","potentialAction":[{"@type":"SearchAction","target":{"@type":"EntryPoint","urlTemplate":"https:\/\/www.tuky.fi\/etusivu\/?s={search_term_string}"},"query-input":{"@type":"PropertyValueSpecification","valueRequired":true,"valueName":"search_term_string"}}],"inLanguage":"fi"},{"@type":"Organization","@id":"https:\/\/www.tuky.fi\/etusivu\/#organization","name":"Turun KY","alternateName":"TuKY","url":"https:\/\/www.tuky.fi\/etusivu\/","logo":{"@type":"ImageObject","inLanguage":"fi","@id":"https:\/\/www.tuky.fi\/etusivu\/#\/schema\/logo\/image\/","url":"https:\/\/www.tuky.fi\/wp-content\/uploads\/2024\/09\/TuKY-logo-kulta-1.png","contentUrl":"https:\/\/www.tuky.fi\/wp-content\/uploads\/2024\/09\/TuKY-logo-kulta-1.png","width":1080,"height":1080,"caption":"Turun KY"},"image":{"@id":"https:\/\/www.tuky.fi\/etusivu\/#\/schema\/logo\/image\/"},"sameAs":["https:\/\/instagram.com\/turunky","https:\/\/linkedin.com\/turunky"]},{"@type":"Person","@id":"https:\/\/www.tuky.fi\/etusivu\/#\/schema\/person\/0715edede6f9d54c694dcabff0dc204f","name":"Vuosijuhlat","image":{"@type":"ImageObject","inLanguage":"fi","@id":"https:\/\/secure.gravatar.com\/avatar\/c84dfd5a67676072cda55c2b646b8dea401a458dd2b334dc7915a06871c48d8f?s=96&d=mm&r=g","url":"https:\/\/secure.gravatar.com\/avatar\/c84dfd5a67676072cda55c2b646b8dea401a458dd2b334dc7915a06871c48d8f?s=96&d=mm&r=g","contentUrl":"https:\/\/secure.gravatar.com\/avatar\/c84dfd5a67676072cda55c2b646b8dea401a458dd2b334dc7915a06871c48d8f?s=96&d=mm&r=g","caption":"Vuosijuhlat"},"url":"https:\/\/www.tuky.fi\/etusivu\/author\/vuosijuhlat\/"}]}},"lang":"fi","translations":{"fi":15733},"pll_sync_post":[],"_links":{"self":[{"href":"https:\/\/www.tuky.fi\/etusivu\/wp-json\/wp\/v2\/posts\/15733","targetHints":{"allow":["GET"]}}],"collection":[{"href":"https:\/\/www.tuky.fi\/etusivu\/wp-json\/wp\/v2\/posts"}],"about":[{"href":"https:\/\/www.tuky.fi\/etusivu\/wp-json\/wp\/v2\/types\/post"}],"author":[{"embeddable":true,"href":"https:\/\/www.tuky.fi\/etusivu\/wp-json\/wp\/v2\/users\/21"}],"replies":[{"embeddable":true,"href":"https:\/\/www.tuky.fi\/etusivu\/wp-json\/wp\/v2\/comments?post=15733"}],"version-history":[{"count":0,"href":"https:\/\/www.tuky.fi\/etusivu\/wp-json\/wp\/v2\/posts\/15733\/revisions"}],"wp:attachment":[{"href":"https:\/\/www.tuky.fi\/etusivu\/wp-json\/wp\/v2\/media?parent=15733"}],"wp:term":[{"taxonomy":"category","embeddable":true,"href":"https:\/\/www.tuky.fi\/etusivu\/wp-json\/wp\/v2\/categories?post=15733"},{"taxonomy":"post_tag","embeddable":true,"href":"https:\/\/www.tuky.fi\/etusivu\/wp-json\/wp\/v2\/tags?post=15733"}],"curies":[{"name":"wp","href":"https:\/\/api.w.org\/{rel}","templated":true}]}}