{"id":15681,"date":"2015-10-07T11:06:58","date_gmt":"2015-10-07T09:06:58","guid":{"rendered":"http:\/\/tuky.fi\/?p=15681"},"modified":"2015-10-07T11:06:58","modified_gmt":"2015-10-07T09:06:58","slug":"turun-ky-hakee-uusia-jasenia-parkkiryhmaan-2","status":"publish","type":"post","link":"https:\/\/www.tuky.fi\/etusivu\/news\/turun-ky-hakee-uusia-jasenia-parkkiryhmaan-2\/","title":{"rendered":"Turun KY hakee uusia j\u00e4seni\u00e4 Parkkiryhm\u00e4\u00e4n"},"content":{"rendered":"<p><a href=\"http:\/\/tuky.fi\/wordpress\/wp-content\/uploads\/2013\/04\/turun_ky_hakee-2.jpg\"><img loading=\"lazy\" decoding=\"async\" alt=\"Turun KY hakee\" src=\"http:\/\/tuky.fi\/wordpress\/wp-content\/uploads\/2013\/04\/turun_ky_hakee-2.jpg\" width=\"400\" height=\"63\" \/><\/a><\/p>\n<p>&nbsp;<\/p>\n<p>Milt\u00e4 tuntuu oikea valta ja Tuomiokirkon kokoinen auktoriteetti? Mit\u00e4 salaisuuksia Parkki k\u00e4tkeek\u00e4\u00e4n sis\u00e4\u00e4ns\u00e4? Mik\u00e4 selitt\u00e4\u00e4 kuntamestarin kummallisen k\u00e4yt\u00f6ksen?<\/p>\n<p><strong>Parkkiryhm\u00e4 t\u00e4ydent\u00e4\u00e4 rivej\u00e4\u00e4n, ja juuri Sin\u00e4 saatat olla etsim\u00e4mme henkil\u00f6!<\/strong><\/p>\n<p><strong><\/strong>Parkkiryhm\u00e4 on Turun KY:n toimielin, joka huolehtii Parkin toiminnasta, kunnosta ja kehitt\u00e4misest\u00e4 Kuntamestarin johdolla. K\u00e4yt\u00e4nn\u00f6ss\u00e4 t\u00e4m\u00e4 tarkoittaa k\u00e4ytt\u00e4jien kouluttamista, tarvittavien hankintojen tekoa,\u00a0siivousj\u00e4ljen tarkistamista\u00a0sek\u00e4 pienimuotoisia huoltotoimenpiteit\u00e4. Parkkiryhm\u00e4l\u00e4isi\u00e4 ei siis tavata mopinvarresta, vaan he k\u00e4skev\u00e4t huolimattomat Parkin varaajat takaisin viimeistelem\u00e4\u00e4n urakkansa. Raskas ty\u00f6 vaatii raskaat huvit, ja parkkiryhm\u00e4l\u00e4isi\u00e4 hemmotellaankin muun muassa ilmaisilla Parkin k\u00e4ytt\u00f6oikeuksilla, villeill\u00e4 virkistysilloilla ja muilla mahtavilla bonuksilla. Pestin suomia muitakaan hy\u00f6tyj\u00e4 ei saa unohtaa, sill\u00e4 onhan kyseess\u00e4 vastuullinen teht\u00e4v\u00e4 ja uusia kavereita!<\/p>\n<p>Parkkiryhm\u00e4\u00e4n voivat hakea kaikki Turun KY:n j\u00e4senet vuosikurssista riippumatta. J\u00e4senyys on voimassa toistaiseksi, mutta kuitenkin v\u00e4hint\u00e4\u00e4n vuoden sitoutuminen on suotavaa. Parkkiryhm\u00e4n j\u00e4senyys ei est\u00e4 hakemasta muihin vastuuteht\u00e4viin, vaan p\u00e4in vastoin Parkin tuntemuksesta on hy\u00f6ty\u00e4 monissa muissa pesteiss\u00e4! Parkkiryhm\u00e4ss\u00e4 toimiminen ei my\u00f6sk\u00e4\u00e4n vaadi ajallisesti tai muutenkaan yli-inhimillisi\u00e4 suorituksia.<\/p>\n<p>Hakiessa katsotaan eduksi<\/p>\n<ul>\n<li>aktiivisuus Turun KY:n toiminnassa<\/li>\n<li>luotettavuus ja suoraselk\u00e4isyys<\/li>\n<li>nohevuus ja innokkuus Parkkia kohtaan<\/li>\n<\/ul>\n<p>&nbsp;<\/p>\n<p>Parkkiryhm\u00e4\u00e4n valitaan uusia j\u00e4seni\u00e4 hakemusten perusteella. L\u00e4het\u00e4 siis vapaamuotoinen hakemus, jossa kerrot TuKY-aktiivisuudestasi ja miksi olisit hyv\u00e4 lis\u00e4ys Parkkiryhm\u00e4\u00e4n,\u00a0<strong>19.10. kello 23:59 menness\u00e4<\/strong>\u00a0osoitteeseen\u00a0<a href=\"mailto:Kuntamestari@tuky.fi\">Kuntamestari@tuky.fi<\/a>. Samaan osoitteeseen voi laittaa my\u00f6s kysymyksi\u00e4 aihetta koskien.<\/p>\n<p><em>Santeri Kangas<br \/>\nTurun KY:n Kuntamestari<\/em><\/p>\n","protected":false},"excerpt":{"rendered":"<p>&nbsp; Milt\u00e4 tuntuu oikea valta ja Tuomiokirkon kokoinen auktoriteetti? Mit\u00e4 salaisuuksia Parkki k\u00e4tkeek\u00e4\u00e4n sis\u00e4\u00e4ns\u00e4? Mik\u00e4 selitt\u00e4\u00e4 kuntamestarin kummallisen k\u00e4yt\u00f6ksen? Parkkiryhm\u00e4 t\u00e4ydent\u00e4\u00e4 rivej\u00e4\u00e4n, ja juuri Sin\u00e4 saatat olla etsim\u00e4mme henkil\u00f6! Parkkiryhm\u00e4 [&hellip;]<\/p>\n","protected":false},"author":3,"featured_media":0,"comment_status":"open","ping_status":"open","sticky":false,"template":"","format":"standard","meta":{"_et_pb_use_builder":"","_et_pb_old_content":"","_et_gb_content_width":"","footnotes":""},"categories":[4],"tags":[],"class_list":["post-15681","post","type-post","status-publish","format-standard","hentry","category-news"],"yoast_head":"<!-- This site is optimized with the Yoast SEO plugin v27.2 - https:\/\/yoast.com\/product\/yoast-seo-wordpress\/ -->\n<title>Turun KY hakee uusia j\u00e4seni\u00e4 Parkkiryhm\u00e4\u00e4n - Turun KY<\/title>\n<meta name=\"robots\" content=\"index, follow, max-snippet:-1, max-image-preview:large, max-video-preview:-1\" \/>\n<link rel=\"canonical\" href=\"https:\/\/www.tuky.fi\/etusivu\/news\/turun-ky-hakee-uusia-jasenia-parkkiryhmaan-2\/\" \/>\n<meta property=\"og:locale\" content=\"fi_FI\" \/>\n<meta property=\"og:type\" content=\"article\" \/>\n<meta property=\"og:title\" content=\"Turun KY hakee uusia j\u00e4seni\u00e4 Parkkiryhm\u00e4\u00e4n - Turun KY\" \/>\n<meta property=\"og:description\" content=\"&nbsp; Milt\u00e4 tuntuu oikea valta ja Tuomiokirkon kokoinen auktoriteetti? Mit\u00e4 salaisuuksia Parkki k\u00e4tkeek\u00e4\u00e4n sis\u00e4\u00e4ns\u00e4? Mik\u00e4 selitt\u00e4\u00e4 kuntamestarin kummallisen k\u00e4yt\u00f6ksen? Parkkiryhm\u00e4 t\u00e4ydent\u00e4\u00e4 rivej\u00e4\u00e4n, ja juuri Sin\u00e4 saatat olla etsim\u00e4mme henkil\u00f6! Parkkiryhm\u00e4 [&hellip;]\" \/>\n<meta property=\"og:url\" content=\"https:\/\/www.tuky.fi\/etusivu\/news\/turun-ky-hakee-uusia-jasenia-parkkiryhmaan-2\/\" \/>\n<meta property=\"og:site_name\" content=\"Turun KY\" \/>\n<meta property=\"article:published_time\" content=\"2015-10-07T09:06:58+00:00\" \/>\n<meta property=\"og:image\" content=\"http:\/\/tuky.fi\/wordpress\/wp-content\/uploads\/2013\/04\/turun_ky_hakee-2.jpg\" \/>\n<meta name=\"author\" content=\"Kuntamestari\" \/>\n<meta name=\"twitter:card\" content=\"summary_large_image\" \/>\n<meta name=\"twitter:label1\" content=\"Kirjoittanut\" \/>\n\t<meta name=\"twitter:data1\" content=\"Kuntamestari\" \/>\n\t<meta name=\"twitter:label2\" content=\"Arvioitu lukuaika\" \/>\n\t<meta name=\"twitter:data2\" content=\"1 minuutti\" \/>\n<script type=\"application\/ld+json\" class=\"yoast-schema-graph\">{\"@context\":\"https:\/\/schema.org\",\"@graph\":[{\"@type\":\"Article\",\"@id\":\"https:\/\/www.tuky.fi\/etusivu\/news\/turun-ky-hakee-uusia-jasenia-parkkiryhmaan-2\/#article\",\"isPartOf\":{\"@id\":\"https:\/\/www.tuky.fi\/etusivu\/news\/turun-ky-hakee-uusia-jasenia-parkkiryhmaan-2\/\"},\"author\":{\"name\":\"Kuntamestari\",\"@id\":\"https:\/\/www.tuky.fi\/etusivu\/#\/schema\/person\/8d886603af3165a55839350ce212bccc\"},\"headline\":\"Turun KY hakee uusia j\u00e4seni\u00e4 Parkkiryhm\u00e4\u00e4n\",\"datePublished\":\"2015-10-07T09:06:58+00:00\",\"mainEntityOfPage\":{\"@id\":\"https:\/\/www.tuky.fi\/etusivu\/news\/turun-ky-hakee-uusia-jasenia-parkkiryhmaan-2\/\"},\"wordCount\":264,\"commentCount\":0,\"publisher\":{\"@id\":\"https:\/\/www.tuky.fi\/etusivu\/#organization\"},\"image\":{\"@id\":\"https:\/\/www.tuky.fi\/etusivu\/news\/turun-ky-hakee-uusia-jasenia-parkkiryhmaan-2\/#primaryimage\"},\"thumbnailUrl\":\"http:\/\/tuky.fi\/wordpress\/wp-content\/uploads\/2013\/04\/turun_ky_hakee-2.jpg\",\"articleSection\":[\"news\"],\"inLanguage\":\"fi\",\"potentialAction\":[{\"@type\":\"CommentAction\",\"name\":\"Comment\",\"target\":[\"https:\/\/www.tuky.fi\/etusivu\/news\/turun-ky-hakee-uusia-jasenia-parkkiryhmaan-2\/#respond\"]}]},{\"@type\":\"WebPage\",\"@id\":\"https:\/\/www.tuky.fi\/etusivu\/news\/turun-ky-hakee-uusia-jasenia-parkkiryhmaan-2\/\",\"url\":\"https:\/\/www.tuky.fi\/etusivu\/news\/turun-ky-hakee-uusia-jasenia-parkkiryhmaan-2\/\",\"name\":\"Turun KY hakee uusia j\u00e4seni\u00e4 Parkkiryhm\u00e4\u00e4n - Turun KY\",\"isPartOf\":{\"@id\":\"https:\/\/www.tuky.fi\/etusivu\/#website\"},\"primaryImageOfPage\":{\"@id\":\"https:\/\/www.tuky.fi\/etusivu\/news\/turun-ky-hakee-uusia-jasenia-parkkiryhmaan-2\/#primaryimage\"},\"image\":{\"@id\":\"https:\/\/www.tuky.fi\/etusivu\/news\/turun-ky-hakee-uusia-jasenia-parkkiryhmaan-2\/#primaryimage\"},\"thumbnailUrl\":\"http:\/\/tuky.fi\/wordpress\/wp-content\/uploads\/2013\/04\/turun_ky_hakee-2.jpg\",\"datePublished\":\"2015-10-07T09:06:58+00:00\",\"breadcrumb\":{\"@id\":\"https:\/\/www.tuky.fi\/etusivu\/news\/turun-ky-hakee-uusia-jasenia-parkkiryhmaan-2\/#breadcrumb\"},\"inLanguage\":\"fi\",\"potentialAction\":[{\"@type\":\"ReadAction\",\"target\":[\"https:\/\/www.tuky.fi\/etusivu\/news\/turun-ky-hakee-uusia-jasenia-parkkiryhmaan-2\/\"]}]},{\"@type\":\"ImageObject\",\"inLanguage\":\"fi\",\"@id\":\"https:\/\/www.tuky.fi\/etusivu\/news\/turun-ky-hakee-uusia-jasenia-parkkiryhmaan-2\/#primaryimage\",\"url\":\"http:\/\/tuky.fi\/wordpress\/wp-content\/uploads\/2013\/04\/turun_ky_hakee-2.jpg\",\"contentUrl\":\"http:\/\/tuky.fi\/wordpress\/wp-content\/uploads\/2013\/04\/turun_ky_hakee-2.jpg\"},{\"@type\":\"BreadcrumbList\",\"@id\":\"https:\/\/www.tuky.fi\/etusivu\/news\/turun-ky-hakee-uusia-jasenia-parkkiryhmaan-2\/#breadcrumb\",\"itemListElement\":[{\"@type\":\"ListItem\",\"position\":1,\"name\":\"Etusivu\",\"item\":\"https:\/\/www.tuky.fi\/etusivu\/\"},{\"@type\":\"ListItem\",\"position\":2,\"name\":\"Turun KY hakee uusia j\u00e4seni\u00e4 Parkkiryhm\u00e4\u00e4n\"}]},{\"@type\":\"WebSite\",\"@id\":\"https:\/\/www.tuky.fi\/etusivu\/#website\",\"url\":\"https:\/\/www.tuky.fi\/etusivu\/\",\"name\":\"Turun KY\",\"description\":\"TuKY\",\"publisher\":{\"@id\":\"https:\/\/www.tuky.fi\/etusivu\/#organization\"},\"alternateName\":\"TuKY\",\"potentialAction\":[{\"@type\":\"SearchAction\",\"target\":{\"@type\":\"EntryPoint\",\"urlTemplate\":\"https:\/\/www.tuky.fi\/etusivu\/?s={search_term_string}\"},\"query-input\":{\"@type\":\"PropertyValueSpecification\",\"valueRequired\":true,\"valueName\":\"search_term_string\"}}],\"inLanguage\":\"fi\"},{\"@type\":\"Organization\",\"@id\":\"https:\/\/www.tuky.fi\/etusivu\/#organization\",\"name\":\"Turun KY\",\"alternateName\":\"TuKY\",\"url\":\"https:\/\/www.tuky.fi\/etusivu\/\",\"logo\":{\"@type\":\"ImageObject\",\"inLanguage\":\"fi\",\"@id\":\"https:\/\/www.tuky.fi\/etusivu\/#\/schema\/logo\/image\/\",\"url\":\"https:\/\/www.tuky.fi\/wp-content\/uploads\/2024\/09\/TuKY-logo-kulta-1.png\",\"contentUrl\":\"https:\/\/www.tuky.fi\/wp-content\/uploads\/2024\/09\/TuKY-logo-kulta-1.png\",\"width\":1080,\"height\":1080,\"caption\":\"Turun KY\"},\"image\":{\"@id\":\"https:\/\/www.tuky.fi\/etusivu\/#\/schema\/logo\/image\/\"},\"sameAs\":[\"https:\/\/instagram.com\/turunky\",\"https:\/\/linkedin.com\/turunky\"]},{\"@type\":\"Person\",\"@id\":\"https:\/\/www.tuky.fi\/etusivu\/#\/schema\/person\/8d886603af3165a55839350ce212bccc\",\"name\":\"Kuntamestari\",\"image\":{\"@type\":\"ImageObject\",\"inLanguage\":\"fi\",\"@id\":\"https:\/\/secure.gravatar.com\/avatar\/49fee48d855879a913f87952dc77fadbc2a62a513f5ceb5ffd9eaa817e1020bb?s=96&d=mm&r=g\",\"url\":\"https:\/\/secure.gravatar.com\/avatar\/49fee48d855879a913f87952dc77fadbc2a62a513f5ceb5ffd9eaa817e1020bb?s=96&d=mm&r=g\",\"contentUrl\":\"https:\/\/secure.gravatar.com\/avatar\/49fee48d855879a913f87952dc77fadbc2a62a513f5ceb5ffd9eaa817e1020bb?s=96&d=mm&r=g\",\"caption\":\"Kuntamestari\"},\"url\":\"https:\/\/www.tuky.fi\/etusivu\/author\/ky-klubimestari\/\"}]}<\/script>\n<!-- \/ Yoast SEO plugin. -->","yoast_head_json":{"title":"Turun KY hakee uusia j\u00e4seni\u00e4 Parkkiryhm\u00e4\u00e4n - Turun KY","robots":{"index":"index","follow":"follow","max-snippet":"max-snippet:-1","max-image-preview":"max-image-preview:large","max-video-preview":"max-video-preview:-1"},"canonical":"https:\/\/www.tuky.fi\/etusivu\/news\/turun-ky-hakee-uusia-jasenia-parkkiryhmaan-2\/","og_locale":"fi_FI","og_type":"article","og_title":"Turun KY hakee uusia j\u00e4seni\u00e4 Parkkiryhm\u00e4\u00e4n - Turun KY","og_description":"&nbsp; Milt\u00e4 tuntuu oikea valta ja Tuomiokirkon kokoinen auktoriteetti? Mit\u00e4 salaisuuksia Parkki k\u00e4tkeek\u00e4\u00e4n sis\u00e4\u00e4ns\u00e4? Mik\u00e4 selitt\u00e4\u00e4 kuntamestarin kummallisen k\u00e4yt\u00f6ksen? Parkkiryhm\u00e4 t\u00e4ydent\u00e4\u00e4 rivej\u00e4\u00e4n, ja juuri Sin\u00e4 saatat olla etsim\u00e4mme henkil\u00f6! Parkkiryhm\u00e4 [&hellip;]","og_url":"https:\/\/www.tuky.fi\/etusivu\/news\/turun-ky-hakee-uusia-jasenia-parkkiryhmaan-2\/","og_site_name":"Turun KY","article_published_time":"2015-10-07T09:06:58+00:00","og_image":[{"url":"http:\/\/tuky.fi\/wordpress\/wp-content\/uploads\/2013\/04\/turun_ky_hakee-2.jpg","type":"","width":"","height":""}],"author":"Kuntamestari","twitter_card":"summary_large_image","twitter_misc":{"Kirjoittanut":"Kuntamestari","Arvioitu lukuaika":"1 minuutti"},"schema":{"@context":"https:\/\/schema.org","@graph":[{"@type":"Article","@id":"https:\/\/www.tuky.fi\/etusivu\/news\/turun-ky-hakee-uusia-jasenia-parkkiryhmaan-2\/#article","isPartOf":{"@id":"https:\/\/www.tuky.fi\/etusivu\/news\/turun-ky-hakee-uusia-jasenia-parkkiryhmaan-2\/"},"author":{"name":"Kuntamestari","@id":"https:\/\/www.tuky.fi\/etusivu\/#\/schema\/person\/8d886603af3165a55839350ce212bccc"},"headline":"Turun KY hakee uusia j\u00e4seni\u00e4 Parkkiryhm\u00e4\u00e4n","datePublished":"2015-10-07T09:06:58+00:00","mainEntityOfPage":{"@id":"https:\/\/www.tuky.fi\/etusivu\/news\/turun-ky-hakee-uusia-jasenia-parkkiryhmaan-2\/"},"wordCount":264,"commentCount":0,"publisher":{"@id":"https:\/\/www.tuky.fi\/etusivu\/#organization"},"image":{"@id":"https:\/\/www.tuky.fi\/etusivu\/news\/turun-ky-hakee-uusia-jasenia-parkkiryhmaan-2\/#primaryimage"},"thumbnailUrl":"http:\/\/tuky.fi\/wordpress\/wp-content\/uploads\/2013\/04\/turun_ky_hakee-2.jpg","articleSection":["news"],"inLanguage":"fi","potentialAction":[{"@type":"CommentAction","name":"Comment","target":["https:\/\/www.tuky.fi\/etusivu\/news\/turun-ky-hakee-uusia-jasenia-parkkiryhmaan-2\/#respond"]}]},{"@type":"WebPage","@id":"https:\/\/www.tuky.fi\/etusivu\/news\/turun-ky-hakee-uusia-jasenia-parkkiryhmaan-2\/","url":"https:\/\/www.tuky.fi\/etusivu\/news\/turun-ky-hakee-uusia-jasenia-parkkiryhmaan-2\/","name":"Turun KY hakee uusia j\u00e4seni\u00e4 Parkkiryhm\u00e4\u00e4n - Turun KY","isPartOf":{"@id":"https:\/\/www.tuky.fi\/etusivu\/#website"},"primaryImageOfPage":{"@id":"https:\/\/www.tuky.fi\/etusivu\/news\/turun-ky-hakee-uusia-jasenia-parkkiryhmaan-2\/#primaryimage"},"image":{"@id":"https:\/\/www.tuky.fi\/etusivu\/news\/turun-ky-hakee-uusia-jasenia-parkkiryhmaan-2\/#primaryimage"},"thumbnailUrl":"http:\/\/tuky.fi\/wordpress\/wp-content\/uploads\/2013\/04\/turun_ky_hakee-2.jpg","datePublished":"2015-10-07T09:06:58+00:00","breadcrumb":{"@id":"https:\/\/www.tuky.fi\/etusivu\/news\/turun-ky-hakee-uusia-jasenia-parkkiryhmaan-2\/#breadcrumb"},"inLanguage":"fi","potentialAction":[{"@type":"ReadAction","target":["https:\/\/www.tuky.fi\/etusivu\/news\/turun-ky-hakee-uusia-jasenia-parkkiryhmaan-2\/"]}]},{"@type":"ImageObject","inLanguage":"fi","@id":"https:\/\/www.tuky.fi\/etusivu\/news\/turun-ky-hakee-uusia-jasenia-parkkiryhmaan-2\/#primaryimage","url":"http:\/\/tuky.fi\/wordpress\/wp-content\/uploads\/2013\/04\/turun_ky_hakee-2.jpg","contentUrl":"http:\/\/tuky.fi\/wordpress\/wp-content\/uploads\/2013\/04\/turun_ky_hakee-2.jpg"},{"@type":"BreadcrumbList","@id":"https:\/\/www.tuky.fi\/etusivu\/news\/turun-ky-hakee-uusia-jasenia-parkkiryhmaan-2\/#breadcrumb","itemListElement":[{"@type":"ListItem","position":1,"name":"Etusivu","item":"https:\/\/www.tuky.fi\/etusivu\/"},{"@type":"ListItem","position":2,"name":"Turun KY hakee uusia j\u00e4seni\u00e4 Parkkiryhm\u00e4\u00e4n"}]},{"@type":"WebSite","@id":"https:\/\/www.tuky.fi\/etusivu\/#website","url":"https:\/\/www.tuky.fi\/etusivu\/","name":"Turun KY","description":"TuKY","publisher":{"@id":"https:\/\/www.tuky.fi\/etusivu\/#organization"},"alternateName":"TuKY","potentialAction":[{"@type":"SearchAction","target":{"@type":"EntryPoint","urlTemplate":"https:\/\/www.tuky.fi\/etusivu\/?s={search_term_string}"},"query-input":{"@type":"PropertyValueSpecification","valueRequired":true,"valueName":"search_term_string"}}],"inLanguage":"fi"},{"@type":"Organization","@id":"https:\/\/www.tuky.fi\/etusivu\/#organization","name":"Turun KY","alternateName":"TuKY","url":"https:\/\/www.tuky.fi\/etusivu\/","logo":{"@type":"ImageObject","inLanguage":"fi","@id":"https:\/\/www.tuky.fi\/etusivu\/#\/schema\/logo\/image\/","url":"https:\/\/www.tuky.fi\/wp-content\/uploads\/2024\/09\/TuKY-logo-kulta-1.png","contentUrl":"https:\/\/www.tuky.fi\/wp-content\/uploads\/2024\/09\/TuKY-logo-kulta-1.png","width":1080,"height":1080,"caption":"Turun KY"},"image":{"@id":"https:\/\/www.tuky.fi\/etusivu\/#\/schema\/logo\/image\/"},"sameAs":["https:\/\/instagram.com\/turunky","https:\/\/linkedin.com\/turunky"]},{"@type":"Person","@id":"https:\/\/www.tuky.fi\/etusivu\/#\/schema\/person\/8d886603af3165a55839350ce212bccc","name":"Kuntamestari","image":{"@type":"ImageObject","inLanguage":"fi","@id":"https:\/\/secure.gravatar.com\/avatar\/49fee48d855879a913f87952dc77fadbc2a62a513f5ceb5ffd9eaa817e1020bb?s=96&d=mm&r=g","url":"https:\/\/secure.gravatar.com\/avatar\/49fee48d855879a913f87952dc77fadbc2a62a513f5ceb5ffd9eaa817e1020bb?s=96&d=mm&r=g","contentUrl":"https:\/\/secure.gravatar.com\/avatar\/49fee48d855879a913f87952dc77fadbc2a62a513f5ceb5ffd9eaa817e1020bb?s=96&d=mm&r=g","caption":"Kuntamestari"},"url":"https:\/\/www.tuky.fi\/etusivu\/author\/ky-klubimestari\/"}]}},"lang":"fi","translations":{"fi":15681},"pll_sync_post":[],"_links":{"self":[{"href":"https:\/\/www.tuky.fi\/etusivu\/wp-json\/wp\/v2\/posts\/15681","targetHints":{"allow":["GET"]}}],"collection":[{"href":"https:\/\/www.tuky.fi\/etusivu\/wp-json\/wp\/v2\/posts"}],"about":[{"href":"https:\/\/www.tuky.fi\/etusivu\/wp-json\/wp\/v2\/types\/post"}],"author":[{"embeddable":true,"href":"https:\/\/www.tuky.fi\/etusivu\/wp-json\/wp\/v2\/users\/3"}],"replies":[{"embeddable":true,"href":"https:\/\/www.tuky.fi\/etusivu\/wp-json\/wp\/v2\/comments?post=15681"}],"version-history":[{"count":0,"href":"https:\/\/www.tuky.fi\/etusivu\/wp-json\/wp\/v2\/posts\/15681\/revisions"}],"wp:attachment":[{"href":"https:\/\/www.tuky.fi\/etusivu\/wp-json\/wp\/v2\/media?parent=15681"}],"wp:term":[{"taxonomy":"category","embeddable":true,"href":"https:\/\/www.tuky.fi\/etusivu\/wp-json\/wp\/v2\/categories?post=15681"},{"taxonomy":"post_tag","embeddable":true,"href":"https:\/\/www.tuky.fi\/etusivu\/wp-json\/wp\/v2\/tags?post=15681"}],"curies":[{"name":"wp","href":"https:\/\/api.w.org\/{rel}","templated":true}]}}