{"id":15515,"date":"2015-09-26T15:41:23","date_gmt":"2015-09-26T13:41:23","guid":{"rendered":"http:\/\/tuky.fi\/?p=15515"},"modified":"2015-09-26T15:41:23","modified_gmt":"2015-09-26T13:41:23","slug":"haku-kpmgn-kevaan-2016-trainee-ohjelmaan-on-kaynnistynyt","status":"publish","type":"post","link":"https:\/\/www.tuky.fi\/etusivu\/news\/haku-kpmgn-kevaan-2016-trainee-ohjelmaan-on-kaynnistynyt\/","title":{"rendered":"Haku KPMG:n kev\u00e4\u00e4n 2016 trainee-ohjelmaan on k\u00e4ynnistynyt!"},"content":{"rendered":"<p><strong><a href=\"http:\/\/tuky.fi\/wordpress\/wp-content\/uploads\/2015\/09\/kpmg-traine.png\"><img loading=\"lazy\" decoding=\"async\" class=\" wp-image-15517 alignleft\" alt=\"kpmg traine\" src=\"http:\/\/tuky.fi\/wordpress\/wp-content\/uploads\/2015\/09\/kpmg-traine-1024x379.png\" width=\"553\" height=\"204\" \/><\/a><\/strong><\/p>\n<p>&nbsp;<\/p>\n<p>&nbsp;<\/p>\n<p>&nbsp;<\/p>\n<p>&nbsp;<\/p>\n<p>&nbsp;<\/p>\n<p>&nbsp;<\/p>\n<p>&nbsp;<\/p>\n<p>Kokeneiden asiantuntijoidemme tuki ja ohjaus, sinun my\u00f6nteinen latauksesi ja tuoreet ajatuksesi &#8211; yhdess\u00e4 teemme tulevaisuutta!<\/p>\n<p>Maailmanlaajuisessa KPMG:ss\u00e4 voit el\u00e4\u00e4 unelmaasi. Tartu tilaisuuteen ja tule luomaan tulevaisuuttasi yhdess\u00e4 huippuammattilaisten kanssa.<\/p>\n<p><strong>HAKU KEV\u00c4\u00c4N 2016 TRAINEE-OHJELMAAMME ON K\u00c4YNNISTYNYT!<\/strong><\/p>\n<p>Etsimme tulevaisuuden talentteja kaikille palvelualueillemme alla oleviin teht\u00e4viin:<\/p>\n<p>TILINTARKASTUS<\/p>\n<p>VERONEUVONTA<\/p>\n<p>KOMENNUSPALVELUT<\/p>\n<p>LIIKEJURIDIIKKA<\/p>\n<p>TIETOTURVAKONSULTOINTI<\/p>\n<p>YRITYSJ\u00c4RJESTELYT<\/p>\n<p>TALOUSHALLINTO JA RAHOITUS<\/p>\n<p>LIIKETOIMINNAN TUKIPALVELUT \u2013 TAPAHTUMATIIMI<\/p>\n<p>Harjoittelut ovat palkallisia m\u00e4\u00e4r\u00e4aikaisia ty\u00f6suhteita 2 \u2013 6 kk ja alkavat p\u00e4\u00e4s\u00e4\u00e4nt\u00f6isesti tammi-maaliskuussa. Hakuaika p\u00e4\u00e4ttyy 18.10.2015. Tarkistathan teht\u00e4v\u00e4kohtaisen hakuajan sivulta<a href=\" www.kpmg.com\/fi\/trainee \" target=\"_blank\"> www.kpmg.com\/fi\/trainee <\/a>(Avoimet harjoittelupaikat).<\/p>\n<p><strong>Tarjoamme<\/strong><\/p>\n<p>Loistavan mahdollisuuden p\u00e4\u00e4st\u00e4 tutustumaan yhteen Suomen parhaimmista ty\u00f6paikoista (Great Place to Work 2015)! Uskomme, ett\u00e4 riitt\u00e4v\u00e4 vastuu ja toisaalta my\u00f6s vapaus motivoivat parhaiten ihmisi\u00e4 ty\u00f6ss\u00e4\u00e4n. Haasteellisten ja mielekk\u00e4iden teht\u00e4vien lis\u00e4ksi meill\u00e4 innostutaan yhdess\u00e4 tekemisest\u00e4 ja loistavasta porukkahengest\u00e4. Trainee-ohjelmamme tarjoaa hyv\u00e4n v\u00e4yl\u00e4n tutustua johdon konsultointity\u00f6h\u00f6n ja asiantuntijoidemme arkeen. Perehdyt\u00e4mme sinut harjoittelun alussa KPMG-maailmaan ja tilikauden aikaisiin teht\u00e4viin. Tukenasi on l\u00e4pi harjoitteluohjelman my\u00f6s sinulle nimetty kummi.<\/p>\n<p>Tutustu ja hae: <a href=\" www.kpmg.com\/fi\/trainee \" target=\"_blank\">www.kpmg.com\/fi\/trainee <\/a>(Avoimet harjoittelupaikat)<\/p>\n<p>Lis\u00e4tietoja: HR Advisor Kaisa Hakala, kaisa.hakala@kpmg.fi<\/p>\n<p><strong>Tee unelmistasi totta ja liity joukkoomme kasvamaan asiantuntijaksi, yhteen Suomen parhaista ty\u00f6paikoista!<\/strong><\/p>\n<p>&nbsp;<\/p>\n","protected":false},"excerpt":{"rendered":"<p>&nbsp; &nbsp; &nbsp; &nbsp; &nbsp; &nbsp; &nbsp; Kokeneiden asiantuntijoidemme tuki ja ohjaus, sinun my\u00f6nteinen latauksesi ja tuoreet ajatuksesi &#8211; yhdess\u00e4 teemme tulevaisuutta! Maailmanlaajuisessa KPMG:ss\u00e4 voit el\u00e4\u00e4 unelmaasi. Tartu tilaisuuteen ja [&hellip;]<\/p>\n","protected":false},"author":42,"featured_media":0,"comment_status":"open","ping_status":"open","sticky":false,"template":"","format":"standard","meta":{"_et_pb_use_builder":"","_et_pb_old_content":"","_et_gb_content_width":"","footnotes":""},"categories":[4,8],"tags":[],"class_list":["post-15515","post","type-post","status-publish","format-standard","hentry","category-news","category-yst_uutiset"],"yoast_head":"<!-- This site is optimized with the Yoast SEO plugin v27.2 - https:\/\/yoast.com\/product\/yoast-seo-wordpress\/ -->\n<title>Haku KPMG:n kev\u00e4\u00e4n 2016 trainee-ohjelmaan on k\u00e4ynnistynyt! - Turun KY<\/title>\n<meta name=\"robots\" content=\"index, follow, max-snippet:-1, max-image-preview:large, max-video-preview:-1\" \/>\n<link rel=\"canonical\" href=\"https:\/\/www.tuky.fi\/etusivu\/news\/haku-kpmgn-kevaan-2016-trainee-ohjelmaan-on-kaynnistynyt\/\" \/>\n<meta property=\"og:locale\" content=\"fi_FI\" \/>\n<meta property=\"og:type\" content=\"article\" \/>\n<meta property=\"og:title\" content=\"Haku KPMG:n kev\u00e4\u00e4n 2016 trainee-ohjelmaan on k\u00e4ynnistynyt! - Turun KY\" \/>\n<meta property=\"og:description\" content=\"&nbsp; &nbsp; &nbsp; &nbsp; &nbsp; &nbsp; &nbsp; Kokeneiden asiantuntijoidemme tuki ja ohjaus, sinun my\u00f6nteinen latauksesi ja tuoreet ajatuksesi &#8211; yhdess\u00e4 teemme tulevaisuutta! Maailmanlaajuisessa KPMG:ss\u00e4 voit el\u00e4\u00e4 unelmaasi. Tartu tilaisuuteen ja [&hellip;]\" \/>\n<meta property=\"og:url\" content=\"https:\/\/www.tuky.fi\/etusivu\/news\/haku-kpmgn-kevaan-2016-trainee-ohjelmaan-on-kaynnistynyt\/\" \/>\n<meta property=\"og:site_name\" content=\"Turun KY\" \/>\n<meta property=\"article:published_time\" content=\"2015-09-26T13:41:23+00:00\" \/>\n<meta property=\"og:image\" content=\"http:\/\/tuky.fi\/wordpress\/wp-content\/uploads\/2015\/09\/kpmg-traine-1024x379.png\" \/>\n<meta name=\"author\" content=\"Myyntip\u00e4\u00e4llikk\u00f6\" \/>\n<meta name=\"twitter:card\" content=\"summary_large_image\" \/>\n<meta name=\"twitter:label1\" content=\"Kirjoittanut\" \/>\n\t<meta name=\"twitter:data1\" content=\"Myyntip\u00e4\u00e4llikk\u00f6\" \/>\n\t<meta name=\"twitter:label2\" content=\"Arvioitu lukuaika\" \/>\n\t<meta name=\"twitter:data2\" content=\"1 minuutti\" \/>\n<script type=\"application\/ld+json\" class=\"yoast-schema-graph\">{\"@context\":\"https:\/\/schema.org\",\"@graph\":[{\"@type\":\"Article\",\"@id\":\"https:\/\/www.tuky.fi\/etusivu\/news\/haku-kpmgn-kevaan-2016-trainee-ohjelmaan-on-kaynnistynyt\/#article\",\"isPartOf\":{\"@id\":\"https:\/\/www.tuky.fi\/etusivu\/news\/haku-kpmgn-kevaan-2016-trainee-ohjelmaan-on-kaynnistynyt\/\"},\"author\":{\"name\":\"Myyntip\u00e4\u00e4llikk\u00f6\",\"@id\":\"https:\/\/www.tuky.fi\/etusivu\/#\/schema\/person\/66e53fffc743e17ca9d5603336ee4d59\"},\"headline\":\"Haku KPMG:n kev\u00e4\u00e4n 2016 trainee-ohjelmaan on k\u00e4ynnistynyt!\",\"datePublished\":\"2015-09-26T13:41:23+00:00\",\"mainEntityOfPage\":{\"@id\":\"https:\/\/www.tuky.fi\/etusivu\/news\/haku-kpmgn-kevaan-2016-trainee-ohjelmaan-on-kaynnistynyt\/\"},\"wordCount\":224,\"commentCount\":0,\"publisher\":{\"@id\":\"https:\/\/www.tuky.fi\/etusivu\/#organization\"},\"image\":{\"@id\":\"https:\/\/www.tuky.fi\/etusivu\/news\/haku-kpmgn-kevaan-2016-trainee-ohjelmaan-on-kaynnistynyt\/#primaryimage\"},\"thumbnailUrl\":\"http:\/\/tuky.fi\/wordpress\/wp-content\/uploads\/2015\/09\/kpmg-traine-1024x379.png\",\"articleSection\":[\"news\",\"YST - Uutiset\"],\"inLanguage\":\"fi\",\"potentialAction\":[{\"@type\":\"CommentAction\",\"name\":\"Comment\",\"target\":[\"https:\/\/www.tuky.fi\/etusivu\/news\/haku-kpmgn-kevaan-2016-trainee-ohjelmaan-on-kaynnistynyt\/#respond\"]}]},{\"@type\":\"WebPage\",\"@id\":\"https:\/\/www.tuky.fi\/etusivu\/news\/haku-kpmgn-kevaan-2016-trainee-ohjelmaan-on-kaynnistynyt\/\",\"url\":\"https:\/\/www.tuky.fi\/etusivu\/news\/haku-kpmgn-kevaan-2016-trainee-ohjelmaan-on-kaynnistynyt\/\",\"name\":\"Haku KPMG:n kev\u00e4\u00e4n 2016 trainee-ohjelmaan on k\u00e4ynnistynyt! - Turun KY\",\"isPartOf\":{\"@id\":\"https:\/\/www.tuky.fi\/etusivu\/#website\"},\"primaryImageOfPage\":{\"@id\":\"https:\/\/www.tuky.fi\/etusivu\/news\/haku-kpmgn-kevaan-2016-trainee-ohjelmaan-on-kaynnistynyt\/#primaryimage\"},\"image\":{\"@id\":\"https:\/\/www.tuky.fi\/etusivu\/news\/haku-kpmgn-kevaan-2016-trainee-ohjelmaan-on-kaynnistynyt\/#primaryimage\"},\"thumbnailUrl\":\"http:\/\/tuky.fi\/wordpress\/wp-content\/uploads\/2015\/09\/kpmg-traine-1024x379.png\",\"datePublished\":\"2015-09-26T13:41:23+00:00\",\"breadcrumb\":{\"@id\":\"https:\/\/www.tuky.fi\/etusivu\/news\/haku-kpmgn-kevaan-2016-trainee-ohjelmaan-on-kaynnistynyt\/#breadcrumb\"},\"inLanguage\":\"fi\",\"potentialAction\":[{\"@type\":\"ReadAction\",\"target\":[\"https:\/\/www.tuky.fi\/etusivu\/news\/haku-kpmgn-kevaan-2016-trainee-ohjelmaan-on-kaynnistynyt\/\"]}]},{\"@type\":\"ImageObject\",\"inLanguage\":\"fi\",\"@id\":\"https:\/\/www.tuky.fi\/etusivu\/news\/haku-kpmgn-kevaan-2016-trainee-ohjelmaan-on-kaynnistynyt\/#primaryimage\",\"url\":\"http:\/\/tuky.fi\/wordpress\/wp-content\/uploads\/2015\/09\/kpmg-traine-1024x379.png\",\"contentUrl\":\"http:\/\/tuky.fi\/wordpress\/wp-content\/uploads\/2015\/09\/kpmg-traine-1024x379.png\"},{\"@type\":\"BreadcrumbList\",\"@id\":\"https:\/\/www.tuky.fi\/etusivu\/news\/haku-kpmgn-kevaan-2016-trainee-ohjelmaan-on-kaynnistynyt\/#breadcrumb\",\"itemListElement\":[{\"@type\":\"ListItem\",\"position\":1,\"name\":\"Etusivu\",\"item\":\"https:\/\/www.tuky.fi\/etusivu\/\"},{\"@type\":\"ListItem\",\"position\":2,\"name\":\"Haku KPMG:n kev\u00e4\u00e4n 2016 trainee-ohjelmaan on k\u00e4ynnistynyt!\"}]},{\"@type\":\"WebSite\",\"@id\":\"https:\/\/www.tuky.fi\/etusivu\/#website\",\"url\":\"https:\/\/www.tuky.fi\/etusivu\/\",\"name\":\"Turun KY\",\"description\":\"TuKY\",\"publisher\":{\"@id\":\"https:\/\/www.tuky.fi\/etusivu\/#organization\"},\"alternateName\":\"TuKY\",\"potentialAction\":[{\"@type\":\"SearchAction\",\"target\":{\"@type\":\"EntryPoint\",\"urlTemplate\":\"https:\/\/www.tuky.fi\/etusivu\/?s={search_term_string}\"},\"query-input\":{\"@type\":\"PropertyValueSpecification\",\"valueRequired\":true,\"valueName\":\"search_term_string\"}}],\"inLanguage\":\"fi\"},{\"@type\":\"Organization\",\"@id\":\"https:\/\/www.tuky.fi\/etusivu\/#organization\",\"name\":\"Turun KY\",\"alternateName\":\"TuKY\",\"url\":\"https:\/\/www.tuky.fi\/etusivu\/\",\"logo\":{\"@type\":\"ImageObject\",\"inLanguage\":\"fi\",\"@id\":\"https:\/\/www.tuky.fi\/etusivu\/#\/schema\/logo\/image\/\",\"url\":\"https:\/\/www.tuky.fi\/wp-content\/uploads\/2024\/09\/TuKY-logo-kulta-1.png\",\"contentUrl\":\"https:\/\/www.tuky.fi\/wp-content\/uploads\/2024\/09\/TuKY-logo-kulta-1.png\",\"width\":1080,\"height\":1080,\"caption\":\"Turun KY\"},\"image\":{\"@id\":\"https:\/\/www.tuky.fi\/etusivu\/#\/schema\/logo\/image\/\"},\"sameAs\":[\"https:\/\/instagram.com\/turunky\",\"https:\/\/linkedin.com\/turunky\"]},{\"@type\":\"Person\",\"@id\":\"https:\/\/www.tuky.fi\/etusivu\/#\/schema\/person\/66e53fffc743e17ca9d5603336ee4d59\",\"name\":\"Myyntip\u00e4\u00e4llikk\u00f6\",\"image\":{\"@type\":\"ImageObject\",\"inLanguage\":\"fi\",\"@id\":\"https:\/\/secure.gravatar.com\/avatar\/8b962a9242c53dff7d2be24f16a604a8094c1e5fbb76a692d2c8aa5be966ed37?s=96&d=mm&r=g\",\"url\":\"https:\/\/secure.gravatar.com\/avatar\/8b962a9242c53dff7d2be24f16a604a8094c1e5fbb76a692d2c8aa5be966ed37?s=96&d=mm&r=g\",\"contentUrl\":\"https:\/\/secure.gravatar.com\/avatar\/8b962a9242c53dff7d2be24f16a604a8094c1e5fbb76a692d2c8aa5be966ed37?s=96&d=mm&r=g\",\"caption\":\"Myyntip\u00e4\u00e4llikk\u00f6\"},\"url\":\"https:\/\/www.tuky.fi\/etusivu\/author\/ky-myyntipaallikko\/\"}]}<\/script>\n<!-- \/ Yoast SEO plugin. -->","yoast_head_json":{"title":"Haku KPMG:n kev\u00e4\u00e4n 2016 trainee-ohjelmaan on k\u00e4ynnistynyt! - Turun KY","robots":{"index":"index","follow":"follow","max-snippet":"max-snippet:-1","max-image-preview":"max-image-preview:large","max-video-preview":"max-video-preview:-1"},"canonical":"https:\/\/www.tuky.fi\/etusivu\/news\/haku-kpmgn-kevaan-2016-trainee-ohjelmaan-on-kaynnistynyt\/","og_locale":"fi_FI","og_type":"article","og_title":"Haku KPMG:n kev\u00e4\u00e4n 2016 trainee-ohjelmaan on k\u00e4ynnistynyt! - Turun KY","og_description":"&nbsp; &nbsp; &nbsp; &nbsp; &nbsp; &nbsp; &nbsp; Kokeneiden asiantuntijoidemme tuki ja ohjaus, sinun my\u00f6nteinen latauksesi ja tuoreet ajatuksesi &#8211; yhdess\u00e4 teemme tulevaisuutta! Maailmanlaajuisessa KPMG:ss\u00e4 voit el\u00e4\u00e4 unelmaasi. Tartu tilaisuuteen ja [&hellip;]","og_url":"https:\/\/www.tuky.fi\/etusivu\/news\/haku-kpmgn-kevaan-2016-trainee-ohjelmaan-on-kaynnistynyt\/","og_site_name":"Turun KY","article_published_time":"2015-09-26T13:41:23+00:00","og_image":[{"url":"http:\/\/tuky.fi\/wordpress\/wp-content\/uploads\/2015\/09\/kpmg-traine-1024x379.png","type":"","width":"","height":""}],"author":"Myyntip\u00e4\u00e4llikk\u00f6","twitter_card":"summary_large_image","twitter_misc":{"Kirjoittanut":"Myyntip\u00e4\u00e4llikk\u00f6","Arvioitu lukuaika":"1 minuutti"},"schema":{"@context":"https:\/\/schema.org","@graph":[{"@type":"Article","@id":"https:\/\/www.tuky.fi\/etusivu\/news\/haku-kpmgn-kevaan-2016-trainee-ohjelmaan-on-kaynnistynyt\/#article","isPartOf":{"@id":"https:\/\/www.tuky.fi\/etusivu\/news\/haku-kpmgn-kevaan-2016-trainee-ohjelmaan-on-kaynnistynyt\/"},"author":{"name":"Myyntip\u00e4\u00e4llikk\u00f6","@id":"https:\/\/www.tuky.fi\/etusivu\/#\/schema\/person\/66e53fffc743e17ca9d5603336ee4d59"},"headline":"Haku KPMG:n kev\u00e4\u00e4n 2016 trainee-ohjelmaan on k\u00e4ynnistynyt!","datePublished":"2015-09-26T13:41:23+00:00","mainEntityOfPage":{"@id":"https:\/\/www.tuky.fi\/etusivu\/news\/haku-kpmgn-kevaan-2016-trainee-ohjelmaan-on-kaynnistynyt\/"},"wordCount":224,"commentCount":0,"publisher":{"@id":"https:\/\/www.tuky.fi\/etusivu\/#organization"},"image":{"@id":"https:\/\/www.tuky.fi\/etusivu\/news\/haku-kpmgn-kevaan-2016-trainee-ohjelmaan-on-kaynnistynyt\/#primaryimage"},"thumbnailUrl":"http:\/\/tuky.fi\/wordpress\/wp-content\/uploads\/2015\/09\/kpmg-traine-1024x379.png","articleSection":["news","YST - Uutiset"],"inLanguage":"fi","potentialAction":[{"@type":"CommentAction","name":"Comment","target":["https:\/\/www.tuky.fi\/etusivu\/news\/haku-kpmgn-kevaan-2016-trainee-ohjelmaan-on-kaynnistynyt\/#respond"]}]},{"@type":"WebPage","@id":"https:\/\/www.tuky.fi\/etusivu\/news\/haku-kpmgn-kevaan-2016-trainee-ohjelmaan-on-kaynnistynyt\/","url":"https:\/\/www.tuky.fi\/etusivu\/news\/haku-kpmgn-kevaan-2016-trainee-ohjelmaan-on-kaynnistynyt\/","name":"Haku KPMG:n kev\u00e4\u00e4n 2016 trainee-ohjelmaan on k\u00e4ynnistynyt! - Turun KY","isPartOf":{"@id":"https:\/\/www.tuky.fi\/etusivu\/#website"},"primaryImageOfPage":{"@id":"https:\/\/www.tuky.fi\/etusivu\/news\/haku-kpmgn-kevaan-2016-trainee-ohjelmaan-on-kaynnistynyt\/#primaryimage"},"image":{"@id":"https:\/\/www.tuky.fi\/etusivu\/news\/haku-kpmgn-kevaan-2016-trainee-ohjelmaan-on-kaynnistynyt\/#primaryimage"},"thumbnailUrl":"http:\/\/tuky.fi\/wordpress\/wp-content\/uploads\/2015\/09\/kpmg-traine-1024x379.png","datePublished":"2015-09-26T13:41:23+00:00","breadcrumb":{"@id":"https:\/\/www.tuky.fi\/etusivu\/news\/haku-kpmgn-kevaan-2016-trainee-ohjelmaan-on-kaynnistynyt\/#breadcrumb"},"inLanguage":"fi","potentialAction":[{"@type":"ReadAction","target":["https:\/\/www.tuky.fi\/etusivu\/news\/haku-kpmgn-kevaan-2016-trainee-ohjelmaan-on-kaynnistynyt\/"]}]},{"@type":"ImageObject","inLanguage":"fi","@id":"https:\/\/www.tuky.fi\/etusivu\/news\/haku-kpmgn-kevaan-2016-trainee-ohjelmaan-on-kaynnistynyt\/#primaryimage","url":"http:\/\/tuky.fi\/wordpress\/wp-content\/uploads\/2015\/09\/kpmg-traine-1024x379.png","contentUrl":"http:\/\/tuky.fi\/wordpress\/wp-content\/uploads\/2015\/09\/kpmg-traine-1024x379.png"},{"@type":"BreadcrumbList","@id":"https:\/\/www.tuky.fi\/etusivu\/news\/haku-kpmgn-kevaan-2016-trainee-ohjelmaan-on-kaynnistynyt\/#breadcrumb","itemListElement":[{"@type":"ListItem","position":1,"name":"Etusivu","item":"https:\/\/www.tuky.fi\/etusivu\/"},{"@type":"ListItem","position":2,"name":"Haku KPMG:n kev\u00e4\u00e4n 2016 trainee-ohjelmaan on k\u00e4ynnistynyt!"}]},{"@type":"WebSite","@id":"https:\/\/www.tuky.fi\/etusivu\/#website","url":"https:\/\/www.tuky.fi\/etusivu\/","name":"Turun KY","description":"TuKY","publisher":{"@id":"https:\/\/www.tuky.fi\/etusivu\/#organization"},"alternateName":"TuKY","potentialAction":[{"@type":"SearchAction","target":{"@type":"EntryPoint","urlTemplate":"https:\/\/www.tuky.fi\/etusivu\/?s={search_term_string}"},"query-input":{"@type":"PropertyValueSpecification","valueRequired":true,"valueName":"search_term_string"}}],"inLanguage":"fi"},{"@type":"Organization","@id":"https:\/\/www.tuky.fi\/etusivu\/#organization","name":"Turun KY","alternateName":"TuKY","url":"https:\/\/www.tuky.fi\/etusivu\/","logo":{"@type":"ImageObject","inLanguage":"fi","@id":"https:\/\/www.tuky.fi\/etusivu\/#\/schema\/logo\/image\/","url":"https:\/\/www.tuky.fi\/wp-content\/uploads\/2024\/09\/TuKY-logo-kulta-1.png","contentUrl":"https:\/\/www.tuky.fi\/wp-content\/uploads\/2024\/09\/TuKY-logo-kulta-1.png","width":1080,"height":1080,"caption":"Turun KY"},"image":{"@id":"https:\/\/www.tuky.fi\/etusivu\/#\/schema\/logo\/image\/"},"sameAs":["https:\/\/instagram.com\/turunky","https:\/\/linkedin.com\/turunky"]},{"@type":"Person","@id":"https:\/\/www.tuky.fi\/etusivu\/#\/schema\/person\/66e53fffc743e17ca9d5603336ee4d59","name":"Myyntip\u00e4\u00e4llikk\u00f6","image":{"@type":"ImageObject","inLanguage":"fi","@id":"https:\/\/secure.gravatar.com\/avatar\/8b962a9242c53dff7d2be24f16a604a8094c1e5fbb76a692d2c8aa5be966ed37?s=96&d=mm&r=g","url":"https:\/\/secure.gravatar.com\/avatar\/8b962a9242c53dff7d2be24f16a604a8094c1e5fbb76a692d2c8aa5be966ed37?s=96&d=mm&r=g","contentUrl":"https:\/\/secure.gravatar.com\/avatar\/8b962a9242c53dff7d2be24f16a604a8094c1e5fbb76a692d2c8aa5be966ed37?s=96&d=mm&r=g","caption":"Myyntip\u00e4\u00e4llikk\u00f6"},"url":"https:\/\/www.tuky.fi\/etusivu\/author\/ky-myyntipaallikko\/"}]}},"lang":"fi","translations":{"fi":15515},"pll_sync_post":[],"_links":{"self":[{"href":"https:\/\/www.tuky.fi\/etusivu\/wp-json\/wp\/v2\/posts\/15515","targetHints":{"allow":["GET"]}}],"collection":[{"href":"https:\/\/www.tuky.fi\/etusivu\/wp-json\/wp\/v2\/posts"}],"about":[{"href":"https:\/\/www.tuky.fi\/etusivu\/wp-json\/wp\/v2\/types\/post"}],"author":[{"embeddable":true,"href":"https:\/\/www.tuky.fi\/etusivu\/wp-json\/wp\/v2\/users\/42"}],"replies":[{"embeddable":true,"href":"https:\/\/www.tuky.fi\/etusivu\/wp-json\/wp\/v2\/comments?post=15515"}],"version-history":[{"count":0,"href":"https:\/\/www.tuky.fi\/etusivu\/wp-json\/wp\/v2\/posts\/15515\/revisions"}],"wp:attachment":[{"href":"https:\/\/www.tuky.fi\/etusivu\/wp-json\/wp\/v2\/media?parent=15515"}],"wp:term":[{"taxonomy":"category","embeddable":true,"href":"https:\/\/www.tuky.fi\/etusivu\/wp-json\/wp\/v2\/categories?post=15515"},{"taxonomy":"post_tag","embeddable":true,"href":"https:\/\/www.tuky.fi\/etusivu\/wp-json\/wp\/v2\/tags?post=15515"}],"curies":[{"name":"wp","href":"https:\/\/api.w.org\/{rel}","templated":true}]}}