{"id":15500,"date":"2015-09-21T18:18:18","date_gmt":"2015-09-21T16:18:18","guid":{"rendered":"http:\/\/tuky.fi\/?p=15500"},"modified":"2015-09-21T18:18:18","modified_gmt":"2015-09-21T16:18:18","slug":"vuosijuhlien-lipunmyynnin-toinen-osa","status":"publish","type":"post","link":"https:\/\/www.tuky.fi\/etusivu\/news\/vuosijuhlien-lipunmyynnin-toinen-osa\/","title":{"rendered":"Vuosijuhlien lipunmyynnin toinen osa"},"content":{"rendered":"<p>Vuosijuhlien toinen lipunmyynti k\u00e4ynnistyy keskiviikkona 23.9. Turun kauppakorkeakoululla klo 18.00.<\/p>\n<p>Tarkempi paikka ilmoitetaan <a href=\"https:\/\/www.facebook.com\/events\/523214614497731\/\">vuosijuhlaviikon Facebook-tapahtumassa <\/a>omana julkaisunaan sek\u00e4 tuky.fi:ss\u00e4 uutisena samana p\u00e4iv\u00e4n\u00e4 klo 15.00.<\/p>\n<p>Maksutapa lipunmyynniss\u00e4 on k\u00e4teinen. Otattehan tasarahan ja mahdolliset opiskelijatodistukset tai kopiot niist\u00e4 mukaan.<\/p>\n<p>N\u00e4hd\u00e4\u00e4n keskiviikkona!<\/p>\n","protected":false},"excerpt":{"rendered":"<p>Vuosijuhlien toinen lipunmyynti k\u00e4ynnistyy keskiviikkona 23.9. Turun kauppakorkeakoululla klo 18.00. Tarkempi paikka ilmoitetaan vuosijuhlaviikon Facebook-tapahtumassa omana julkaisunaan sek\u00e4 tuky.fi:ss\u00e4 uutisena samana p\u00e4iv\u00e4n\u00e4 klo 15.00. Maksutapa lipunmyynniss\u00e4 on k\u00e4teinen. Otattehan tasarahan [&hellip;]<\/p>\n","protected":false},"author":21,"featured_media":0,"comment_status":"open","ping_status":"open","sticky":false,"template":"","format":"standard","meta":{"_et_pb_use_builder":"","_et_pb_old_content":"","_et_gb_content_width":"","footnotes":""},"categories":[4],"tags":[],"class_list":["post-15500","post","type-post","status-publish","format-standard","hentry","category-news"],"yoast_head":"<!-- This site is optimized with the Yoast SEO plugin v27.2 - https:\/\/yoast.com\/product\/yoast-seo-wordpress\/ -->\n<title>Vuosijuhlien lipunmyynnin toinen osa - Turun KY<\/title>\n<meta name=\"robots\" content=\"index, follow, max-snippet:-1, max-image-preview:large, max-video-preview:-1\" \/>\n<link rel=\"canonical\" href=\"https:\/\/www.tuky.fi\/etusivu\/news\/vuosijuhlien-lipunmyynnin-toinen-osa\/\" \/>\n<meta property=\"og:locale\" content=\"fi_FI\" \/>\n<meta property=\"og:type\" content=\"article\" \/>\n<meta property=\"og:title\" content=\"Vuosijuhlien lipunmyynnin toinen osa - Turun KY\" \/>\n<meta property=\"og:description\" content=\"Vuosijuhlien toinen lipunmyynti k\u00e4ynnistyy keskiviikkona 23.9. Turun kauppakorkeakoululla klo 18.00. Tarkempi paikka ilmoitetaan vuosijuhlaviikon Facebook-tapahtumassa omana julkaisunaan sek\u00e4 tuky.fi:ss\u00e4 uutisena samana p\u00e4iv\u00e4n\u00e4 klo 15.00. Maksutapa lipunmyynniss\u00e4 on k\u00e4teinen. Otattehan tasarahan [&hellip;]\" \/>\n<meta property=\"og:url\" content=\"https:\/\/www.tuky.fi\/etusivu\/news\/vuosijuhlien-lipunmyynnin-toinen-osa\/\" \/>\n<meta property=\"og:site_name\" content=\"Turun KY\" \/>\n<meta property=\"article:published_time\" content=\"2015-09-21T16:18:18+00:00\" \/>\n<meta name=\"author\" content=\"Vuosijuhlat\" \/>\n<meta name=\"twitter:card\" content=\"summary_large_image\" \/>\n<meta name=\"twitter:label1\" content=\"Kirjoittanut\" \/>\n\t<meta name=\"twitter:data1\" content=\"Vuosijuhlat\" \/>\n<script type=\"application\/ld+json\" class=\"yoast-schema-graph\">{\"@context\":\"https:\/\/schema.org\",\"@graph\":[{\"@type\":\"Article\",\"@id\":\"https:\/\/www.tuky.fi\/etusivu\/news\/vuosijuhlien-lipunmyynnin-toinen-osa\/#article\",\"isPartOf\":{\"@id\":\"https:\/\/www.tuky.fi\/etusivu\/news\/vuosijuhlien-lipunmyynnin-toinen-osa\/\"},\"author\":{\"name\":\"Vuosijuhlat\",\"@id\":\"https:\/\/www.tuky.fi\/etusivu\/#\/schema\/person\/0715edede6f9d54c694dcabff0dc204f\"},\"headline\":\"Vuosijuhlien lipunmyynnin toinen osa\",\"datePublished\":\"2015-09-21T16:18:18+00:00\",\"mainEntityOfPage\":{\"@id\":\"https:\/\/www.tuky.fi\/etusivu\/news\/vuosijuhlien-lipunmyynnin-toinen-osa\/\"},\"wordCount\":48,\"commentCount\":0,\"publisher\":{\"@id\":\"https:\/\/www.tuky.fi\/etusivu\/#organization\"},\"articleSection\":[\"news\"],\"inLanguage\":\"fi\",\"potentialAction\":[{\"@type\":\"CommentAction\",\"name\":\"Comment\",\"target\":[\"https:\/\/www.tuky.fi\/etusivu\/news\/vuosijuhlien-lipunmyynnin-toinen-osa\/#respond\"]}]},{\"@type\":\"WebPage\",\"@id\":\"https:\/\/www.tuky.fi\/etusivu\/news\/vuosijuhlien-lipunmyynnin-toinen-osa\/\",\"url\":\"https:\/\/www.tuky.fi\/etusivu\/news\/vuosijuhlien-lipunmyynnin-toinen-osa\/\",\"name\":\"Vuosijuhlien lipunmyynnin toinen osa - Turun KY\",\"isPartOf\":{\"@id\":\"https:\/\/www.tuky.fi\/etusivu\/#website\"},\"datePublished\":\"2015-09-21T16:18:18+00:00\",\"breadcrumb\":{\"@id\":\"https:\/\/www.tuky.fi\/etusivu\/news\/vuosijuhlien-lipunmyynnin-toinen-osa\/#breadcrumb\"},\"inLanguage\":\"fi\",\"potentialAction\":[{\"@type\":\"ReadAction\",\"target\":[\"https:\/\/www.tuky.fi\/etusivu\/news\/vuosijuhlien-lipunmyynnin-toinen-osa\/\"]}]},{\"@type\":\"BreadcrumbList\",\"@id\":\"https:\/\/www.tuky.fi\/etusivu\/news\/vuosijuhlien-lipunmyynnin-toinen-osa\/#breadcrumb\",\"itemListElement\":[{\"@type\":\"ListItem\",\"position\":1,\"name\":\"Etusivu\",\"item\":\"https:\/\/www.tuky.fi\/etusivu\/\"},{\"@type\":\"ListItem\",\"position\":2,\"name\":\"Vuosijuhlien lipunmyynnin toinen osa\"}]},{\"@type\":\"WebSite\",\"@id\":\"https:\/\/www.tuky.fi\/etusivu\/#website\",\"url\":\"https:\/\/www.tuky.fi\/etusivu\/\",\"name\":\"Turun KY\",\"description\":\"TuKY\",\"publisher\":{\"@id\":\"https:\/\/www.tuky.fi\/etusivu\/#organization\"},\"alternateName\":\"TuKY\",\"potentialAction\":[{\"@type\":\"SearchAction\",\"target\":{\"@type\":\"EntryPoint\",\"urlTemplate\":\"https:\/\/www.tuky.fi\/etusivu\/?s={search_term_string}\"},\"query-input\":{\"@type\":\"PropertyValueSpecification\",\"valueRequired\":true,\"valueName\":\"search_term_string\"}}],\"inLanguage\":\"fi\"},{\"@type\":\"Organization\",\"@id\":\"https:\/\/www.tuky.fi\/etusivu\/#organization\",\"name\":\"Turun KY\",\"alternateName\":\"TuKY\",\"url\":\"https:\/\/www.tuky.fi\/etusivu\/\",\"logo\":{\"@type\":\"ImageObject\",\"inLanguage\":\"fi\",\"@id\":\"https:\/\/www.tuky.fi\/etusivu\/#\/schema\/logo\/image\/\",\"url\":\"https:\/\/www.tuky.fi\/wp-content\/uploads\/2024\/09\/TuKY-logo-kulta-1.png\",\"contentUrl\":\"https:\/\/www.tuky.fi\/wp-content\/uploads\/2024\/09\/TuKY-logo-kulta-1.png\",\"width\":1080,\"height\":1080,\"caption\":\"Turun KY\"},\"image\":{\"@id\":\"https:\/\/www.tuky.fi\/etusivu\/#\/schema\/logo\/image\/\"},\"sameAs\":[\"https:\/\/instagram.com\/turunky\",\"https:\/\/linkedin.com\/turunky\"]},{\"@type\":\"Person\",\"@id\":\"https:\/\/www.tuky.fi\/etusivu\/#\/schema\/person\/0715edede6f9d54c694dcabff0dc204f\",\"name\":\"Vuosijuhlat\",\"image\":{\"@type\":\"ImageObject\",\"inLanguage\":\"fi\",\"@id\":\"https:\/\/secure.gravatar.com\/avatar\/c84dfd5a67676072cda55c2b646b8dea401a458dd2b334dc7915a06871c48d8f?s=96&d=mm&r=g\",\"url\":\"https:\/\/secure.gravatar.com\/avatar\/c84dfd5a67676072cda55c2b646b8dea401a458dd2b334dc7915a06871c48d8f?s=96&d=mm&r=g\",\"contentUrl\":\"https:\/\/secure.gravatar.com\/avatar\/c84dfd5a67676072cda55c2b646b8dea401a458dd2b334dc7915a06871c48d8f?s=96&d=mm&r=g\",\"caption\":\"Vuosijuhlat\"},\"url\":\"https:\/\/www.tuky.fi\/etusivu\/author\/vuosijuhlat\/\"}]}<\/script>\n<!-- \/ Yoast SEO plugin. -->","yoast_head_json":{"title":"Vuosijuhlien lipunmyynnin toinen osa - Turun KY","robots":{"index":"index","follow":"follow","max-snippet":"max-snippet:-1","max-image-preview":"max-image-preview:large","max-video-preview":"max-video-preview:-1"},"canonical":"https:\/\/www.tuky.fi\/etusivu\/news\/vuosijuhlien-lipunmyynnin-toinen-osa\/","og_locale":"fi_FI","og_type":"article","og_title":"Vuosijuhlien lipunmyynnin toinen osa - Turun KY","og_description":"Vuosijuhlien toinen lipunmyynti k\u00e4ynnistyy keskiviikkona 23.9. Turun kauppakorkeakoululla klo 18.00. Tarkempi paikka ilmoitetaan vuosijuhlaviikon Facebook-tapahtumassa omana julkaisunaan sek\u00e4 tuky.fi:ss\u00e4 uutisena samana p\u00e4iv\u00e4n\u00e4 klo 15.00. Maksutapa lipunmyynniss\u00e4 on k\u00e4teinen. Otattehan tasarahan [&hellip;]","og_url":"https:\/\/www.tuky.fi\/etusivu\/news\/vuosijuhlien-lipunmyynnin-toinen-osa\/","og_site_name":"Turun KY","article_published_time":"2015-09-21T16:18:18+00:00","author":"Vuosijuhlat","twitter_card":"summary_large_image","twitter_misc":{"Kirjoittanut":"Vuosijuhlat"},"schema":{"@context":"https:\/\/schema.org","@graph":[{"@type":"Article","@id":"https:\/\/www.tuky.fi\/etusivu\/news\/vuosijuhlien-lipunmyynnin-toinen-osa\/#article","isPartOf":{"@id":"https:\/\/www.tuky.fi\/etusivu\/news\/vuosijuhlien-lipunmyynnin-toinen-osa\/"},"author":{"name":"Vuosijuhlat","@id":"https:\/\/www.tuky.fi\/etusivu\/#\/schema\/person\/0715edede6f9d54c694dcabff0dc204f"},"headline":"Vuosijuhlien lipunmyynnin toinen osa","datePublished":"2015-09-21T16:18:18+00:00","mainEntityOfPage":{"@id":"https:\/\/www.tuky.fi\/etusivu\/news\/vuosijuhlien-lipunmyynnin-toinen-osa\/"},"wordCount":48,"commentCount":0,"publisher":{"@id":"https:\/\/www.tuky.fi\/etusivu\/#organization"},"articleSection":["news"],"inLanguage":"fi","potentialAction":[{"@type":"CommentAction","name":"Comment","target":["https:\/\/www.tuky.fi\/etusivu\/news\/vuosijuhlien-lipunmyynnin-toinen-osa\/#respond"]}]},{"@type":"WebPage","@id":"https:\/\/www.tuky.fi\/etusivu\/news\/vuosijuhlien-lipunmyynnin-toinen-osa\/","url":"https:\/\/www.tuky.fi\/etusivu\/news\/vuosijuhlien-lipunmyynnin-toinen-osa\/","name":"Vuosijuhlien lipunmyynnin toinen osa - Turun KY","isPartOf":{"@id":"https:\/\/www.tuky.fi\/etusivu\/#website"},"datePublished":"2015-09-21T16:18:18+00:00","breadcrumb":{"@id":"https:\/\/www.tuky.fi\/etusivu\/news\/vuosijuhlien-lipunmyynnin-toinen-osa\/#breadcrumb"},"inLanguage":"fi","potentialAction":[{"@type":"ReadAction","target":["https:\/\/www.tuky.fi\/etusivu\/news\/vuosijuhlien-lipunmyynnin-toinen-osa\/"]}]},{"@type":"BreadcrumbList","@id":"https:\/\/www.tuky.fi\/etusivu\/news\/vuosijuhlien-lipunmyynnin-toinen-osa\/#breadcrumb","itemListElement":[{"@type":"ListItem","position":1,"name":"Etusivu","item":"https:\/\/www.tuky.fi\/etusivu\/"},{"@type":"ListItem","position":2,"name":"Vuosijuhlien lipunmyynnin toinen osa"}]},{"@type":"WebSite","@id":"https:\/\/www.tuky.fi\/etusivu\/#website","url":"https:\/\/www.tuky.fi\/etusivu\/","name":"Turun KY","description":"TuKY","publisher":{"@id":"https:\/\/www.tuky.fi\/etusivu\/#organization"},"alternateName":"TuKY","potentialAction":[{"@type":"SearchAction","target":{"@type":"EntryPoint","urlTemplate":"https:\/\/www.tuky.fi\/etusivu\/?s={search_term_string}"},"query-input":{"@type":"PropertyValueSpecification","valueRequired":true,"valueName":"search_term_string"}}],"inLanguage":"fi"},{"@type":"Organization","@id":"https:\/\/www.tuky.fi\/etusivu\/#organization","name":"Turun KY","alternateName":"TuKY","url":"https:\/\/www.tuky.fi\/etusivu\/","logo":{"@type":"ImageObject","inLanguage":"fi","@id":"https:\/\/www.tuky.fi\/etusivu\/#\/schema\/logo\/image\/","url":"https:\/\/www.tuky.fi\/wp-content\/uploads\/2024\/09\/TuKY-logo-kulta-1.png","contentUrl":"https:\/\/www.tuky.fi\/wp-content\/uploads\/2024\/09\/TuKY-logo-kulta-1.png","width":1080,"height":1080,"caption":"Turun KY"},"image":{"@id":"https:\/\/www.tuky.fi\/etusivu\/#\/schema\/logo\/image\/"},"sameAs":["https:\/\/instagram.com\/turunky","https:\/\/linkedin.com\/turunky"]},{"@type":"Person","@id":"https:\/\/www.tuky.fi\/etusivu\/#\/schema\/person\/0715edede6f9d54c694dcabff0dc204f","name":"Vuosijuhlat","image":{"@type":"ImageObject","inLanguage":"fi","@id":"https:\/\/secure.gravatar.com\/avatar\/c84dfd5a67676072cda55c2b646b8dea401a458dd2b334dc7915a06871c48d8f?s=96&d=mm&r=g","url":"https:\/\/secure.gravatar.com\/avatar\/c84dfd5a67676072cda55c2b646b8dea401a458dd2b334dc7915a06871c48d8f?s=96&d=mm&r=g","contentUrl":"https:\/\/secure.gravatar.com\/avatar\/c84dfd5a67676072cda55c2b646b8dea401a458dd2b334dc7915a06871c48d8f?s=96&d=mm&r=g","caption":"Vuosijuhlat"},"url":"https:\/\/www.tuky.fi\/etusivu\/author\/vuosijuhlat\/"}]}},"lang":"fi","translations":{"fi":15500},"pll_sync_post":[],"_links":{"self":[{"href":"https:\/\/www.tuky.fi\/etusivu\/wp-json\/wp\/v2\/posts\/15500","targetHints":{"allow":["GET"]}}],"collection":[{"href":"https:\/\/www.tuky.fi\/etusivu\/wp-json\/wp\/v2\/posts"}],"about":[{"href":"https:\/\/www.tuky.fi\/etusivu\/wp-json\/wp\/v2\/types\/post"}],"author":[{"embeddable":true,"href":"https:\/\/www.tuky.fi\/etusivu\/wp-json\/wp\/v2\/users\/21"}],"replies":[{"embeddable":true,"href":"https:\/\/www.tuky.fi\/etusivu\/wp-json\/wp\/v2\/comments?post=15500"}],"version-history":[{"count":0,"href":"https:\/\/www.tuky.fi\/etusivu\/wp-json\/wp\/v2\/posts\/15500\/revisions"}],"wp:attachment":[{"href":"https:\/\/www.tuky.fi\/etusivu\/wp-json\/wp\/v2\/media?parent=15500"}],"wp:term":[{"taxonomy":"category","embeddable":true,"href":"https:\/\/www.tuky.fi\/etusivu\/wp-json\/wp\/v2\/categories?post=15500"},{"taxonomy":"post_tag","embeddable":true,"href":"https:\/\/www.tuky.fi\/etusivu\/wp-json\/wp\/v2\/tags?post=15500"}],"curies":[{"name":"wp","href":"https:\/\/api.w.org\/{rel}","templated":true}]}}