{"id":15459,"date":"2015-09-17T14:57:13","date_gmt":"2015-09-17T12:57:13","guid":{"rendered":"http:\/\/tuky.fi\/?p=15459"},"modified":"2015-09-17T14:57:13","modified_gmt":"2015-09-17T12:57:13","slug":"sinustako-turun-seudun-ekonomien-uusi-opiskelija-ja-nuorekonomivastaava","status":"publish","type":"post","link":"https:\/\/www.tuky.fi\/etusivu\/news\/sinustako-turun-seudun-ekonomien-uusi-opiskelija-ja-nuorekonomivastaava\/","title":{"rendered":"Sinustako Turun Seudun Ekonomien uusi opiskelija- ja nuorekonomivastaava?"},"content":{"rendered":"<div><a href=\"http:\/\/tuky.fi\/wordpress\/wp-content\/uploads\/2015\/09\/tse.png\"><img loading=\"lazy\" decoding=\"async\" class=\"aligncenter size-full wp-image-15460\" alt=\"tse\" src=\"http:\/\/tuky.fi\/wordpress\/wp-content\/uploads\/2015\/09\/tse.png\" width=\"269\" height=\"99\" \/><\/a><\/div>\n<div><\/div>\n<div><i>Olet valmistumassa tai valmistumisestasi ei ole pitk\u00e4 aika. Opiskelijael\u00e4m\u00e4si oli aktiivista ja tunnet paloa sen piiriin yh\u00e4 edelleen. Haluat my\u00f6s verkostoitua ty\u00f6el\u00e4m\u00e4n puolella ja Turun Seudun Ekonomien johtokuntaty\u00f6skentely kiinnostaa.\u00a0<\/i><i>Ota yhteytt\u00e4 &#8211; juuri sinua etsimme!<\/i><\/div>\n<div><i>\u00a0<\/i><\/div>\n<div><i>Lis\u00e4tietoja paikasta saat <a href=\"http:\/\/www.turunseudunekonomit.fi\/\">verkkosivuiltamme <\/a>tai soittamalla suoraan Tommi-Juhani Jokiselle\u00a0<\/i><i>044 5571 551<\/i><\/div>\n<div><\/div>\n<div><\/div>\n","protected":false},"excerpt":{"rendered":"<p>Olet valmistumassa tai valmistumisestasi ei ole pitk\u00e4 aika. Opiskelijael\u00e4m\u00e4si oli aktiivista ja tunnet paloa sen piiriin yh\u00e4 edelleen. Haluat my\u00f6s verkostoitua ty\u00f6el\u00e4m\u00e4n puolella ja Turun Seudun Ekonomien johtokuntaty\u00f6skentely kiinnostaa.\u00a0Ota yhteytt\u00e4 [&hellip;]<\/p>\n","protected":false},"author":1,"featured_media":0,"comment_status":"open","ping_status":"open","sticky":false,"template":"","format":"standard","meta":{"_et_pb_use_builder":"","_et_pb_old_content":"","_et_gb_content_width":"","footnotes":""},"categories":[4],"tags":[],"class_list":["post-15459","post","type-post","status-publish","format-standard","hentry","category-news"],"yoast_head":"<!-- This site is optimized with the Yoast SEO plugin v27.2 - https:\/\/yoast.com\/product\/yoast-seo-wordpress\/ -->\n<title>Sinustako Turun Seudun Ekonomien uusi opiskelija- ja nuorekonomivastaava? - Turun KY<\/title>\n<meta name=\"robots\" content=\"index, follow, max-snippet:-1, max-image-preview:large, max-video-preview:-1\" \/>\n<link rel=\"canonical\" href=\"https:\/\/www.tuky.fi\/etusivu\/news\/sinustako-turun-seudun-ekonomien-uusi-opiskelija-ja-nuorekonomivastaava\/\" \/>\n<meta property=\"og:locale\" content=\"fi_FI\" \/>\n<meta property=\"og:type\" content=\"article\" \/>\n<meta property=\"og:title\" content=\"Sinustako Turun Seudun Ekonomien uusi opiskelija- ja nuorekonomivastaava? - Turun KY\" \/>\n<meta property=\"og:description\" content=\"Olet valmistumassa tai valmistumisestasi ei ole pitk\u00e4 aika. Opiskelijael\u00e4m\u00e4si oli aktiivista ja tunnet paloa sen piiriin yh\u00e4 edelleen. Haluat my\u00f6s verkostoitua ty\u00f6el\u00e4m\u00e4n puolella ja Turun Seudun Ekonomien johtokuntaty\u00f6skentely kiinnostaa.\u00a0Ota yhteytt\u00e4 [&hellip;]\" \/>\n<meta property=\"og:url\" content=\"https:\/\/www.tuky.fi\/etusivu\/news\/sinustako-turun-seudun-ekonomien-uusi-opiskelija-ja-nuorekonomivastaava\/\" \/>\n<meta property=\"og:site_name\" content=\"Turun KY\" \/>\n<meta property=\"article:published_time\" content=\"2015-09-17T12:57:13+00:00\" \/>\n<meta property=\"og:image\" content=\"http:\/\/tuky.fi\/wordpress\/wp-content\/uploads\/2015\/09\/tse.png\" \/>\n<meta name=\"author\" content=\"admin\" \/>\n<meta name=\"twitter:card\" content=\"summary_large_image\" \/>\n<meta name=\"twitter:label1\" content=\"Kirjoittanut\" \/>\n\t<meta name=\"twitter:data1\" content=\"admin\" \/>\n<script type=\"application\/ld+json\" class=\"yoast-schema-graph\">{\"@context\":\"https:\/\/schema.org\",\"@graph\":[{\"@type\":\"Article\",\"@id\":\"https:\/\/www.tuky.fi\/etusivu\/news\/sinustako-turun-seudun-ekonomien-uusi-opiskelija-ja-nuorekonomivastaava\/#article\",\"isPartOf\":{\"@id\":\"https:\/\/www.tuky.fi\/etusivu\/news\/sinustako-turun-seudun-ekonomien-uusi-opiskelija-ja-nuorekonomivastaava\/\"},\"author\":{\"name\":\"admin\",\"@id\":\"https:\/\/www.tuky.fi\/etusivu\/#\/schema\/person\/479eb0d4ef732e133e3a76f9b7659a39\"},\"headline\":\"Sinustako Turun Seudun Ekonomien uusi opiskelija- ja nuorekonomivastaava?\",\"datePublished\":\"2015-09-17T12:57:13+00:00\",\"mainEntityOfPage\":{\"@id\":\"https:\/\/www.tuky.fi\/etusivu\/news\/sinustako-turun-seudun-ekonomien-uusi-opiskelija-ja-nuorekonomivastaava\/\"},\"wordCount\":60,\"commentCount\":0,\"publisher\":{\"@id\":\"https:\/\/www.tuky.fi\/etusivu\/#organization\"},\"image\":{\"@id\":\"https:\/\/www.tuky.fi\/etusivu\/news\/sinustako-turun-seudun-ekonomien-uusi-opiskelija-ja-nuorekonomivastaava\/#primaryimage\"},\"thumbnailUrl\":\"http:\/\/tuky.fi\/wordpress\/wp-content\/uploads\/2015\/09\/tse.png\",\"articleSection\":[\"news\"],\"inLanguage\":\"fi\",\"potentialAction\":[{\"@type\":\"CommentAction\",\"name\":\"Comment\",\"target\":[\"https:\/\/www.tuky.fi\/etusivu\/news\/sinustako-turun-seudun-ekonomien-uusi-opiskelija-ja-nuorekonomivastaava\/#respond\"]}]},{\"@type\":\"WebPage\",\"@id\":\"https:\/\/www.tuky.fi\/etusivu\/news\/sinustako-turun-seudun-ekonomien-uusi-opiskelija-ja-nuorekonomivastaava\/\",\"url\":\"https:\/\/www.tuky.fi\/etusivu\/news\/sinustako-turun-seudun-ekonomien-uusi-opiskelija-ja-nuorekonomivastaava\/\",\"name\":\"Sinustako Turun Seudun Ekonomien uusi opiskelija- ja nuorekonomivastaava? - Turun KY\",\"isPartOf\":{\"@id\":\"https:\/\/www.tuky.fi\/etusivu\/#website\"},\"primaryImageOfPage\":{\"@id\":\"https:\/\/www.tuky.fi\/etusivu\/news\/sinustako-turun-seudun-ekonomien-uusi-opiskelija-ja-nuorekonomivastaava\/#primaryimage\"},\"image\":{\"@id\":\"https:\/\/www.tuky.fi\/etusivu\/news\/sinustako-turun-seudun-ekonomien-uusi-opiskelija-ja-nuorekonomivastaava\/#primaryimage\"},\"thumbnailUrl\":\"http:\/\/tuky.fi\/wordpress\/wp-content\/uploads\/2015\/09\/tse.png\",\"datePublished\":\"2015-09-17T12:57:13+00:00\",\"breadcrumb\":{\"@id\":\"https:\/\/www.tuky.fi\/etusivu\/news\/sinustako-turun-seudun-ekonomien-uusi-opiskelija-ja-nuorekonomivastaava\/#breadcrumb\"},\"inLanguage\":\"fi\",\"potentialAction\":[{\"@type\":\"ReadAction\",\"target\":[\"https:\/\/www.tuky.fi\/etusivu\/news\/sinustako-turun-seudun-ekonomien-uusi-opiskelija-ja-nuorekonomivastaava\/\"]}]},{\"@type\":\"ImageObject\",\"inLanguage\":\"fi\",\"@id\":\"https:\/\/www.tuky.fi\/etusivu\/news\/sinustako-turun-seudun-ekonomien-uusi-opiskelija-ja-nuorekonomivastaava\/#primaryimage\",\"url\":\"http:\/\/tuky.fi\/wordpress\/wp-content\/uploads\/2015\/09\/tse.png\",\"contentUrl\":\"http:\/\/tuky.fi\/wordpress\/wp-content\/uploads\/2015\/09\/tse.png\"},{\"@type\":\"BreadcrumbList\",\"@id\":\"https:\/\/www.tuky.fi\/etusivu\/news\/sinustako-turun-seudun-ekonomien-uusi-opiskelija-ja-nuorekonomivastaava\/#breadcrumb\",\"itemListElement\":[{\"@type\":\"ListItem\",\"position\":1,\"name\":\"Etusivu\",\"item\":\"https:\/\/www.tuky.fi\/etusivu\/\"},{\"@type\":\"ListItem\",\"position\":2,\"name\":\"Sinustako Turun Seudun Ekonomien uusi opiskelija- ja nuorekonomivastaava?\"}]},{\"@type\":\"WebSite\",\"@id\":\"https:\/\/www.tuky.fi\/etusivu\/#website\",\"url\":\"https:\/\/www.tuky.fi\/etusivu\/\",\"name\":\"Turun KY\",\"description\":\"TuKY\",\"publisher\":{\"@id\":\"https:\/\/www.tuky.fi\/etusivu\/#organization\"},\"alternateName\":\"TuKY\",\"potentialAction\":[{\"@type\":\"SearchAction\",\"target\":{\"@type\":\"EntryPoint\",\"urlTemplate\":\"https:\/\/www.tuky.fi\/etusivu\/?s={search_term_string}\"},\"query-input\":{\"@type\":\"PropertyValueSpecification\",\"valueRequired\":true,\"valueName\":\"search_term_string\"}}],\"inLanguage\":\"fi\"},{\"@type\":\"Organization\",\"@id\":\"https:\/\/www.tuky.fi\/etusivu\/#organization\",\"name\":\"Turun KY\",\"alternateName\":\"TuKY\",\"url\":\"https:\/\/www.tuky.fi\/etusivu\/\",\"logo\":{\"@type\":\"ImageObject\",\"inLanguage\":\"fi\",\"@id\":\"https:\/\/www.tuky.fi\/etusivu\/#\/schema\/logo\/image\/\",\"url\":\"https:\/\/www.tuky.fi\/wp-content\/uploads\/2024\/09\/TuKY-logo-kulta-1.png\",\"contentUrl\":\"https:\/\/www.tuky.fi\/wp-content\/uploads\/2024\/09\/TuKY-logo-kulta-1.png\",\"width\":1080,\"height\":1080,\"caption\":\"Turun KY\"},\"image\":{\"@id\":\"https:\/\/www.tuky.fi\/etusivu\/#\/schema\/logo\/image\/\"},\"sameAs\":[\"https:\/\/instagram.com\/turunky\",\"https:\/\/linkedin.com\/turunky\"]},{\"@type\":\"Person\",\"@id\":\"https:\/\/www.tuky.fi\/etusivu\/#\/schema\/person\/479eb0d4ef732e133e3a76f9b7659a39\",\"name\":\"admin\",\"image\":{\"@type\":\"ImageObject\",\"inLanguage\":\"fi\",\"@id\":\"https:\/\/secure.gravatar.com\/avatar\/afbe741656101229147e16716fbedbcade65018caf8c467f89b9abae7aaffeea?s=96&d=mm&r=g\",\"url\":\"https:\/\/secure.gravatar.com\/avatar\/afbe741656101229147e16716fbedbcade65018caf8c467f89b9abae7aaffeea?s=96&d=mm&r=g\",\"contentUrl\":\"https:\/\/secure.gravatar.com\/avatar\/afbe741656101229147e16716fbedbcade65018caf8c467f89b9abae7aaffeea?s=96&d=mm&r=g\",\"caption\":\"admin\"},\"url\":\"https:\/\/www.tuky.fi\/etusivu\/author\/admin\/\"}]}<\/script>\n<!-- \/ Yoast SEO plugin. -->","yoast_head_json":{"title":"Sinustako Turun Seudun Ekonomien uusi opiskelija- ja nuorekonomivastaava? - Turun KY","robots":{"index":"index","follow":"follow","max-snippet":"max-snippet:-1","max-image-preview":"max-image-preview:large","max-video-preview":"max-video-preview:-1"},"canonical":"https:\/\/www.tuky.fi\/etusivu\/news\/sinustako-turun-seudun-ekonomien-uusi-opiskelija-ja-nuorekonomivastaava\/","og_locale":"fi_FI","og_type":"article","og_title":"Sinustako Turun Seudun Ekonomien uusi opiskelija- ja nuorekonomivastaava? - Turun KY","og_description":"Olet valmistumassa tai valmistumisestasi ei ole pitk\u00e4 aika. Opiskelijael\u00e4m\u00e4si oli aktiivista ja tunnet paloa sen piiriin yh\u00e4 edelleen. Haluat my\u00f6s verkostoitua ty\u00f6el\u00e4m\u00e4n puolella ja Turun Seudun Ekonomien johtokuntaty\u00f6skentely kiinnostaa.\u00a0Ota yhteytt\u00e4 [&hellip;]","og_url":"https:\/\/www.tuky.fi\/etusivu\/news\/sinustako-turun-seudun-ekonomien-uusi-opiskelija-ja-nuorekonomivastaava\/","og_site_name":"Turun KY","article_published_time":"2015-09-17T12:57:13+00:00","og_image":[{"url":"http:\/\/tuky.fi\/wordpress\/wp-content\/uploads\/2015\/09\/tse.png","type":"","width":"","height":""}],"author":"admin","twitter_card":"summary_large_image","twitter_misc":{"Kirjoittanut":"admin"},"schema":{"@context":"https:\/\/schema.org","@graph":[{"@type":"Article","@id":"https:\/\/www.tuky.fi\/etusivu\/news\/sinustako-turun-seudun-ekonomien-uusi-opiskelija-ja-nuorekonomivastaava\/#article","isPartOf":{"@id":"https:\/\/www.tuky.fi\/etusivu\/news\/sinustako-turun-seudun-ekonomien-uusi-opiskelija-ja-nuorekonomivastaava\/"},"author":{"name":"admin","@id":"https:\/\/www.tuky.fi\/etusivu\/#\/schema\/person\/479eb0d4ef732e133e3a76f9b7659a39"},"headline":"Sinustako Turun Seudun Ekonomien uusi opiskelija- ja nuorekonomivastaava?","datePublished":"2015-09-17T12:57:13+00:00","mainEntityOfPage":{"@id":"https:\/\/www.tuky.fi\/etusivu\/news\/sinustako-turun-seudun-ekonomien-uusi-opiskelija-ja-nuorekonomivastaava\/"},"wordCount":60,"commentCount":0,"publisher":{"@id":"https:\/\/www.tuky.fi\/etusivu\/#organization"},"image":{"@id":"https:\/\/www.tuky.fi\/etusivu\/news\/sinustako-turun-seudun-ekonomien-uusi-opiskelija-ja-nuorekonomivastaava\/#primaryimage"},"thumbnailUrl":"http:\/\/tuky.fi\/wordpress\/wp-content\/uploads\/2015\/09\/tse.png","articleSection":["news"],"inLanguage":"fi","potentialAction":[{"@type":"CommentAction","name":"Comment","target":["https:\/\/www.tuky.fi\/etusivu\/news\/sinustako-turun-seudun-ekonomien-uusi-opiskelija-ja-nuorekonomivastaava\/#respond"]}]},{"@type":"WebPage","@id":"https:\/\/www.tuky.fi\/etusivu\/news\/sinustako-turun-seudun-ekonomien-uusi-opiskelija-ja-nuorekonomivastaava\/","url":"https:\/\/www.tuky.fi\/etusivu\/news\/sinustako-turun-seudun-ekonomien-uusi-opiskelija-ja-nuorekonomivastaava\/","name":"Sinustako Turun Seudun Ekonomien uusi opiskelija- ja nuorekonomivastaava? - Turun KY","isPartOf":{"@id":"https:\/\/www.tuky.fi\/etusivu\/#website"},"primaryImageOfPage":{"@id":"https:\/\/www.tuky.fi\/etusivu\/news\/sinustako-turun-seudun-ekonomien-uusi-opiskelija-ja-nuorekonomivastaava\/#primaryimage"},"image":{"@id":"https:\/\/www.tuky.fi\/etusivu\/news\/sinustako-turun-seudun-ekonomien-uusi-opiskelija-ja-nuorekonomivastaava\/#primaryimage"},"thumbnailUrl":"http:\/\/tuky.fi\/wordpress\/wp-content\/uploads\/2015\/09\/tse.png","datePublished":"2015-09-17T12:57:13+00:00","breadcrumb":{"@id":"https:\/\/www.tuky.fi\/etusivu\/news\/sinustako-turun-seudun-ekonomien-uusi-opiskelija-ja-nuorekonomivastaava\/#breadcrumb"},"inLanguage":"fi","potentialAction":[{"@type":"ReadAction","target":["https:\/\/www.tuky.fi\/etusivu\/news\/sinustako-turun-seudun-ekonomien-uusi-opiskelija-ja-nuorekonomivastaava\/"]}]},{"@type":"ImageObject","inLanguage":"fi","@id":"https:\/\/www.tuky.fi\/etusivu\/news\/sinustako-turun-seudun-ekonomien-uusi-opiskelija-ja-nuorekonomivastaava\/#primaryimage","url":"http:\/\/tuky.fi\/wordpress\/wp-content\/uploads\/2015\/09\/tse.png","contentUrl":"http:\/\/tuky.fi\/wordpress\/wp-content\/uploads\/2015\/09\/tse.png"},{"@type":"BreadcrumbList","@id":"https:\/\/www.tuky.fi\/etusivu\/news\/sinustako-turun-seudun-ekonomien-uusi-opiskelija-ja-nuorekonomivastaava\/#breadcrumb","itemListElement":[{"@type":"ListItem","position":1,"name":"Etusivu","item":"https:\/\/www.tuky.fi\/etusivu\/"},{"@type":"ListItem","position":2,"name":"Sinustako Turun Seudun Ekonomien uusi opiskelija- ja nuorekonomivastaava?"}]},{"@type":"WebSite","@id":"https:\/\/www.tuky.fi\/etusivu\/#website","url":"https:\/\/www.tuky.fi\/etusivu\/","name":"Turun KY","description":"TuKY","publisher":{"@id":"https:\/\/www.tuky.fi\/etusivu\/#organization"},"alternateName":"TuKY","potentialAction":[{"@type":"SearchAction","target":{"@type":"EntryPoint","urlTemplate":"https:\/\/www.tuky.fi\/etusivu\/?s={search_term_string}"},"query-input":{"@type":"PropertyValueSpecification","valueRequired":true,"valueName":"search_term_string"}}],"inLanguage":"fi"},{"@type":"Organization","@id":"https:\/\/www.tuky.fi\/etusivu\/#organization","name":"Turun KY","alternateName":"TuKY","url":"https:\/\/www.tuky.fi\/etusivu\/","logo":{"@type":"ImageObject","inLanguage":"fi","@id":"https:\/\/www.tuky.fi\/etusivu\/#\/schema\/logo\/image\/","url":"https:\/\/www.tuky.fi\/wp-content\/uploads\/2024\/09\/TuKY-logo-kulta-1.png","contentUrl":"https:\/\/www.tuky.fi\/wp-content\/uploads\/2024\/09\/TuKY-logo-kulta-1.png","width":1080,"height":1080,"caption":"Turun KY"},"image":{"@id":"https:\/\/www.tuky.fi\/etusivu\/#\/schema\/logo\/image\/"},"sameAs":["https:\/\/instagram.com\/turunky","https:\/\/linkedin.com\/turunky"]},{"@type":"Person","@id":"https:\/\/www.tuky.fi\/etusivu\/#\/schema\/person\/479eb0d4ef732e133e3a76f9b7659a39","name":"admin","image":{"@type":"ImageObject","inLanguage":"fi","@id":"https:\/\/secure.gravatar.com\/avatar\/afbe741656101229147e16716fbedbcade65018caf8c467f89b9abae7aaffeea?s=96&d=mm&r=g","url":"https:\/\/secure.gravatar.com\/avatar\/afbe741656101229147e16716fbedbcade65018caf8c467f89b9abae7aaffeea?s=96&d=mm&r=g","contentUrl":"https:\/\/secure.gravatar.com\/avatar\/afbe741656101229147e16716fbedbcade65018caf8c467f89b9abae7aaffeea?s=96&d=mm&r=g","caption":"admin"},"url":"https:\/\/www.tuky.fi\/etusivu\/author\/admin\/"}]}},"lang":"fi","translations":{"fi":15459},"pll_sync_post":[],"_links":{"self":[{"href":"https:\/\/www.tuky.fi\/etusivu\/wp-json\/wp\/v2\/posts\/15459","targetHints":{"allow":["GET"]}}],"collection":[{"href":"https:\/\/www.tuky.fi\/etusivu\/wp-json\/wp\/v2\/posts"}],"about":[{"href":"https:\/\/www.tuky.fi\/etusivu\/wp-json\/wp\/v2\/types\/post"}],"author":[{"embeddable":true,"href":"https:\/\/www.tuky.fi\/etusivu\/wp-json\/wp\/v2\/users\/1"}],"replies":[{"embeddable":true,"href":"https:\/\/www.tuky.fi\/etusivu\/wp-json\/wp\/v2\/comments?post=15459"}],"version-history":[{"count":0,"href":"https:\/\/www.tuky.fi\/etusivu\/wp-json\/wp\/v2\/posts\/15459\/revisions"}],"wp:attachment":[{"href":"https:\/\/www.tuky.fi\/etusivu\/wp-json\/wp\/v2\/media?parent=15459"}],"wp:term":[{"taxonomy":"category","embeddable":true,"href":"https:\/\/www.tuky.fi\/etusivu\/wp-json\/wp\/v2\/categories?post=15459"},{"taxonomy":"post_tag","embeddable":true,"href":"https:\/\/www.tuky.fi\/etusivu\/wp-json\/wp\/v2\/tags?post=15459"}],"curies":[{"name":"wp","href":"https:\/\/api.w.org\/{rel}","templated":true}]}}