{"id":15146,"date":"2015-09-04T12:26:26","date_gmt":"2015-09-04T10:26:26","guid":{"rendered":"http:\/\/tuky.fi\/?p=15146"},"modified":"2015-09-04T12:26:26","modified_gmt":"2015-09-04T10:26:26","slug":"syksy-ja-opiskelijatarjoukset-tulevat-oletko-valmis","status":"publish","type":"post","link":"https:\/\/www.tuky.fi\/etusivu\/news\/syksy-ja-opiskelijatarjoukset-tulevat-oletko-valmis\/","title":{"rendered":"Syksy ja opiskelijatarjoukset tulevat &#8211; oletko valmis?"},"content":{"rendered":"<p>Opiskelija tiet\u00e4\u00e4 kyll\u00e4, mit\u00e4 syyssateet tuovat tullessaan. J\u00e4lleenn\u00e4kemisten, opiskelijabileiden ja tenttikammon ohella my\u00f6s must-hankintojen lista p\u00e4ivittyy syksyll\u00e4.<a href=\"http:\/\/www.saleduck.fi\">\u00a0Saleduck.fi\u00a0<\/a>-alennuskuponkisivusto auttaa sinua hommaamaan vaikka uuden l\u00e4pp\u00e4rin, kalusteet opiskelijak\u00e4mpp\u00e4\u00e4n, takin jolla tarkenee ja kenties pari uutta vaatekertaa kes\u00e4n kuluttamien tilalle.<\/p>\n<p><img loading=\"lazy\" decoding=\"async\" class=\"wp-image-15149 aligncenter\" style=\"text-align: center;\" alt=\"student-849825_1280\" src=\"http:\/\/tuky.fi\/wordpress\/wp-content\/uploads\/2015\/09\/student-849825-1280-1024x682.jpg\" width=\"425\" height=\"283\" \/><\/p>\n<p><span style=\"line-height: 1.5em;\">Hupenevatko opintotukikuukaudet? Etk\u00f6 syntynyt kultalusikka suussa? Nyt voit hy\u00f6dynt\u00e4\u00e4 tarjoukset ja alennuskoodit verkkokaupoista kuten Zalando, Lensway, MyTrendyPhone, Bangerhead ja Fitnesstukku. Fiksut ratkaisut kerrytt\u00e4v\u00e4t senttej\u00e4 omaan lompakkoon tai vaikka lomatilille.<\/span><\/p>\n<p>&nbsp;<\/p>\n<p style=\"text-align: center;\"><img loading=\"lazy\" decoding=\"async\" class=\"size-full wp-image-15151 aligncenter\" alt=\"saleduck_fi_logo\" src=\"http:\/\/tuky.fi\/wordpress\/wp-content\/uploads\/2015\/09\/saleduck-fi-logo.png\" width=\"500\" height=\"121\" \/><\/p>\n","protected":false},"excerpt":{"rendered":"<p>Opiskelija tiet\u00e4\u00e4 kyll\u00e4, mit\u00e4 syyssateet tuovat tullessaan. J\u00e4lleenn\u00e4kemisten, opiskelijabileiden ja tenttikammon ohella my\u00f6s must-hankintojen lista p\u00e4ivittyy syksyll\u00e4.\u00a0Saleduck.fi\u00a0-alennuskuponkisivusto auttaa sinua hommaamaan vaikka uuden l\u00e4pp\u00e4rin, kalusteet opiskelijak\u00e4mpp\u00e4\u00e4n, takin jolla tarkenee ja kenties [&hellip;]<\/p>\n","protected":false},"author":42,"featured_media":0,"comment_status":"open","ping_status":"open","sticky":false,"template":"","format":"standard","meta":{"_et_pb_use_builder":"","_et_pb_old_content":"","_et_gb_content_width":"","footnotes":""},"categories":[4,8],"tags":[],"class_list":["post-15146","post","type-post","status-publish","format-standard","hentry","category-news","category-yst_uutiset"],"yoast_head":"<!-- This site is optimized with the Yoast SEO plugin v27.2 - https:\/\/yoast.com\/product\/yoast-seo-wordpress\/ -->\n<title>Syksy ja opiskelijatarjoukset tulevat - oletko valmis? - Turun KY<\/title>\n<meta name=\"robots\" content=\"index, follow, max-snippet:-1, max-image-preview:large, max-video-preview:-1\" \/>\n<link rel=\"canonical\" href=\"https:\/\/www.tuky.fi\/etusivu\/news\/syksy-ja-opiskelijatarjoukset-tulevat-oletko-valmis\/\" \/>\n<meta property=\"og:locale\" content=\"fi_FI\" \/>\n<meta property=\"og:type\" content=\"article\" \/>\n<meta property=\"og:title\" content=\"Syksy ja opiskelijatarjoukset tulevat - oletko valmis? - Turun KY\" \/>\n<meta property=\"og:description\" content=\"Opiskelija tiet\u00e4\u00e4 kyll\u00e4, mit\u00e4 syyssateet tuovat tullessaan. J\u00e4lleenn\u00e4kemisten, opiskelijabileiden ja tenttikammon ohella my\u00f6s must-hankintojen lista p\u00e4ivittyy syksyll\u00e4.\u00a0Saleduck.fi\u00a0-alennuskuponkisivusto auttaa sinua hommaamaan vaikka uuden l\u00e4pp\u00e4rin, kalusteet opiskelijak\u00e4mpp\u00e4\u00e4n, takin jolla tarkenee ja kenties [&hellip;]\" \/>\n<meta property=\"og:url\" content=\"https:\/\/www.tuky.fi\/etusivu\/news\/syksy-ja-opiskelijatarjoukset-tulevat-oletko-valmis\/\" \/>\n<meta property=\"og:site_name\" content=\"Turun KY\" \/>\n<meta property=\"article:published_time\" content=\"2015-09-04T10:26:26+00:00\" \/>\n<meta property=\"og:image\" content=\"http:\/\/tuky.fi\/wordpress\/wp-content\/uploads\/2015\/09\/student-849825-1280-1024x682.jpg\" \/>\n<meta name=\"author\" content=\"Myyntip\u00e4\u00e4llikk\u00f6\" \/>\n<meta name=\"twitter:card\" content=\"summary_large_image\" \/>\n<meta name=\"twitter:label1\" content=\"Kirjoittanut\" \/>\n\t<meta name=\"twitter:data1\" content=\"Myyntip\u00e4\u00e4llikk\u00f6\" \/>\n<script type=\"application\/ld+json\" class=\"yoast-schema-graph\">{\"@context\":\"https:\/\/schema.org\",\"@graph\":[{\"@type\":\"Article\",\"@id\":\"https:\/\/www.tuky.fi\/etusivu\/news\/syksy-ja-opiskelijatarjoukset-tulevat-oletko-valmis\/#article\",\"isPartOf\":{\"@id\":\"https:\/\/www.tuky.fi\/etusivu\/news\/syksy-ja-opiskelijatarjoukset-tulevat-oletko-valmis\/\"},\"author\":{\"name\":\"Myyntip\u00e4\u00e4llikk\u00f6\",\"@id\":\"https:\/\/www.tuky.fi\/etusivu\/#\/schema\/person\/66e53fffc743e17ca9d5603336ee4d59\"},\"headline\":\"Syksy ja opiskelijatarjoukset tulevat &#8211; oletko valmis?\",\"datePublished\":\"2015-09-04T10:26:26+00:00\",\"mainEntityOfPage\":{\"@id\":\"https:\/\/www.tuky.fi\/etusivu\/news\/syksy-ja-opiskelijatarjoukset-tulevat-oletko-valmis\/\"},\"wordCount\":88,\"commentCount\":0,\"publisher\":{\"@id\":\"https:\/\/www.tuky.fi\/etusivu\/#organization\"},\"image\":{\"@id\":\"https:\/\/www.tuky.fi\/etusivu\/news\/syksy-ja-opiskelijatarjoukset-tulevat-oletko-valmis\/#primaryimage\"},\"thumbnailUrl\":\"http:\/\/tuky.fi\/wordpress\/wp-content\/uploads\/2015\/09\/student-849825-1280-1024x682.jpg\",\"articleSection\":[\"news\",\"YST - Uutiset\"],\"inLanguage\":\"fi\",\"potentialAction\":[{\"@type\":\"CommentAction\",\"name\":\"Comment\",\"target\":[\"https:\/\/www.tuky.fi\/etusivu\/news\/syksy-ja-opiskelijatarjoukset-tulevat-oletko-valmis\/#respond\"]}]},{\"@type\":\"WebPage\",\"@id\":\"https:\/\/www.tuky.fi\/etusivu\/news\/syksy-ja-opiskelijatarjoukset-tulevat-oletko-valmis\/\",\"url\":\"https:\/\/www.tuky.fi\/etusivu\/news\/syksy-ja-opiskelijatarjoukset-tulevat-oletko-valmis\/\",\"name\":\"Syksy ja opiskelijatarjoukset tulevat - oletko valmis? - Turun KY\",\"isPartOf\":{\"@id\":\"https:\/\/www.tuky.fi\/etusivu\/#website\"},\"primaryImageOfPage\":{\"@id\":\"https:\/\/www.tuky.fi\/etusivu\/news\/syksy-ja-opiskelijatarjoukset-tulevat-oletko-valmis\/#primaryimage\"},\"image\":{\"@id\":\"https:\/\/www.tuky.fi\/etusivu\/news\/syksy-ja-opiskelijatarjoukset-tulevat-oletko-valmis\/#primaryimage\"},\"thumbnailUrl\":\"http:\/\/tuky.fi\/wordpress\/wp-content\/uploads\/2015\/09\/student-849825-1280-1024x682.jpg\",\"datePublished\":\"2015-09-04T10:26:26+00:00\",\"breadcrumb\":{\"@id\":\"https:\/\/www.tuky.fi\/etusivu\/news\/syksy-ja-opiskelijatarjoukset-tulevat-oletko-valmis\/#breadcrumb\"},\"inLanguage\":\"fi\",\"potentialAction\":[{\"@type\":\"ReadAction\",\"target\":[\"https:\/\/www.tuky.fi\/etusivu\/news\/syksy-ja-opiskelijatarjoukset-tulevat-oletko-valmis\/\"]}]},{\"@type\":\"ImageObject\",\"inLanguage\":\"fi\",\"@id\":\"https:\/\/www.tuky.fi\/etusivu\/news\/syksy-ja-opiskelijatarjoukset-tulevat-oletko-valmis\/#primaryimage\",\"url\":\"http:\/\/tuky.fi\/wordpress\/wp-content\/uploads\/2015\/09\/student-849825-1280-1024x682.jpg\",\"contentUrl\":\"http:\/\/tuky.fi\/wordpress\/wp-content\/uploads\/2015\/09\/student-849825-1280-1024x682.jpg\"},{\"@type\":\"BreadcrumbList\",\"@id\":\"https:\/\/www.tuky.fi\/etusivu\/news\/syksy-ja-opiskelijatarjoukset-tulevat-oletko-valmis\/#breadcrumb\",\"itemListElement\":[{\"@type\":\"ListItem\",\"position\":1,\"name\":\"Etusivu\",\"item\":\"https:\/\/www.tuky.fi\/etusivu\/\"},{\"@type\":\"ListItem\",\"position\":2,\"name\":\"Syksy ja opiskelijatarjoukset tulevat &#8211; oletko valmis?\"}]},{\"@type\":\"WebSite\",\"@id\":\"https:\/\/www.tuky.fi\/etusivu\/#website\",\"url\":\"https:\/\/www.tuky.fi\/etusivu\/\",\"name\":\"Turun KY\",\"description\":\"TuKY\",\"publisher\":{\"@id\":\"https:\/\/www.tuky.fi\/etusivu\/#organization\"},\"alternateName\":\"TuKY\",\"potentialAction\":[{\"@type\":\"SearchAction\",\"target\":{\"@type\":\"EntryPoint\",\"urlTemplate\":\"https:\/\/www.tuky.fi\/etusivu\/?s={search_term_string}\"},\"query-input\":{\"@type\":\"PropertyValueSpecification\",\"valueRequired\":true,\"valueName\":\"search_term_string\"}}],\"inLanguage\":\"fi\"},{\"@type\":\"Organization\",\"@id\":\"https:\/\/www.tuky.fi\/etusivu\/#organization\",\"name\":\"Turun KY\",\"alternateName\":\"TuKY\",\"url\":\"https:\/\/www.tuky.fi\/etusivu\/\",\"logo\":{\"@type\":\"ImageObject\",\"inLanguage\":\"fi\",\"@id\":\"https:\/\/www.tuky.fi\/etusivu\/#\/schema\/logo\/image\/\",\"url\":\"https:\/\/www.tuky.fi\/wp-content\/uploads\/2024\/09\/TuKY-logo-kulta-1.png\",\"contentUrl\":\"https:\/\/www.tuky.fi\/wp-content\/uploads\/2024\/09\/TuKY-logo-kulta-1.png\",\"width\":1080,\"height\":1080,\"caption\":\"Turun KY\"},\"image\":{\"@id\":\"https:\/\/www.tuky.fi\/etusivu\/#\/schema\/logo\/image\/\"},\"sameAs\":[\"https:\/\/instagram.com\/turunky\",\"https:\/\/linkedin.com\/turunky\"]},{\"@type\":\"Person\",\"@id\":\"https:\/\/www.tuky.fi\/etusivu\/#\/schema\/person\/66e53fffc743e17ca9d5603336ee4d59\",\"name\":\"Myyntip\u00e4\u00e4llikk\u00f6\",\"image\":{\"@type\":\"ImageObject\",\"inLanguage\":\"fi\",\"@id\":\"https:\/\/secure.gravatar.com\/avatar\/8b962a9242c53dff7d2be24f16a604a8094c1e5fbb76a692d2c8aa5be966ed37?s=96&d=mm&r=g\",\"url\":\"https:\/\/secure.gravatar.com\/avatar\/8b962a9242c53dff7d2be24f16a604a8094c1e5fbb76a692d2c8aa5be966ed37?s=96&d=mm&r=g\",\"contentUrl\":\"https:\/\/secure.gravatar.com\/avatar\/8b962a9242c53dff7d2be24f16a604a8094c1e5fbb76a692d2c8aa5be966ed37?s=96&d=mm&r=g\",\"caption\":\"Myyntip\u00e4\u00e4llikk\u00f6\"},\"url\":\"https:\/\/www.tuky.fi\/etusivu\/author\/ky-myyntipaallikko\/\"}]}<\/script>\n<!-- \/ Yoast SEO plugin. -->","yoast_head_json":{"title":"Syksy ja opiskelijatarjoukset tulevat - oletko valmis? - Turun KY","robots":{"index":"index","follow":"follow","max-snippet":"max-snippet:-1","max-image-preview":"max-image-preview:large","max-video-preview":"max-video-preview:-1"},"canonical":"https:\/\/www.tuky.fi\/etusivu\/news\/syksy-ja-opiskelijatarjoukset-tulevat-oletko-valmis\/","og_locale":"fi_FI","og_type":"article","og_title":"Syksy ja opiskelijatarjoukset tulevat - oletko valmis? - Turun KY","og_description":"Opiskelija tiet\u00e4\u00e4 kyll\u00e4, mit\u00e4 syyssateet tuovat tullessaan. J\u00e4lleenn\u00e4kemisten, opiskelijabileiden ja tenttikammon ohella my\u00f6s must-hankintojen lista p\u00e4ivittyy syksyll\u00e4.\u00a0Saleduck.fi\u00a0-alennuskuponkisivusto auttaa sinua hommaamaan vaikka uuden l\u00e4pp\u00e4rin, kalusteet opiskelijak\u00e4mpp\u00e4\u00e4n, takin jolla tarkenee ja kenties [&hellip;]","og_url":"https:\/\/www.tuky.fi\/etusivu\/news\/syksy-ja-opiskelijatarjoukset-tulevat-oletko-valmis\/","og_site_name":"Turun KY","article_published_time":"2015-09-04T10:26:26+00:00","og_image":[{"url":"http:\/\/tuky.fi\/wordpress\/wp-content\/uploads\/2015\/09\/student-849825-1280-1024x682.jpg","type":"","width":"","height":""}],"author":"Myyntip\u00e4\u00e4llikk\u00f6","twitter_card":"summary_large_image","twitter_misc":{"Kirjoittanut":"Myyntip\u00e4\u00e4llikk\u00f6"},"schema":{"@context":"https:\/\/schema.org","@graph":[{"@type":"Article","@id":"https:\/\/www.tuky.fi\/etusivu\/news\/syksy-ja-opiskelijatarjoukset-tulevat-oletko-valmis\/#article","isPartOf":{"@id":"https:\/\/www.tuky.fi\/etusivu\/news\/syksy-ja-opiskelijatarjoukset-tulevat-oletko-valmis\/"},"author":{"name":"Myyntip\u00e4\u00e4llikk\u00f6","@id":"https:\/\/www.tuky.fi\/etusivu\/#\/schema\/person\/66e53fffc743e17ca9d5603336ee4d59"},"headline":"Syksy ja opiskelijatarjoukset tulevat &#8211; oletko valmis?","datePublished":"2015-09-04T10:26:26+00:00","mainEntityOfPage":{"@id":"https:\/\/www.tuky.fi\/etusivu\/news\/syksy-ja-opiskelijatarjoukset-tulevat-oletko-valmis\/"},"wordCount":88,"commentCount":0,"publisher":{"@id":"https:\/\/www.tuky.fi\/etusivu\/#organization"},"image":{"@id":"https:\/\/www.tuky.fi\/etusivu\/news\/syksy-ja-opiskelijatarjoukset-tulevat-oletko-valmis\/#primaryimage"},"thumbnailUrl":"http:\/\/tuky.fi\/wordpress\/wp-content\/uploads\/2015\/09\/student-849825-1280-1024x682.jpg","articleSection":["news","YST - Uutiset"],"inLanguage":"fi","potentialAction":[{"@type":"CommentAction","name":"Comment","target":["https:\/\/www.tuky.fi\/etusivu\/news\/syksy-ja-opiskelijatarjoukset-tulevat-oletko-valmis\/#respond"]}]},{"@type":"WebPage","@id":"https:\/\/www.tuky.fi\/etusivu\/news\/syksy-ja-opiskelijatarjoukset-tulevat-oletko-valmis\/","url":"https:\/\/www.tuky.fi\/etusivu\/news\/syksy-ja-opiskelijatarjoukset-tulevat-oletko-valmis\/","name":"Syksy ja opiskelijatarjoukset tulevat - oletko valmis? - Turun KY","isPartOf":{"@id":"https:\/\/www.tuky.fi\/etusivu\/#website"},"primaryImageOfPage":{"@id":"https:\/\/www.tuky.fi\/etusivu\/news\/syksy-ja-opiskelijatarjoukset-tulevat-oletko-valmis\/#primaryimage"},"image":{"@id":"https:\/\/www.tuky.fi\/etusivu\/news\/syksy-ja-opiskelijatarjoukset-tulevat-oletko-valmis\/#primaryimage"},"thumbnailUrl":"http:\/\/tuky.fi\/wordpress\/wp-content\/uploads\/2015\/09\/student-849825-1280-1024x682.jpg","datePublished":"2015-09-04T10:26:26+00:00","breadcrumb":{"@id":"https:\/\/www.tuky.fi\/etusivu\/news\/syksy-ja-opiskelijatarjoukset-tulevat-oletko-valmis\/#breadcrumb"},"inLanguage":"fi","potentialAction":[{"@type":"ReadAction","target":["https:\/\/www.tuky.fi\/etusivu\/news\/syksy-ja-opiskelijatarjoukset-tulevat-oletko-valmis\/"]}]},{"@type":"ImageObject","inLanguage":"fi","@id":"https:\/\/www.tuky.fi\/etusivu\/news\/syksy-ja-opiskelijatarjoukset-tulevat-oletko-valmis\/#primaryimage","url":"http:\/\/tuky.fi\/wordpress\/wp-content\/uploads\/2015\/09\/student-849825-1280-1024x682.jpg","contentUrl":"http:\/\/tuky.fi\/wordpress\/wp-content\/uploads\/2015\/09\/student-849825-1280-1024x682.jpg"},{"@type":"BreadcrumbList","@id":"https:\/\/www.tuky.fi\/etusivu\/news\/syksy-ja-opiskelijatarjoukset-tulevat-oletko-valmis\/#breadcrumb","itemListElement":[{"@type":"ListItem","position":1,"name":"Etusivu","item":"https:\/\/www.tuky.fi\/etusivu\/"},{"@type":"ListItem","position":2,"name":"Syksy ja opiskelijatarjoukset tulevat &#8211; oletko valmis?"}]},{"@type":"WebSite","@id":"https:\/\/www.tuky.fi\/etusivu\/#website","url":"https:\/\/www.tuky.fi\/etusivu\/","name":"Turun KY","description":"TuKY","publisher":{"@id":"https:\/\/www.tuky.fi\/etusivu\/#organization"},"alternateName":"TuKY","potentialAction":[{"@type":"SearchAction","target":{"@type":"EntryPoint","urlTemplate":"https:\/\/www.tuky.fi\/etusivu\/?s={search_term_string}"},"query-input":{"@type":"PropertyValueSpecification","valueRequired":true,"valueName":"search_term_string"}}],"inLanguage":"fi"},{"@type":"Organization","@id":"https:\/\/www.tuky.fi\/etusivu\/#organization","name":"Turun KY","alternateName":"TuKY","url":"https:\/\/www.tuky.fi\/etusivu\/","logo":{"@type":"ImageObject","inLanguage":"fi","@id":"https:\/\/www.tuky.fi\/etusivu\/#\/schema\/logo\/image\/","url":"https:\/\/www.tuky.fi\/wp-content\/uploads\/2024\/09\/TuKY-logo-kulta-1.png","contentUrl":"https:\/\/www.tuky.fi\/wp-content\/uploads\/2024\/09\/TuKY-logo-kulta-1.png","width":1080,"height":1080,"caption":"Turun KY"},"image":{"@id":"https:\/\/www.tuky.fi\/etusivu\/#\/schema\/logo\/image\/"},"sameAs":["https:\/\/instagram.com\/turunky","https:\/\/linkedin.com\/turunky"]},{"@type":"Person","@id":"https:\/\/www.tuky.fi\/etusivu\/#\/schema\/person\/66e53fffc743e17ca9d5603336ee4d59","name":"Myyntip\u00e4\u00e4llikk\u00f6","image":{"@type":"ImageObject","inLanguage":"fi","@id":"https:\/\/secure.gravatar.com\/avatar\/8b962a9242c53dff7d2be24f16a604a8094c1e5fbb76a692d2c8aa5be966ed37?s=96&d=mm&r=g","url":"https:\/\/secure.gravatar.com\/avatar\/8b962a9242c53dff7d2be24f16a604a8094c1e5fbb76a692d2c8aa5be966ed37?s=96&d=mm&r=g","contentUrl":"https:\/\/secure.gravatar.com\/avatar\/8b962a9242c53dff7d2be24f16a604a8094c1e5fbb76a692d2c8aa5be966ed37?s=96&d=mm&r=g","caption":"Myyntip\u00e4\u00e4llikk\u00f6"},"url":"https:\/\/www.tuky.fi\/etusivu\/author\/ky-myyntipaallikko\/"}]}},"lang":"fi","translations":{"fi":15146},"pll_sync_post":[],"_links":{"self":[{"href":"https:\/\/www.tuky.fi\/etusivu\/wp-json\/wp\/v2\/posts\/15146","targetHints":{"allow":["GET"]}}],"collection":[{"href":"https:\/\/www.tuky.fi\/etusivu\/wp-json\/wp\/v2\/posts"}],"about":[{"href":"https:\/\/www.tuky.fi\/etusivu\/wp-json\/wp\/v2\/types\/post"}],"author":[{"embeddable":true,"href":"https:\/\/www.tuky.fi\/etusivu\/wp-json\/wp\/v2\/users\/42"}],"replies":[{"embeddable":true,"href":"https:\/\/www.tuky.fi\/etusivu\/wp-json\/wp\/v2\/comments?post=15146"}],"version-history":[{"count":0,"href":"https:\/\/www.tuky.fi\/etusivu\/wp-json\/wp\/v2\/posts\/15146\/revisions"}],"wp:attachment":[{"href":"https:\/\/www.tuky.fi\/etusivu\/wp-json\/wp\/v2\/media?parent=15146"}],"wp:term":[{"taxonomy":"category","embeddable":true,"href":"https:\/\/www.tuky.fi\/etusivu\/wp-json\/wp\/v2\/categories?post=15146"},{"taxonomy":"post_tag","embeddable":true,"href":"https:\/\/www.tuky.fi\/etusivu\/wp-json\/wp\/v2\/tags?post=15146"}],"curies":[{"name":"wp","href":"https:\/\/api.w.org\/{rel}","templated":true}]}}