{"id":14610,"date":"2015-07-01T23:17:35","date_gmt":"2015-07-01T21:17:35","guid":{"rendered":"http:\/\/tuky.fi\/?p=14610"},"modified":"2015-07-01T23:17:35","modified_gmt":"2015-07-01T21:17:35","slug":"suomen-ekonomit-etsii-hallitusta","status":"publish","type":"post","link":"https:\/\/www.tuky.fi\/etusivu\/news\/suomen-ekonomit-etsii-hallitusta\/","title":{"rendered":"Suomen Ekonomit etsii hallitusta"},"content":{"rendered":"<p style=\"text-align: center;\"><a href=\"http:\/\/tuky.fi\/wordpress\/wp-content\/uploads\/2015\/06\/kiikarit-netti.jpg\"><img loading=\"lazy\" decoding=\"async\" class=\" wp-image-14590 aligncenter\" alt=\"kiikarit-netti\" src=\"http:\/\/tuky.fi\/wordpress\/wp-content\/uploads\/2015\/06\/kiikarit-netti.jpg\" width=\"520\" height=\"240\" \/><\/a>Suomen Ekonomien hallitushaku on nyt k\u00e4ynniss\u00e4. Hallitukseen haetaan\u00a0aktiivisia, yhteisty\u00f6kykyisi\u00e4 ja eri ik\u00e4isi\u00e4 toimijoita kaksivuotiskaudeksi 1.1.2016-31.12.2017.<\/p>\n<p>Hallitus vastaa liiton toiminnan suunnittelusta ja seurannasta, liiton taloudesta ja sijoitusomaisuudesta sek\u00e4 merkitt\u00e4vist\u00e4 p\u00e4\u00e4t\u00f6ksist\u00e4.\u00a0 Ekonomien hallitus toimii kollektiivina strategisena p\u00e4\u00e4t\u00f6ksentekij\u00e4n\u00e4 ja suunnann\u00e4ytt\u00e4j\u00e4n\u00e4 toimiston operatiiviselle johdolle sek\u00e4 asiantuntijoille. Hallituksen muodostavat puheenjohtaja ja varapuheenjohtajat sek\u00e4 v\u00e4hint\u00e4\u00e4n viisi ja enint\u00e4\u00e4n kahdeksan muuta j\u00e4sent\u00e4. V\u00e4hint\u00e4\u00e4n yhden tulee edustaa opiskelijoita. Hallituksen kaikkien j\u00e4senten tulee olla Suomen Ekonomien j\u00e4senyhteis\u00f6jen j\u00e4seni\u00e4. Hallituksen j\u00e4senist\u00e4 osa toimii hallituksen alaisten toimikuntien puheenjohtajina.<\/p>\n<p>Kylterille avautuu upeita vaikuttamismahdollisuuksia Suomen Ekonomien hallituksessa. Opiskelijat ovat t\u00e4rke\u00e4 osa liiton toimintaa ja siihen osallistuessaan opiskelija saa arvokasta kokemusta ty\u00f6el\u00e4m\u00e4\u00e4 ajatellen. Jokainen voi hakea Ekonomien hallitukseen vuosikurssiin katsomatta &#8211; olit sitten pupu tai jo akateemista uraasi lopettelemassa oleva rusakko, kannattaa tilaisuuteen tarttua.<\/p>\n<p><strong>Hae hallitukseen\u00a030.8.2015 menness\u00e4.\u00a0<\/strong><\/p>\n<p>Lis\u00e4tietoa hakemisesta\u00a0<a href=\"https:\/\/www.ekonomit.fi\/hallitukseen\" target=\"_blank\">Suomen Ekonomien nettisivuilta<\/a>\u00a0sek\u00e4 Tuuli Marttilalta (ks. yhteystiedot alla).<\/p>\n<p><strong><\/strong>Tuuli Marttila\u00a0p. +358\u00a040\u00a0519 2007<\/p>\n<p>tuuli.marttila@ekonomit.fi<\/p>\n","protected":false},"excerpt":{"rendered":"<p>Suomen Ekonomien hallitushaku on nyt k\u00e4ynniss\u00e4. Hallitukseen haetaan\u00a0aktiivisia, yhteisty\u00f6kykyisi\u00e4 ja eri ik\u00e4isi\u00e4 toimijoita kaksivuotiskaudeksi 1.1.2016-31.12.2017. Hallitus vastaa liiton toiminnan suunnittelusta ja seurannasta, liiton taloudesta ja sijoitusomaisuudesta sek\u00e4 merkitt\u00e4vist\u00e4 p\u00e4\u00e4t\u00f6ksist\u00e4.\u00a0 Ekonomien [&hellip;]<\/p>\n","protected":false},"author":1,"featured_media":0,"comment_status":"open","ping_status":"open","sticky":false,"template":"","format":"standard","meta":{"_et_pb_use_builder":"","_et_pb_old_content":"","_et_gb_content_width":"","footnotes":""},"categories":[4],"tags":[128,189,191,525,466],"class_list":["post-14610","post","type-post","status-publish","format-standard","hentry","category-news","tag-edunvalvonta","tag-hallitus-2","tag-hallitushaku","tag-opiskelijavaikuttaminen","tag-suomen-ekonomit"],"yoast_head":"<!-- This site is optimized with the Yoast SEO plugin v27.2 - https:\/\/yoast.com\/product\/yoast-seo-wordpress\/ -->\n<title>Suomen Ekonomit etsii hallitusta - Turun KY<\/title>\n<meta name=\"robots\" content=\"index, follow, max-snippet:-1, max-image-preview:large, max-video-preview:-1\" \/>\n<link rel=\"canonical\" href=\"https:\/\/www.tuky.fi\/etusivu\/news\/suomen-ekonomit-etsii-hallitusta\/\" \/>\n<meta property=\"og:locale\" content=\"fi_FI\" \/>\n<meta property=\"og:type\" content=\"article\" \/>\n<meta property=\"og:title\" content=\"Suomen Ekonomit etsii hallitusta - Turun KY\" \/>\n<meta property=\"og:description\" content=\"Suomen Ekonomien hallitushaku on nyt k\u00e4ynniss\u00e4. Hallitukseen haetaan\u00a0aktiivisia, yhteisty\u00f6kykyisi\u00e4 ja eri ik\u00e4isi\u00e4 toimijoita kaksivuotiskaudeksi 1.1.2016-31.12.2017. Hallitus vastaa liiton toiminnan suunnittelusta ja seurannasta, liiton taloudesta ja sijoitusomaisuudesta sek\u00e4 merkitt\u00e4vist\u00e4 p\u00e4\u00e4t\u00f6ksist\u00e4.\u00a0 Ekonomien [&hellip;]\" \/>\n<meta property=\"og:url\" content=\"https:\/\/www.tuky.fi\/etusivu\/news\/suomen-ekonomit-etsii-hallitusta\/\" \/>\n<meta property=\"og:site_name\" content=\"Turun KY\" \/>\n<meta property=\"article:published_time\" content=\"2015-07-01T21:17:35+00:00\" \/>\n<meta property=\"og:image\" content=\"http:\/\/tuky.fi\/wordpress\/wp-content\/uploads\/2015\/06\/kiikarit-netti.jpg\" \/>\n<meta name=\"author\" content=\"admin\" \/>\n<meta name=\"twitter:card\" content=\"summary_large_image\" \/>\n<meta name=\"twitter:label1\" content=\"Kirjoittanut\" \/>\n\t<meta name=\"twitter:data1\" content=\"admin\" \/>\n\t<meta name=\"twitter:label2\" content=\"Arvioitu lukuaika\" \/>\n\t<meta name=\"twitter:data2\" content=\"1 minuutti\" \/>\n<script type=\"application\/ld+json\" class=\"yoast-schema-graph\">{\"@context\":\"https:\/\/schema.org\",\"@graph\":[{\"@type\":\"Article\",\"@id\":\"https:\/\/www.tuky.fi\/etusivu\/news\/suomen-ekonomit-etsii-hallitusta\/#article\",\"isPartOf\":{\"@id\":\"https:\/\/www.tuky.fi\/etusivu\/news\/suomen-ekonomit-etsii-hallitusta\/\"},\"author\":{\"name\":\"admin\",\"@id\":\"https:\/\/www.tuky.fi\/etusivu\/#\/schema\/person\/479eb0d4ef732e133e3a76f9b7659a39\"},\"headline\":\"Suomen Ekonomit etsii hallitusta\",\"datePublished\":\"2015-07-01T21:17:35+00:00\",\"mainEntityOfPage\":{\"@id\":\"https:\/\/www.tuky.fi\/etusivu\/news\/suomen-ekonomit-etsii-hallitusta\/\"},\"wordCount\":173,\"commentCount\":0,\"publisher\":{\"@id\":\"https:\/\/www.tuky.fi\/etusivu\/#organization\"},\"image\":{\"@id\":\"https:\/\/www.tuky.fi\/etusivu\/news\/suomen-ekonomit-etsii-hallitusta\/#primaryimage\"},\"thumbnailUrl\":\"http:\/\/tuky.fi\/wordpress\/wp-content\/uploads\/2015\/06\/kiikarit-netti.jpg\",\"keywords\":[\"Edunvalvonta\",\"hallitus\",\"hallitushaku\",\"opiskelijavaikuttaminen\",\"suomen ekonomit\"],\"articleSection\":[\"news\"],\"inLanguage\":\"fi\",\"potentialAction\":[{\"@type\":\"CommentAction\",\"name\":\"Comment\",\"target\":[\"https:\/\/www.tuky.fi\/etusivu\/news\/suomen-ekonomit-etsii-hallitusta\/#respond\"]}]},{\"@type\":\"WebPage\",\"@id\":\"https:\/\/www.tuky.fi\/etusivu\/news\/suomen-ekonomit-etsii-hallitusta\/\",\"url\":\"https:\/\/www.tuky.fi\/etusivu\/news\/suomen-ekonomit-etsii-hallitusta\/\",\"name\":\"Suomen Ekonomit etsii hallitusta - Turun KY\",\"isPartOf\":{\"@id\":\"https:\/\/www.tuky.fi\/etusivu\/#website\"},\"primaryImageOfPage\":{\"@id\":\"https:\/\/www.tuky.fi\/etusivu\/news\/suomen-ekonomit-etsii-hallitusta\/#primaryimage\"},\"image\":{\"@id\":\"https:\/\/www.tuky.fi\/etusivu\/news\/suomen-ekonomit-etsii-hallitusta\/#primaryimage\"},\"thumbnailUrl\":\"http:\/\/tuky.fi\/wordpress\/wp-content\/uploads\/2015\/06\/kiikarit-netti.jpg\",\"datePublished\":\"2015-07-01T21:17:35+00:00\",\"breadcrumb\":{\"@id\":\"https:\/\/www.tuky.fi\/etusivu\/news\/suomen-ekonomit-etsii-hallitusta\/#breadcrumb\"},\"inLanguage\":\"fi\",\"potentialAction\":[{\"@type\":\"ReadAction\",\"target\":[\"https:\/\/www.tuky.fi\/etusivu\/news\/suomen-ekonomit-etsii-hallitusta\/\"]}]},{\"@type\":\"ImageObject\",\"inLanguage\":\"fi\",\"@id\":\"https:\/\/www.tuky.fi\/etusivu\/news\/suomen-ekonomit-etsii-hallitusta\/#primaryimage\",\"url\":\"http:\/\/tuky.fi\/wordpress\/wp-content\/uploads\/2015\/06\/kiikarit-netti.jpg\",\"contentUrl\":\"http:\/\/tuky.fi\/wordpress\/wp-content\/uploads\/2015\/06\/kiikarit-netti.jpg\"},{\"@type\":\"BreadcrumbList\",\"@id\":\"https:\/\/www.tuky.fi\/etusivu\/news\/suomen-ekonomit-etsii-hallitusta\/#breadcrumb\",\"itemListElement\":[{\"@type\":\"ListItem\",\"position\":1,\"name\":\"Etusivu\",\"item\":\"https:\/\/www.tuky.fi\/etusivu\/\"},{\"@type\":\"ListItem\",\"position\":2,\"name\":\"Suomen Ekonomit etsii hallitusta\"}]},{\"@type\":\"WebSite\",\"@id\":\"https:\/\/www.tuky.fi\/etusivu\/#website\",\"url\":\"https:\/\/www.tuky.fi\/etusivu\/\",\"name\":\"Turun KY\",\"description\":\"TuKY\",\"publisher\":{\"@id\":\"https:\/\/www.tuky.fi\/etusivu\/#organization\"},\"alternateName\":\"TuKY\",\"potentialAction\":[{\"@type\":\"SearchAction\",\"target\":{\"@type\":\"EntryPoint\",\"urlTemplate\":\"https:\/\/www.tuky.fi\/etusivu\/?s={search_term_string}\"},\"query-input\":{\"@type\":\"PropertyValueSpecification\",\"valueRequired\":true,\"valueName\":\"search_term_string\"}}],\"inLanguage\":\"fi\"},{\"@type\":\"Organization\",\"@id\":\"https:\/\/www.tuky.fi\/etusivu\/#organization\",\"name\":\"Turun KY\",\"alternateName\":\"TuKY\",\"url\":\"https:\/\/www.tuky.fi\/etusivu\/\",\"logo\":{\"@type\":\"ImageObject\",\"inLanguage\":\"fi\",\"@id\":\"https:\/\/www.tuky.fi\/etusivu\/#\/schema\/logo\/image\/\",\"url\":\"https:\/\/www.tuky.fi\/wp-content\/uploads\/2024\/09\/TuKY-logo-kulta-1.png\",\"contentUrl\":\"https:\/\/www.tuky.fi\/wp-content\/uploads\/2024\/09\/TuKY-logo-kulta-1.png\",\"width\":1080,\"height\":1080,\"caption\":\"Turun KY\"},\"image\":{\"@id\":\"https:\/\/www.tuky.fi\/etusivu\/#\/schema\/logo\/image\/\"},\"sameAs\":[\"https:\/\/instagram.com\/turunky\",\"https:\/\/linkedin.com\/turunky\"]},{\"@type\":\"Person\",\"@id\":\"https:\/\/www.tuky.fi\/etusivu\/#\/schema\/person\/479eb0d4ef732e133e3a76f9b7659a39\",\"name\":\"admin\",\"image\":{\"@type\":\"ImageObject\",\"inLanguage\":\"fi\",\"@id\":\"https:\/\/secure.gravatar.com\/avatar\/afbe741656101229147e16716fbedbcade65018caf8c467f89b9abae7aaffeea?s=96&d=mm&r=g\",\"url\":\"https:\/\/secure.gravatar.com\/avatar\/afbe741656101229147e16716fbedbcade65018caf8c467f89b9abae7aaffeea?s=96&d=mm&r=g\",\"contentUrl\":\"https:\/\/secure.gravatar.com\/avatar\/afbe741656101229147e16716fbedbcade65018caf8c467f89b9abae7aaffeea?s=96&d=mm&r=g\",\"caption\":\"admin\"},\"url\":\"https:\/\/www.tuky.fi\/etusivu\/author\/admin\/\"}]}<\/script>\n<!-- \/ Yoast SEO plugin. -->","yoast_head_json":{"title":"Suomen Ekonomit etsii hallitusta - Turun KY","robots":{"index":"index","follow":"follow","max-snippet":"max-snippet:-1","max-image-preview":"max-image-preview:large","max-video-preview":"max-video-preview:-1"},"canonical":"https:\/\/www.tuky.fi\/etusivu\/news\/suomen-ekonomit-etsii-hallitusta\/","og_locale":"fi_FI","og_type":"article","og_title":"Suomen Ekonomit etsii hallitusta - Turun KY","og_description":"Suomen Ekonomien hallitushaku on nyt k\u00e4ynniss\u00e4. Hallitukseen haetaan\u00a0aktiivisia, yhteisty\u00f6kykyisi\u00e4 ja eri ik\u00e4isi\u00e4 toimijoita kaksivuotiskaudeksi 1.1.2016-31.12.2017. Hallitus vastaa liiton toiminnan suunnittelusta ja seurannasta, liiton taloudesta ja sijoitusomaisuudesta sek\u00e4 merkitt\u00e4vist\u00e4 p\u00e4\u00e4t\u00f6ksist\u00e4.\u00a0 Ekonomien [&hellip;]","og_url":"https:\/\/www.tuky.fi\/etusivu\/news\/suomen-ekonomit-etsii-hallitusta\/","og_site_name":"Turun KY","article_published_time":"2015-07-01T21:17:35+00:00","og_image":[{"url":"http:\/\/tuky.fi\/wordpress\/wp-content\/uploads\/2015\/06\/kiikarit-netti.jpg","type":"","width":"","height":""}],"author":"admin","twitter_card":"summary_large_image","twitter_misc":{"Kirjoittanut":"admin","Arvioitu lukuaika":"1 minuutti"},"schema":{"@context":"https:\/\/schema.org","@graph":[{"@type":"Article","@id":"https:\/\/www.tuky.fi\/etusivu\/news\/suomen-ekonomit-etsii-hallitusta\/#article","isPartOf":{"@id":"https:\/\/www.tuky.fi\/etusivu\/news\/suomen-ekonomit-etsii-hallitusta\/"},"author":{"name":"admin","@id":"https:\/\/www.tuky.fi\/etusivu\/#\/schema\/person\/479eb0d4ef732e133e3a76f9b7659a39"},"headline":"Suomen Ekonomit etsii hallitusta","datePublished":"2015-07-01T21:17:35+00:00","mainEntityOfPage":{"@id":"https:\/\/www.tuky.fi\/etusivu\/news\/suomen-ekonomit-etsii-hallitusta\/"},"wordCount":173,"commentCount":0,"publisher":{"@id":"https:\/\/www.tuky.fi\/etusivu\/#organization"},"image":{"@id":"https:\/\/www.tuky.fi\/etusivu\/news\/suomen-ekonomit-etsii-hallitusta\/#primaryimage"},"thumbnailUrl":"http:\/\/tuky.fi\/wordpress\/wp-content\/uploads\/2015\/06\/kiikarit-netti.jpg","keywords":["Edunvalvonta","hallitus","hallitushaku","opiskelijavaikuttaminen","suomen ekonomit"],"articleSection":["news"],"inLanguage":"fi","potentialAction":[{"@type":"CommentAction","name":"Comment","target":["https:\/\/www.tuky.fi\/etusivu\/news\/suomen-ekonomit-etsii-hallitusta\/#respond"]}]},{"@type":"WebPage","@id":"https:\/\/www.tuky.fi\/etusivu\/news\/suomen-ekonomit-etsii-hallitusta\/","url":"https:\/\/www.tuky.fi\/etusivu\/news\/suomen-ekonomit-etsii-hallitusta\/","name":"Suomen Ekonomit etsii hallitusta - Turun KY","isPartOf":{"@id":"https:\/\/www.tuky.fi\/etusivu\/#website"},"primaryImageOfPage":{"@id":"https:\/\/www.tuky.fi\/etusivu\/news\/suomen-ekonomit-etsii-hallitusta\/#primaryimage"},"image":{"@id":"https:\/\/www.tuky.fi\/etusivu\/news\/suomen-ekonomit-etsii-hallitusta\/#primaryimage"},"thumbnailUrl":"http:\/\/tuky.fi\/wordpress\/wp-content\/uploads\/2015\/06\/kiikarit-netti.jpg","datePublished":"2015-07-01T21:17:35+00:00","breadcrumb":{"@id":"https:\/\/www.tuky.fi\/etusivu\/news\/suomen-ekonomit-etsii-hallitusta\/#breadcrumb"},"inLanguage":"fi","potentialAction":[{"@type":"ReadAction","target":["https:\/\/www.tuky.fi\/etusivu\/news\/suomen-ekonomit-etsii-hallitusta\/"]}]},{"@type":"ImageObject","inLanguage":"fi","@id":"https:\/\/www.tuky.fi\/etusivu\/news\/suomen-ekonomit-etsii-hallitusta\/#primaryimage","url":"http:\/\/tuky.fi\/wordpress\/wp-content\/uploads\/2015\/06\/kiikarit-netti.jpg","contentUrl":"http:\/\/tuky.fi\/wordpress\/wp-content\/uploads\/2015\/06\/kiikarit-netti.jpg"},{"@type":"BreadcrumbList","@id":"https:\/\/www.tuky.fi\/etusivu\/news\/suomen-ekonomit-etsii-hallitusta\/#breadcrumb","itemListElement":[{"@type":"ListItem","position":1,"name":"Etusivu","item":"https:\/\/www.tuky.fi\/etusivu\/"},{"@type":"ListItem","position":2,"name":"Suomen Ekonomit etsii hallitusta"}]},{"@type":"WebSite","@id":"https:\/\/www.tuky.fi\/etusivu\/#website","url":"https:\/\/www.tuky.fi\/etusivu\/","name":"Turun KY","description":"TuKY","publisher":{"@id":"https:\/\/www.tuky.fi\/etusivu\/#organization"},"alternateName":"TuKY","potentialAction":[{"@type":"SearchAction","target":{"@type":"EntryPoint","urlTemplate":"https:\/\/www.tuky.fi\/etusivu\/?s={search_term_string}"},"query-input":{"@type":"PropertyValueSpecification","valueRequired":true,"valueName":"search_term_string"}}],"inLanguage":"fi"},{"@type":"Organization","@id":"https:\/\/www.tuky.fi\/etusivu\/#organization","name":"Turun KY","alternateName":"TuKY","url":"https:\/\/www.tuky.fi\/etusivu\/","logo":{"@type":"ImageObject","inLanguage":"fi","@id":"https:\/\/www.tuky.fi\/etusivu\/#\/schema\/logo\/image\/","url":"https:\/\/www.tuky.fi\/wp-content\/uploads\/2024\/09\/TuKY-logo-kulta-1.png","contentUrl":"https:\/\/www.tuky.fi\/wp-content\/uploads\/2024\/09\/TuKY-logo-kulta-1.png","width":1080,"height":1080,"caption":"Turun KY"},"image":{"@id":"https:\/\/www.tuky.fi\/etusivu\/#\/schema\/logo\/image\/"},"sameAs":["https:\/\/instagram.com\/turunky","https:\/\/linkedin.com\/turunky"]},{"@type":"Person","@id":"https:\/\/www.tuky.fi\/etusivu\/#\/schema\/person\/479eb0d4ef732e133e3a76f9b7659a39","name":"admin","image":{"@type":"ImageObject","inLanguage":"fi","@id":"https:\/\/secure.gravatar.com\/avatar\/afbe741656101229147e16716fbedbcade65018caf8c467f89b9abae7aaffeea?s=96&d=mm&r=g","url":"https:\/\/secure.gravatar.com\/avatar\/afbe741656101229147e16716fbedbcade65018caf8c467f89b9abae7aaffeea?s=96&d=mm&r=g","contentUrl":"https:\/\/secure.gravatar.com\/avatar\/afbe741656101229147e16716fbedbcade65018caf8c467f89b9abae7aaffeea?s=96&d=mm&r=g","caption":"admin"},"url":"https:\/\/www.tuky.fi\/etusivu\/author\/admin\/"}]}},"lang":"fi","translations":{"fi":14610},"pll_sync_post":[],"_links":{"self":[{"href":"https:\/\/www.tuky.fi\/etusivu\/wp-json\/wp\/v2\/posts\/14610","targetHints":{"allow":["GET"]}}],"collection":[{"href":"https:\/\/www.tuky.fi\/etusivu\/wp-json\/wp\/v2\/posts"}],"about":[{"href":"https:\/\/www.tuky.fi\/etusivu\/wp-json\/wp\/v2\/types\/post"}],"author":[{"embeddable":true,"href":"https:\/\/www.tuky.fi\/etusivu\/wp-json\/wp\/v2\/users\/1"}],"replies":[{"embeddable":true,"href":"https:\/\/www.tuky.fi\/etusivu\/wp-json\/wp\/v2\/comments?post=14610"}],"version-history":[{"count":0,"href":"https:\/\/www.tuky.fi\/etusivu\/wp-json\/wp\/v2\/posts\/14610\/revisions"}],"wp:attachment":[{"href":"https:\/\/www.tuky.fi\/etusivu\/wp-json\/wp\/v2\/media?parent=14610"}],"wp:term":[{"taxonomy":"category","embeddable":true,"href":"https:\/\/www.tuky.fi\/etusivu\/wp-json\/wp\/v2\/categories?post=14610"},{"taxonomy":"post_tag","embeddable":true,"href":"https:\/\/www.tuky.fi\/etusivu\/wp-json\/wp\/v2\/tags?post=14610"}],"curies":[{"name":"wp","href":"https:\/\/api.w.org\/{rel}","templated":true}]}}