{"id":14591,"date":"2015-07-01T14:11:27","date_gmt":"2015-07-01T12:11:27","guid":{"rendered":"http:\/\/tuky.fi\/?p=14591"},"modified":"2015-07-01T14:11:27","modified_gmt":"2015-07-01T12:11:27","slug":"pl-tiimivetajat-valittu","status":"publish","type":"post","link":"https:\/\/www.tuky.fi\/etusivu\/news\/pl-tiimivetajat-valittu\/","title":{"rendered":"Pikkulaskiaisen tiiminvet\u00e4j\u00e4t on valittu!"},"content":{"rendered":"<div><a href=\"http:\/\/tuky.fi\/wordpress\/wp-content\/uploads\/2015\/07\/1907909-682884791810058-6851042311838852136-n.png\"><img loading=\"lazy\" decoding=\"async\" class=\"wp-image-14618 aligncenter\" alt=\"1907909-682884791810058-6851042311838852136-n\" src=\"http:\/\/tuky.fi\/wordpress\/wp-content\/uploads\/2015\/07\/1907909-682884791810058-6851042311838852136-n.png\" width=\"511\" height=\"189\" \/><\/a><\/div>\n<div><\/div>\n<div><\/div>\n<div><\/div>\n<div><\/div>\n<div><\/div>\n<div><\/div>\n<div><\/div>\n<div><\/div>\n<div><\/div>\n<div><\/div>\n<div><\/div>\n<div><strong>Iina Lappalainen &#8211; Controller<\/strong><\/div>\n<div><a href=\"http:\/\/tuky.fi\/wordpress\/wp-content\/uploads\/2015\/07\/FullSizeRender.jpg\"><img loading=\"lazy\" decoding=\"async\" class=\"alignleft  wp-image-14592\" alt=\"Iina\" src=\"http:\/\/tuky.fi\/wordpress\/wp-content\/uploads\/2015\/07\/FullSizeRender.jpg\" width=\"220\" height=\"217\" \/><\/a><\/div>\n<div>&#8221;Hej!Olen Iina Lappalainen, 20 vuotias v\u00e4istyv\u00e4 pupu ja tuleva laskentatoimen ja rahoituksen p\u00e4\u00e4ainetaistelija. Kotoisin olen Kuopiosta , ja viel\u00e4kin ihmettelen miten lopulta olen t\u00e4nne Turkuun p\u00e4\u00e4tynyt ! TuKY:n toiminnassa olen pupuvuoden j\u00e4lkeen ajautunut<br \/>\nkv-jaosto CIA:an, KY Hansaan sek\u00e4 tutoriksi. Koulun ulkopuolisessa el\u00e4m\u00e4ss\u00e4 reissaan paljon, pelaan golfia,juon liikaa kahvia ja pyhit\u00e4n jokaisen tiistai- ja keskiviikkoillan jalkapallon Mestarien liigalle.<br \/>\nYksi pupuvuoden huikeimmista eventeist\u00e4 oli Pikkulaskiainen, ja siksi p\u00e4\u00e4ton hakea Controllerin teht\u00e4v\u00e4\u00e4.<br \/>\nUskon ett\u00e4 t\u00e4ll\u00e4 tiimill\u00e4 teemme seuraavasta Pikkulaskiaisesta entist\u00e4kin eeppisemm\u00e4n ! :)&#8221;<\/div>\n<div><\/div>\n<div><\/div>\n<div><\/div>\n<div><\/div>\n<div><\/div>\n<div><strong>Marjut Soininen &#8211; Lipunmyyntivastaava<\/strong><\/div>\n<div><\/div>\n<div><a href=\"http:\/\/tuky.fi\/wordpress\/wp-content\/uploads\/2015\/07\/IMG-1421.jpg\"><img loading=\"lazy\" decoding=\"async\" class=\"alignleft  wp-image-14593\" alt=\"Marjut\" src=\"http:\/\/tuky.fi\/wordpress\/wp-content\/uploads\/2015\/07\/IMG-1421.jpg\" width=\"220\" height=\"220\" \/><\/a><\/div>\n<div>Heipparallaa! Olen Marjut Soininen ja 21 vuotta py\u00f6rinyt h\u00e4mment\u00e4m\u00e4ss\u00e4 ymp\u00e4ri Suomea. Alun perin olen Oulusta, mutta l\u00e4hestulkoon koko lapsuuteni olen asunut hieman etel\u00e4mp\u00e4n\u00e4. Minulta kysytt\u00e4ess\u00e4 olen helsinkil\u00e4inen, vaikka oikeasti Kirkkonummella asunut peltojen ja metsien keskell\u00e4.T\u00e4mm\u00f6isen\u00e4 duracelina haluan aina olla siell\u00e4 miss\u00e4 sattuu ja tapahtuu. Ensimm\u00e4isen pikkulaskiaiseni j\u00e4lkeen olin varma, ett\u00e4 t\u00e4m\u00e4 on varsinkin se, mihin haluan satsata oman panokseni. Lipunmyyntiin liittyv\u00e4t asiat ovat siis vastuualueenani ja minulle saa tulla heitt\u00e4m\u00e4\u00e4n ajatuksiaan koska vain! Ensi vuonna minut n\u00e4kee my\u00f6s tutorina ja milloin miss\u00e4kin heilumassa tai hiljaa (lue: \u00e4\u00e4nekk\u00e4\u00e4sti) k\u00e4rsim\u00e4ss\u00e4 laskiksen teht\u00e4vien parissa.Olen loistava aikatauluttamaan ja triplabuukkaamaan aikatauluni, mutta silloin kun vapaa-aikaa j\u00e4\u00e4, napsautan netflixin auki tai l\u00e4hden ulos juoksemaan. Tanssiminen on my\u00f6s syd\u00e4nt\u00e4 l\u00e4hell\u00e4, olen harrastanut sit\u00e4 l\u00e4hes 17 vuotta.Odotan superinnolla Pikkulaskiaisen 2016 j\u00e4rjest\u00e4mist\u00e4! Aion tehd\u00e4 kaikkeni omalta osaltani, jotta saadaan tapahtuma juhlavuoden arvoiseksi ja niin mahtavaksi, ett\u00e4 oksat pois.<\/div>\n<div><\/div>\n<div><\/div>\n<div>\n<div><strong>Olli Siitonen &#8211; Yrityssuhdevastaava<\/strong><\/div>\n<div><\/div>\n<div><a href=\"http:\/\/tuky.fi\/wordpress\/wp-content\/uploads\/2015\/07\/PLL2.jpg\"><img loading=\"lazy\" decoding=\"async\" class=\"alignleft  wp-image-14615\" alt=\"PLL2\" src=\"http:\/\/tuky.fi\/wordpress\/wp-content\/uploads\/2015\/07\/PLL2.jpg\" width=\"220\" height=\"235\" \/><\/a>Terve! Olen Olli Siitonen, 22-vuotias ideanikkari, joka pyrkii aktiivisesti etsim\u00e4\u00e4n uusia l\u00e4hestymistapoja asioiden tekemiseen. Oma polkuni vei meik\u00e4l\u00e4isen viime vuoden pikkulaskiaisen yrityssuhdetiimist\u00e4 Turun KY :n legendaarisimpaan ja kaikkein pyhimp\u00e4\u00e4n, CORE :en, jossa t\u00e4rkein prokektini\u00a0on tulevan pikkulaskiaisen yrityssuhdetiimin luotsaaminen. Mit\u00e4 opiskeluihin tulee, aloitan syksyll\u00e4 innostuneena toisen vuoteni markkinoinnin p\u00e4\u00e4aineopiskelijana. Pikkulalaskiainen tarjoaa mahtavan ilmapirin uusien taitojen oppimiseen ja n\u00e4k\u00f6alapaikan Turun suurimman opiskelijatapahtuman kulisseihin. Hypp\u00e4\u00e4 mukaan huipputiimiin tekem\u00e4\u00e4n kaikkien aikojen parasta tapahtumaa!<\/div>\n<p>&nbsp;<\/p>\n<\/div>\n<div><strong>Nella Merisaari &#8211; Markkinointitiiminvet\u00e4j\u00e4<\/strong><\/div>\n<div><\/div>\n<div><a href=\"http:\/\/tuky.fi\/wordpress\/wp-content\/uploads\/2015\/07\/image1.jpg\"><img loading=\"lazy\" decoding=\"async\" class=\"alignleft  wp-image-14633\" alt=\"nella merisaari\" src=\"http:\/\/tuky.fi\/wordpress\/wp-content\/uploads\/2015\/07\/image1.jpg\" width=\"220\" height=\"220\" \/><\/a>Moikka! Olen Nella Merisaari, 21-vuotias vuoden 2014 pupu. Syksyll\u00e4 opiskelut jatkuvat markkinoinnin p\u00e4\u00e4aineopintojen parissa ja uusia pupuja tutoroidessa. Luovuus, rohkeus ja uuden oppiminen ovat niit\u00e4 asioita, joihin haluan jatkuvasti pyrki\u00e4. Mielest\u00e4ni Turku on kaikessa ihan hirveen ihana, mutta jos on pakko valita, niin parasta Turussa on jokiranta, Turun murre ja Pikkulaskiainen. Viime vuonna olin Pikkulaskiaisen m\u00e4kitiimiss\u00e4 auttelemassa, t\u00e4n\u00e4 vuonna saan p\u00e4\u00e4st\u00e4\u00e4 luovuuteni valloilleen markkinointitiiminvet\u00e4j\u00e4n\u00e4. Pikkulaskiainen on ehdottomasti yksi vuoden parhaista tapahtumista, joten kannattaa rohkeasti l\u00e4hte\u00e4 mukaan rakentamaan siit\u00e4 t\u00e4n\u00e4 vuonna n\u00e4ytt\u00e4v\u00e4mpi ja n\u00e4kyv\u00e4mpi kuin koskaan!<\/div>\n<div><\/div>\n<div><\/div>\n<div><\/div>\n<div><strong>Magnus Riihim\u00e4ki &#8211; M\u00e4kitiiminvet\u00e4j\u00e4<\/strong><\/div>\n<div><\/div>\n<div><a href=\"http:\/\/tuky.fi\/wordpress\/wp-content\/uploads\/2015\/07\/IMG-20150630-WA0001.jpg\"><img loading=\"lazy\" decoding=\"async\" class=\"alignleft  wp-image-14594\" alt=\"Magnus\" src=\"http:\/\/tuky.fi\/wordpress\/wp-content\/uploads\/2015\/07\/IMG-20150630-WA0001.jpg\" width=\"220\" height=\"220\" \/><\/a><\/div>\n<div>Olen Magnus Riihim\u00e4ki, kolmannen vuoden logistiikan opiskelija ja innokas tapahtumanj\u00e4rjest\u00e4j\u00e4. Harrastuksiini kuuluvat musiikin lis\u00e4ksi breakdance ja amerikkalainen jalkapallo. Olen kolmet pikkulaskiaiset kokenut konkari ja l\u00e4hden rakentamaan seuraavasta m\u00e4kitapahtumasta entist\u00e4kin n\u00e4ytt\u00e4v\u00e4mp\u00e4\u00e4 spektaakkelia.<\/div>\n<div><\/div>\n<div><\/div>\n<div><\/div>\n<div><\/div>\n<div><\/div>\n<div><\/div>\n<div><\/div>\n<div><\/div>\n<div><\/div>\n<div><\/div>\n<div><\/div>\n<div><\/div>\n<div><\/div>\n<div><\/div>\n<div><\/div>\n<div><\/div>\n<div><\/div>\n<div><\/div>\n","protected":false},"excerpt":{"rendered":"<p>Iina Lappalainen &#8211; Controller &#8221;Hej!Olen Iina Lappalainen, 20 vuotias v\u00e4istyv\u00e4 pupu ja tuleva laskentatoimen ja rahoituksen p\u00e4\u00e4ainetaistelija. Kotoisin olen Kuopiosta , ja viel\u00e4kin ihmettelen miten lopulta olen t\u00e4nne Turkuun p\u00e4\u00e4tynyt [&hellip;]<\/p>\n","protected":false},"author":1,"featured_media":0,"comment_status":"open","ping_status":"open","sticky":false,"template":"","format":"standard","meta":{"_et_pb_use_builder":"","_et_pb_old_content":"","_et_gb_content_width":"","footnotes":""},"categories":[4],"tags":[],"class_list":["post-14591","post","type-post","status-publish","format-standard","hentry","category-news"],"yoast_head":"<!-- This site is optimized with the Yoast SEO plugin v27.2 - https:\/\/yoast.com\/product\/yoast-seo-wordpress\/ -->\n<title>Pikkulaskiaisen tiiminvet\u00e4j\u00e4t on valittu! - Turun KY<\/title>\n<meta name=\"robots\" content=\"index, follow, max-snippet:-1, max-image-preview:large, max-video-preview:-1\" \/>\n<link rel=\"canonical\" href=\"https:\/\/www.tuky.fi\/etusivu\/news\/pl-tiimivetajat-valittu\/\" \/>\n<meta property=\"og:locale\" content=\"fi_FI\" \/>\n<meta property=\"og:type\" content=\"article\" \/>\n<meta property=\"og:title\" content=\"Pikkulaskiaisen tiiminvet\u00e4j\u00e4t on valittu! - Turun KY\" \/>\n<meta property=\"og:description\" content=\"Iina Lappalainen &#8211; Controller &#8221;Hej!Olen Iina Lappalainen, 20 vuotias v\u00e4istyv\u00e4 pupu ja tuleva laskentatoimen ja rahoituksen p\u00e4\u00e4ainetaistelija. Kotoisin olen Kuopiosta , ja viel\u00e4kin ihmettelen miten lopulta olen t\u00e4nne Turkuun p\u00e4\u00e4tynyt [&hellip;]\" \/>\n<meta property=\"og:url\" content=\"https:\/\/www.tuky.fi\/etusivu\/news\/pl-tiimivetajat-valittu\/\" \/>\n<meta property=\"og:site_name\" content=\"Turun KY\" \/>\n<meta property=\"article:published_time\" content=\"2015-07-01T12:11:27+00:00\" \/>\n<meta property=\"og:image\" content=\"http:\/\/tuky.fi\/wordpress\/wp-content\/uploads\/2015\/07\/1907909-682884791810058-6851042311838852136-n.png\" \/>\n<meta name=\"author\" content=\"admin\" \/>\n<meta name=\"twitter:card\" content=\"summary_large_image\" \/>\n<meta name=\"twitter:label1\" content=\"Kirjoittanut\" \/>\n\t<meta name=\"twitter:data1\" content=\"admin\" \/>\n\t<meta name=\"twitter:label2\" content=\"Arvioitu lukuaika\" \/>\n\t<meta name=\"twitter:data2\" content=\"3 minuuttia\" \/>\n<script type=\"application\/ld+json\" class=\"yoast-schema-graph\">{\"@context\":\"https:\/\/schema.org\",\"@graph\":[{\"@type\":\"Article\",\"@id\":\"https:\/\/www.tuky.fi\/etusivu\/news\/pl-tiimivetajat-valittu\/#article\",\"isPartOf\":{\"@id\":\"https:\/\/www.tuky.fi\/etusivu\/news\/pl-tiimivetajat-valittu\/\"},\"author\":{\"name\":\"admin\",\"@id\":\"https:\/\/www.tuky.fi\/etusivu\/#\/schema\/person\/479eb0d4ef732e133e3a76f9b7659a39\"},\"headline\":\"Pikkulaskiaisen tiiminvet\u00e4j\u00e4t on valittu!\",\"datePublished\":\"2015-07-01T12:11:27+00:00\",\"mainEntityOfPage\":{\"@id\":\"https:\/\/www.tuky.fi\/etusivu\/news\/pl-tiimivetajat-valittu\/\"},\"wordCount\":514,\"commentCount\":0,\"publisher\":{\"@id\":\"https:\/\/www.tuky.fi\/etusivu\/#organization\"},\"image\":{\"@id\":\"https:\/\/www.tuky.fi\/etusivu\/news\/pl-tiimivetajat-valittu\/#primaryimage\"},\"thumbnailUrl\":\"http:\/\/tuky.fi\/wordpress\/wp-content\/uploads\/2015\/07\/1907909-682884791810058-6851042311838852136-n.png\",\"articleSection\":[\"news\"],\"inLanguage\":\"fi\",\"potentialAction\":[{\"@type\":\"CommentAction\",\"name\":\"Comment\",\"target\":[\"https:\/\/www.tuky.fi\/etusivu\/news\/pl-tiimivetajat-valittu\/#respond\"]}]},{\"@type\":\"WebPage\",\"@id\":\"https:\/\/www.tuky.fi\/etusivu\/news\/pl-tiimivetajat-valittu\/\",\"url\":\"https:\/\/www.tuky.fi\/etusivu\/news\/pl-tiimivetajat-valittu\/\",\"name\":\"Pikkulaskiaisen tiiminvet\u00e4j\u00e4t on valittu! - Turun KY\",\"isPartOf\":{\"@id\":\"https:\/\/www.tuky.fi\/etusivu\/#website\"},\"primaryImageOfPage\":{\"@id\":\"https:\/\/www.tuky.fi\/etusivu\/news\/pl-tiimivetajat-valittu\/#primaryimage\"},\"image\":{\"@id\":\"https:\/\/www.tuky.fi\/etusivu\/news\/pl-tiimivetajat-valittu\/#primaryimage\"},\"thumbnailUrl\":\"http:\/\/tuky.fi\/wordpress\/wp-content\/uploads\/2015\/07\/1907909-682884791810058-6851042311838852136-n.png\",\"datePublished\":\"2015-07-01T12:11:27+00:00\",\"breadcrumb\":{\"@id\":\"https:\/\/www.tuky.fi\/etusivu\/news\/pl-tiimivetajat-valittu\/#breadcrumb\"},\"inLanguage\":\"fi\",\"potentialAction\":[{\"@type\":\"ReadAction\",\"target\":[\"https:\/\/www.tuky.fi\/etusivu\/news\/pl-tiimivetajat-valittu\/\"]}]},{\"@type\":\"ImageObject\",\"inLanguage\":\"fi\",\"@id\":\"https:\/\/www.tuky.fi\/etusivu\/news\/pl-tiimivetajat-valittu\/#primaryimage\",\"url\":\"http:\/\/tuky.fi\/wordpress\/wp-content\/uploads\/2015\/07\/1907909-682884791810058-6851042311838852136-n.png\",\"contentUrl\":\"http:\/\/tuky.fi\/wordpress\/wp-content\/uploads\/2015\/07\/1907909-682884791810058-6851042311838852136-n.png\"},{\"@type\":\"BreadcrumbList\",\"@id\":\"https:\/\/www.tuky.fi\/etusivu\/news\/pl-tiimivetajat-valittu\/#breadcrumb\",\"itemListElement\":[{\"@type\":\"ListItem\",\"position\":1,\"name\":\"Etusivu\",\"item\":\"https:\/\/www.tuky.fi\/etusivu\/\"},{\"@type\":\"ListItem\",\"position\":2,\"name\":\"Pikkulaskiaisen tiiminvet\u00e4j\u00e4t on valittu!\"}]},{\"@type\":\"WebSite\",\"@id\":\"https:\/\/www.tuky.fi\/etusivu\/#website\",\"url\":\"https:\/\/www.tuky.fi\/etusivu\/\",\"name\":\"Turun KY\",\"description\":\"TuKY\",\"publisher\":{\"@id\":\"https:\/\/www.tuky.fi\/etusivu\/#organization\"},\"alternateName\":\"TuKY\",\"potentialAction\":[{\"@type\":\"SearchAction\",\"target\":{\"@type\":\"EntryPoint\",\"urlTemplate\":\"https:\/\/www.tuky.fi\/etusivu\/?s={search_term_string}\"},\"query-input\":{\"@type\":\"PropertyValueSpecification\",\"valueRequired\":true,\"valueName\":\"search_term_string\"}}],\"inLanguage\":\"fi\"},{\"@type\":\"Organization\",\"@id\":\"https:\/\/www.tuky.fi\/etusivu\/#organization\",\"name\":\"Turun KY\",\"alternateName\":\"TuKY\",\"url\":\"https:\/\/www.tuky.fi\/etusivu\/\",\"logo\":{\"@type\":\"ImageObject\",\"inLanguage\":\"fi\",\"@id\":\"https:\/\/www.tuky.fi\/etusivu\/#\/schema\/logo\/image\/\",\"url\":\"https:\/\/www.tuky.fi\/wp-content\/uploads\/2024\/09\/TuKY-logo-kulta-1.png\",\"contentUrl\":\"https:\/\/www.tuky.fi\/wp-content\/uploads\/2024\/09\/TuKY-logo-kulta-1.png\",\"width\":1080,\"height\":1080,\"caption\":\"Turun KY\"},\"image\":{\"@id\":\"https:\/\/www.tuky.fi\/etusivu\/#\/schema\/logo\/image\/\"},\"sameAs\":[\"https:\/\/instagram.com\/turunky\",\"https:\/\/linkedin.com\/turunky\"]},{\"@type\":\"Person\",\"@id\":\"https:\/\/www.tuky.fi\/etusivu\/#\/schema\/person\/479eb0d4ef732e133e3a76f9b7659a39\",\"name\":\"admin\",\"image\":{\"@type\":\"ImageObject\",\"inLanguage\":\"fi\",\"@id\":\"https:\/\/secure.gravatar.com\/avatar\/afbe741656101229147e16716fbedbcade65018caf8c467f89b9abae7aaffeea?s=96&d=mm&r=g\",\"url\":\"https:\/\/secure.gravatar.com\/avatar\/afbe741656101229147e16716fbedbcade65018caf8c467f89b9abae7aaffeea?s=96&d=mm&r=g\",\"contentUrl\":\"https:\/\/secure.gravatar.com\/avatar\/afbe741656101229147e16716fbedbcade65018caf8c467f89b9abae7aaffeea?s=96&d=mm&r=g\",\"caption\":\"admin\"},\"url\":\"https:\/\/www.tuky.fi\/etusivu\/author\/admin\/\"}]}<\/script>\n<!-- \/ Yoast SEO plugin. -->","yoast_head_json":{"title":"Pikkulaskiaisen tiiminvet\u00e4j\u00e4t on valittu! - Turun KY","robots":{"index":"index","follow":"follow","max-snippet":"max-snippet:-1","max-image-preview":"max-image-preview:large","max-video-preview":"max-video-preview:-1"},"canonical":"https:\/\/www.tuky.fi\/etusivu\/news\/pl-tiimivetajat-valittu\/","og_locale":"fi_FI","og_type":"article","og_title":"Pikkulaskiaisen tiiminvet\u00e4j\u00e4t on valittu! - Turun KY","og_description":"Iina Lappalainen &#8211; Controller &#8221;Hej!Olen Iina Lappalainen, 20 vuotias v\u00e4istyv\u00e4 pupu ja tuleva laskentatoimen ja rahoituksen p\u00e4\u00e4ainetaistelija. Kotoisin olen Kuopiosta , ja viel\u00e4kin ihmettelen miten lopulta olen t\u00e4nne Turkuun p\u00e4\u00e4tynyt [&hellip;]","og_url":"https:\/\/www.tuky.fi\/etusivu\/news\/pl-tiimivetajat-valittu\/","og_site_name":"Turun KY","article_published_time":"2015-07-01T12:11:27+00:00","og_image":[{"url":"http:\/\/tuky.fi\/wordpress\/wp-content\/uploads\/2015\/07\/1907909-682884791810058-6851042311838852136-n.png","type":"","width":"","height":""}],"author":"admin","twitter_card":"summary_large_image","twitter_misc":{"Kirjoittanut":"admin","Arvioitu lukuaika":"3 minuuttia"},"schema":{"@context":"https:\/\/schema.org","@graph":[{"@type":"Article","@id":"https:\/\/www.tuky.fi\/etusivu\/news\/pl-tiimivetajat-valittu\/#article","isPartOf":{"@id":"https:\/\/www.tuky.fi\/etusivu\/news\/pl-tiimivetajat-valittu\/"},"author":{"name":"admin","@id":"https:\/\/www.tuky.fi\/etusivu\/#\/schema\/person\/479eb0d4ef732e133e3a76f9b7659a39"},"headline":"Pikkulaskiaisen tiiminvet\u00e4j\u00e4t on valittu!","datePublished":"2015-07-01T12:11:27+00:00","mainEntityOfPage":{"@id":"https:\/\/www.tuky.fi\/etusivu\/news\/pl-tiimivetajat-valittu\/"},"wordCount":514,"commentCount":0,"publisher":{"@id":"https:\/\/www.tuky.fi\/etusivu\/#organization"},"image":{"@id":"https:\/\/www.tuky.fi\/etusivu\/news\/pl-tiimivetajat-valittu\/#primaryimage"},"thumbnailUrl":"http:\/\/tuky.fi\/wordpress\/wp-content\/uploads\/2015\/07\/1907909-682884791810058-6851042311838852136-n.png","articleSection":["news"],"inLanguage":"fi","potentialAction":[{"@type":"CommentAction","name":"Comment","target":["https:\/\/www.tuky.fi\/etusivu\/news\/pl-tiimivetajat-valittu\/#respond"]}]},{"@type":"WebPage","@id":"https:\/\/www.tuky.fi\/etusivu\/news\/pl-tiimivetajat-valittu\/","url":"https:\/\/www.tuky.fi\/etusivu\/news\/pl-tiimivetajat-valittu\/","name":"Pikkulaskiaisen tiiminvet\u00e4j\u00e4t on valittu! - Turun KY","isPartOf":{"@id":"https:\/\/www.tuky.fi\/etusivu\/#website"},"primaryImageOfPage":{"@id":"https:\/\/www.tuky.fi\/etusivu\/news\/pl-tiimivetajat-valittu\/#primaryimage"},"image":{"@id":"https:\/\/www.tuky.fi\/etusivu\/news\/pl-tiimivetajat-valittu\/#primaryimage"},"thumbnailUrl":"http:\/\/tuky.fi\/wordpress\/wp-content\/uploads\/2015\/07\/1907909-682884791810058-6851042311838852136-n.png","datePublished":"2015-07-01T12:11:27+00:00","breadcrumb":{"@id":"https:\/\/www.tuky.fi\/etusivu\/news\/pl-tiimivetajat-valittu\/#breadcrumb"},"inLanguage":"fi","potentialAction":[{"@type":"ReadAction","target":["https:\/\/www.tuky.fi\/etusivu\/news\/pl-tiimivetajat-valittu\/"]}]},{"@type":"ImageObject","inLanguage":"fi","@id":"https:\/\/www.tuky.fi\/etusivu\/news\/pl-tiimivetajat-valittu\/#primaryimage","url":"http:\/\/tuky.fi\/wordpress\/wp-content\/uploads\/2015\/07\/1907909-682884791810058-6851042311838852136-n.png","contentUrl":"http:\/\/tuky.fi\/wordpress\/wp-content\/uploads\/2015\/07\/1907909-682884791810058-6851042311838852136-n.png"},{"@type":"BreadcrumbList","@id":"https:\/\/www.tuky.fi\/etusivu\/news\/pl-tiimivetajat-valittu\/#breadcrumb","itemListElement":[{"@type":"ListItem","position":1,"name":"Etusivu","item":"https:\/\/www.tuky.fi\/etusivu\/"},{"@type":"ListItem","position":2,"name":"Pikkulaskiaisen tiiminvet\u00e4j\u00e4t on valittu!"}]},{"@type":"WebSite","@id":"https:\/\/www.tuky.fi\/etusivu\/#website","url":"https:\/\/www.tuky.fi\/etusivu\/","name":"Turun KY","description":"TuKY","publisher":{"@id":"https:\/\/www.tuky.fi\/etusivu\/#organization"},"alternateName":"TuKY","potentialAction":[{"@type":"SearchAction","target":{"@type":"EntryPoint","urlTemplate":"https:\/\/www.tuky.fi\/etusivu\/?s={search_term_string}"},"query-input":{"@type":"PropertyValueSpecification","valueRequired":true,"valueName":"search_term_string"}}],"inLanguage":"fi"},{"@type":"Organization","@id":"https:\/\/www.tuky.fi\/etusivu\/#organization","name":"Turun KY","alternateName":"TuKY","url":"https:\/\/www.tuky.fi\/etusivu\/","logo":{"@type":"ImageObject","inLanguage":"fi","@id":"https:\/\/www.tuky.fi\/etusivu\/#\/schema\/logo\/image\/","url":"https:\/\/www.tuky.fi\/wp-content\/uploads\/2024\/09\/TuKY-logo-kulta-1.png","contentUrl":"https:\/\/www.tuky.fi\/wp-content\/uploads\/2024\/09\/TuKY-logo-kulta-1.png","width":1080,"height":1080,"caption":"Turun KY"},"image":{"@id":"https:\/\/www.tuky.fi\/etusivu\/#\/schema\/logo\/image\/"},"sameAs":["https:\/\/instagram.com\/turunky","https:\/\/linkedin.com\/turunky"]},{"@type":"Person","@id":"https:\/\/www.tuky.fi\/etusivu\/#\/schema\/person\/479eb0d4ef732e133e3a76f9b7659a39","name":"admin","image":{"@type":"ImageObject","inLanguage":"fi","@id":"https:\/\/secure.gravatar.com\/avatar\/afbe741656101229147e16716fbedbcade65018caf8c467f89b9abae7aaffeea?s=96&d=mm&r=g","url":"https:\/\/secure.gravatar.com\/avatar\/afbe741656101229147e16716fbedbcade65018caf8c467f89b9abae7aaffeea?s=96&d=mm&r=g","contentUrl":"https:\/\/secure.gravatar.com\/avatar\/afbe741656101229147e16716fbedbcade65018caf8c467f89b9abae7aaffeea?s=96&d=mm&r=g","caption":"admin"},"url":"https:\/\/www.tuky.fi\/etusivu\/author\/admin\/"}]}},"lang":"fi","translations":{"fi":14591},"pll_sync_post":[],"_links":{"self":[{"href":"https:\/\/www.tuky.fi\/etusivu\/wp-json\/wp\/v2\/posts\/14591","targetHints":{"allow":["GET"]}}],"collection":[{"href":"https:\/\/www.tuky.fi\/etusivu\/wp-json\/wp\/v2\/posts"}],"about":[{"href":"https:\/\/www.tuky.fi\/etusivu\/wp-json\/wp\/v2\/types\/post"}],"author":[{"embeddable":true,"href":"https:\/\/www.tuky.fi\/etusivu\/wp-json\/wp\/v2\/users\/1"}],"replies":[{"embeddable":true,"href":"https:\/\/www.tuky.fi\/etusivu\/wp-json\/wp\/v2\/comments?post=14591"}],"version-history":[{"count":0,"href":"https:\/\/www.tuky.fi\/etusivu\/wp-json\/wp\/v2\/posts\/14591\/revisions"}],"wp:attachment":[{"href":"https:\/\/www.tuky.fi\/etusivu\/wp-json\/wp\/v2\/media?parent=14591"}],"wp:term":[{"taxonomy":"category","embeddable":true,"href":"https:\/\/www.tuky.fi\/etusivu\/wp-json\/wp\/v2\/categories?post=14591"},{"taxonomy":"post_tag","embeddable":true,"href":"https:\/\/www.tuky.fi\/etusivu\/wp-json\/wp\/v2\/tags?post=14591"}],"curies":[{"name":"wp","href":"https:\/\/api.w.org\/{rel}","templated":true}]}}