{"id":14584,"date":"2015-06-23T21:14:04","date_gmt":"2015-06-23T19:14:04","guid":{"rendered":"http:\/\/tuky.fi\/?p=14584"},"modified":"2015-06-23T21:14:04","modified_gmt":"2015-06-23T19:14:04","slug":"matrikkelin-tekija-valittu","status":"publish","type":"post","link":"https:\/\/www.tuky.fi\/etusivu\/news\/matrikkelin-tekija-valittu\/","title":{"rendered":"Matrikkelin tekij\u00e4 valittu!"},"content":{"rendered":"<p>Turun KY:n hallitus on kokouksessaan 4.6.2015 p\u00e4\u00e4tt\u00e4nyt valita 65-vuotismatrikkelin tekij\u00e4ksi Lauri Lehtosen. Laurin teht\u00e4v\u00e4n\u00e4 on koota kasaan matrikkeli viimeisimm\u00e4lt\u00e4 viisivuotiskaudelta. Matrikkelin on m\u00e4\u00e4r\u00e4 valmistua 65. vuosijuhliin menness\u00e4 lokakuussa 2015.<\/p>\n<p>Matrikkelintekij\u00e4 kertoo itsest\u00e4\u00e4n seuraavanlaisesti:<\/p>\n<p>Moikka!<\/p>\n<p>T\u00e4ss\u00e4 esitt\u00e4ytyy Lauri Lehtonen, kolmannen vuoden aloittava markkinoinnin opiskelija, TuKY-uransa aikana pariinkin eri soppaan lusikkansa ty\u00f6nt\u00e4nyt kaikkien alojen asiantuntija. Olen tuleva kokoamaan Turun KYn 65-vuotisen taipaleen kunniaksi matrikkelin.<\/p>\n<p>Min\u00e4 olen Lauri, mutta mik\u00e4 on matrikkeli? Matrikkeli on kaikessa yksinkertaisuudessaan kirja, johon ikuistetaan kauppakorkeakoulumme opiskelijoiden kasvot syntym\u00e4aikoineen sek\u00e4 kuvaus TuKYn toiminnasta. Kyseess\u00e4 on siis vuosikirjan kaltainen teos. Turun KY kokoaa ja julkaisee matrikkelin viiden vuoden v\u00e4lein, aina tasavitosilla. Teid\u00e4n kaikkien apuanne, kasvokuvien muodossa, tullaan tarvitsemaan loppukes\u00e4st\u00e4, kun matrikkelin kokoaminen aloitetaan.<\/p>\n<p>Viel\u00e4 on siis aikaa harjoitella selfiekepin k\u00e4ytt\u00f6\u00e4, mutta pian on jo sinunkin aika ottaa se kuva, joka tullaan ikuistamaan Turun KYn matrikkeliin.<\/p>\n<p>&nbsp;<\/p>\n","protected":false},"excerpt":{"rendered":"<p>Turun KY:n hallitus on kokouksessaan 4.6.2015 p\u00e4\u00e4tt\u00e4nyt valita 65-vuotismatrikkelin tekij\u00e4ksi Lauri Lehtosen. Laurin teht\u00e4v\u00e4n\u00e4 on koota kasaan matrikkeli viimeisimm\u00e4lt\u00e4 viisivuotiskaudelta. Matrikkelin on m\u00e4\u00e4r\u00e4 valmistua 65. vuosijuhliin menness\u00e4 lokakuussa 2015. Matrikkelintekij\u00e4 [&hellip;]<\/p>\n","protected":false},"author":15,"featured_media":0,"comment_status":"open","ping_status":"open","sticky":false,"template":"","format":"standard","meta":{"_et_pb_use_builder":"","_et_pb_old_content":"","_et_gb_content_width":"","footnotes":""},"categories":[4],"tags":[],"class_list":["post-14584","post","type-post","status-publish","format-standard","hentry","category-news"],"yoast_head":"<!-- This site is optimized with the Yoast SEO plugin v27.2 - https:\/\/yoast.com\/product\/yoast-seo-wordpress\/ -->\n<title>Matrikkelin tekij\u00e4 valittu! - Turun KY<\/title>\n<meta name=\"robots\" content=\"index, follow, max-snippet:-1, max-image-preview:large, max-video-preview:-1\" \/>\n<link rel=\"canonical\" href=\"https:\/\/www.tuky.fi\/etusivu\/news\/matrikkelin-tekija-valittu\/\" \/>\n<meta property=\"og:locale\" content=\"fi_FI\" \/>\n<meta property=\"og:type\" content=\"article\" \/>\n<meta property=\"og:title\" content=\"Matrikkelin tekij\u00e4 valittu! - Turun KY\" \/>\n<meta property=\"og:description\" content=\"Turun KY:n hallitus on kokouksessaan 4.6.2015 p\u00e4\u00e4tt\u00e4nyt valita 65-vuotismatrikkelin tekij\u00e4ksi Lauri Lehtosen. Laurin teht\u00e4v\u00e4n\u00e4 on koota kasaan matrikkeli viimeisimm\u00e4lt\u00e4 viisivuotiskaudelta. Matrikkelin on m\u00e4\u00e4r\u00e4 valmistua 65. vuosijuhliin menness\u00e4 lokakuussa 2015. Matrikkelintekij\u00e4 [&hellip;]\" \/>\n<meta property=\"og:url\" content=\"https:\/\/www.tuky.fi\/etusivu\/news\/matrikkelin-tekija-valittu\/\" \/>\n<meta property=\"og:site_name\" content=\"Turun KY\" \/>\n<meta property=\"article:published_time\" content=\"2015-06-23T19:14:04+00:00\" \/>\n<meta name=\"author\" content=\"Kulttuurivastaava\" \/>\n<meta name=\"twitter:card\" content=\"summary_large_image\" \/>\n<meta name=\"twitter:label1\" content=\"Kirjoittanut\" \/>\n\t<meta name=\"twitter:data1\" content=\"Kulttuurivastaava\" \/>\n\t<meta name=\"twitter:label2\" content=\"Arvioitu lukuaika\" \/>\n\t<meta name=\"twitter:data2\" content=\"1 minuutti\" \/>\n<script type=\"application\/ld+json\" class=\"yoast-schema-graph\">{\"@context\":\"https:\/\/schema.org\",\"@graph\":[{\"@type\":\"Article\",\"@id\":\"https:\/\/www.tuky.fi\/etusivu\/news\/matrikkelin-tekija-valittu\/#article\",\"isPartOf\":{\"@id\":\"https:\/\/www.tuky.fi\/etusivu\/news\/matrikkelin-tekija-valittu\/\"},\"author\":{\"name\":\"Kulttuurivastaava\",\"@id\":\"https:\/\/www.tuky.fi\/etusivu\/#\/schema\/person\/d1f6ea8c86143ee83cd1091dfde29a69\"},\"headline\":\"Matrikkelin tekij\u00e4 valittu!\",\"datePublished\":\"2015-06-23T19:14:04+00:00\",\"mainEntityOfPage\":{\"@id\":\"https:\/\/www.tuky.fi\/etusivu\/news\/matrikkelin-tekija-valittu\/\"},\"wordCount\":154,\"commentCount\":0,\"publisher\":{\"@id\":\"https:\/\/www.tuky.fi\/etusivu\/#organization\"},\"articleSection\":[\"news\"],\"inLanguage\":\"fi\",\"potentialAction\":[{\"@type\":\"CommentAction\",\"name\":\"Comment\",\"target\":[\"https:\/\/www.tuky.fi\/etusivu\/news\/matrikkelin-tekija-valittu\/#respond\"]}]},{\"@type\":\"WebPage\",\"@id\":\"https:\/\/www.tuky.fi\/etusivu\/news\/matrikkelin-tekija-valittu\/\",\"url\":\"https:\/\/www.tuky.fi\/etusivu\/news\/matrikkelin-tekija-valittu\/\",\"name\":\"Matrikkelin tekij\u00e4 valittu! - Turun KY\",\"isPartOf\":{\"@id\":\"https:\/\/www.tuky.fi\/etusivu\/#website\"},\"datePublished\":\"2015-06-23T19:14:04+00:00\",\"breadcrumb\":{\"@id\":\"https:\/\/www.tuky.fi\/etusivu\/news\/matrikkelin-tekija-valittu\/#breadcrumb\"},\"inLanguage\":\"fi\",\"potentialAction\":[{\"@type\":\"ReadAction\",\"target\":[\"https:\/\/www.tuky.fi\/etusivu\/news\/matrikkelin-tekija-valittu\/\"]}]},{\"@type\":\"BreadcrumbList\",\"@id\":\"https:\/\/www.tuky.fi\/etusivu\/news\/matrikkelin-tekija-valittu\/#breadcrumb\",\"itemListElement\":[{\"@type\":\"ListItem\",\"position\":1,\"name\":\"Etusivu\",\"item\":\"https:\/\/www.tuky.fi\/etusivu\/\"},{\"@type\":\"ListItem\",\"position\":2,\"name\":\"Matrikkelin tekij\u00e4 valittu!\"}]},{\"@type\":\"WebSite\",\"@id\":\"https:\/\/www.tuky.fi\/etusivu\/#website\",\"url\":\"https:\/\/www.tuky.fi\/etusivu\/\",\"name\":\"Turun KY\",\"description\":\"TuKY\",\"publisher\":{\"@id\":\"https:\/\/www.tuky.fi\/etusivu\/#organization\"},\"alternateName\":\"TuKY\",\"potentialAction\":[{\"@type\":\"SearchAction\",\"target\":{\"@type\":\"EntryPoint\",\"urlTemplate\":\"https:\/\/www.tuky.fi\/etusivu\/?s={search_term_string}\"},\"query-input\":{\"@type\":\"PropertyValueSpecification\",\"valueRequired\":true,\"valueName\":\"search_term_string\"}}],\"inLanguage\":\"fi\"},{\"@type\":\"Organization\",\"@id\":\"https:\/\/www.tuky.fi\/etusivu\/#organization\",\"name\":\"Turun KY\",\"alternateName\":\"TuKY\",\"url\":\"https:\/\/www.tuky.fi\/etusivu\/\",\"logo\":{\"@type\":\"ImageObject\",\"inLanguage\":\"fi\",\"@id\":\"https:\/\/www.tuky.fi\/etusivu\/#\/schema\/logo\/image\/\",\"url\":\"https:\/\/www.tuky.fi\/wp-content\/uploads\/2024\/09\/TuKY-logo-kulta-1.png\",\"contentUrl\":\"https:\/\/www.tuky.fi\/wp-content\/uploads\/2024\/09\/TuKY-logo-kulta-1.png\",\"width\":1080,\"height\":1080,\"caption\":\"Turun KY\"},\"image\":{\"@id\":\"https:\/\/www.tuky.fi\/etusivu\/#\/schema\/logo\/image\/\"},\"sameAs\":[\"https:\/\/instagram.com\/turunky\",\"https:\/\/linkedin.com\/turunky\"]},{\"@type\":\"Person\",\"@id\":\"https:\/\/www.tuky.fi\/etusivu\/#\/schema\/person\/d1f6ea8c86143ee83cd1091dfde29a69\",\"name\":\"Kulttuurivastaava\",\"image\":{\"@type\":\"ImageObject\",\"inLanguage\":\"fi\",\"@id\":\"https:\/\/secure.gravatar.com\/avatar\/688f5ae69933705ed3d371e091a88192e3aea17c328f9180bc1c20090da573ae?s=96&d=mm&r=g\",\"url\":\"https:\/\/secure.gravatar.com\/avatar\/688f5ae69933705ed3d371e091a88192e3aea17c328f9180bc1c20090da573ae?s=96&d=mm&r=g\",\"contentUrl\":\"https:\/\/secure.gravatar.com\/avatar\/688f5ae69933705ed3d371e091a88192e3aea17c328f9180bc1c20090da573ae?s=96&d=mm&r=g\",\"caption\":\"Kulttuurivastaava\"},\"url\":\"https:\/\/www.tuky.fi\/etusivu\/author\/ky-kulttuuri\/\"}]}<\/script>\n<!-- \/ Yoast SEO plugin. -->","yoast_head_json":{"title":"Matrikkelin tekij\u00e4 valittu! - Turun KY","robots":{"index":"index","follow":"follow","max-snippet":"max-snippet:-1","max-image-preview":"max-image-preview:large","max-video-preview":"max-video-preview:-1"},"canonical":"https:\/\/www.tuky.fi\/etusivu\/news\/matrikkelin-tekija-valittu\/","og_locale":"fi_FI","og_type":"article","og_title":"Matrikkelin tekij\u00e4 valittu! - Turun KY","og_description":"Turun KY:n hallitus on kokouksessaan 4.6.2015 p\u00e4\u00e4tt\u00e4nyt valita 65-vuotismatrikkelin tekij\u00e4ksi Lauri Lehtosen. Laurin teht\u00e4v\u00e4n\u00e4 on koota kasaan matrikkeli viimeisimm\u00e4lt\u00e4 viisivuotiskaudelta. Matrikkelin on m\u00e4\u00e4r\u00e4 valmistua 65. vuosijuhliin menness\u00e4 lokakuussa 2015. Matrikkelintekij\u00e4 [&hellip;]","og_url":"https:\/\/www.tuky.fi\/etusivu\/news\/matrikkelin-tekija-valittu\/","og_site_name":"Turun KY","article_published_time":"2015-06-23T19:14:04+00:00","author":"Kulttuurivastaava","twitter_card":"summary_large_image","twitter_misc":{"Kirjoittanut":"Kulttuurivastaava","Arvioitu lukuaika":"1 minuutti"},"schema":{"@context":"https:\/\/schema.org","@graph":[{"@type":"Article","@id":"https:\/\/www.tuky.fi\/etusivu\/news\/matrikkelin-tekija-valittu\/#article","isPartOf":{"@id":"https:\/\/www.tuky.fi\/etusivu\/news\/matrikkelin-tekija-valittu\/"},"author":{"name":"Kulttuurivastaava","@id":"https:\/\/www.tuky.fi\/etusivu\/#\/schema\/person\/d1f6ea8c86143ee83cd1091dfde29a69"},"headline":"Matrikkelin tekij\u00e4 valittu!","datePublished":"2015-06-23T19:14:04+00:00","mainEntityOfPage":{"@id":"https:\/\/www.tuky.fi\/etusivu\/news\/matrikkelin-tekija-valittu\/"},"wordCount":154,"commentCount":0,"publisher":{"@id":"https:\/\/www.tuky.fi\/etusivu\/#organization"},"articleSection":["news"],"inLanguage":"fi","potentialAction":[{"@type":"CommentAction","name":"Comment","target":["https:\/\/www.tuky.fi\/etusivu\/news\/matrikkelin-tekija-valittu\/#respond"]}]},{"@type":"WebPage","@id":"https:\/\/www.tuky.fi\/etusivu\/news\/matrikkelin-tekija-valittu\/","url":"https:\/\/www.tuky.fi\/etusivu\/news\/matrikkelin-tekija-valittu\/","name":"Matrikkelin tekij\u00e4 valittu! - Turun KY","isPartOf":{"@id":"https:\/\/www.tuky.fi\/etusivu\/#website"},"datePublished":"2015-06-23T19:14:04+00:00","breadcrumb":{"@id":"https:\/\/www.tuky.fi\/etusivu\/news\/matrikkelin-tekija-valittu\/#breadcrumb"},"inLanguage":"fi","potentialAction":[{"@type":"ReadAction","target":["https:\/\/www.tuky.fi\/etusivu\/news\/matrikkelin-tekija-valittu\/"]}]},{"@type":"BreadcrumbList","@id":"https:\/\/www.tuky.fi\/etusivu\/news\/matrikkelin-tekija-valittu\/#breadcrumb","itemListElement":[{"@type":"ListItem","position":1,"name":"Etusivu","item":"https:\/\/www.tuky.fi\/etusivu\/"},{"@type":"ListItem","position":2,"name":"Matrikkelin tekij\u00e4 valittu!"}]},{"@type":"WebSite","@id":"https:\/\/www.tuky.fi\/etusivu\/#website","url":"https:\/\/www.tuky.fi\/etusivu\/","name":"Turun KY","description":"TuKY","publisher":{"@id":"https:\/\/www.tuky.fi\/etusivu\/#organization"},"alternateName":"TuKY","potentialAction":[{"@type":"SearchAction","target":{"@type":"EntryPoint","urlTemplate":"https:\/\/www.tuky.fi\/etusivu\/?s={search_term_string}"},"query-input":{"@type":"PropertyValueSpecification","valueRequired":true,"valueName":"search_term_string"}}],"inLanguage":"fi"},{"@type":"Organization","@id":"https:\/\/www.tuky.fi\/etusivu\/#organization","name":"Turun KY","alternateName":"TuKY","url":"https:\/\/www.tuky.fi\/etusivu\/","logo":{"@type":"ImageObject","inLanguage":"fi","@id":"https:\/\/www.tuky.fi\/etusivu\/#\/schema\/logo\/image\/","url":"https:\/\/www.tuky.fi\/wp-content\/uploads\/2024\/09\/TuKY-logo-kulta-1.png","contentUrl":"https:\/\/www.tuky.fi\/wp-content\/uploads\/2024\/09\/TuKY-logo-kulta-1.png","width":1080,"height":1080,"caption":"Turun KY"},"image":{"@id":"https:\/\/www.tuky.fi\/etusivu\/#\/schema\/logo\/image\/"},"sameAs":["https:\/\/instagram.com\/turunky","https:\/\/linkedin.com\/turunky"]},{"@type":"Person","@id":"https:\/\/www.tuky.fi\/etusivu\/#\/schema\/person\/d1f6ea8c86143ee83cd1091dfde29a69","name":"Kulttuurivastaava","image":{"@type":"ImageObject","inLanguage":"fi","@id":"https:\/\/secure.gravatar.com\/avatar\/688f5ae69933705ed3d371e091a88192e3aea17c328f9180bc1c20090da573ae?s=96&d=mm&r=g","url":"https:\/\/secure.gravatar.com\/avatar\/688f5ae69933705ed3d371e091a88192e3aea17c328f9180bc1c20090da573ae?s=96&d=mm&r=g","contentUrl":"https:\/\/secure.gravatar.com\/avatar\/688f5ae69933705ed3d371e091a88192e3aea17c328f9180bc1c20090da573ae?s=96&d=mm&r=g","caption":"Kulttuurivastaava"},"url":"https:\/\/www.tuky.fi\/etusivu\/author\/ky-kulttuuri\/"}]}},"lang":"fi","translations":{"fi":14584},"pll_sync_post":[],"_links":{"self":[{"href":"https:\/\/www.tuky.fi\/etusivu\/wp-json\/wp\/v2\/posts\/14584","targetHints":{"allow":["GET"]}}],"collection":[{"href":"https:\/\/www.tuky.fi\/etusivu\/wp-json\/wp\/v2\/posts"}],"about":[{"href":"https:\/\/www.tuky.fi\/etusivu\/wp-json\/wp\/v2\/types\/post"}],"author":[{"embeddable":true,"href":"https:\/\/www.tuky.fi\/etusivu\/wp-json\/wp\/v2\/users\/15"}],"replies":[{"embeddable":true,"href":"https:\/\/www.tuky.fi\/etusivu\/wp-json\/wp\/v2\/comments?post=14584"}],"version-history":[{"count":0,"href":"https:\/\/www.tuky.fi\/etusivu\/wp-json\/wp\/v2\/posts\/14584\/revisions"}],"wp:attachment":[{"href":"https:\/\/www.tuky.fi\/etusivu\/wp-json\/wp\/v2\/media?parent=14584"}],"wp:term":[{"taxonomy":"category","embeddable":true,"href":"https:\/\/www.tuky.fi\/etusivu\/wp-json\/wp\/v2\/categories?post=14584"},{"taxonomy":"post_tag","embeddable":true,"href":"https:\/\/www.tuky.fi\/etusivu\/wp-json\/wp\/v2\/tags?post=14584"}],"curies":[{"name":"wp","href":"https:\/\/api.w.org\/{rel}","templated":true}]}}