{"id":14579,"date":"2015-06-17T17:47:23","date_gmt":"2015-06-17T15:47:23","guid":{"rendered":"http:\/\/tuky.fi\/?p=14579"},"modified":"2015-06-17T17:47:23","modified_gmt":"2015-06-17T15:47:23","slug":"kyploomeja-myonnetty-17-6","status":"publish","type":"post","link":"https:\/\/www.tuky.fi\/etusivu\/news\/kyploomeja-myonnetty-17-6\/","title":{"rendered":"Kyploomeja my\u00f6nnetty 17.6."},"content":{"rendered":"<p>Turun KY jakaa ansioituneille aktiiveilleen kyploomeja kiitoksena opiskelijoiden eteen tehdyst\u00e4 ty\u00f6st\u00e4. Kyploomit jaetaan valmistujaistilaisuudessa puolivuosittain. T\u00e4ll\u00e4 kertaa kyploomeja jaettiin seuraaville 32:lle aktiiviselle Turun KY:n j\u00e4senelle, jotka nyt ovat valmistuneet.<\/p>\n<ul>\n<li>Anna Bernitz<\/li>\n<li>Antti Valtanen<\/li>\n<li>Emma Autio<\/li>\n<li>Eveliina Rajala<\/li>\n<li>Hanna Jauhiainen<\/li>\n<li>Hannamari Lakkala<\/li>\n<li>Heikki L\u00e4hteenm\u00e4ki<\/li>\n<li>Ida Peltonen<\/li>\n<li>Jaakko Korhonen<\/li>\n<li>Janina Rautio<\/li>\n<li>Jenna Konkola<\/li>\n<li>Jenni Miettinen<\/li>\n<li>Juhani B\u00f6\u00f6s<\/li>\n<li>Juho Heinonen<\/li>\n<li>Juho Harmaa<\/li>\n<li>Kirsti Ranta<\/li>\n<li>Kuutti Kemppainen<\/li>\n<li>Liisa Lundell<\/li>\n<li>Lotta Kaleva<\/li>\n<li>Maarit Huhtala<\/li>\n<li>Miikka Rahkonen<\/li>\n<li>Mikko Artiola<\/li>\n<li>Minna Ripatti<\/li>\n<li>Paavo Rossi<\/li>\n<li>Reetta Soukainen<\/li>\n<li>Sara Lehtinen<\/li>\n<li>Simo Koivisto-Rajala<\/li>\n<li>Simo Heiskanen<\/li>\n<li>Tiia Ojanaho<\/li>\n<li>Tommi Pollari<\/li>\n<li>Tuomas Nuotio<\/li>\n<li>Veera Korvensyrj\u00e4<\/li>\n<\/ul>\n<p>&nbsp;<\/p>\n<p>Mik\u00e4li et p\u00e4\u00e4ssyt valmistujaistilaisuuteen, mutta haluat saada kyploomin itsellesi, otathan yhteytt\u00e4\u00a0<a href=\"mailto:toiminnanjohtaja@tuky.fi\" target=\"_blank\">toiminnanjohtaja@tuky.fi<\/a>.<\/p>\n<p>Turun KY onnittelee kev\u00e4\u00e4n valmistuneita ja erityisesti kyploomin saajia!<\/p>\n","protected":false},"excerpt":{"rendered":"<p>Turun KY jakaa ansioituneille aktiiveilleen kyploomeja kiitoksena opiskelijoiden eteen tehdyst\u00e4 ty\u00f6st\u00e4. Kyploomit jaetaan valmistujaistilaisuudessa puolivuosittain. T\u00e4ll\u00e4 kertaa kyploomeja jaettiin seuraaville 32:lle aktiiviselle Turun KY:n j\u00e4senelle, jotka nyt ovat valmistuneet. Anna [&hellip;]<\/p>\n","protected":false},"author":5,"featured_media":0,"comment_status":"open","ping_status":"open","sticky":false,"template":"","format":"standard","meta":{"_et_pb_use_builder":"","_et_pb_old_content":"","_et_gb_content_width":"","footnotes":""},"categories":[4],"tags":[503],"class_list":["post-14579","post","type-post","status-publish","format-standard","hentry","category-news","tag-kyploomi"],"yoast_head":"<!-- This site is optimized with the Yoast SEO plugin v27.2 - https:\/\/yoast.com\/product\/yoast-seo-wordpress\/ -->\n<title>Kyploomeja my\u00f6nnetty 17.6. - Turun KY<\/title>\n<meta name=\"robots\" content=\"index, follow, max-snippet:-1, max-image-preview:large, max-video-preview:-1\" \/>\n<link rel=\"canonical\" href=\"https:\/\/www.tuky.fi\/etusivu\/news\/kyploomeja-myonnetty-17-6\/\" \/>\n<meta property=\"og:locale\" content=\"fi_FI\" \/>\n<meta property=\"og:type\" content=\"article\" \/>\n<meta property=\"og:title\" content=\"Kyploomeja my\u00f6nnetty 17.6. - Turun KY\" \/>\n<meta property=\"og:description\" content=\"Turun KY jakaa ansioituneille aktiiveilleen kyploomeja kiitoksena opiskelijoiden eteen tehdyst\u00e4 ty\u00f6st\u00e4. Kyploomit jaetaan valmistujaistilaisuudessa puolivuosittain. T\u00e4ll\u00e4 kertaa kyploomeja jaettiin seuraaville 32:lle aktiiviselle Turun KY:n j\u00e4senelle, jotka nyt ovat valmistuneet. Anna [&hellip;]\" \/>\n<meta property=\"og:url\" content=\"https:\/\/www.tuky.fi\/etusivu\/news\/kyploomeja-myonnetty-17-6\/\" \/>\n<meta property=\"og:site_name\" content=\"Turun KY\" \/>\n<meta property=\"article:published_time\" content=\"2015-06-17T15:47:23+00:00\" \/>\n<meta name=\"author\" content=\"Toiminnanjohtaja\" \/>\n<meta name=\"twitter:card\" content=\"summary_large_image\" \/>\n<meta name=\"twitter:label1\" content=\"Kirjoittanut\" \/>\n\t<meta name=\"twitter:data1\" content=\"Toiminnanjohtaja\" \/>\n\t<meta name=\"twitter:label2\" content=\"Arvioitu lukuaika\" \/>\n\t<meta name=\"twitter:data2\" content=\"1 minuutti\" \/>\n<script type=\"application\/ld+json\" class=\"yoast-schema-graph\">{\"@context\":\"https:\/\/schema.org\",\"@graph\":[{\"@type\":\"Article\",\"@id\":\"https:\/\/www.tuky.fi\/etusivu\/news\/kyploomeja-myonnetty-17-6\/#article\",\"isPartOf\":{\"@id\":\"https:\/\/www.tuky.fi\/etusivu\/news\/kyploomeja-myonnetty-17-6\/\"},\"author\":{\"name\":\"Toiminnanjohtaja\",\"@id\":\"https:\/\/www.tuky.fi\/etusivu\/#\/schema\/person\/857b2c80ba750df9646bcddb726bb422\"},\"headline\":\"Kyploomeja my\u00f6nnetty 17.6.\",\"datePublished\":\"2015-06-17T15:47:23+00:00\",\"mainEntityOfPage\":{\"@id\":\"https:\/\/www.tuky.fi\/etusivu\/news\/kyploomeja-myonnetty-17-6\/\"},\"wordCount\":130,\"commentCount\":0,\"publisher\":{\"@id\":\"https:\/\/www.tuky.fi\/etusivu\/#organization\"},\"keywords\":[\"kyploomi\"],\"articleSection\":[\"news\"],\"inLanguage\":\"fi\",\"potentialAction\":[{\"@type\":\"CommentAction\",\"name\":\"Comment\",\"target\":[\"https:\/\/www.tuky.fi\/etusivu\/news\/kyploomeja-myonnetty-17-6\/#respond\"]}]},{\"@type\":\"WebPage\",\"@id\":\"https:\/\/www.tuky.fi\/etusivu\/news\/kyploomeja-myonnetty-17-6\/\",\"url\":\"https:\/\/www.tuky.fi\/etusivu\/news\/kyploomeja-myonnetty-17-6\/\",\"name\":\"Kyploomeja my\u00f6nnetty 17.6. - Turun KY\",\"isPartOf\":{\"@id\":\"https:\/\/www.tuky.fi\/etusivu\/#website\"},\"datePublished\":\"2015-06-17T15:47:23+00:00\",\"breadcrumb\":{\"@id\":\"https:\/\/www.tuky.fi\/etusivu\/news\/kyploomeja-myonnetty-17-6\/#breadcrumb\"},\"inLanguage\":\"fi\",\"potentialAction\":[{\"@type\":\"ReadAction\",\"target\":[\"https:\/\/www.tuky.fi\/etusivu\/news\/kyploomeja-myonnetty-17-6\/\"]}]},{\"@type\":\"BreadcrumbList\",\"@id\":\"https:\/\/www.tuky.fi\/etusivu\/news\/kyploomeja-myonnetty-17-6\/#breadcrumb\",\"itemListElement\":[{\"@type\":\"ListItem\",\"position\":1,\"name\":\"Etusivu\",\"item\":\"https:\/\/www.tuky.fi\/etusivu\/\"},{\"@type\":\"ListItem\",\"position\":2,\"name\":\"Kyploomeja my\u00f6nnetty 17.6.\"}]},{\"@type\":\"WebSite\",\"@id\":\"https:\/\/www.tuky.fi\/etusivu\/#website\",\"url\":\"https:\/\/www.tuky.fi\/etusivu\/\",\"name\":\"Turun KY\",\"description\":\"TuKY\",\"publisher\":{\"@id\":\"https:\/\/www.tuky.fi\/etusivu\/#organization\"},\"alternateName\":\"TuKY\",\"potentialAction\":[{\"@type\":\"SearchAction\",\"target\":{\"@type\":\"EntryPoint\",\"urlTemplate\":\"https:\/\/www.tuky.fi\/etusivu\/?s={search_term_string}\"},\"query-input\":{\"@type\":\"PropertyValueSpecification\",\"valueRequired\":true,\"valueName\":\"search_term_string\"}}],\"inLanguage\":\"fi\"},{\"@type\":\"Organization\",\"@id\":\"https:\/\/www.tuky.fi\/etusivu\/#organization\",\"name\":\"Turun KY\",\"alternateName\":\"TuKY\",\"url\":\"https:\/\/www.tuky.fi\/etusivu\/\",\"logo\":{\"@type\":\"ImageObject\",\"inLanguage\":\"fi\",\"@id\":\"https:\/\/www.tuky.fi\/etusivu\/#\/schema\/logo\/image\/\",\"url\":\"https:\/\/www.tuky.fi\/wp-content\/uploads\/2024\/09\/TuKY-logo-kulta-1.png\",\"contentUrl\":\"https:\/\/www.tuky.fi\/wp-content\/uploads\/2024\/09\/TuKY-logo-kulta-1.png\",\"width\":1080,\"height\":1080,\"caption\":\"Turun KY\"},\"image\":{\"@id\":\"https:\/\/www.tuky.fi\/etusivu\/#\/schema\/logo\/image\/\"},\"sameAs\":[\"https:\/\/instagram.com\/turunky\",\"https:\/\/linkedin.com\/turunky\"]},{\"@type\":\"Person\",\"@id\":\"https:\/\/www.tuky.fi\/etusivu\/#\/schema\/person\/857b2c80ba750df9646bcddb726bb422\",\"name\":\"Toiminnanjohtaja\",\"image\":{\"@type\":\"ImageObject\",\"inLanguage\":\"fi\",\"@id\":\"https:\/\/secure.gravatar.com\/avatar\/731cec3365faa756ce59a8037b7e863376e9ac12940fb890ed5b05758585cb35?s=96&d=mm&r=g\",\"url\":\"https:\/\/secure.gravatar.com\/avatar\/731cec3365faa756ce59a8037b7e863376e9ac12940fb890ed5b05758585cb35?s=96&d=mm&r=g\",\"contentUrl\":\"https:\/\/secure.gravatar.com\/avatar\/731cec3365faa756ce59a8037b7e863376e9ac12940fb890ed5b05758585cb35?s=96&d=mm&r=g\",\"caption\":\"Toiminnanjohtaja\"},\"url\":\"https:\/\/www.tuky.fi\/etusivu\/author\/toiminnanjohtaja\/\"}]}<\/script>\n<!-- \/ Yoast SEO plugin. -->","yoast_head_json":{"title":"Kyploomeja my\u00f6nnetty 17.6. - Turun KY","robots":{"index":"index","follow":"follow","max-snippet":"max-snippet:-1","max-image-preview":"max-image-preview:large","max-video-preview":"max-video-preview:-1"},"canonical":"https:\/\/www.tuky.fi\/etusivu\/news\/kyploomeja-myonnetty-17-6\/","og_locale":"fi_FI","og_type":"article","og_title":"Kyploomeja my\u00f6nnetty 17.6. - Turun KY","og_description":"Turun KY jakaa ansioituneille aktiiveilleen kyploomeja kiitoksena opiskelijoiden eteen tehdyst\u00e4 ty\u00f6st\u00e4. Kyploomit jaetaan valmistujaistilaisuudessa puolivuosittain. T\u00e4ll\u00e4 kertaa kyploomeja jaettiin seuraaville 32:lle aktiiviselle Turun KY:n j\u00e4senelle, jotka nyt ovat valmistuneet. Anna [&hellip;]","og_url":"https:\/\/www.tuky.fi\/etusivu\/news\/kyploomeja-myonnetty-17-6\/","og_site_name":"Turun KY","article_published_time":"2015-06-17T15:47:23+00:00","author":"Toiminnanjohtaja","twitter_card":"summary_large_image","twitter_misc":{"Kirjoittanut":"Toiminnanjohtaja","Arvioitu lukuaika":"1 minuutti"},"schema":{"@context":"https:\/\/schema.org","@graph":[{"@type":"Article","@id":"https:\/\/www.tuky.fi\/etusivu\/news\/kyploomeja-myonnetty-17-6\/#article","isPartOf":{"@id":"https:\/\/www.tuky.fi\/etusivu\/news\/kyploomeja-myonnetty-17-6\/"},"author":{"name":"Toiminnanjohtaja","@id":"https:\/\/www.tuky.fi\/etusivu\/#\/schema\/person\/857b2c80ba750df9646bcddb726bb422"},"headline":"Kyploomeja my\u00f6nnetty 17.6.","datePublished":"2015-06-17T15:47:23+00:00","mainEntityOfPage":{"@id":"https:\/\/www.tuky.fi\/etusivu\/news\/kyploomeja-myonnetty-17-6\/"},"wordCount":130,"commentCount":0,"publisher":{"@id":"https:\/\/www.tuky.fi\/etusivu\/#organization"},"keywords":["kyploomi"],"articleSection":["news"],"inLanguage":"fi","potentialAction":[{"@type":"CommentAction","name":"Comment","target":["https:\/\/www.tuky.fi\/etusivu\/news\/kyploomeja-myonnetty-17-6\/#respond"]}]},{"@type":"WebPage","@id":"https:\/\/www.tuky.fi\/etusivu\/news\/kyploomeja-myonnetty-17-6\/","url":"https:\/\/www.tuky.fi\/etusivu\/news\/kyploomeja-myonnetty-17-6\/","name":"Kyploomeja my\u00f6nnetty 17.6. - Turun KY","isPartOf":{"@id":"https:\/\/www.tuky.fi\/etusivu\/#website"},"datePublished":"2015-06-17T15:47:23+00:00","breadcrumb":{"@id":"https:\/\/www.tuky.fi\/etusivu\/news\/kyploomeja-myonnetty-17-6\/#breadcrumb"},"inLanguage":"fi","potentialAction":[{"@type":"ReadAction","target":["https:\/\/www.tuky.fi\/etusivu\/news\/kyploomeja-myonnetty-17-6\/"]}]},{"@type":"BreadcrumbList","@id":"https:\/\/www.tuky.fi\/etusivu\/news\/kyploomeja-myonnetty-17-6\/#breadcrumb","itemListElement":[{"@type":"ListItem","position":1,"name":"Etusivu","item":"https:\/\/www.tuky.fi\/etusivu\/"},{"@type":"ListItem","position":2,"name":"Kyploomeja my\u00f6nnetty 17.6."}]},{"@type":"WebSite","@id":"https:\/\/www.tuky.fi\/etusivu\/#website","url":"https:\/\/www.tuky.fi\/etusivu\/","name":"Turun KY","description":"TuKY","publisher":{"@id":"https:\/\/www.tuky.fi\/etusivu\/#organization"},"alternateName":"TuKY","potentialAction":[{"@type":"SearchAction","target":{"@type":"EntryPoint","urlTemplate":"https:\/\/www.tuky.fi\/etusivu\/?s={search_term_string}"},"query-input":{"@type":"PropertyValueSpecification","valueRequired":true,"valueName":"search_term_string"}}],"inLanguage":"fi"},{"@type":"Organization","@id":"https:\/\/www.tuky.fi\/etusivu\/#organization","name":"Turun KY","alternateName":"TuKY","url":"https:\/\/www.tuky.fi\/etusivu\/","logo":{"@type":"ImageObject","inLanguage":"fi","@id":"https:\/\/www.tuky.fi\/etusivu\/#\/schema\/logo\/image\/","url":"https:\/\/www.tuky.fi\/wp-content\/uploads\/2024\/09\/TuKY-logo-kulta-1.png","contentUrl":"https:\/\/www.tuky.fi\/wp-content\/uploads\/2024\/09\/TuKY-logo-kulta-1.png","width":1080,"height":1080,"caption":"Turun KY"},"image":{"@id":"https:\/\/www.tuky.fi\/etusivu\/#\/schema\/logo\/image\/"},"sameAs":["https:\/\/instagram.com\/turunky","https:\/\/linkedin.com\/turunky"]},{"@type":"Person","@id":"https:\/\/www.tuky.fi\/etusivu\/#\/schema\/person\/857b2c80ba750df9646bcddb726bb422","name":"Toiminnanjohtaja","image":{"@type":"ImageObject","inLanguage":"fi","@id":"https:\/\/secure.gravatar.com\/avatar\/731cec3365faa756ce59a8037b7e863376e9ac12940fb890ed5b05758585cb35?s=96&d=mm&r=g","url":"https:\/\/secure.gravatar.com\/avatar\/731cec3365faa756ce59a8037b7e863376e9ac12940fb890ed5b05758585cb35?s=96&d=mm&r=g","contentUrl":"https:\/\/secure.gravatar.com\/avatar\/731cec3365faa756ce59a8037b7e863376e9ac12940fb890ed5b05758585cb35?s=96&d=mm&r=g","caption":"Toiminnanjohtaja"},"url":"https:\/\/www.tuky.fi\/etusivu\/author\/toiminnanjohtaja\/"}]}},"lang":"fi","translations":{"fi":14579},"pll_sync_post":[],"_links":{"self":[{"href":"https:\/\/www.tuky.fi\/etusivu\/wp-json\/wp\/v2\/posts\/14579","targetHints":{"allow":["GET"]}}],"collection":[{"href":"https:\/\/www.tuky.fi\/etusivu\/wp-json\/wp\/v2\/posts"}],"about":[{"href":"https:\/\/www.tuky.fi\/etusivu\/wp-json\/wp\/v2\/types\/post"}],"author":[{"embeddable":true,"href":"https:\/\/www.tuky.fi\/etusivu\/wp-json\/wp\/v2\/users\/5"}],"replies":[{"embeddable":true,"href":"https:\/\/www.tuky.fi\/etusivu\/wp-json\/wp\/v2\/comments?post=14579"}],"version-history":[{"count":0,"href":"https:\/\/www.tuky.fi\/etusivu\/wp-json\/wp\/v2\/posts\/14579\/revisions"}],"wp:attachment":[{"href":"https:\/\/www.tuky.fi\/etusivu\/wp-json\/wp\/v2\/media?parent=14579"}],"wp:term":[{"taxonomy":"category","embeddable":true,"href":"https:\/\/www.tuky.fi\/etusivu\/wp-json\/wp\/v2\/categories?post=14579"},{"taxonomy":"post_tag","embeddable":true,"href":"https:\/\/www.tuky.fi\/etusivu\/wp-json\/wp\/v2\/tags?post=14579"}],"curies":[{"name":"wp","href":"https:\/\/api.w.org\/{rel}","templated":true}]}}