{"id":14543,"date":"2015-05-31T14:28:40","date_gmt":"2015-05-31T12:28:40","guid":{"rendered":"http:\/\/tuky.fi\/?p=14543"},"modified":"2015-05-31T14:28:40","modified_gmt":"2015-05-31T12:28:40","slug":"ehdota-turun-kyn-huomionosoituksen-saajaa","status":"publish","type":"post","link":"https:\/\/www.tuky.fi\/etusivu\/news\/ehdota-turun-kyn-huomionosoituksen-saajaa\/","title":{"rendered":"Ehdota Turun KY:n huomionosoituksen saajaa"},"content":{"rendered":"<p>Turun KY my\u00f6nt\u00e4\u00e4 ansioituneille j\u00e4senilleen vuosittain erilaisia huomionosoituksia. Huomionosoitukset ovat arvokas tapa muistaa aktiivisia j\u00e4seni\u00e4 Turun KY:n eteen tehdyst\u00e4 ty\u00f6st\u00e4. Huomionosoituksia voidaan my\u00f6nt\u00e4\u00e4 esimerkiksi erityisen aktiiviselle jaosto- ja\/tai toimijaryhm\u00e4hallituslaiselle sek\u00e4 merkitt\u00e4v\u00e4\u00e4n projektity\u00f6h\u00f6n pyyteett\u00f6m\u00e4sti Turun KY:n hyv\u00e4ksi osallistuneelle.<\/p>\n<p>Huomionosoituksen arvokkuudesta riippuen huomionosoituksen voi my\u00f6nt\u00e4\u00e4 joko huomionosoitustoimikunta, Turun KY:n hallitus tai yhdistyksen kokous huomionosoitustoimikunnan esityksest\u00e4. Lis\u00e4tietoa Turun KY:n huomionosoituksista l\u00f6yd\u00e4t <a href=\"http:\/\/tuky.fi\/wordpress\/wp-content\/uploads\/2014\/09\/Lippunauhamerkkiohjesaanto-29.9.2014.pdf\" target=\"_blank\">lippu-, nauha- ja merkkiohjes\u00e4\u00e4nn\u00f6st\u00e4<\/a>.<\/p>\n<p>Voit ehdottaa huomionosoituksen saajaa <a href=\"https:\/\/www.webropolsurveys.com\/Answer\/SurveyParticipation.aspx?SDID=Fin961579&amp;SID=a5b97d89-2eae-45de-a08e-2115b8cddfc8&amp;dy=1106563163\" target=\"_blank\">t\u00e4\u00e4ll\u00e4<\/a> 4.6.2015 klo 23.59 asti.<\/p>\n<p>&nbsp;<\/p>\n","protected":false},"excerpt":{"rendered":"<p>Turun KY my\u00f6nt\u00e4\u00e4 ansioituneille j\u00e4senilleen vuosittain erilaisia huomionosoituksia. Huomionosoitukset ovat arvokas tapa muistaa aktiivisia j\u00e4seni\u00e4 Turun KY:n eteen tehdyst\u00e4 ty\u00f6st\u00e4. Huomionosoituksia voidaan my\u00f6nt\u00e4\u00e4 esimerkiksi erityisen aktiiviselle jaosto- ja\/tai toimijaryhm\u00e4hallituslaiselle sek\u00e4 [&hellip;]<\/p>\n","protected":false},"author":15,"featured_media":0,"comment_status":"open","ping_status":"open","sticky":false,"template":"","format":"standard","meta":{"_et_pb_use_builder":"","_et_pb_old_content":"","_et_gb_content_width":"","footnotes":""},"categories":[4],"tags":[],"class_list":["post-14543","post","type-post","status-publish","format-standard","hentry","category-news"],"yoast_head":"<!-- This site is optimized with the Yoast SEO plugin v27.2 - https:\/\/yoast.com\/product\/yoast-seo-wordpress\/ -->\n<title>Ehdota Turun KY:n huomionosoituksen saajaa - Turun KY<\/title>\n<meta name=\"robots\" content=\"index, follow, max-snippet:-1, max-image-preview:large, max-video-preview:-1\" \/>\n<link rel=\"canonical\" href=\"https:\/\/www.tuky.fi\/etusivu\/news\/ehdota-turun-kyn-huomionosoituksen-saajaa\/\" \/>\n<meta property=\"og:locale\" content=\"fi_FI\" \/>\n<meta property=\"og:type\" content=\"article\" \/>\n<meta property=\"og:title\" content=\"Ehdota Turun KY:n huomionosoituksen saajaa - Turun KY\" \/>\n<meta property=\"og:description\" content=\"Turun KY my\u00f6nt\u00e4\u00e4 ansioituneille j\u00e4senilleen vuosittain erilaisia huomionosoituksia. Huomionosoitukset ovat arvokas tapa muistaa aktiivisia j\u00e4seni\u00e4 Turun KY:n eteen tehdyst\u00e4 ty\u00f6st\u00e4. Huomionosoituksia voidaan my\u00f6nt\u00e4\u00e4 esimerkiksi erityisen aktiiviselle jaosto- ja\/tai toimijaryhm\u00e4hallituslaiselle sek\u00e4 [&hellip;]\" \/>\n<meta property=\"og:url\" content=\"https:\/\/www.tuky.fi\/etusivu\/news\/ehdota-turun-kyn-huomionosoituksen-saajaa\/\" \/>\n<meta property=\"og:site_name\" content=\"Turun KY\" \/>\n<meta property=\"article:published_time\" content=\"2015-05-31T12:28:40+00:00\" \/>\n<meta name=\"author\" content=\"Kulttuurivastaava\" \/>\n<meta name=\"twitter:card\" content=\"summary_large_image\" \/>\n<meta name=\"twitter:label1\" content=\"Kirjoittanut\" \/>\n\t<meta name=\"twitter:data1\" content=\"Kulttuurivastaava\" \/>\n<script type=\"application\/ld+json\" class=\"yoast-schema-graph\">{\"@context\":\"https:\/\/schema.org\",\"@graph\":[{\"@type\":\"Article\",\"@id\":\"https:\/\/www.tuky.fi\/etusivu\/news\/ehdota-turun-kyn-huomionosoituksen-saajaa\/#article\",\"isPartOf\":{\"@id\":\"https:\/\/www.tuky.fi\/etusivu\/news\/ehdota-turun-kyn-huomionosoituksen-saajaa\/\"},\"author\":{\"name\":\"Kulttuurivastaava\",\"@id\":\"https:\/\/www.tuky.fi\/etusivu\/#\/schema\/person\/d1f6ea8c86143ee83cd1091dfde29a69\"},\"headline\":\"Ehdota Turun KY:n huomionosoituksen saajaa\",\"datePublished\":\"2015-05-31T12:28:40+00:00\",\"mainEntityOfPage\":{\"@id\":\"https:\/\/www.tuky.fi\/etusivu\/news\/ehdota-turun-kyn-huomionosoituksen-saajaa\/\"},\"wordCount\":101,\"commentCount\":0,\"publisher\":{\"@id\":\"https:\/\/www.tuky.fi\/etusivu\/#organization\"},\"articleSection\":[\"news\"],\"inLanguage\":\"fi\",\"potentialAction\":[{\"@type\":\"CommentAction\",\"name\":\"Comment\",\"target\":[\"https:\/\/www.tuky.fi\/etusivu\/news\/ehdota-turun-kyn-huomionosoituksen-saajaa\/#respond\"]}]},{\"@type\":\"WebPage\",\"@id\":\"https:\/\/www.tuky.fi\/etusivu\/news\/ehdota-turun-kyn-huomionosoituksen-saajaa\/\",\"url\":\"https:\/\/www.tuky.fi\/etusivu\/news\/ehdota-turun-kyn-huomionosoituksen-saajaa\/\",\"name\":\"Ehdota Turun KY:n huomionosoituksen saajaa - Turun KY\",\"isPartOf\":{\"@id\":\"https:\/\/www.tuky.fi\/etusivu\/#website\"},\"datePublished\":\"2015-05-31T12:28:40+00:00\",\"breadcrumb\":{\"@id\":\"https:\/\/www.tuky.fi\/etusivu\/news\/ehdota-turun-kyn-huomionosoituksen-saajaa\/#breadcrumb\"},\"inLanguage\":\"fi\",\"potentialAction\":[{\"@type\":\"ReadAction\",\"target\":[\"https:\/\/www.tuky.fi\/etusivu\/news\/ehdota-turun-kyn-huomionosoituksen-saajaa\/\"]}]},{\"@type\":\"BreadcrumbList\",\"@id\":\"https:\/\/www.tuky.fi\/etusivu\/news\/ehdota-turun-kyn-huomionosoituksen-saajaa\/#breadcrumb\",\"itemListElement\":[{\"@type\":\"ListItem\",\"position\":1,\"name\":\"Etusivu\",\"item\":\"https:\/\/www.tuky.fi\/etusivu\/\"},{\"@type\":\"ListItem\",\"position\":2,\"name\":\"Ehdota Turun KY:n huomionosoituksen saajaa\"}]},{\"@type\":\"WebSite\",\"@id\":\"https:\/\/www.tuky.fi\/etusivu\/#website\",\"url\":\"https:\/\/www.tuky.fi\/etusivu\/\",\"name\":\"Turun KY\",\"description\":\"TuKY\",\"publisher\":{\"@id\":\"https:\/\/www.tuky.fi\/etusivu\/#organization\"},\"alternateName\":\"TuKY\",\"potentialAction\":[{\"@type\":\"SearchAction\",\"target\":{\"@type\":\"EntryPoint\",\"urlTemplate\":\"https:\/\/www.tuky.fi\/etusivu\/?s={search_term_string}\"},\"query-input\":{\"@type\":\"PropertyValueSpecification\",\"valueRequired\":true,\"valueName\":\"search_term_string\"}}],\"inLanguage\":\"fi\"},{\"@type\":\"Organization\",\"@id\":\"https:\/\/www.tuky.fi\/etusivu\/#organization\",\"name\":\"Turun KY\",\"alternateName\":\"TuKY\",\"url\":\"https:\/\/www.tuky.fi\/etusivu\/\",\"logo\":{\"@type\":\"ImageObject\",\"inLanguage\":\"fi\",\"@id\":\"https:\/\/www.tuky.fi\/etusivu\/#\/schema\/logo\/image\/\",\"url\":\"https:\/\/www.tuky.fi\/wp-content\/uploads\/2024\/09\/TuKY-logo-kulta-1.png\",\"contentUrl\":\"https:\/\/www.tuky.fi\/wp-content\/uploads\/2024\/09\/TuKY-logo-kulta-1.png\",\"width\":1080,\"height\":1080,\"caption\":\"Turun KY\"},\"image\":{\"@id\":\"https:\/\/www.tuky.fi\/etusivu\/#\/schema\/logo\/image\/\"},\"sameAs\":[\"https:\/\/instagram.com\/turunky\",\"https:\/\/linkedin.com\/turunky\"]},{\"@type\":\"Person\",\"@id\":\"https:\/\/www.tuky.fi\/etusivu\/#\/schema\/person\/d1f6ea8c86143ee83cd1091dfde29a69\",\"name\":\"Kulttuurivastaava\",\"image\":{\"@type\":\"ImageObject\",\"inLanguage\":\"fi\",\"@id\":\"https:\/\/secure.gravatar.com\/avatar\/688f5ae69933705ed3d371e091a88192e3aea17c328f9180bc1c20090da573ae?s=96&d=mm&r=g\",\"url\":\"https:\/\/secure.gravatar.com\/avatar\/688f5ae69933705ed3d371e091a88192e3aea17c328f9180bc1c20090da573ae?s=96&d=mm&r=g\",\"contentUrl\":\"https:\/\/secure.gravatar.com\/avatar\/688f5ae69933705ed3d371e091a88192e3aea17c328f9180bc1c20090da573ae?s=96&d=mm&r=g\",\"caption\":\"Kulttuurivastaava\"},\"url\":\"https:\/\/www.tuky.fi\/etusivu\/author\/ky-kulttuuri\/\"}]}<\/script>\n<!-- \/ Yoast SEO plugin. -->","yoast_head_json":{"title":"Ehdota Turun KY:n huomionosoituksen saajaa - Turun KY","robots":{"index":"index","follow":"follow","max-snippet":"max-snippet:-1","max-image-preview":"max-image-preview:large","max-video-preview":"max-video-preview:-1"},"canonical":"https:\/\/www.tuky.fi\/etusivu\/news\/ehdota-turun-kyn-huomionosoituksen-saajaa\/","og_locale":"fi_FI","og_type":"article","og_title":"Ehdota Turun KY:n huomionosoituksen saajaa - Turun KY","og_description":"Turun KY my\u00f6nt\u00e4\u00e4 ansioituneille j\u00e4senilleen vuosittain erilaisia huomionosoituksia. Huomionosoitukset ovat arvokas tapa muistaa aktiivisia j\u00e4seni\u00e4 Turun KY:n eteen tehdyst\u00e4 ty\u00f6st\u00e4. Huomionosoituksia voidaan my\u00f6nt\u00e4\u00e4 esimerkiksi erityisen aktiiviselle jaosto- ja\/tai toimijaryhm\u00e4hallituslaiselle sek\u00e4 [&hellip;]","og_url":"https:\/\/www.tuky.fi\/etusivu\/news\/ehdota-turun-kyn-huomionosoituksen-saajaa\/","og_site_name":"Turun KY","article_published_time":"2015-05-31T12:28:40+00:00","author":"Kulttuurivastaava","twitter_card":"summary_large_image","twitter_misc":{"Kirjoittanut":"Kulttuurivastaava"},"schema":{"@context":"https:\/\/schema.org","@graph":[{"@type":"Article","@id":"https:\/\/www.tuky.fi\/etusivu\/news\/ehdota-turun-kyn-huomionosoituksen-saajaa\/#article","isPartOf":{"@id":"https:\/\/www.tuky.fi\/etusivu\/news\/ehdota-turun-kyn-huomionosoituksen-saajaa\/"},"author":{"name":"Kulttuurivastaava","@id":"https:\/\/www.tuky.fi\/etusivu\/#\/schema\/person\/d1f6ea8c86143ee83cd1091dfde29a69"},"headline":"Ehdota Turun KY:n huomionosoituksen saajaa","datePublished":"2015-05-31T12:28:40+00:00","mainEntityOfPage":{"@id":"https:\/\/www.tuky.fi\/etusivu\/news\/ehdota-turun-kyn-huomionosoituksen-saajaa\/"},"wordCount":101,"commentCount":0,"publisher":{"@id":"https:\/\/www.tuky.fi\/etusivu\/#organization"},"articleSection":["news"],"inLanguage":"fi","potentialAction":[{"@type":"CommentAction","name":"Comment","target":["https:\/\/www.tuky.fi\/etusivu\/news\/ehdota-turun-kyn-huomionosoituksen-saajaa\/#respond"]}]},{"@type":"WebPage","@id":"https:\/\/www.tuky.fi\/etusivu\/news\/ehdota-turun-kyn-huomionosoituksen-saajaa\/","url":"https:\/\/www.tuky.fi\/etusivu\/news\/ehdota-turun-kyn-huomionosoituksen-saajaa\/","name":"Ehdota Turun KY:n huomionosoituksen saajaa - Turun KY","isPartOf":{"@id":"https:\/\/www.tuky.fi\/etusivu\/#website"},"datePublished":"2015-05-31T12:28:40+00:00","breadcrumb":{"@id":"https:\/\/www.tuky.fi\/etusivu\/news\/ehdota-turun-kyn-huomionosoituksen-saajaa\/#breadcrumb"},"inLanguage":"fi","potentialAction":[{"@type":"ReadAction","target":["https:\/\/www.tuky.fi\/etusivu\/news\/ehdota-turun-kyn-huomionosoituksen-saajaa\/"]}]},{"@type":"BreadcrumbList","@id":"https:\/\/www.tuky.fi\/etusivu\/news\/ehdota-turun-kyn-huomionosoituksen-saajaa\/#breadcrumb","itemListElement":[{"@type":"ListItem","position":1,"name":"Etusivu","item":"https:\/\/www.tuky.fi\/etusivu\/"},{"@type":"ListItem","position":2,"name":"Ehdota Turun KY:n huomionosoituksen saajaa"}]},{"@type":"WebSite","@id":"https:\/\/www.tuky.fi\/etusivu\/#website","url":"https:\/\/www.tuky.fi\/etusivu\/","name":"Turun KY","description":"TuKY","publisher":{"@id":"https:\/\/www.tuky.fi\/etusivu\/#organization"},"alternateName":"TuKY","potentialAction":[{"@type":"SearchAction","target":{"@type":"EntryPoint","urlTemplate":"https:\/\/www.tuky.fi\/etusivu\/?s={search_term_string}"},"query-input":{"@type":"PropertyValueSpecification","valueRequired":true,"valueName":"search_term_string"}}],"inLanguage":"fi"},{"@type":"Organization","@id":"https:\/\/www.tuky.fi\/etusivu\/#organization","name":"Turun KY","alternateName":"TuKY","url":"https:\/\/www.tuky.fi\/etusivu\/","logo":{"@type":"ImageObject","inLanguage":"fi","@id":"https:\/\/www.tuky.fi\/etusivu\/#\/schema\/logo\/image\/","url":"https:\/\/www.tuky.fi\/wp-content\/uploads\/2024\/09\/TuKY-logo-kulta-1.png","contentUrl":"https:\/\/www.tuky.fi\/wp-content\/uploads\/2024\/09\/TuKY-logo-kulta-1.png","width":1080,"height":1080,"caption":"Turun KY"},"image":{"@id":"https:\/\/www.tuky.fi\/etusivu\/#\/schema\/logo\/image\/"},"sameAs":["https:\/\/instagram.com\/turunky","https:\/\/linkedin.com\/turunky"]},{"@type":"Person","@id":"https:\/\/www.tuky.fi\/etusivu\/#\/schema\/person\/d1f6ea8c86143ee83cd1091dfde29a69","name":"Kulttuurivastaava","image":{"@type":"ImageObject","inLanguage":"fi","@id":"https:\/\/secure.gravatar.com\/avatar\/688f5ae69933705ed3d371e091a88192e3aea17c328f9180bc1c20090da573ae?s=96&d=mm&r=g","url":"https:\/\/secure.gravatar.com\/avatar\/688f5ae69933705ed3d371e091a88192e3aea17c328f9180bc1c20090da573ae?s=96&d=mm&r=g","contentUrl":"https:\/\/secure.gravatar.com\/avatar\/688f5ae69933705ed3d371e091a88192e3aea17c328f9180bc1c20090da573ae?s=96&d=mm&r=g","caption":"Kulttuurivastaava"},"url":"https:\/\/www.tuky.fi\/etusivu\/author\/ky-kulttuuri\/"}]}},"lang":"fi","translations":{"fi":14543},"pll_sync_post":[],"_links":{"self":[{"href":"https:\/\/www.tuky.fi\/etusivu\/wp-json\/wp\/v2\/posts\/14543","targetHints":{"allow":["GET"]}}],"collection":[{"href":"https:\/\/www.tuky.fi\/etusivu\/wp-json\/wp\/v2\/posts"}],"about":[{"href":"https:\/\/www.tuky.fi\/etusivu\/wp-json\/wp\/v2\/types\/post"}],"author":[{"embeddable":true,"href":"https:\/\/www.tuky.fi\/etusivu\/wp-json\/wp\/v2\/users\/15"}],"replies":[{"embeddable":true,"href":"https:\/\/www.tuky.fi\/etusivu\/wp-json\/wp\/v2\/comments?post=14543"}],"version-history":[{"count":0,"href":"https:\/\/www.tuky.fi\/etusivu\/wp-json\/wp\/v2\/posts\/14543\/revisions"}],"wp:attachment":[{"href":"https:\/\/www.tuky.fi\/etusivu\/wp-json\/wp\/v2\/media?parent=14543"}],"wp:term":[{"taxonomy":"category","embeddable":true,"href":"https:\/\/www.tuky.fi\/etusivu\/wp-json\/wp\/v2\/categories?post=14543"},{"taxonomy":"post_tag","embeddable":true,"href":"https:\/\/www.tuky.fi\/etusivu\/wp-json\/wp\/v2\/tags?post=14543"}],"curies":[{"name":"wp","href":"https:\/\/api.w.org\/{rel}","templated":true}]}}