{"id":14410,"date":"2015-05-03T19:44:07","date_gmt":"2015-05-03T17:44:07","guid":{"rendered":"http:\/\/tuky.fi\/?p=14410"},"modified":"2015-05-03T19:44:07","modified_gmt":"2015-05-03T17:44:07","slug":"kylluppi2015-on-taalla","status":"publish","type":"post","link":"https:\/\/www.tuky.fi\/etusivu\/news\/kylluppi2015-on-taalla\/","title":{"rendered":"KYlluppi2015 on t\u00e4\u00e4ll\u00e4!"},"content":{"rendered":"<p style=\"text-align: center\"><a href=\"http:\/\/tuky.fi\/wordpress\/wp-content\/uploads\/2013\/07\/8096589982_ba474b87b6_h.jpg\"><img loading=\"lazy\" decoding=\"async\" class=\"aligncenter  wp-image-7719\" alt=\"Turku School of Economics\" src=\"http:\/\/tuky.fi\/wordpress\/wp-content\/uploads\/2013\/07\/8096589982_ba474b87b6_h.jpg\" width=\"320\" height=\"212\" \/><\/a><\/p>\n<p>&nbsp;<\/p>\n<p><b>KYlluppi<\/b>\u00a0on Turun KY:n j\u00e4senille suunnattu vuosittain suoritettava kysely, jolla pyrit\u00e4\u00e4n selvitt\u00e4m\u00e4\u00e4n j\u00e4senist\u00f6n n\u00e4kemyksi\u00e4 siit\u00e4, miten kyltereiden opiskeluajasta tehd\u00e4\u00e4n yhdess\u00e4 paras mahdollinen.<\/p>\n<p>Onko koulumme kielten opetuksessa, tai muissa opintoihin liittyviss\u00e4 asioissa, parannettavaa? Oletko tyytyv\u00e4inen Parkkiin ja Monttuun? Miten kehitt\u00e4isit Turun KY:n viestint\u00e4\u00e4? Mit\u00e4 mielt\u00e4 olet Turun KY:n tarjoamista palveluista? N\u00e4ihin sek\u00e4 moniin muihin kysymyksiin p\u00e4\u00e4set vastaamaan allaolevan linkin\u00a0kautta.<\/p>\n<p>KYlluppiin vastaamalla voit vaivattomasti vaikuttaa siihen, millaista toimintaa ja opiskelijoiden edunvalvontaa Turun KY:ss\u00e4 tehd\u00e4\u00e4n. Vastaamalla kyselyyn p\u00e4\u00e4set kertomaan mielipiteesi my\u00f6s Turun kauppakorkeakoulun tarjoamasta opetuksen tasosta.\u00a0<b>Vastausaika on 17.5.2015 asti!<br \/>\n<\/b><br \/>\nKyselyyn vastanneiden kesken arvotaan huikeita palkintoja! Vastaukset k\u00e4sitell\u00e4\u00e4n t\u00e4ysin anonyymisti, mutta mik\u00e4li haluat osallistua arvontaan, kirjoitathan lomakkeeseen utu-tunnuksesi siihen varattuun tilaan.<\/p>\n<p>K\u00e4yt\u00e4 t\u00e4m\u00e4 palautteenantomahdollisuus hyv\u00e4ksesi!<\/p>\n<p><a href=\"https:\/\/www.webropolsurveys.com\/S\/E907B6C354DFDF65.par\">Siirry vastaamaan t\u00e4st\u00e4 linkist\u00e4!<\/a><\/p>\n<p><a href=\"http:\/\/tuky.fi\/wordpress\/wp-content\/uploads\/2015\/02\/Paula-Peltomaa-1.jpg\"><img loading=\"lazy\" decoding=\"async\" class=\"wp-image-13738 alignleft\" alt=\"Paula Peltomaa (1)\" src=\"http:\/\/tuky.fi\/wordpress\/wp-content\/uploads\/2015\/02\/Paula-Peltomaa-1.jpg\" width=\"178\" height=\"268\" \/><\/a><\/p>\n<p>&nbsp;<\/p>\n<p><em>Koulutuspoliittinen vastaava<\/em><\/p>\n<p><em>Paula Peltomaa<\/em><\/p>\n<p>&nbsp;<\/p>\n<p>&nbsp;<\/p>\n<p>&nbsp;<\/p>\n<p>&nbsp;<\/p>\n<p>&nbsp;<\/p>\n<p>&nbsp;<\/p>\n<p>&nbsp;<\/p>\n","protected":false},"excerpt":{"rendered":"<p>&nbsp; KYlluppi\u00a0on Turun KY:n j\u00e4senille suunnattu vuosittain suoritettava kysely, jolla pyrit\u00e4\u00e4n selvitt\u00e4m\u00e4\u00e4n j\u00e4senist\u00f6n n\u00e4kemyksi\u00e4 siit\u00e4, miten kyltereiden opiskeluajasta tehd\u00e4\u00e4n yhdess\u00e4 paras mahdollinen. Onko koulumme kielten opetuksessa, tai muissa opintoihin liittyviss\u00e4 [&hellip;]<\/p>\n","protected":false},"author":8,"featured_media":0,"comment_status":"open","ping_status":"open","sticky":false,"template":"","format":"standard","meta":{"_et_pb_use_builder":"","_et_pb_old_content":"","_et_gb_content_width":"","footnotes":""},"categories":[4],"tags":[128,49,179,175,67,180,129,176,177,41,96,14,505,48],"class_list":["post-14410","post","type-post","status-publish","format-standard","hentry","category-news","tag-edunvalvonta","tag-hyvinvointi","tag-jasenisto","tag-jasenkysely","tag-kansainvalisyys","tag-kopo","tag-koulutuspolitiikka","tag-kylluppi","tag-kysely","tag-monttu","tag-opetus","tag-parkki","tag-peltomaa","tag-viestinta"],"yoast_head":"<!-- This site is optimized with the Yoast SEO plugin v27.2 - https:\/\/yoast.com\/product\/yoast-seo-wordpress\/ -->\n<title>KYlluppi2015 on t\u00e4\u00e4ll\u00e4! - Turun KY<\/title>\n<meta name=\"robots\" content=\"index, follow, max-snippet:-1, max-image-preview:large, max-video-preview:-1\" \/>\n<link rel=\"canonical\" href=\"https:\/\/www.tuky.fi\/etusivu\/news\/kylluppi2015-on-taalla\/\" \/>\n<meta property=\"og:locale\" content=\"fi_FI\" \/>\n<meta property=\"og:type\" content=\"article\" \/>\n<meta property=\"og:title\" content=\"KYlluppi2015 on t\u00e4\u00e4ll\u00e4! - Turun KY\" \/>\n<meta property=\"og:description\" content=\"&nbsp; KYlluppi\u00a0on Turun KY:n j\u00e4senille suunnattu vuosittain suoritettava kysely, jolla pyrit\u00e4\u00e4n selvitt\u00e4m\u00e4\u00e4n j\u00e4senist\u00f6n n\u00e4kemyksi\u00e4 siit\u00e4, miten kyltereiden opiskeluajasta tehd\u00e4\u00e4n yhdess\u00e4 paras mahdollinen. Onko koulumme kielten opetuksessa, tai muissa opintoihin liittyviss\u00e4 [&hellip;]\" \/>\n<meta property=\"og:url\" content=\"https:\/\/www.tuky.fi\/etusivu\/news\/kylluppi2015-on-taalla\/\" \/>\n<meta property=\"og:site_name\" content=\"Turun KY\" \/>\n<meta property=\"article:published_time\" content=\"2015-05-03T17:44:07+00:00\" \/>\n<meta property=\"og:image\" content=\"http:\/\/tuky.fi\/wordpress\/wp-content\/uploads\/2013\/07\/8096589982_ba474b87b6_h.jpg\" \/>\n<meta name=\"author\" content=\"Koulutuspoliittinen vastaava\" \/>\n<meta name=\"twitter:card\" content=\"summary_large_image\" \/>\n<meta name=\"twitter:label1\" content=\"Kirjoittanut\" \/>\n\t<meta name=\"twitter:data1\" content=\"Koulutuspoliittinen vastaava\" \/>\n\t<meta name=\"twitter:label2\" content=\"Arvioitu lukuaika\" \/>\n\t<meta name=\"twitter:data2\" content=\"1 minuutti\" \/>\n<script type=\"application\/ld+json\" class=\"yoast-schema-graph\">{\"@context\":\"https:\/\/schema.org\",\"@graph\":[{\"@type\":\"Article\",\"@id\":\"https:\/\/www.tuky.fi\/etusivu\/news\/kylluppi2015-on-taalla\/#article\",\"isPartOf\":{\"@id\":\"https:\/\/www.tuky.fi\/etusivu\/news\/kylluppi2015-on-taalla\/\"},\"author\":{\"name\":\"Koulutuspoliittinen vastaava\",\"@id\":\"https:\/\/www.tuky.fi\/etusivu\/#\/schema\/person\/073351662690829f0e891b8e12a08593\"},\"headline\":\"KYlluppi2015 on t\u00e4\u00e4ll\u00e4!\",\"datePublished\":\"2015-05-03T17:44:07+00:00\",\"mainEntityOfPage\":{\"@id\":\"https:\/\/www.tuky.fi\/etusivu\/news\/kylluppi2015-on-taalla\/\"},\"wordCount\":160,\"commentCount\":0,\"publisher\":{\"@id\":\"https:\/\/www.tuky.fi\/etusivu\/#organization\"},\"image\":{\"@id\":\"https:\/\/www.tuky.fi\/etusivu\/news\/kylluppi2015-on-taalla\/#primaryimage\"},\"thumbnailUrl\":\"http:\/\/tuky.fi\/wordpress\/wp-content\/uploads\/2013\/07\/8096589982_ba474b87b6_h.jpg\",\"keywords\":[\"Edunvalvonta\",\"hyvinvointi\",\"j\u00e4senist\u00f6\",\"j\u00e4senkysely\",\"kansainv\u00e4lisyys\",\"Kopo\",\"Koulutuspolitiikka\",\"kylluppi\",\"kysely\",\"Monttu\",\"opetus\",\"Parkki\",\"peltomaa\",\"viestint\u00e4\"],\"articleSection\":[\"news\"],\"inLanguage\":\"fi\",\"potentialAction\":[{\"@type\":\"CommentAction\",\"name\":\"Comment\",\"target\":[\"https:\/\/www.tuky.fi\/etusivu\/news\/kylluppi2015-on-taalla\/#respond\"]}]},{\"@type\":\"WebPage\",\"@id\":\"https:\/\/www.tuky.fi\/etusivu\/news\/kylluppi2015-on-taalla\/\",\"url\":\"https:\/\/www.tuky.fi\/etusivu\/news\/kylluppi2015-on-taalla\/\",\"name\":\"KYlluppi2015 on t\u00e4\u00e4ll\u00e4! - Turun KY\",\"isPartOf\":{\"@id\":\"https:\/\/www.tuky.fi\/etusivu\/#website\"},\"primaryImageOfPage\":{\"@id\":\"https:\/\/www.tuky.fi\/etusivu\/news\/kylluppi2015-on-taalla\/#primaryimage\"},\"image\":{\"@id\":\"https:\/\/www.tuky.fi\/etusivu\/news\/kylluppi2015-on-taalla\/#primaryimage\"},\"thumbnailUrl\":\"http:\/\/tuky.fi\/wordpress\/wp-content\/uploads\/2013\/07\/8096589982_ba474b87b6_h.jpg\",\"datePublished\":\"2015-05-03T17:44:07+00:00\",\"breadcrumb\":{\"@id\":\"https:\/\/www.tuky.fi\/etusivu\/news\/kylluppi2015-on-taalla\/#breadcrumb\"},\"inLanguage\":\"fi\",\"potentialAction\":[{\"@type\":\"ReadAction\",\"target\":[\"https:\/\/www.tuky.fi\/etusivu\/news\/kylluppi2015-on-taalla\/\"]}]},{\"@type\":\"ImageObject\",\"inLanguage\":\"fi\",\"@id\":\"https:\/\/www.tuky.fi\/etusivu\/news\/kylluppi2015-on-taalla\/#primaryimage\",\"url\":\"http:\/\/tuky.fi\/wordpress\/wp-content\/uploads\/2013\/07\/8096589982_ba474b87b6_h.jpg\",\"contentUrl\":\"http:\/\/tuky.fi\/wordpress\/wp-content\/uploads\/2013\/07\/8096589982_ba474b87b6_h.jpg\"},{\"@type\":\"BreadcrumbList\",\"@id\":\"https:\/\/www.tuky.fi\/etusivu\/news\/kylluppi2015-on-taalla\/#breadcrumb\",\"itemListElement\":[{\"@type\":\"ListItem\",\"position\":1,\"name\":\"Etusivu\",\"item\":\"https:\/\/www.tuky.fi\/etusivu\/\"},{\"@type\":\"ListItem\",\"position\":2,\"name\":\"KYlluppi2015 on t\u00e4\u00e4ll\u00e4!\"}]},{\"@type\":\"WebSite\",\"@id\":\"https:\/\/www.tuky.fi\/etusivu\/#website\",\"url\":\"https:\/\/www.tuky.fi\/etusivu\/\",\"name\":\"Turun KY\",\"description\":\"TuKY\",\"publisher\":{\"@id\":\"https:\/\/www.tuky.fi\/etusivu\/#organization\"},\"alternateName\":\"TuKY\",\"potentialAction\":[{\"@type\":\"SearchAction\",\"target\":{\"@type\":\"EntryPoint\",\"urlTemplate\":\"https:\/\/www.tuky.fi\/etusivu\/?s={search_term_string}\"},\"query-input\":{\"@type\":\"PropertyValueSpecification\",\"valueRequired\":true,\"valueName\":\"search_term_string\"}}],\"inLanguage\":\"fi\"},{\"@type\":\"Organization\",\"@id\":\"https:\/\/www.tuky.fi\/etusivu\/#organization\",\"name\":\"Turun KY\",\"alternateName\":\"TuKY\",\"url\":\"https:\/\/www.tuky.fi\/etusivu\/\",\"logo\":{\"@type\":\"ImageObject\",\"inLanguage\":\"fi\",\"@id\":\"https:\/\/www.tuky.fi\/etusivu\/#\/schema\/logo\/image\/\",\"url\":\"https:\/\/www.tuky.fi\/wp-content\/uploads\/2024\/09\/TuKY-logo-kulta-1.png\",\"contentUrl\":\"https:\/\/www.tuky.fi\/wp-content\/uploads\/2024\/09\/TuKY-logo-kulta-1.png\",\"width\":1080,\"height\":1080,\"caption\":\"Turun KY\"},\"image\":{\"@id\":\"https:\/\/www.tuky.fi\/etusivu\/#\/schema\/logo\/image\/\"},\"sameAs\":[\"https:\/\/instagram.com\/turunky\",\"https:\/\/linkedin.com\/turunky\"]},{\"@type\":\"Person\",\"@id\":\"https:\/\/www.tuky.fi\/etusivu\/#\/schema\/person\/073351662690829f0e891b8e12a08593\",\"name\":\"Koulutuspoliittinen vastaava\",\"image\":{\"@type\":\"ImageObject\",\"inLanguage\":\"fi\",\"@id\":\"https:\/\/secure.gravatar.com\/avatar\/4082d64b4eb2bd56b709be6b1fc26e767dfa41978007f58a4bc79154a740adb8?s=96&d=mm&r=g\",\"url\":\"https:\/\/secure.gravatar.com\/avatar\/4082d64b4eb2bd56b709be6b1fc26e767dfa41978007f58a4bc79154a740adb8?s=96&d=mm&r=g\",\"contentUrl\":\"https:\/\/secure.gravatar.com\/avatar\/4082d64b4eb2bd56b709be6b1fc26e767dfa41978007f58a4bc79154a740adb8?s=96&d=mm&r=g\",\"caption\":\"Koulutuspoliittinen vastaava\"},\"url\":\"https:\/\/www.tuky.fi\/etusivu\/author\/ky-kopo\/\"}]}<\/script>\n<!-- \/ Yoast SEO plugin. -->","yoast_head_json":{"title":"KYlluppi2015 on t\u00e4\u00e4ll\u00e4! - Turun KY","robots":{"index":"index","follow":"follow","max-snippet":"max-snippet:-1","max-image-preview":"max-image-preview:large","max-video-preview":"max-video-preview:-1"},"canonical":"https:\/\/www.tuky.fi\/etusivu\/news\/kylluppi2015-on-taalla\/","og_locale":"fi_FI","og_type":"article","og_title":"KYlluppi2015 on t\u00e4\u00e4ll\u00e4! - Turun KY","og_description":"&nbsp; KYlluppi\u00a0on Turun KY:n j\u00e4senille suunnattu vuosittain suoritettava kysely, jolla pyrit\u00e4\u00e4n selvitt\u00e4m\u00e4\u00e4n j\u00e4senist\u00f6n n\u00e4kemyksi\u00e4 siit\u00e4, miten kyltereiden opiskeluajasta tehd\u00e4\u00e4n yhdess\u00e4 paras mahdollinen. Onko koulumme kielten opetuksessa, tai muissa opintoihin liittyviss\u00e4 [&hellip;]","og_url":"https:\/\/www.tuky.fi\/etusivu\/news\/kylluppi2015-on-taalla\/","og_site_name":"Turun KY","article_published_time":"2015-05-03T17:44:07+00:00","og_image":[{"url":"http:\/\/tuky.fi\/wordpress\/wp-content\/uploads\/2013\/07\/8096589982_ba474b87b6_h.jpg","type":"","width":"","height":""}],"author":"Koulutuspoliittinen vastaava","twitter_card":"summary_large_image","twitter_misc":{"Kirjoittanut":"Koulutuspoliittinen vastaava","Arvioitu lukuaika":"1 minuutti"},"schema":{"@context":"https:\/\/schema.org","@graph":[{"@type":"Article","@id":"https:\/\/www.tuky.fi\/etusivu\/news\/kylluppi2015-on-taalla\/#article","isPartOf":{"@id":"https:\/\/www.tuky.fi\/etusivu\/news\/kylluppi2015-on-taalla\/"},"author":{"name":"Koulutuspoliittinen vastaava","@id":"https:\/\/www.tuky.fi\/etusivu\/#\/schema\/person\/073351662690829f0e891b8e12a08593"},"headline":"KYlluppi2015 on t\u00e4\u00e4ll\u00e4!","datePublished":"2015-05-03T17:44:07+00:00","mainEntityOfPage":{"@id":"https:\/\/www.tuky.fi\/etusivu\/news\/kylluppi2015-on-taalla\/"},"wordCount":160,"commentCount":0,"publisher":{"@id":"https:\/\/www.tuky.fi\/etusivu\/#organization"},"image":{"@id":"https:\/\/www.tuky.fi\/etusivu\/news\/kylluppi2015-on-taalla\/#primaryimage"},"thumbnailUrl":"http:\/\/tuky.fi\/wordpress\/wp-content\/uploads\/2013\/07\/8096589982_ba474b87b6_h.jpg","keywords":["Edunvalvonta","hyvinvointi","j\u00e4senist\u00f6","j\u00e4senkysely","kansainv\u00e4lisyys","Kopo","Koulutuspolitiikka","kylluppi","kysely","Monttu","opetus","Parkki","peltomaa","viestint\u00e4"],"articleSection":["news"],"inLanguage":"fi","potentialAction":[{"@type":"CommentAction","name":"Comment","target":["https:\/\/www.tuky.fi\/etusivu\/news\/kylluppi2015-on-taalla\/#respond"]}]},{"@type":"WebPage","@id":"https:\/\/www.tuky.fi\/etusivu\/news\/kylluppi2015-on-taalla\/","url":"https:\/\/www.tuky.fi\/etusivu\/news\/kylluppi2015-on-taalla\/","name":"KYlluppi2015 on t\u00e4\u00e4ll\u00e4! - Turun KY","isPartOf":{"@id":"https:\/\/www.tuky.fi\/etusivu\/#website"},"primaryImageOfPage":{"@id":"https:\/\/www.tuky.fi\/etusivu\/news\/kylluppi2015-on-taalla\/#primaryimage"},"image":{"@id":"https:\/\/www.tuky.fi\/etusivu\/news\/kylluppi2015-on-taalla\/#primaryimage"},"thumbnailUrl":"http:\/\/tuky.fi\/wordpress\/wp-content\/uploads\/2013\/07\/8096589982_ba474b87b6_h.jpg","datePublished":"2015-05-03T17:44:07+00:00","breadcrumb":{"@id":"https:\/\/www.tuky.fi\/etusivu\/news\/kylluppi2015-on-taalla\/#breadcrumb"},"inLanguage":"fi","potentialAction":[{"@type":"ReadAction","target":["https:\/\/www.tuky.fi\/etusivu\/news\/kylluppi2015-on-taalla\/"]}]},{"@type":"ImageObject","inLanguage":"fi","@id":"https:\/\/www.tuky.fi\/etusivu\/news\/kylluppi2015-on-taalla\/#primaryimage","url":"http:\/\/tuky.fi\/wordpress\/wp-content\/uploads\/2013\/07\/8096589982_ba474b87b6_h.jpg","contentUrl":"http:\/\/tuky.fi\/wordpress\/wp-content\/uploads\/2013\/07\/8096589982_ba474b87b6_h.jpg"},{"@type":"BreadcrumbList","@id":"https:\/\/www.tuky.fi\/etusivu\/news\/kylluppi2015-on-taalla\/#breadcrumb","itemListElement":[{"@type":"ListItem","position":1,"name":"Etusivu","item":"https:\/\/www.tuky.fi\/etusivu\/"},{"@type":"ListItem","position":2,"name":"KYlluppi2015 on t\u00e4\u00e4ll\u00e4!"}]},{"@type":"WebSite","@id":"https:\/\/www.tuky.fi\/etusivu\/#website","url":"https:\/\/www.tuky.fi\/etusivu\/","name":"Turun KY","description":"TuKY","publisher":{"@id":"https:\/\/www.tuky.fi\/etusivu\/#organization"},"alternateName":"TuKY","potentialAction":[{"@type":"SearchAction","target":{"@type":"EntryPoint","urlTemplate":"https:\/\/www.tuky.fi\/etusivu\/?s={search_term_string}"},"query-input":{"@type":"PropertyValueSpecification","valueRequired":true,"valueName":"search_term_string"}}],"inLanguage":"fi"},{"@type":"Organization","@id":"https:\/\/www.tuky.fi\/etusivu\/#organization","name":"Turun KY","alternateName":"TuKY","url":"https:\/\/www.tuky.fi\/etusivu\/","logo":{"@type":"ImageObject","inLanguage":"fi","@id":"https:\/\/www.tuky.fi\/etusivu\/#\/schema\/logo\/image\/","url":"https:\/\/www.tuky.fi\/wp-content\/uploads\/2024\/09\/TuKY-logo-kulta-1.png","contentUrl":"https:\/\/www.tuky.fi\/wp-content\/uploads\/2024\/09\/TuKY-logo-kulta-1.png","width":1080,"height":1080,"caption":"Turun KY"},"image":{"@id":"https:\/\/www.tuky.fi\/etusivu\/#\/schema\/logo\/image\/"},"sameAs":["https:\/\/instagram.com\/turunky","https:\/\/linkedin.com\/turunky"]},{"@type":"Person","@id":"https:\/\/www.tuky.fi\/etusivu\/#\/schema\/person\/073351662690829f0e891b8e12a08593","name":"Koulutuspoliittinen vastaava","image":{"@type":"ImageObject","inLanguage":"fi","@id":"https:\/\/secure.gravatar.com\/avatar\/4082d64b4eb2bd56b709be6b1fc26e767dfa41978007f58a4bc79154a740adb8?s=96&d=mm&r=g","url":"https:\/\/secure.gravatar.com\/avatar\/4082d64b4eb2bd56b709be6b1fc26e767dfa41978007f58a4bc79154a740adb8?s=96&d=mm&r=g","contentUrl":"https:\/\/secure.gravatar.com\/avatar\/4082d64b4eb2bd56b709be6b1fc26e767dfa41978007f58a4bc79154a740adb8?s=96&d=mm&r=g","caption":"Koulutuspoliittinen vastaava"},"url":"https:\/\/www.tuky.fi\/etusivu\/author\/ky-kopo\/"}]}},"lang":"fi","translations":{"fi":14410},"pll_sync_post":[],"_links":{"self":[{"href":"https:\/\/www.tuky.fi\/etusivu\/wp-json\/wp\/v2\/posts\/14410","targetHints":{"allow":["GET"]}}],"collection":[{"href":"https:\/\/www.tuky.fi\/etusivu\/wp-json\/wp\/v2\/posts"}],"about":[{"href":"https:\/\/www.tuky.fi\/etusivu\/wp-json\/wp\/v2\/types\/post"}],"author":[{"embeddable":true,"href":"https:\/\/www.tuky.fi\/etusivu\/wp-json\/wp\/v2\/users\/8"}],"replies":[{"embeddable":true,"href":"https:\/\/www.tuky.fi\/etusivu\/wp-json\/wp\/v2\/comments?post=14410"}],"version-history":[{"count":0,"href":"https:\/\/www.tuky.fi\/etusivu\/wp-json\/wp\/v2\/posts\/14410\/revisions"}],"wp:attachment":[{"href":"https:\/\/www.tuky.fi\/etusivu\/wp-json\/wp\/v2\/media?parent=14410"}],"wp:term":[{"taxonomy":"category","embeddable":true,"href":"https:\/\/www.tuky.fi\/etusivu\/wp-json\/wp\/v2\/categories?post=14410"},{"taxonomy":"post_tag","embeddable":true,"href":"https:\/\/www.tuky.fi\/etusivu\/wp-json\/wp\/v2\/tags?post=14410"}],"curies":[{"name":"wp","href":"https:\/\/api.w.org\/{rel}","templated":true}]}}