{"id":14387,"date":"2015-05-02T16:15:30","date_gmt":"2015-05-02T14:15:30","guid":{"rendered":"http:\/\/tuky.fi\/?p=14387"},"modified":"2015-05-02T16:15:30","modified_gmt":"2015-05-02T14:15:30","slug":"uusi-yhteistyokumppanimme-ja-kuukauden-yritys-deloitte","status":"publish","type":"post","link":"https:\/\/www.tuky.fi\/etusivu\/news\/uusi-yhteistyokumppanimme-ja-kuukauden-yritys-deloitte\/","title":{"rendered":"Uusi yhteisty\u00f6kumppanimme: Deloitte"},"content":{"rendered":"<p>Terveiset Deloittelta!<\/p>\n<p><a href=\"http:\/\/tuky.fi\/wordpress\/wp-content\/uploads\/2015\/05\/DEL-PRI-RGB.jpg\"><img loading=\"lazy\" decoding=\"async\" class=\" wp-image-14388 alignleft\" alt=\"DEL_PRI_RGB\" src=\"http:\/\/tuky.fi\/wordpress\/wp-content\/uploads\/2015\/05\/DEL-PRI-RGB.jpg\" width=\"533\" height=\"100\" \/><\/a><\/p>\n<p>&nbsp;<\/p>\n<p>&nbsp;<\/p>\n<p>&nbsp;<\/p>\n<p>&nbsp;<\/p>\n<p>&nbsp;<\/p>\n<p>On hienoa p\u00e4\u00e4st\u00e4 tekem\u00e4\u00e4n yhdistyksenne kanssa yhteisty\u00f6t\u00e4 ja odotamme innolla, mit\u00e4 kaikkea uutta ja hienoa se tuo mukanaan!<\/p>\n<p>Tiesitkin ehk\u00e4 jo, ett\u00e4 olemme yksi maailman johtavista asiantuntijaorganisaatioista. Ydinosaamistamme ovat tilintarkastuspalvelut, liikkeenjohdon konsultointi, vero- ja lakineuvonta sek\u00e4 yritysj\u00e4rjestelyt. Toimimme yli 150 maassa: Suomessa meit\u00e4 deloittelaisia on reilut 400 ja maailmanlaajuisesti yli 200 000. Kaiken tekemisemme ytimess\u00e4 ovat asiakkaamme. Autamme heit\u00e4 menestym\u00e4\u00e4n yhdist\u00e4m\u00e4ll\u00e4 kansainv\u00e4lisen verkostomme ja vahvan paikallisen osaamisemme kokonaisvaltaisiksi, innovatiivisiksi ratkaisuiksi.<\/p>\n<p>Meille on t\u00e4rke\u00e4\u00e4 toimia avoimesti, sitoutua asiakkaisiimme ja toisiimme, luoda asiakkaillemme erinomaista lis\u00e4arvoa ja toimia toistemme erilaisuutta kunnioittaen. Itse nautin erityisesti mukavista kollegoista, energisest\u00e4 fiiliksest\u00e4 ja vaihtelevista ty\u00f6teht\u00e4vist\u00e4. Tapaamme t\u00f6iden ohessa my\u00f6s yhteisten harrastusten, aamiaisten, perjantai-iltap\u00e4ivien tai muiden henkil\u00f6st\u00f6tapahtumiemme parissa.<br \/>\nTarjoamme vuosittain el\u00e4myksi\u00e4, kasvumahdollisuuksia, haasteita ja onnistumisia uraansa aloitteleville asiantuntijoille. Voit tutustua heid\u00e4n kokemuksiinsa <a href=\"http:\/\/www2.deloitte.com\/fi\/en\/careers\/students.html?icid=top_students\" target=\"_blank\">nettisivuillamme<\/a>.<\/p>\n<p>&nbsp;<\/p>\n<p>Tykk\u00e4\u00e4 meist\u00e4 <a href=\"https:\/\/www.facebook.com\/DeloitteFinland?ref=ts&amp;fref=ts\" target=\"_blank\">Facebookissa<\/a> ja verkostoidu kanssamme <a href=\"https:\/\/www.linkedin.com\/company\/2506324?trk=tyah&amp;trkInfo=clickedVertical%3Acompany%2Cidx%3A2-1-4%2CtarId%3A1430581612201%2Ctas%3Adeloitte%20finland\" target=\"_blank\">LinkedIn:ss\u00e4<\/a>! Toivottavasti tapaamme pian!<br \/>\nKaikkien deloittelaisten puolesta,<br \/>\nAnne Laaksonen<\/p>\n","protected":false},"excerpt":{"rendered":"<p>Terveiset Deloittelta! &nbsp; &nbsp; &nbsp; &nbsp; &nbsp; On hienoa p\u00e4\u00e4st\u00e4 tekem\u00e4\u00e4n yhdistyksenne kanssa yhteisty\u00f6t\u00e4 ja odotamme innolla, mit\u00e4 kaikkea uutta ja hienoa se tuo mukanaan! Tiesitkin ehk\u00e4 jo, ett\u00e4 olemme [&hellip;]<\/p>\n","protected":false},"author":42,"featured_media":0,"comment_status":"open","ping_status":"open","sticky":false,"template":"","format":"standard","meta":{"_et_pb_use_builder":"","_et_pb_old_content":"","_et_gb_content_width":"","footnotes":""},"categories":[4,8],"tags":[],"class_list":["post-14387","post","type-post","status-publish","format-standard","hentry","category-news","category-yst_uutiset"],"yoast_head":"<!-- This site is optimized with the Yoast SEO plugin v27.2 - https:\/\/yoast.com\/product\/yoast-seo-wordpress\/ -->\n<title>Uusi yhteisty\u00f6kumppanimme: Deloitte - Turun KY<\/title>\n<meta name=\"robots\" content=\"index, follow, max-snippet:-1, max-image-preview:large, max-video-preview:-1\" \/>\n<link rel=\"canonical\" href=\"https:\/\/www.tuky.fi\/etusivu\/news\/uusi-yhteistyokumppanimme-ja-kuukauden-yritys-deloitte\/\" \/>\n<meta property=\"og:locale\" content=\"fi_FI\" \/>\n<meta property=\"og:type\" content=\"article\" \/>\n<meta property=\"og:title\" content=\"Uusi yhteisty\u00f6kumppanimme: Deloitte - Turun KY\" \/>\n<meta property=\"og:description\" content=\"Terveiset Deloittelta! &nbsp; &nbsp; &nbsp; &nbsp; &nbsp; On hienoa p\u00e4\u00e4st\u00e4 tekem\u00e4\u00e4n yhdistyksenne kanssa yhteisty\u00f6t\u00e4 ja odotamme innolla, mit\u00e4 kaikkea uutta ja hienoa se tuo mukanaan! Tiesitkin ehk\u00e4 jo, ett\u00e4 olemme [&hellip;]\" \/>\n<meta property=\"og:url\" content=\"https:\/\/www.tuky.fi\/etusivu\/news\/uusi-yhteistyokumppanimme-ja-kuukauden-yritys-deloitte\/\" \/>\n<meta property=\"og:site_name\" content=\"Turun KY\" \/>\n<meta property=\"article:published_time\" content=\"2015-05-02T14:15:30+00:00\" \/>\n<meta property=\"og:image\" content=\"http:\/\/tuky.fi\/wordpress\/wp-content\/uploads\/2015\/05\/DEL-PRI-RGB.jpg\" \/>\n<meta name=\"author\" content=\"Myyntip\u00e4\u00e4llikk\u00f6\" \/>\n<meta name=\"twitter:card\" content=\"summary_large_image\" \/>\n<meta name=\"twitter:label1\" content=\"Kirjoittanut\" \/>\n\t<meta name=\"twitter:data1\" content=\"Myyntip\u00e4\u00e4llikk\u00f6\" \/>\n\t<meta name=\"twitter:label2\" content=\"Arvioitu lukuaika\" \/>\n\t<meta name=\"twitter:data2\" content=\"1 minuutti\" \/>\n<script type=\"application\/ld+json\" class=\"yoast-schema-graph\">{\"@context\":\"https:\/\/schema.org\",\"@graph\":[{\"@type\":\"Article\",\"@id\":\"https:\/\/www.tuky.fi\/etusivu\/news\/uusi-yhteistyokumppanimme-ja-kuukauden-yritys-deloitte\/#article\",\"isPartOf\":{\"@id\":\"https:\/\/www.tuky.fi\/etusivu\/news\/uusi-yhteistyokumppanimme-ja-kuukauden-yritys-deloitte\/\"},\"author\":{\"name\":\"Myyntip\u00e4\u00e4llikk\u00f6\",\"@id\":\"https:\/\/www.tuky.fi\/etusivu\/#\/schema\/person\/66e53fffc743e17ca9d5603336ee4d59\"},\"headline\":\"Uusi yhteisty\u00f6kumppanimme: Deloitte\",\"datePublished\":\"2015-05-02T14:15:30+00:00\",\"mainEntityOfPage\":{\"@id\":\"https:\/\/www.tuky.fi\/etusivu\/news\/uusi-yhteistyokumppanimme-ja-kuukauden-yritys-deloitte\/\"},\"wordCount\":168,\"commentCount\":0,\"publisher\":{\"@id\":\"https:\/\/www.tuky.fi\/etusivu\/#organization\"},\"image\":{\"@id\":\"https:\/\/www.tuky.fi\/etusivu\/news\/uusi-yhteistyokumppanimme-ja-kuukauden-yritys-deloitte\/#primaryimage\"},\"thumbnailUrl\":\"http:\/\/tuky.fi\/wordpress\/wp-content\/uploads\/2015\/05\/DEL-PRI-RGB.jpg\",\"articleSection\":[\"news\",\"YST - Uutiset\"],\"inLanguage\":\"fi\",\"potentialAction\":[{\"@type\":\"CommentAction\",\"name\":\"Comment\",\"target\":[\"https:\/\/www.tuky.fi\/etusivu\/news\/uusi-yhteistyokumppanimme-ja-kuukauden-yritys-deloitte\/#respond\"]}]},{\"@type\":\"WebPage\",\"@id\":\"https:\/\/www.tuky.fi\/etusivu\/news\/uusi-yhteistyokumppanimme-ja-kuukauden-yritys-deloitte\/\",\"url\":\"https:\/\/www.tuky.fi\/etusivu\/news\/uusi-yhteistyokumppanimme-ja-kuukauden-yritys-deloitte\/\",\"name\":\"Uusi yhteisty\u00f6kumppanimme: Deloitte - Turun KY\",\"isPartOf\":{\"@id\":\"https:\/\/www.tuky.fi\/etusivu\/#website\"},\"primaryImageOfPage\":{\"@id\":\"https:\/\/www.tuky.fi\/etusivu\/news\/uusi-yhteistyokumppanimme-ja-kuukauden-yritys-deloitte\/#primaryimage\"},\"image\":{\"@id\":\"https:\/\/www.tuky.fi\/etusivu\/news\/uusi-yhteistyokumppanimme-ja-kuukauden-yritys-deloitte\/#primaryimage\"},\"thumbnailUrl\":\"http:\/\/tuky.fi\/wordpress\/wp-content\/uploads\/2015\/05\/DEL-PRI-RGB.jpg\",\"datePublished\":\"2015-05-02T14:15:30+00:00\",\"breadcrumb\":{\"@id\":\"https:\/\/www.tuky.fi\/etusivu\/news\/uusi-yhteistyokumppanimme-ja-kuukauden-yritys-deloitte\/#breadcrumb\"},\"inLanguage\":\"fi\",\"potentialAction\":[{\"@type\":\"ReadAction\",\"target\":[\"https:\/\/www.tuky.fi\/etusivu\/news\/uusi-yhteistyokumppanimme-ja-kuukauden-yritys-deloitte\/\"]}]},{\"@type\":\"ImageObject\",\"inLanguage\":\"fi\",\"@id\":\"https:\/\/www.tuky.fi\/etusivu\/news\/uusi-yhteistyokumppanimme-ja-kuukauden-yritys-deloitte\/#primaryimage\",\"url\":\"http:\/\/tuky.fi\/wordpress\/wp-content\/uploads\/2015\/05\/DEL-PRI-RGB.jpg\",\"contentUrl\":\"http:\/\/tuky.fi\/wordpress\/wp-content\/uploads\/2015\/05\/DEL-PRI-RGB.jpg\"},{\"@type\":\"BreadcrumbList\",\"@id\":\"https:\/\/www.tuky.fi\/etusivu\/news\/uusi-yhteistyokumppanimme-ja-kuukauden-yritys-deloitte\/#breadcrumb\",\"itemListElement\":[{\"@type\":\"ListItem\",\"position\":1,\"name\":\"Etusivu\",\"item\":\"https:\/\/www.tuky.fi\/etusivu\/\"},{\"@type\":\"ListItem\",\"position\":2,\"name\":\"Uusi yhteisty\u00f6kumppanimme: Deloitte\"}]},{\"@type\":\"WebSite\",\"@id\":\"https:\/\/www.tuky.fi\/etusivu\/#website\",\"url\":\"https:\/\/www.tuky.fi\/etusivu\/\",\"name\":\"Turun KY\",\"description\":\"TuKY\",\"publisher\":{\"@id\":\"https:\/\/www.tuky.fi\/etusivu\/#organization\"},\"alternateName\":\"TuKY\",\"potentialAction\":[{\"@type\":\"SearchAction\",\"target\":{\"@type\":\"EntryPoint\",\"urlTemplate\":\"https:\/\/www.tuky.fi\/etusivu\/?s={search_term_string}\"},\"query-input\":{\"@type\":\"PropertyValueSpecification\",\"valueRequired\":true,\"valueName\":\"search_term_string\"}}],\"inLanguage\":\"fi\"},{\"@type\":\"Organization\",\"@id\":\"https:\/\/www.tuky.fi\/etusivu\/#organization\",\"name\":\"Turun KY\",\"alternateName\":\"TuKY\",\"url\":\"https:\/\/www.tuky.fi\/etusivu\/\",\"logo\":{\"@type\":\"ImageObject\",\"inLanguage\":\"fi\",\"@id\":\"https:\/\/www.tuky.fi\/etusivu\/#\/schema\/logo\/image\/\",\"url\":\"https:\/\/www.tuky.fi\/wp-content\/uploads\/2024\/09\/TuKY-logo-kulta-1.png\",\"contentUrl\":\"https:\/\/www.tuky.fi\/wp-content\/uploads\/2024\/09\/TuKY-logo-kulta-1.png\",\"width\":1080,\"height\":1080,\"caption\":\"Turun KY\"},\"image\":{\"@id\":\"https:\/\/www.tuky.fi\/etusivu\/#\/schema\/logo\/image\/\"},\"sameAs\":[\"https:\/\/instagram.com\/turunky\",\"https:\/\/linkedin.com\/turunky\"]},{\"@type\":\"Person\",\"@id\":\"https:\/\/www.tuky.fi\/etusivu\/#\/schema\/person\/66e53fffc743e17ca9d5603336ee4d59\",\"name\":\"Myyntip\u00e4\u00e4llikk\u00f6\",\"image\":{\"@type\":\"ImageObject\",\"inLanguage\":\"fi\",\"@id\":\"https:\/\/secure.gravatar.com\/avatar\/8b962a9242c53dff7d2be24f16a604a8094c1e5fbb76a692d2c8aa5be966ed37?s=96&d=mm&r=g\",\"url\":\"https:\/\/secure.gravatar.com\/avatar\/8b962a9242c53dff7d2be24f16a604a8094c1e5fbb76a692d2c8aa5be966ed37?s=96&d=mm&r=g\",\"contentUrl\":\"https:\/\/secure.gravatar.com\/avatar\/8b962a9242c53dff7d2be24f16a604a8094c1e5fbb76a692d2c8aa5be966ed37?s=96&d=mm&r=g\",\"caption\":\"Myyntip\u00e4\u00e4llikk\u00f6\"},\"url\":\"https:\/\/www.tuky.fi\/etusivu\/author\/ky-myyntipaallikko\/\"}]}<\/script>\n<!-- \/ Yoast SEO plugin. -->","yoast_head_json":{"title":"Uusi yhteisty\u00f6kumppanimme: Deloitte - Turun KY","robots":{"index":"index","follow":"follow","max-snippet":"max-snippet:-1","max-image-preview":"max-image-preview:large","max-video-preview":"max-video-preview:-1"},"canonical":"https:\/\/www.tuky.fi\/etusivu\/news\/uusi-yhteistyokumppanimme-ja-kuukauden-yritys-deloitte\/","og_locale":"fi_FI","og_type":"article","og_title":"Uusi yhteisty\u00f6kumppanimme: Deloitte - Turun KY","og_description":"Terveiset Deloittelta! &nbsp; &nbsp; &nbsp; &nbsp; &nbsp; On hienoa p\u00e4\u00e4st\u00e4 tekem\u00e4\u00e4n yhdistyksenne kanssa yhteisty\u00f6t\u00e4 ja odotamme innolla, mit\u00e4 kaikkea uutta ja hienoa se tuo mukanaan! Tiesitkin ehk\u00e4 jo, ett\u00e4 olemme [&hellip;]","og_url":"https:\/\/www.tuky.fi\/etusivu\/news\/uusi-yhteistyokumppanimme-ja-kuukauden-yritys-deloitte\/","og_site_name":"Turun KY","article_published_time":"2015-05-02T14:15:30+00:00","og_image":[{"url":"http:\/\/tuky.fi\/wordpress\/wp-content\/uploads\/2015\/05\/DEL-PRI-RGB.jpg","type":"","width":"","height":""}],"author":"Myyntip\u00e4\u00e4llikk\u00f6","twitter_card":"summary_large_image","twitter_misc":{"Kirjoittanut":"Myyntip\u00e4\u00e4llikk\u00f6","Arvioitu lukuaika":"1 minuutti"},"schema":{"@context":"https:\/\/schema.org","@graph":[{"@type":"Article","@id":"https:\/\/www.tuky.fi\/etusivu\/news\/uusi-yhteistyokumppanimme-ja-kuukauden-yritys-deloitte\/#article","isPartOf":{"@id":"https:\/\/www.tuky.fi\/etusivu\/news\/uusi-yhteistyokumppanimme-ja-kuukauden-yritys-deloitte\/"},"author":{"name":"Myyntip\u00e4\u00e4llikk\u00f6","@id":"https:\/\/www.tuky.fi\/etusivu\/#\/schema\/person\/66e53fffc743e17ca9d5603336ee4d59"},"headline":"Uusi yhteisty\u00f6kumppanimme: Deloitte","datePublished":"2015-05-02T14:15:30+00:00","mainEntityOfPage":{"@id":"https:\/\/www.tuky.fi\/etusivu\/news\/uusi-yhteistyokumppanimme-ja-kuukauden-yritys-deloitte\/"},"wordCount":168,"commentCount":0,"publisher":{"@id":"https:\/\/www.tuky.fi\/etusivu\/#organization"},"image":{"@id":"https:\/\/www.tuky.fi\/etusivu\/news\/uusi-yhteistyokumppanimme-ja-kuukauden-yritys-deloitte\/#primaryimage"},"thumbnailUrl":"http:\/\/tuky.fi\/wordpress\/wp-content\/uploads\/2015\/05\/DEL-PRI-RGB.jpg","articleSection":["news","YST - Uutiset"],"inLanguage":"fi","potentialAction":[{"@type":"CommentAction","name":"Comment","target":["https:\/\/www.tuky.fi\/etusivu\/news\/uusi-yhteistyokumppanimme-ja-kuukauden-yritys-deloitte\/#respond"]}]},{"@type":"WebPage","@id":"https:\/\/www.tuky.fi\/etusivu\/news\/uusi-yhteistyokumppanimme-ja-kuukauden-yritys-deloitte\/","url":"https:\/\/www.tuky.fi\/etusivu\/news\/uusi-yhteistyokumppanimme-ja-kuukauden-yritys-deloitte\/","name":"Uusi yhteisty\u00f6kumppanimme: Deloitte - Turun KY","isPartOf":{"@id":"https:\/\/www.tuky.fi\/etusivu\/#website"},"primaryImageOfPage":{"@id":"https:\/\/www.tuky.fi\/etusivu\/news\/uusi-yhteistyokumppanimme-ja-kuukauden-yritys-deloitte\/#primaryimage"},"image":{"@id":"https:\/\/www.tuky.fi\/etusivu\/news\/uusi-yhteistyokumppanimme-ja-kuukauden-yritys-deloitte\/#primaryimage"},"thumbnailUrl":"http:\/\/tuky.fi\/wordpress\/wp-content\/uploads\/2015\/05\/DEL-PRI-RGB.jpg","datePublished":"2015-05-02T14:15:30+00:00","breadcrumb":{"@id":"https:\/\/www.tuky.fi\/etusivu\/news\/uusi-yhteistyokumppanimme-ja-kuukauden-yritys-deloitte\/#breadcrumb"},"inLanguage":"fi","potentialAction":[{"@type":"ReadAction","target":["https:\/\/www.tuky.fi\/etusivu\/news\/uusi-yhteistyokumppanimme-ja-kuukauden-yritys-deloitte\/"]}]},{"@type":"ImageObject","inLanguage":"fi","@id":"https:\/\/www.tuky.fi\/etusivu\/news\/uusi-yhteistyokumppanimme-ja-kuukauden-yritys-deloitte\/#primaryimage","url":"http:\/\/tuky.fi\/wordpress\/wp-content\/uploads\/2015\/05\/DEL-PRI-RGB.jpg","contentUrl":"http:\/\/tuky.fi\/wordpress\/wp-content\/uploads\/2015\/05\/DEL-PRI-RGB.jpg"},{"@type":"BreadcrumbList","@id":"https:\/\/www.tuky.fi\/etusivu\/news\/uusi-yhteistyokumppanimme-ja-kuukauden-yritys-deloitte\/#breadcrumb","itemListElement":[{"@type":"ListItem","position":1,"name":"Etusivu","item":"https:\/\/www.tuky.fi\/etusivu\/"},{"@type":"ListItem","position":2,"name":"Uusi yhteisty\u00f6kumppanimme: Deloitte"}]},{"@type":"WebSite","@id":"https:\/\/www.tuky.fi\/etusivu\/#website","url":"https:\/\/www.tuky.fi\/etusivu\/","name":"Turun KY","description":"TuKY","publisher":{"@id":"https:\/\/www.tuky.fi\/etusivu\/#organization"},"alternateName":"TuKY","potentialAction":[{"@type":"SearchAction","target":{"@type":"EntryPoint","urlTemplate":"https:\/\/www.tuky.fi\/etusivu\/?s={search_term_string}"},"query-input":{"@type":"PropertyValueSpecification","valueRequired":true,"valueName":"search_term_string"}}],"inLanguage":"fi"},{"@type":"Organization","@id":"https:\/\/www.tuky.fi\/etusivu\/#organization","name":"Turun KY","alternateName":"TuKY","url":"https:\/\/www.tuky.fi\/etusivu\/","logo":{"@type":"ImageObject","inLanguage":"fi","@id":"https:\/\/www.tuky.fi\/etusivu\/#\/schema\/logo\/image\/","url":"https:\/\/www.tuky.fi\/wp-content\/uploads\/2024\/09\/TuKY-logo-kulta-1.png","contentUrl":"https:\/\/www.tuky.fi\/wp-content\/uploads\/2024\/09\/TuKY-logo-kulta-1.png","width":1080,"height":1080,"caption":"Turun KY"},"image":{"@id":"https:\/\/www.tuky.fi\/etusivu\/#\/schema\/logo\/image\/"},"sameAs":["https:\/\/instagram.com\/turunky","https:\/\/linkedin.com\/turunky"]},{"@type":"Person","@id":"https:\/\/www.tuky.fi\/etusivu\/#\/schema\/person\/66e53fffc743e17ca9d5603336ee4d59","name":"Myyntip\u00e4\u00e4llikk\u00f6","image":{"@type":"ImageObject","inLanguage":"fi","@id":"https:\/\/secure.gravatar.com\/avatar\/8b962a9242c53dff7d2be24f16a604a8094c1e5fbb76a692d2c8aa5be966ed37?s=96&d=mm&r=g","url":"https:\/\/secure.gravatar.com\/avatar\/8b962a9242c53dff7d2be24f16a604a8094c1e5fbb76a692d2c8aa5be966ed37?s=96&d=mm&r=g","contentUrl":"https:\/\/secure.gravatar.com\/avatar\/8b962a9242c53dff7d2be24f16a604a8094c1e5fbb76a692d2c8aa5be966ed37?s=96&d=mm&r=g","caption":"Myyntip\u00e4\u00e4llikk\u00f6"},"url":"https:\/\/www.tuky.fi\/etusivu\/author\/ky-myyntipaallikko\/"}]}},"lang":"fi","translations":{"fi":14387},"pll_sync_post":[],"_links":{"self":[{"href":"https:\/\/www.tuky.fi\/etusivu\/wp-json\/wp\/v2\/posts\/14387","targetHints":{"allow":["GET"]}}],"collection":[{"href":"https:\/\/www.tuky.fi\/etusivu\/wp-json\/wp\/v2\/posts"}],"about":[{"href":"https:\/\/www.tuky.fi\/etusivu\/wp-json\/wp\/v2\/types\/post"}],"author":[{"embeddable":true,"href":"https:\/\/www.tuky.fi\/etusivu\/wp-json\/wp\/v2\/users\/42"}],"replies":[{"embeddable":true,"href":"https:\/\/www.tuky.fi\/etusivu\/wp-json\/wp\/v2\/comments?post=14387"}],"version-history":[{"count":0,"href":"https:\/\/www.tuky.fi\/etusivu\/wp-json\/wp\/v2\/posts\/14387\/revisions"}],"wp:attachment":[{"href":"https:\/\/www.tuky.fi\/etusivu\/wp-json\/wp\/v2\/media?parent=14387"}],"wp:term":[{"taxonomy":"category","embeddable":true,"href":"https:\/\/www.tuky.fi\/etusivu\/wp-json\/wp\/v2\/categories?post=14387"},{"taxonomy":"post_tag","embeddable":true,"href":"https:\/\/www.tuky.fi\/etusivu\/wp-json\/wp\/v2\/tags?post=14387"}],"curies":[{"name":"wp","href":"https:\/\/api.w.org\/{rel}","templated":true}]}}