{"id":14367,"date":"2015-04-28T19:02:34","date_gmt":"2015-04-28T17:02:34","guid":{"rendered":"http:\/\/tuky.fi\/?p=14367"},"modified":"2015-04-28T19:02:34","modified_gmt":"2015-04-28T17:02:34","slug":"lyytilla-on-myyntityota-tarjolla","status":"publish","type":"post","link":"https:\/\/www.tuky.fi\/etusivu\/news\/lyytilla-on-myyntityota-tarjolla\/","title":{"rendered":"Lyytill\u00e4 on myyntity\u00f6t\u00e4 tarjolla!"},"content":{"rendered":"<p><a href=\"http:\/\/tuky.fi\/wordpress\/wp-content\/uploads\/2015\/04\/morjestapytn-651157-edited.jpg\"><img loading=\"lazy\" decoding=\"async\" class=\" wp-image-14368 alignleft\" alt=\"morjestapytn-651157-edited\" src=\"http:\/\/tuky.fi\/wordpress\/wp-content\/uploads\/2015\/04\/morjestapytn-651157-edited-1024x512.jpg\" width=\"491\" height=\"246\" \/><\/a><\/p>\n<p>&nbsp;<\/p>\n<p>&nbsp;<\/p>\n<p>&nbsp;<\/p>\n<p>&nbsp;<\/p>\n<p>&nbsp;<\/p>\n<p>&nbsp;<\/p>\n<p>&nbsp;<\/p>\n<p>&nbsp;<\/p>\n<p>Mit\u00e4s mit\u00e4s &#8211; Lyytill\u00e4 on j\u00e4lleen rekry auki! Oletko synnyn\u00e4inen myyj\u00e4?!<\/p>\n<p>Nyt ois tarjolla just sulle hei sellaista myyntity\u00f6t\u00e4, ett\u00e4 ei kuule ihan joka tiskilt\u00e4 t\u00e4t\u00e4 saakaan. On nimitt\u00e4in kaupan ihan aitoo varsinaissuomalaista ty\u00e4paikkaa \u2013 suoraan hyllyst\u00e4, uudenkarheeta mallia ja en\u00e4\u00e4 nelj\u00e4 j\u00e4ljell\u00e4!<\/p>\n<p>Lue lis\u00e4\u00e4 sivuiltamme &#8211; t\u00e4ss\u00e4 ty\u00f6paikka juuri sinulle!<br \/>\n<a href=\"http:\/\/academy.lyyti.com\/fi\/morjesta-p%C3%B6yt%C3%A4%C3%A4n-katos?utm_campaign=Finland&amp;utm_content=14519227&amp;utm_medium=social&amp;utm_source=facebook\">http:\/\/hubs.ly\/y0Kz-Q0<\/a><\/p>\n","protected":false},"excerpt":{"rendered":"<p>&nbsp; &nbsp; &nbsp; &nbsp; &nbsp; &nbsp; &nbsp; &nbsp; Mit\u00e4s mit\u00e4s &#8211; Lyytill\u00e4 on j\u00e4lleen rekry auki! Oletko synnyn\u00e4inen myyj\u00e4?! Nyt ois tarjolla just sulle hei sellaista myyntity\u00f6t\u00e4, ett\u00e4 ei kuule [&hellip;]<\/p>\n","protected":false},"author":42,"featured_media":0,"comment_status":"open","ping_status":"open","sticky":false,"template":"","format":"standard","meta":{"_et_pb_use_builder":"","_et_pb_old_content":"","_et_gb_content_width":"","footnotes":""},"categories":[4,8],"tags":[],"class_list":["post-14367","post","type-post","status-publish","format-standard","hentry","category-news","category-yst_uutiset"],"yoast_head":"<!-- This site is optimized with the Yoast SEO plugin v27.2 - https:\/\/yoast.com\/product\/yoast-seo-wordpress\/ -->\n<title>Lyytill\u00e4 on myyntity\u00f6t\u00e4 tarjolla! - Turun KY<\/title>\n<meta name=\"robots\" content=\"index, follow, max-snippet:-1, max-image-preview:large, max-video-preview:-1\" \/>\n<link rel=\"canonical\" href=\"https:\/\/www.tuky.fi\/etusivu\/news\/lyytilla-on-myyntityota-tarjolla\/\" \/>\n<meta property=\"og:locale\" content=\"fi_FI\" \/>\n<meta property=\"og:type\" content=\"article\" \/>\n<meta property=\"og:title\" content=\"Lyytill\u00e4 on myyntity\u00f6t\u00e4 tarjolla! - Turun KY\" \/>\n<meta property=\"og:description\" content=\"&nbsp; &nbsp; &nbsp; &nbsp; &nbsp; &nbsp; &nbsp; &nbsp; Mit\u00e4s mit\u00e4s &#8211; Lyytill\u00e4 on j\u00e4lleen rekry auki! Oletko synnyn\u00e4inen myyj\u00e4?! Nyt ois tarjolla just sulle hei sellaista myyntity\u00f6t\u00e4, ett\u00e4 ei kuule [&hellip;]\" \/>\n<meta property=\"og:url\" content=\"https:\/\/www.tuky.fi\/etusivu\/news\/lyytilla-on-myyntityota-tarjolla\/\" \/>\n<meta property=\"og:site_name\" content=\"Turun KY\" \/>\n<meta property=\"article:published_time\" content=\"2015-04-28T17:02:34+00:00\" \/>\n<meta property=\"og:image\" content=\"http:\/\/tuky.fi\/wordpress\/wp-content\/uploads\/2015\/04\/morjestapytn-651157-edited-1024x512.jpg\" \/>\n<meta name=\"author\" content=\"Myyntip\u00e4\u00e4llikk\u00f6\" \/>\n<meta name=\"twitter:card\" content=\"summary_large_image\" \/>\n<meta name=\"twitter:label1\" content=\"Kirjoittanut\" \/>\n\t<meta name=\"twitter:data1\" content=\"Myyntip\u00e4\u00e4llikk\u00f6\" \/>\n<script type=\"application\/ld+json\" class=\"yoast-schema-graph\">{\"@context\":\"https:\/\/schema.org\",\"@graph\":[{\"@type\":\"Article\",\"@id\":\"https:\/\/www.tuky.fi\/etusivu\/news\/lyytilla-on-myyntityota-tarjolla\/#article\",\"isPartOf\":{\"@id\":\"https:\/\/www.tuky.fi\/etusivu\/news\/lyytilla-on-myyntityota-tarjolla\/\"},\"author\":{\"name\":\"Myyntip\u00e4\u00e4llikk\u00f6\",\"@id\":\"https:\/\/www.tuky.fi\/etusivu\/#\/schema\/person\/66e53fffc743e17ca9d5603336ee4d59\"},\"headline\":\"Lyytill\u00e4 on myyntity\u00f6t\u00e4 tarjolla!\",\"datePublished\":\"2015-04-28T17:02:34+00:00\",\"mainEntityOfPage\":{\"@id\":\"https:\/\/www.tuky.fi\/etusivu\/news\/lyytilla-on-myyntityota-tarjolla\/\"},\"wordCount\":79,\"commentCount\":0,\"publisher\":{\"@id\":\"https:\/\/www.tuky.fi\/etusivu\/#organization\"},\"image\":{\"@id\":\"https:\/\/www.tuky.fi\/etusivu\/news\/lyytilla-on-myyntityota-tarjolla\/#primaryimage\"},\"thumbnailUrl\":\"http:\/\/tuky.fi\/wordpress\/wp-content\/uploads\/2015\/04\/morjestapytn-651157-edited-1024x512.jpg\",\"articleSection\":[\"news\",\"YST - Uutiset\"],\"inLanguage\":\"fi\",\"potentialAction\":[{\"@type\":\"CommentAction\",\"name\":\"Comment\",\"target\":[\"https:\/\/www.tuky.fi\/etusivu\/news\/lyytilla-on-myyntityota-tarjolla\/#respond\"]}]},{\"@type\":\"WebPage\",\"@id\":\"https:\/\/www.tuky.fi\/etusivu\/news\/lyytilla-on-myyntityota-tarjolla\/\",\"url\":\"https:\/\/www.tuky.fi\/etusivu\/news\/lyytilla-on-myyntityota-tarjolla\/\",\"name\":\"Lyytill\u00e4 on myyntity\u00f6t\u00e4 tarjolla! - Turun KY\",\"isPartOf\":{\"@id\":\"https:\/\/www.tuky.fi\/etusivu\/#website\"},\"primaryImageOfPage\":{\"@id\":\"https:\/\/www.tuky.fi\/etusivu\/news\/lyytilla-on-myyntityota-tarjolla\/#primaryimage\"},\"image\":{\"@id\":\"https:\/\/www.tuky.fi\/etusivu\/news\/lyytilla-on-myyntityota-tarjolla\/#primaryimage\"},\"thumbnailUrl\":\"http:\/\/tuky.fi\/wordpress\/wp-content\/uploads\/2015\/04\/morjestapytn-651157-edited-1024x512.jpg\",\"datePublished\":\"2015-04-28T17:02:34+00:00\",\"breadcrumb\":{\"@id\":\"https:\/\/www.tuky.fi\/etusivu\/news\/lyytilla-on-myyntityota-tarjolla\/#breadcrumb\"},\"inLanguage\":\"fi\",\"potentialAction\":[{\"@type\":\"ReadAction\",\"target\":[\"https:\/\/www.tuky.fi\/etusivu\/news\/lyytilla-on-myyntityota-tarjolla\/\"]}]},{\"@type\":\"ImageObject\",\"inLanguage\":\"fi\",\"@id\":\"https:\/\/www.tuky.fi\/etusivu\/news\/lyytilla-on-myyntityota-tarjolla\/#primaryimage\",\"url\":\"http:\/\/tuky.fi\/wordpress\/wp-content\/uploads\/2015\/04\/morjestapytn-651157-edited-1024x512.jpg\",\"contentUrl\":\"http:\/\/tuky.fi\/wordpress\/wp-content\/uploads\/2015\/04\/morjestapytn-651157-edited-1024x512.jpg\"},{\"@type\":\"BreadcrumbList\",\"@id\":\"https:\/\/www.tuky.fi\/etusivu\/news\/lyytilla-on-myyntityota-tarjolla\/#breadcrumb\",\"itemListElement\":[{\"@type\":\"ListItem\",\"position\":1,\"name\":\"Etusivu\",\"item\":\"https:\/\/www.tuky.fi\/etusivu\/\"},{\"@type\":\"ListItem\",\"position\":2,\"name\":\"Lyytill\u00e4 on myyntity\u00f6t\u00e4 tarjolla!\"}]},{\"@type\":\"WebSite\",\"@id\":\"https:\/\/www.tuky.fi\/etusivu\/#website\",\"url\":\"https:\/\/www.tuky.fi\/etusivu\/\",\"name\":\"Turun KY\",\"description\":\"TuKY\",\"publisher\":{\"@id\":\"https:\/\/www.tuky.fi\/etusivu\/#organization\"},\"alternateName\":\"TuKY\",\"potentialAction\":[{\"@type\":\"SearchAction\",\"target\":{\"@type\":\"EntryPoint\",\"urlTemplate\":\"https:\/\/www.tuky.fi\/etusivu\/?s={search_term_string}\"},\"query-input\":{\"@type\":\"PropertyValueSpecification\",\"valueRequired\":true,\"valueName\":\"search_term_string\"}}],\"inLanguage\":\"fi\"},{\"@type\":\"Organization\",\"@id\":\"https:\/\/www.tuky.fi\/etusivu\/#organization\",\"name\":\"Turun KY\",\"alternateName\":\"TuKY\",\"url\":\"https:\/\/www.tuky.fi\/etusivu\/\",\"logo\":{\"@type\":\"ImageObject\",\"inLanguage\":\"fi\",\"@id\":\"https:\/\/www.tuky.fi\/etusivu\/#\/schema\/logo\/image\/\",\"url\":\"https:\/\/www.tuky.fi\/wp-content\/uploads\/2024\/09\/TuKY-logo-kulta-1.png\",\"contentUrl\":\"https:\/\/www.tuky.fi\/wp-content\/uploads\/2024\/09\/TuKY-logo-kulta-1.png\",\"width\":1080,\"height\":1080,\"caption\":\"Turun KY\"},\"image\":{\"@id\":\"https:\/\/www.tuky.fi\/etusivu\/#\/schema\/logo\/image\/\"},\"sameAs\":[\"https:\/\/instagram.com\/turunky\",\"https:\/\/linkedin.com\/turunky\"]},{\"@type\":\"Person\",\"@id\":\"https:\/\/www.tuky.fi\/etusivu\/#\/schema\/person\/66e53fffc743e17ca9d5603336ee4d59\",\"name\":\"Myyntip\u00e4\u00e4llikk\u00f6\",\"image\":{\"@type\":\"ImageObject\",\"inLanguage\":\"fi\",\"@id\":\"https:\/\/secure.gravatar.com\/avatar\/8b962a9242c53dff7d2be24f16a604a8094c1e5fbb76a692d2c8aa5be966ed37?s=96&d=mm&r=g\",\"url\":\"https:\/\/secure.gravatar.com\/avatar\/8b962a9242c53dff7d2be24f16a604a8094c1e5fbb76a692d2c8aa5be966ed37?s=96&d=mm&r=g\",\"contentUrl\":\"https:\/\/secure.gravatar.com\/avatar\/8b962a9242c53dff7d2be24f16a604a8094c1e5fbb76a692d2c8aa5be966ed37?s=96&d=mm&r=g\",\"caption\":\"Myyntip\u00e4\u00e4llikk\u00f6\"},\"url\":\"https:\/\/www.tuky.fi\/etusivu\/author\/ky-myyntipaallikko\/\"}]}<\/script>\n<!-- \/ Yoast SEO plugin. -->","yoast_head_json":{"title":"Lyytill\u00e4 on myyntity\u00f6t\u00e4 tarjolla! - Turun KY","robots":{"index":"index","follow":"follow","max-snippet":"max-snippet:-1","max-image-preview":"max-image-preview:large","max-video-preview":"max-video-preview:-1"},"canonical":"https:\/\/www.tuky.fi\/etusivu\/news\/lyytilla-on-myyntityota-tarjolla\/","og_locale":"fi_FI","og_type":"article","og_title":"Lyytill\u00e4 on myyntity\u00f6t\u00e4 tarjolla! - Turun KY","og_description":"&nbsp; &nbsp; &nbsp; &nbsp; &nbsp; &nbsp; &nbsp; &nbsp; Mit\u00e4s mit\u00e4s &#8211; Lyytill\u00e4 on j\u00e4lleen rekry auki! Oletko synnyn\u00e4inen myyj\u00e4?! Nyt ois tarjolla just sulle hei sellaista myyntity\u00f6t\u00e4, ett\u00e4 ei kuule [&hellip;]","og_url":"https:\/\/www.tuky.fi\/etusivu\/news\/lyytilla-on-myyntityota-tarjolla\/","og_site_name":"Turun KY","article_published_time":"2015-04-28T17:02:34+00:00","og_image":[{"url":"http:\/\/tuky.fi\/wordpress\/wp-content\/uploads\/2015\/04\/morjestapytn-651157-edited-1024x512.jpg","type":"","width":"","height":""}],"author":"Myyntip\u00e4\u00e4llikk\u00f6","twitter_card":"summary_large_image","twitter_misc":{"Kirjoittanut":"Myyntip\u00e4\u00e4llikk\u00f6"},"schema":{"@context":"https:\/\/schema.org","@graph":[{"@type":"Article","@id":"https:\/\/www.tuky.fi\/etusivu\/news\/lyytilla-on-myyntityota-tarjolla\/#article","isPartOf":{"@id":"https:\/\/www.tuky.fi\/etusivu\/news\/lyytilla-on-myyntityota-tarjolla\/"},"author":{"name":"Myyntip\u00e4\u00e4llikk\u00f6","@id":"https:\/\/www.tuky.fi\/etusivu\/#\/schema\/person\/66e53fffc743e17ca9d5603336ee4d59"},"headline":"Lyytill\u00e4 on myyntity\u00f6t\u00e4 tarjolla!","datePublished":"2015-04-28T17:02:34+00:00","mainEntityOfPage":{"@id":"https:\/\/www.tuky.fi\/etusivu\/news\/lyytilla-on-myyntityota-tarjolla\/"},"wordCount":79,"commentCount":0,"publisher":{"@id":"https:\/\/www.tuky.fi\/etusivu\/#organization"},"image":{"@id":"https:\/\/www.tuky.fi\/etusivu\/news\/lyytilla-on-myyntityota-tarjolla\/#primaryimage"},"thumbnailUrl":"http:\/\/tuky.fi\/wordpress\/wp-content\/uploads\/2015\/04\/morjestapytn-651157-edited-1024x512.jpg","articleSection":["news","YST - Uutiset"],"inLanguage":"fi","potentialAction":[{"@type":"CommentAction","name":"Comment","target":["https:\/\/www.tuky.fi\/etusivu\/news\/lyytilla-on-myyntityota-tarjolla\/#respond"]}]},{"@type":"WebPage","@id":"https:\/\/www.tuky.fi\/etusivu\/news\/lyytilla-on-myyntityota-tarjolla\/","url":"https:\/\/www.tuky.fi\/etusivu\/news\/lyytilla-on-myyntityota-tarjolla\/","name":"Lyytill\u00e4 on myyntity\u00f6t\u00e4 tarjolla! - Turun KY","isPartOf":{"@id":"https:\/\/www.tuky.fi\/etusivu\/#website"},"primaryImageOfPage":{"@id":"https:\/\/www.tuky.fi\/etusivu\/news\/lyytilla-on-myyntityota-tarjolla\/#primaryimage"},"image":{"@id":"https:\/\/www.tuky.fi\/etusivu\/news\/lyytilla-on-myyntityota-tarjolla\/#primaryimage"},"thumbnailUrl":"http:\/\/tuky.fi\/wordpress\/wp-content\/uploads\/2015\/04\/morjestapytn-651157-edited-1024x512.jpg","datePublished":"2015-04-28T17:02:34+00:00","breadcrumb":{"@id":"https:\/\/www.tuky.fi\/etusivu\/news\/lyytilla-on-myyntityota-tarjolla\/#breadcrumb"},"inLanguage":"fi","potentialAction":[{"@type":"ReadAction","target":["https:\/\/www.tuky.fi\/etusivu\/news\/lyytilla-on-myyntityota-tarjolla\/"]}]},{"@type":"ImageObject","inLanguage":"fi","@id":"https:\/\/www.tuky.fi\/etusivu\/news\/lyytilla-on-myyntityota-tarjolla\/#primaryimage","url":"http:\/\/tuky.fi\/wordpress\/wp-content\/uploads\/2015\/04\/morjestapytn-651157-edited-1024x512.jpg","contentUrl":"http:\/\/tuky.fi\/wordpress\/wp-content\/uploads\/2015\/04\/morjestapytn-651157-edited-1024x512.jpg"},{"@type":"BreadcrumbList","@id":"https:\/\/www.tuky.fi\/etusivu\/news\/lyytilla-on-myyntityota-tarjolla\/#breadcrumb","itemListElement":[{"@type":"ListItem","position":1,"name":"Etusivu","item":"https:\/\/www.tuky.fi\/etusivu\/"},{"@type":"ListItem","position":2,"name":"Lyytill\u00e4 on myyntity\u00f6t\u00e4 tarjolla!"}]},{"@type":"WebSite","@id":"https:\/\/www.tuky.fi\/etusivu\/#website","url":"https:\/\/www.tuky.fi\/etusivu\/","name":"Turun KY","description":"TuKY","publisher":{"@id":"https:\/\/www.tuky.fi\/etusivu\/#organization"},"alternateName":"TuKY","potentialAction":[{"@type":"SearchAction","target":{"@type":"EntryPoint","urlTemplate":"https:\/\/www.tuky.fi\/etusivu\/?s={search_term_string}"},"query-input":{"@type":"PropertyValueSpecification","valueRequired":true,"valueName":"search_term_string"}}],"inLanguage":"fi"},{"@type":"Organization","@id":"https:\/\/www.tuky.fi\/etusivu\/#organization","name":"Turun KY","alternateName":"TuKY","url":"https:\/\/www.tuky.fi\/etusivu\/","logo":{"@type":"ImageObject","inLanguage":"fi","@id":"https:\/\/www.tuky.fi\/etusivu\/#\/schema\/logo\/image\/","url":"https:\/\/www.tuky.fi\/wp-content\/uploads\/2024\/09\/TuKY-logo-kulta-1.png","contentUrl":"https:\/\/www.tuky.fi\/wp-content\/uploads\/2024\/09\/TuKY-logo-kulta-1.png","width":1080,"height":1080,"caption":"Turun KY"},"image":{"@id":"https:\/\/www.tuky.fi\/etusivu\/#\/schema\/logo\/image\/"},"sameAs":["https:\/\/instagram.com\/turunky","https:\/\/linkedin.com\/turunky"]},{"@type":"Person","@id":"https:\/\/www.tuky.fi\/etusivu\/#\/schema\/person\/66e53fffc743e17ca9d5603336ee4d59","name":"Myyntip\u00e4\u00e4llikk\u00f6","image":{"@type":"ImageObject","inLanguage":"fi","@id":"https:\/\/secure.gravatar.com\/avatar\/8b962a9242c53dff7d2be24f16a604a8094c1e5fbb76a692d2c8aa5be966ed37?s=96&d=mm&r=g","url":"https:\/\/secure.gravatar.com\/avatar\/8b962a9242c53dff7d2be24f16a604a8094c1e5fbb76a692d2c8aa5be966ed37?s=96&d=mm&r=g","contentUrl":"https:\/\/secure.gravatar.com\/avatar\/8b962a9242c53dff7d2be24f16a604a8094c1e5fbb76a692d2c8aa5be966ed37?s=96&d=mm&r=g","caption":"Myyntip\u00e4\u00e4llikk\u00f6"},"url":"https:\/\/www.tuky.fi\/etusivu\/author\/ky-myyntipaallikko\/"}]}},"lang":"fi","translations":{"fi":14367},"pll_sync_post":[],"_links":{"self":[{"href":"https:\/\/www.tuky.fi\/etusivu\/wp-json\/wp\/v2\/posts\/14367","targetHints":{"allow":["GET"]}}],"collection":[{"href":"https:\/\/www.tuky.fi\/etusivu\/wp-json\/wp\/v2\/posts"}],"about":[{"href":"https:\/\/www.tuky.fi\/etusivu\/wp-json\/wp\/v2\/types\/post"}],"author":[{"embeddable":true,"href":"https:\/\/www.tuky.fi\/etusivu\/wp-json\/wp\/v2\/users\/42"}],"replies":[{"embeddable":true,"href":"https:\/\/www.tuky.fi\/etusivu\/wp-json\/wp\/v2\/comments?post=14367"}],"version-history":[{"count":0,"href":"https:\/\/www.tuky.fi\/etusivu\/wp-json\/wp\/v2\/posts\/14367\/revisions"}],"wp:attachment":[{"href":"https:\/\/www.tuky.fi\/etusivu\/wp-json\/wp\/v2\/media?parent=14367"}],"wp:term":[{"taxonomy":"category","embeddable":true,"href":"https:\/\/www.tuky.fi\/etusivu\/wp-json\/wp\/v2\/categories?post=14367"},{"taxonomy":"post_tag","embeddable":true,"href":"https:\/\/www.tuky.fi\/etusivu\/wp-json\/wp\/v2\/tags?post=14367"}],"curies":[{"name":"wp","href":"https:\/\/api.w.org\/{rel}","templated":true}]}}