{"id":14298,"date":"2015-04-19T19:20:53","date_gmt":"2015-04-19T17:20:53","guid":{"rendered":"http:\/\/tuky.fi\/?p=14298"},"modified":"2015-04-19T19:20:53","modified_gmt":"2015-04-19T17:20:53","slug":"kokouskutsu-turun-kyn-kevatkokous-21-4","status":"publish","type":"post","link":"https:\/\/www.tuky.fi\/etusivu\/news\/kokouskutsu-turun-kyn-kevatkokous-21-4\/","title":{"rendered":"Kokouskutsu: Turun KY:n kev\u00e4tkokous 21.4."},"content":{"rendered":"<div>\n<h3>Hei Turun KY:n j\u00e4sen,<\/h3>\n<h3><\/h3>\n<\/div>\n<p>Turun kauppatieteiden ylioppilaat ry pit\u00e4\u00e4 s\u00e4\u00e4nt\u00f6m\u00e4\u00e4r\u00e4isen kev\u00e4tkokouksensa\u00a0<b>tiistaina 21.4.2015\u00a0klo 14.15\u00a0luentosalissa 08.<\/b>\u00a0Yhdistyksess\u00e4 ylint\u00e4 p\u00e4\u00e4t\u00f6svaltaa k\u00e4ytt\u00e4v\u00e4t yhdistyksen kokoukset. Kokouksessa \u00e4\u00e4nivaltaisia ovat kaikki yhdistyksen varsinaiset j\u00e4senet.<\/p>\n<p>Toimintakertomuksen, tilinp\u00e4\u00e4t\u00f6ksen ja tilintarkastajien lausunnon esittelyn lis\u00e4ksi kokouksessa my\u00f6nnet\u00e4\u00e4n vastuuvapaus edelliselle hallitukselle ja muille vastuuvelvollisille, hyv\u00e4ksyt\u00e4\u00e4n huomionosoitustoimikunnan kokoonpano, lis\u00e4talousarvio, Legioona Oy:n osakekannan myynti sek\u00e4 p\u00e4ivitet\u00e4\u00e4n ohjes\u00e4\u00e4nt\u00f6j\u00e4. Kokouksen sujuvuuden parantamiseksi toivomme, ett\u00e4 perehdytte kokousmateriaaleihin jo etuk\u00e4teen. Mik\u00e4li teill\u00e4 on kysytt\u00e4v\u00e4\u00e4 kokouksen asioihin liittyen, allekirjoittaneelle voi l\u00e4hett\u00e4\u00e4 s\u00e4hk\u00f6postia osoitteeseen\u00a0<a href=\"https:\/\/mail.utu.fi\/owa\/redir.aspx?SURL=U0PSKKZZfZqiqtlHn-LAO30svDSnmsLhiaUQjtfsz59hLPIl4kfSCG0AYQBpAGwAdABvADoAcAB1AGgAZQBlAG4AagBvAGgAdABhAGoAYQBAAHQAdQBrAHkALgBmAGkA&amp;URL=mailto%3apuheenjohtaja%40tuky.fi\" target=\"_blank\">puheenjohtaja@tuky.fi<\/a>.<\/p>\n<p>Alla kokouksen asialista.<\/p>\n<p>Tervetuloa!<\/p>\n<h4><strong>Turun kauppatieteiden ylioppilaat ry:n kev\u00e4tkokous<\/strong><\/h4>\n<p>Aika: maanantaina 21.4.2015\u00a0klo 14.15<\/p>\n<p>Paikka: Luentosali 08,\u00a0Rehtorinpellonkatu 3<\/p>\n<p><strong>Asialista<\/strong><\/p>\n<p>1. Kokouksen avaus<\/p>\n<p>2. Laillisuuden ja p\u00e4\u00e4t\u00f6svaltaisuuden toteaminen<\/p>\n<p>3. Kokouksen puheenjohtajan valinta<\/p>\n<p>4. \u00c4\u00e4ntenlaskijoiden, p\u00f6yt\u00e4kirjantarkastajien ja sihteerin valinta<\/p>\n<p>5. Esityslistan hyv\u00e4ksyminen<\/p>\n<p>6. Ilmoitusasiat<\/p>\n<p>7. Huomionosoitustoimikunnan valitseminen (Liite 3, esittelij\u00e4: Merta)<\/p>\n<p>8. Hallituksen ty\u00f6j\u00e4rjestyksen p\u00e4ivitt\u00e4minen (Liite 4, esittelij\u00e4: V\u00e4h\u00e4saari)<\/p>\n<p>9. Jaosto-ohjes\u00e4\u00e4nn\u00f6n p\u00e4ivitt\u00e4minen (Liite 5, esittelij\u00e4: V\u00e4h\u00e4saari)<\/p>\n<p>10. Lippu-, nauha- ja merkkiohjes\u00e4\u00e4nn\u00f6n p\u00e4ivitt\u00e4minen (Liite 6, esittelij\u00e4: Merta)<\/p>\n<p>11. Toimihenkil\u00f6ohjes\u00e4\u00e4nn\u00f6n p\u00e4ivitt\u00e4minen (Liite 7, esittelij\u00e4: V\u00e4h\u00e4saari)<\/p>\n<p>12. Tilaohjes\u00e4\u00e4nn\u00f6n p\u00e4ivitt\u00e4minen (Liite 8, esittelij\u00e4: Kangas)<\/p>\n<p>13. Toimijaryhm\u00e4ohjes\u00e4\u00e4nn\u00f6n p\u00e4ivitt\u00e4minen (Liite 9, esittelij\u00e4: V\u00e4h\u00e4saari)<\/p>\n<p>14. Viestint\u00e4ohjes\u00e4\u00e4nn\u00f6n p\u00e4ivitt\u00e4minen (Liite 10, esittelij\u00e4: Nauholz)<\/p>\n<p>15. Taloudenhoidon ohjes\u00e4\u00e4nn\u00f6n p\u00e4ivitt\u00e4minen (Liite 11, esittelij\u00e4: M\u00e4nty)<\/p>\n<p>16. Esitet\u00e4\u00e4n toimintakertomus, tilinp\u00e4\u00e4t\u00f6s ja tilintarkastajien lausunto (Liitteet: 1 ja 2, esittelij\u00e4t: Lunkka ja M\u00e4nty)<\/p>\n<p>17. Tilinp\u00e4\u00e4t\u00f6ksen vahvistaminen, vastuuvapauden my\u00f6nt\u00e4minen hallitukselle ja muille vuoden 2014 vastuuvelvollisille<\/p>\n<p>18. Lis\u00e4talousarvion hyv\u00e4ksyminen (Liite 13, esittelij\u00e4: Mykk\u00e4nen)<\/p>\n<p>19. Legioona Oy:n osakekannan myymisen hyv\u00e4ksyminen (Esittelij\u00e4: Mykk\u00e4nen)<\/p>\n<p>20. Muut mahdolliset esille tulevat asiat<\/p>\n<p>21. Kokouksen p\u00e4\u00e4tt\u00e4minen<\/p>\n<p>&nbsp;<\/p>\n<p><i>Laura V\u00e4h\u00e4saari, hallituksen puheenjohtaja<\/i><\/p>\n<p>&nbsp;<\/p>\n","protected":false},"excerpt":{"rendered":"<p>Hei Turun KY:n j\u00e4sen, Turun kauppatieteiden ylioppilaat ry pit\u00e4\u00e4 s\u00e4\u00e4nt\u00f6m\u00e4\u00e4r\u00e4isen kev\u00e4tkokouksensa\u00a0tiistaina 21.4.2015\u00a0klo 14.15\u00a0luentosalissa 08.\u00a0Yhdistyksess\u00e4 ylint\u00e4 p\u00e4\u00e4t\u00f6svaltaa k\u00e4ytt\u00e4v\u00e4t yhdistyksen kokoukset. Kokouksessa \u00e4\u00e4nivaltaisia ovat kaikki yhdistyksen varsinaiset j\u00e4senet. Toimintakertomuksen, tilinp\u00e4\u00e4t\u00f6ksen ja tilintarkastajien [&hellip;]<\/p>\n","protected":false},"author":1,"featured_media":0,"comment_status":"open","ping_status":"open","sticky":false,"template":"","format":"standard","meta":{"_et_pb_use_builder":"","_et_pb_old_content":"","_et_gb_content_width":"","footnotes":""},"categories":[4],"tags":[9,455,10,11],"class_list":["post-14298","post","type-post","status-publish","format-standard","hentry","category-news","tag-kevatkokous","tag-kokouskutsu","tag-tuky","tag-turunky"],"yoast_head":"<!-- This site is optimized with the Yoast SEO plugin v27.2 - https:\/\/yoast.com\/product\/yoast-seo-wordpress\/ -->\n<title>Kokouskutsu: Turun KY:n kev\u00e4tkokous 21.4. - Turun KY<\/title>\n<meta name=\"robots\" content=\"index, follow, max-snippet:-1, max-image-preview:large, max-video-preview:-1\" \/>\n<link rel=\"canonical\" href=\"https:\/\/www.tuky.fi\/etusivu\/news\/kokouskutsu-turun-kyn-kevatkokous-21-4\/\" \/>\n<meta property=\"og:locale\" content=\"fi_FI\" \/>\n<meta property=\"og:type\" content=\"article\" \/>\n<meta property=\"og:title\" content=\"Kokouskutsu: Turun KY:n kev\u00e4tkokous 21.4. - Turun KY\" \/>\n<meta property=\"og:description\" content=\"Hei Turun KY:n j\u00e4sen, Turun kauppatieteiden ylioppilaat ry pit\u00e4\u00e4 s\u00e4\u00e4nt\u00f6m\u00e4\u00e4r\u00e4isen kev\u00e4tkokouksensa\u00a0tiistaina 21.4.2015\u00a0klo 14.15\u00a0luentosalissa 08.\u00a0Yhdistyksess\u00e4 ylint\u00e4 p\u00e4\u00e4t\u00f6svaltaa k\u00e4ytt\u00e4v\u00e4t yhdistyksen kokoukset. Kokouksessa \u00e4\u00e4nivaltaisia ovat kaikki yhdistyksen varsinaiset j\u00e4senet. Toimintakertomuksen, tilinp\u00e4\u00e4t\u00f6ksen ja tilintarkastajien [&hellip;]\" \/>\n<meta property=\"og:url\" content=\"https:\/\/www.tuky.fi\/etusivu\/news\/kokouskutsu-turun-kyn-kevatkokous-21-4\/\" \/>\n<meta property=\"og:site_name\" content=\"Turun KY\" \/>\n<meta property=\"article:published_time\" content=\"2015-04-19T17:20:53+00:00\" \/>\n<meta name=\"author\" content=\"admin\" \/>\n<meta name=\"twitter:card\" content=\"summary_large_image\" \/>\n<meta name=\"twitter:label1\" content=\"Kirjoittanut\" \/>\n\t<meta name=\"twitter:data1\" content=\"admin\" \/>\n\t<meta name=\"twitter:label2\" content=\"Arvioitu lukuaika\" \/>\n\t<meta name=\"twitter:data2\" content=\"2 minuuttia\" \/>\n<script type=\"application\/ld+json\" class=\"yoast-schema-graph\">{\"@context\":\"https:\/\/schema.org\",\"@graph\":[{\"@type\":\"Article\",\"@id\":\"https:\/\/www.tuky.fi\/etusivu\/news\/kokouskutsu-turun-kyn-kevatkokous-21-4\/#article\",\"isPartOf\":{\"@id\":\"https:\/\/www.tuky.fi\/etusivu\/news\/kokouskutsu-turun-kyn-kevatkokous-21-4\/\"},\"author\":{\"name\":\"admin\",\"@id\":\"https:\/\/www.tuky.fi\/etusivu\/#\/schema\/person\/479eb0d4ef732e133e3a76f9b7659a39\"},\"headline\":\"Kokouskutsu: Turun KY:n kev\u00e4tkokous 21.4.\",\"datePublished\":\"2015-04-19T17:20:53+00:00\",\"mainEntityOfPage\":{\"@id\":\"https:\/\/www.tuky.fi\/etusivu\/news\/kokouskutsu-turun-kyn-kevatkokous-21-4\/\"},\"wordCount\":314,\"commentCount\":0,\"publisher\":{\"@id\":\"https:\/\/www.tuky.fi\/etusivu\/#organization\"},\"keywords\":[\"kev\u00e4tkokous\",\"kokouskutsu\",\"tuky\",\"turunky\"],\"articleSection\":[\"news\"],\"inLanguage\":\"fi\",\"potentialAction\":[{\"@type\":\"CommentAction\",\"name\":\"Comment\",\"target\":[\"https:\/\/www.tuky.fi\/etusivu\/news\/kokouskutsu-turun-kyn-kevatkokous-21-4\/#respond\"]}]},{\"@type\":\"WebPage\",\"@id\":\"https:\/\/www.tuky.fi\/etusivu\/news\/kokouskutsu-turun-kyn-kevatkokous-21-4\/\",\"url\":\"https:\/\/www.tuky.fi\/etusivu\/news\/kokouskutsu-turun-kyn-kevatkokous-21-4\/\",\"name\":\"Kokouskutsu: Turun KY:n kev\u00e4tkokous 21.4. - Turun KY\",\"isPartOf\":{\"@id\":\"https:\/\/www.tuky.fi\/etusivu\/#website\"},\"datePublished\":\"2015-04-19T17:20:53+00:00\",\"breadcrumb\":{\"@id\":\"https:\/\/www.tuky.fi\/etusivu\/news\/kokouskutsu-turun-kyn-kevatkokous-21-4\/#breadcrumb\"},\"inLanguage\":\"fi\",\"potentialAction\":[{\"@type\":\"ReadAction\",\"target\":[\"https:\/\/www.tuky.fi\/etusivu\/news\/kokouskutsu-turun-kyn-kevatkokous-21-4\/\"]}]},{\"@type\":\"BreadcrumbList\",\"@id\":\"https:\/\/www.tuky.fi\/etusivu\/news\/kokouskutsu-turun-kyn-kevatkokous-21-4\/#breadcrumb\",\"itemListElement\":[{\"@type\":\"ListItem\",\"position\":1,\"name\":\"Etusivu\",\"item\":\"https:\/\/www.tuky.fi\/etusivu\/\"},{\"@type\":\"ListItem\",\"position\":2,\"name\":\"Kokouskutsu: Turun KY:n kev\u00e4tkokous 21.4.\"}]},{\"@type\":\"WebSite\",\"@id\":\"https:\/\/www.tuky.fi\/etusivu\/#website\",\"url\":\"https:\/\/www.tuky.fi\/etusivu\/\",\"name\":\"Turun KY\",\"description\":\"TuKY\",\"publisher\":{\"@id\":\"https:\/\/www.tuky.fi\/etusivu\/#organization\"},\"alternateName\":\"TuKY\",\"potentialAction\":[{\"@type\":\"SearchAction\",\"target\":{\"@type\":\"EntryPoint\",\"urlTemplate\":\"https:\/\/www.tuky.fi\/etusivu\/?s={search_term_string}\"},\"query-input\":{\"@type\":\"PropertyValueSpecification\",\"valueRequired\":true,\"valueName\":\"search_term_string\"}}],\"inLanguage\":\"fi\"},{\"@type\":\"Organization\",\"@id\":\"https:\/\/www.tuky.fi\/etusivu\/#organization\",\"name\":\"Turun KY\",\"alternateName\":\"TuKY\",\"url\":\"https:\/\/www.tuky.fi\/etusivu\/\",\"logo\":{\"@type\":\"ImageObject\",\"inLanguage\":\"fi\",\"@id\":\"https:\/\/www.tuky.fi\/etusivu\/#\/schema\/logo\/image\/\",\"url\":\"https:\/\/www.tuky.fi\/wp-content\/uploads\/2024\/09\/TuKY-logo-kulta-1.png\",\"contentUrl\":\"https:\/\/www.tuky.fi\/wp-content\/uploads\/2024\/09\/TuKY-logo-kulta-1.png\",\"width\":1080,\"height\":1080,\"caption\":\"Turun KY\"},\"image\":{\"@id\":\"https:\/\/www.tuky.fi\/etusivu\/#\/schema\/logo\/image\/\"},\"sameAs\":[\"https:\/\/instagram.com\/turunky\",\"https:\/\/linkedin.com\/turunky\"]},{\"@type\":\"Person\",\"@id\":\"https:\/\/www.tuky.fi\/etusivu\/#\/schema\/person\/479eb0d4ef732e133e3a76f9b7659a39\",\"name\":\"admin\",\"image\":{\"@type\":\"ImageObject\",\"inLanguage\":\"fi\",\"@id\":\"https:\/\/secure.gravatar.com\/avatar\/afbe741656101229147e16716fbedbcade65018caf8c467f89b9abae7aaffeea?s=96&d=mm&r=g\",\"url\":\"https:\/\/secure.gravatar.com\/avatar\/afbe741656101229147e16716fbedbcade65018caf8c467f89b9abae7aaffeea?s=96&d=mm&r=g\",\"contentUrl\":\"https:\/\/secure.gravatar.com\/avatar\/afbe741656101229147e16716fbedbcade65018caf8c467f89b9abae7aaffeea?s=96&d=mm&r=g\",\"caption\":\"admin\"},\"url\":\"https:\/\/www.tuky.fi\/etusivu\/author\/admin\/\"}]}<\/script>\n<!-- \/ Yoast SEO plugin. -->","yoast_head_json":{"title":"Kokouskutsu: Turun KY:n kev\u00e4tkokous 21.4. - Turun KY","robots":{"index":"index","follow":"follow","max-snippet":"max-snippet:-1","max-image-preview":"max-image-preview:large","max-video-preview":"max-video-preview:-1"},"canonical":"https:\/\/www.tuky.fi\/etusivu\/news\/kokouskutsu-turun-kyn-kevatkokous-21-4\/","og_locale":"fi_FI","og_type":"article","og_title":"Kokouskutsu: Turun KY:n kev\u00e4tkokous 21.4. - Turun KY","og_description":"Hei Turun KY:n j\u00e4sen, Turun kauppatieteiden ylioppilaat ry pit\u00e4\u00e4 s\u00e4\u00e4nt\u00f6m\u00e4\u00e4r\u00e4isen kev\u00e4tkokouksensa\u00a0tiistaina 21.4.2015\u00a0klo 14.15\u00a0luentosalissa 08.\u00a0Yhdistyksess\u00e4 ylint\u00e4 p\u00e4\u00e4t\u00f6svaltaa k\u00e4ytt\u00e4v\u00e4t yhdistyksen kokoukset. Kokouksessa \u00e4\u00e4nivaltaisia ovat kaikki yhdistyksen varsinaiset j\u00e4senet. Toimintakertomuksen, tilinp\u00e4\u00e4t\u00f6ksen ja tilintarkastajien [&hellip;]","og_url":"https:\/\/www.tuky.fi\/etusivu\/news\/kokouskutsu-turun-kyn-kevatkokous-21-4\/","og_site_name":"Turun KY","article_published_time":"2015-04-19T17:20:53+00:00","author":"admin","twitter_card":"summary_large_image","twitter_misc":{"Kirjoittanut":"admin","Arvioitu lukuaika":"2 minuuttia"},"schema":{"@context":"https:\/\/schema.org","@graph":[{"@type":"Article","@id":"https:\/\/www.tuky.fi\/etusivu\/news\/kokouskutsu-turun-kyn-kevatkokous-21-4\/#article","isPartOf":{"@id":"https:\/\/www.tuky.fi\/etusivu\/news\/kokouskutsu-turun-kyn-kevatkokous-21-4\/"},"author":{"name":"admin","@id":"https:\/\/www.tuky.fi\/etusivu\/#\/schema\/person\/479eb0d4ef732e133e3a76f9b7659a39"},"headline":"Kokouskutsu: Turun KY:n kev\u00e4tkokous 21.4.","datePublished":"2015-04-19T17:20:53+00:00","mainEntityOfPage":{"@id":"https:\/\/www.tuky.fi\/etusivu\/news\/kokouskutsu-turun-kyn-kevatkokous-21-4\/"},"wordCount":314,"commentCount":0,"publisher":{"@id":"https:\/\/www.tuky.fi\/etusivu\/#organization"},"keywords":["kev\u00e4tkokous","kokouskutsu","tuky","turunky"],"articleSection":["news"],"inLanguage":"fi","potentialAction":[{"@type":"CommentAction","name":"Comment","target":["https:\/\/www.tuky.fi\/etusivu\/news\/kokouskutsu-turun-kyn-kevatkokous-21-4\/#respond"]}]},{"@type":"WebPage","@id":"https:\/\/www.tuky.fi\/etusivu\/news\/kokouskutsu-turun-kyn-kevatkokous-21-4\/","url":"https:\/\/www.tuky.fi\/etusivu\/news\/kokouskutsu-turun-kyn-kevatkokous-21-4\/","name":"Kokouskutsu: Turun KY:n kev\u00e4tkokous 21.4. - Turun KY","isPartOf":{"@id":"https:\/\/www.tuky.fi\/etusivu\/#website"},"datePublished":"2015-04-19T17:20:53+00:00","breadcrumb":{"@id":"https:\/\/www.tuky.fi\/etusivu\/news\/kokouskutsu-turun-kyn-kevatkokous-21-4\/#breadcrumb"},"inLanguage":"fi","potentialAction":[{"@type":"ReadAction","target":["https:\/\/www.tuky.fi\/etusivu\/news\/kokouskutsu-turun-kyn-kevatkokous-21-4\/"]}]},{"@type":"BreadcrumbList","@id":"https:\/\/www.tuky.fi\/etusivu\/news\/kokouskutsu-turun-kyn-kevatkokous-21-4\/#breadcrumb","itemListElement":[{"@type":"ListItem","position":1,"name":"Etusivu","item":"https:\/\/www.tuky.fi\/etusivu\/"},{"@type":"ListItem","position":2,"name":"Kokouskutsu: Turun KY:n kev\u00e4tkokous 21.4."}]},{"@type":"WebSite","@id":"https:\/\/www.tuky.fi\/etusivu\/#website","url":"https:\/\/www.tuky.fi\/etusivu\/","name":"Turun KY","description":"TuKY","publisher":{"@id":"https:\/\/www.tuky.fi\/etusivu\/#organization"},"alternateName":"TuKY","potentialAction":[{"@type":"SearchAction","target":{"@type":"EntryPoint","urlTemplate":"https:\/\/www.tuky.fi\/etusivu\/?s={search_term_string}"},"query-input":{"@type":"PropertyValueSpecification","valueRequired":true,"valueName":"search_term_string"}}],"inLanguage":"fi"},{"@type":"Organization","@id":"https:\/\/www.tuky.fi\/etusivu\/#organization","name":"Turun KY","alternateName":"TuKY","url":"https:\/\/www.tuky.fi\/etusivu\/","logo":{"@type":"ImageObject","inLanguage":"fi","@id":"https:\/\/www.tuky.fi\/etusivu\/#\/schema\/logo\/image\/","url":"https:\/\/www.tuky.fi\/wp-content\/uploads\/2024\/09\/TuKY-logo-kulta-1.png","contentUrl":"https:\/\/www.tuky.fi\/wp-content\/uploads\/2024\/09\/TuKY-logo-kulta-1.png","width":1080,"height":1080,"caption":"Turun KY"},"image":{"@id":"https:\/\/www.tuky.fi\/etusivu\/#\/schema\/logo\/image\/"},"sameAs":["https:\/\/instagram.com\/turunky","https:\/\/linkedin.com\/turunky"]},{"@type":"Person","@id":"https:\/\/www.tuky.fi\/etusivu\/#\/schema\/person\/479eb0d4ef732e133e3a76f9b7659a39","name":"admin","image":{"@type":"ImageObject","inLanguage":"fi","@id":"https:\/\/secure.gravatar.com\/avatar\/afbe741656101229147e16716fbedbcade65018caf8c467f89b9abae7aaffeea?s=96&d=mm&r=g","url":"https:\/\/secure.gravatar.com\/avatar\/afbe741656101229147e16716fbedbcade65018caf8c467f89b9abae7aaffeea?s=96&d=mm&r=g","contentUrl":"https:\/\/secure.gravatar.com\/avatar\/afbe741656101229147e16716fbedbcade65018caf8c467f89b9abae7aaffeea?s=96&d=mm&r=g","caption":"admin"},"url":"https:\/\/www.tuky.fi\/etusivu\/author\/admin\/"}]}},"lang":"fi","translations":{"fi":14298},"pll_sync_post":[],"_links":{"self":[{"href":"https:\/\/www.tuky.fi\/etusivu\/wp-json\/wp\/v2\/posts\/14298","targetHints":{"allow":["GET"]}}],"collection":[{"href":"https:\/\/www.tuky.fi\/etusivu\/wp-json\/wp\/v2\/posts"}],"about":[{"href":"https:\/\/www.tuky.fi\/etusivu\/wp-json\/wp\/v2\/types\/post"}],"author":[{"embeddable":true,"href":"https:\/\/www.tuky.fi\/etusivu\/wp-json\/wp\/v2\/users\/1"}],"replies":[{"embeddable":true,"href":"https:\/\/www.tuky.fi\/etusivu\/wp-json\/wp\/v2\/comments?post=14298"}],"version-history":[{"count":0,"href":"https:\/\/www.tuky.fi\/etusivu\/wp-json\/wp\/v2\/posts\/14298\/revisions"}],"wp:attachment":[{"href":"https:\/\/www.tuky.fi\/etusivu\/wp-json\/wp\/v2\/media?parent=14298"}],"wp:term":[{"taxonomy":"category","embeddable":true,"href":"https:\/\/www.tuky.fi\/etusivu\/wp-json\/wp\/v2\/categories?post=14298"},{"taxonomy":"post_tag","embeddable":true,"href":"https:\/\/www.tuky.fi\/etusivu\/wp-json\/wp\/v2\/tags?post=14298"}],"curies":[{"name":"wp","href":"https:\/\/api.w.org\/{rel}","templated":true}]}}