{"id":14258,"date":"2015-04-13T11:19:07","date_gmt":"2015-04-13T09:19:07","guid":{"rendered":"http:\/\/tuky.fi\/?p=14258"},"modified":"2015-04-13T11:19:07","modified_gmt":"2015-04-13T09:19:07","slug":"vuoden-2016-pikkulaskiaisen-tapahtumantuottaja-tai-pari-haussa","status":"publish","type":"post","link":"https:\/\/www.tuky.fi\/etusivu\/news\/vuoden-2016-pikkulaskiaisen-tapahtumantuottaja-tai-pari-haussa\/","title":{"rendered":"Vuoden 2016 Pikkulaskiaisen tapahtumantuottaja tai -pari haussa!"},"content":{"rendered":"<p><a style=\"line-height: 1.5em;\" href=\"http:\/\/tuky.fi\/wordpress\/wp-content\/uploads\/2015\/04\/1779943-555523071212898-1077209700-n.jpg\"><img loading=\"lazy\" decoding=\"async\" class=\" wp-image-14259 alignnone\" alt=\"1779943_555523071212898_1077209700_n\" src=\"http:\/\/tuky.fi\/wordpress\/wp-content\/uploads\/2015\/04\/1779943-555523071212898-1077209700-n-300x198.jpg\" width=\"300\" height=\"198\" \/><\/a><\/p>\n<p>On helmikuinen ilta, muutama aste pakkasta. Keskitalven ilta-aurinko kultaa Puolalanpuiston v\u00e4kijoukon, ja rinne kimaltelee. Tuhannet ihmiset riemuitsevat ja kymmenet yritykset hierovat k\u00e4si\u00e4\u00e4n yhteen. Turun y\u00f6kerhot ovat valmiina ottamaan juhlijat vastaan, ja maailmanluokan artisti on matkalla lentokent\u00e4lt\u00e4 Turkuun. L\u00e4hes kaikki mik\u00e4 oli teht\u00e4viss\u00e4, on jo tehty. T\u00e4n\u00e4\u00e4nk\u00f6 juuri sinun kuukausien rankka ty\u00f6 palkitaan? Onko juuri sinun p\u00e4iv\u00e4si, sinun showsi, sinun n\u00e4yt\u00f6n paikkasi? On Pikkulaskiainen 2016. Oletko sin\u00e4 tapahtuman p\u00e4\u00e4tuottaja?<\/p>\n<p>Turun KY etsii perinteiselle talvitapahtumalleen Pikkulaskiaiselle osaavaa, motivoitunutta ja tulevaan ty\u00f6h\u00f6ns\u00e4 sitoutunutta tapahtumantuottajaa tai -tuottajia vuodelle 2016. Tapahtumantuottajan teht\u00e4v\u00e4n\u00e4 on koota ymp\u00e4rilleen tiimi ja heid\u00e4n kanssaan yhteisty\u00f6ss\u00e4 organisoida koko Pikkulaskiainen 2016. Tapahtumantuottajaksi voi hakea yksin tai parina, eik\u00e4 kumpikaan vaihtoehto ole etusijalla valinnassa.<\/p>\n<p>Pikkulaskiaisen tapahtumantuottajan teht\u00e4v\u00e4 on monella tavalla antoisa. P\u00e4\u00e4set toteuttamaan itse\u00e4si yhdess\u00e4 Suomen suurimman opiskelijatapahtuman j\u00e4rjest\u00e4misess\u00e4, saat huomattavaa kokemusta organisaation johtamisesta ja haastavan projektin toteuttamisesta. P\u00e4\u00e4set my\u00f6s haastamaan itsesi luodessasi perinteisest\u00e4 tapahtumastamme viel\u00e4kin loistokkaamman.<\/p>\n<p>Eduksi luetaan kokemus Pikkulaskiaisen j\u00e4rjest\u00e4misest\u00e4 ja tiiminvet\u00e4j\u00e4n\u00e4 toimimisesta, mutta n\u00e4m\u00e4 eiv\u00e4t ole ehdottomia edellytyksi\u00e4. Muu kokemus tapahtumien j\u00e4rjest\u00e4misest\u00e4 ja toiminnasta Turun KY:ss\u00e4 katsotaan my\u00f6s eduksi. Hakijan vuosikurssilla ei ole merkityst\u00e4 valinnassa. Hakijat tullaan haastattelemaan.<\/p>\n<p>Vapaamuotoinen hakemus tulee l\u00e4hett\u00e4\u00e4 14.4.2016 kello 23 menness\u00e4 osoitteeseen vapaa-aika@tuky.fi. Lis\u00e4tietoja voi kysell\u00e4 allekirjoittaneelta tai t\u00e4m\u00e4n vuoden Pikkulaskiaisen p\u00e4\u00e4tuottajalta Sanna-Maria Hellstenilt\u00e4 osoitteesta smkhell@utu.fi.<\/p>\n<p>Terveisin,<\/p>\n<p><span style=\"line-height: 1.5em;\">Samuli Salo,<\/span><\/p>\n<p><em><span style=\"line-height: 1.5em;\">vapaa-ajan vastaava<\/span><\/em><\/p>\n<p><em><span style=\"line-height: 1.5em;\">vapaa-aika@tuky.fi\u00a0<\/span><\/em><\/p>\n","protected":false},"excerpt":{"rendered":"<p>On helmikuinen ilta, muutama aste pakkasta. Keskitalven ilta-aurinko kultaa Puolalanpuiston v\u00e4kijoukon, ja rinne kimaltelee. Tuhannet ihmiset riemuitsevat ja kymmenet yritykset hierovat k\u00e4si\u00e4\u00e4n yhteen. Turun y\u00f6kerhot ovat valmiina ottamaan juhlijat vastaan, [&hellip;]<\/p>\n","protected":false},"author":1,"featured_media":0,"comment_status":"open","ping_status":"open","sticky":false,"template":"","format":"standard","meta":{"_et_pb_use_builder":"","_et_pb_old_content":"","_et_gb_content_width":"","footnotes":""},"categories":[4],"tags":[],"class_list":["post-14258","post","type-post","status-publish","format-standard","hentry","category-news"],"yoast_head":"<!-- This site is optimized with the Yoast SEO plugin v27.2 - https:\/\/yoast.com\/product\/yoast-seo-wordpress\/ -->\n<title>Vuoden 2016 Pikkulaskiaisen tapahtumantuottaja tai -pari haussa! - Turun KY<\/title>\n<meta name=\"robots\" content=\"index, follow, max-snippet:-1, max-image-preview:large, max-video-preview:-1\" \/>\n<link rel=\"canonical\" href=\"https:\/\/www.tuky.fi\/etusivu\/news\/vuoden-2016-pikkulaskiaisen-tapahtumantuottaja-tai-pari-haussa\/\" \/>\n<meta property=\"og:locale\" content=\"fi_FI\" \/>\n<meta property=\"og:type\" content=\"article\" \/>\n<meta property=\"og:title\" content=\"Vuoden 2016 Pikkulaskiaisen tapahtumantuottaja tai -pari haussa! - Turun KY\" \/>\n<meta property=\"og:description\" content=\"On helmikuinen ilta, muutama aste pakkasta. Keskitalven ilta-aurinko kultaa Puolalanpuiston v\u00e4kijoukon, ja rinne kimaltelee. Tuhannet ihmiset riemuitsevat ja kymmenet yritykset hierovat k\u00e4si\u00e4\u00e4n yhteen. Turun y\u00f6kerhot ovat valmiina ottamaan juhlijat vastaan, [&hellip;]\" \/>\n<meta property=\"og:url\" content=\"https:\/\/www.tuky.fi\/etusivu\/news\/vuoden-2016-pikkulaskiaisen-tapahtumantuottaja-tai-pari-haussa\/\" \/>\n<meta property=\"og:site_name\" content=\"Turun KY\" \/>\n<meta property=\"article:published_time\" content=\"2015-04-13T09:19:07+00:00\" \/>\n<meta property=\"og:image\" content=\"http:\/\/tuky.fi\/wordpress\/wp-content\/uploads\/2015\/04\/1779943-555523071212898-1077209700-n-300x198.jpg\" \/>\n<meta name=\"author\" content=\"admin\" \/>\n<meta name=\"twitter:card\" content=\"summary_large_image\" \/>\n<meta name=\"twitter:label1\" content=\"Kirjoittanut\" \/>\n\t<meta name=\"twitter:data1\" content=\"admin\" \/>\n\t<meta name=\"twitter:label2\" content=\"Arvioitu lukuaika\" \/>\n\t<meta name=\"twitter:data2\" content=\"1 minuutti\" \/>\n<script type=\"application\/ld+json\" class=\"yoast-schema-graph\">{\"@context\":\"https:\/\/schema.org\",\"@graph\":[{\"@type\":\"Article\",\"@id\":\"https:\/\/www.tuky.fi\/etusivu\/news\/vuoden-2016-pikkulaskiaisen-tapahtumantuottaja-tai-pari-haussa\/#article\",\"isPartOf\":{\"@id\":\"https:\/\/www.tuky.fi\/etusivu\/news\/vuoden-2016-pikkulaskiaisen-tapahtumantuottaja-tai-pari-haussa\/\"},\"author\":{\"name\":\"admin\",\"@id\":\"https:\/\/www.tuky.fi\/etusivu\/#\/schema\/person\/479eb0d4ef732e133e3a76f9b7659a39\"},\"headline\":\"Vuoden 2016 Pikkulaskiaisen tapahtumantuottaja tai -pari haussa!\",\"datePublished\":\"2015-04-13T09:19:07+00:00\",\"mainEntityOfPage\":{\"@id\":\"https:\/\/www.tuky.fi\/etusivu\/news\/vuoden-2016-pikkulaskiaisen-tapahtumantuottaja-tai-pari-haussa\/\"},\"wordCount\":258,\"commentCount\":0,\"publisher\":{\"@id\":\"https:\/\/www.tuky.fi\/etusivu\/#organization\"},\"image\":{\"@id\":\"https:\/\/www.tuky.fi\/etusivu\/news\/vuoden-2016-pikkulaskiaisen-tapahtumantuottaja-tai-pari-haussa\/#primaryimage\"},\"thumbnailUrl\":\"http:\/\/tuky.fi\/wordpress\/wp-content\/uploads\/2015\/04\/1779943-555523071212898-1077209700-n-300x198.jpg\",\"articleSection\":[\"news\"],\"inLanguage\":\"fi\",\"potentialAction\":[{\"@type\":\"CommentAction\",\"name\":\"Comment\",\"target\":[\"https:\/\/www.tuky.fi\/etusivu\/news\/vuoden-2016-pikkulaskiaisen-tapahtumantuottaja-tai-pari-haussa\/#respond\"]}]},{\"@type\":\"WebPage\",\"@id\":\"https:\/\/www.tuky.fi\/etusivu\/news\/vuoden-2016-pikkulaskiaisen-tapahtumantuottaja-tai-pari-haussa\/\",\"url\":\"https:\/\/www.tuky.fi\/etusivu\/news\/vuoden-2016-pikkulaskiaisen-tapahtumantuottaja-tai-pari-haussa\/\",\"name\":\"Vuoden 2016 Pikkulaskiaisen tapahtumantuottaja tai -pari haussa! - Turun KY\",\"isPartOf\":{\"@id\":\"https:\/\/www.tuky.fi\/etusivu\/#website\"},\"primaryImageOfPage\":{\"@id\":\"https:\/\/www.tuky.fi\/etusivu\/news\/vuoden-2016-pikkulaskiaisen-tapahtumantuottaja-tai-pari-haussa\/#primaryimage\"},\"image\":{\"@id\":\"https:\/\/www.tuky.fi\/etusivu\/news\/vuoden-2016-pikkulaskiaisen-tapahtumantuottaja-tai-pari-haussa\/#primaryimage\"},\"thumbnailUrl\":\"http:\/\/tuky.fi\/wordpress\/wp-content\/uploads\/2015\/04\/1779943-555523071212898-1077209700-n-300x198.jpg\",\"datePublished\":\"2015-04-13T09:19:07+00:00\",\"breadcrumb\":{\"@id\":\"https:\/\/www.tuky.fi\/etusivu\/news\/vuoden-2016-pikkulaskiaisen-tapahtumantuottaja-tai-pari-haussa\/#breadcrumb\"},\"inLanguage\":\"fi\",\"potentialAction\":[{\"@type\":\"ReadAction\",\"target\":[\"https:\/\/www.tuky.fi\/etusivu\/news\/vuoden-2016-pikkulaskiaisen-tapahtumantuottaja-tai-pari-haussa\/\"]}]},{\"@type\":\"ImageObject\",\"inLanguage\":\"fi\",\"@id\":\"https:\/\/www.tuky.fi\/etusivu\/news\/vuoden-2016-pikkulaskiaisen-tapahtumantuottaja-tai-pari-haussa\/#primaryimage\",\"url\":\"http:\/\/tuky.fi\/wordpress\/wp-content\/uploads\/2015\/04\/1779943-555523071212898-1077209700-n-300x198.jpg\",\"contentUrl\":\"http:\/\/tuky.fi\/wordpress\/wp-content\/uploads\/2015\/04\/1779943-555523071212898-1077209700-n-300x198.jpg\"},{\"@type\":\"BreadcrumbList\",\"@id\":\"https:\/\/www.tuky.fi\/etusivu\/news\/vuoden-2016-pikkulaskiaisen-tapahtumantuottaja-tai-pari-haussa\/#breadcrumb\",\"itemListElement\":[{\"@type\":\"ListItem\",\"position\":1,\"name\":\"Etusivu\",\"item\":\"https:\/\/www.tuky.fi\/etusivu\/\"},{\"@type\":\"ListItem\",\"position\":2,\"name\":\"Vuoden 2016 Pikkulaskiaisen tapahtumantuottaja tai -pari haussa!\"}]},{\"@type\":\"WebSite\",\"@id\":\"https:\/\/www.tuky.fi\/etusivu\/#website\",\"url\":\"https:\/\/www.tuky.fi\/etusivu\/\",\"name\":\"Turun KY\",\"description\":\"TuKY\",\"publisher\":{\"@id\":\"https:\/\/www.tuky.fi\/etusivu\/#organization\"},\"alternateName\":\"TuKY\",\"potentialAction\":[{\"@type\":\"SearchAction\",\"target\":{\"@type\":\"EntryPoint\",\"urlTemplate\":\"https:\/\/www.tuky.fi\/etusivu\/?s={search_term_string}\"},\"query-input\":{\"@type\":\"PropertyValueSpecification\",\"valueRequired\":true,\"valueName\":\"search_term_string\"}}],\"inLanguage\":\"fi\"},{\"@type\":\"Organization\",\"@id\":\"https:\/\/www.tuky.fi\/etusivu\/#organization\",\"name\":\"Turun KY\",\"alternateName\":\"TuKY\",\"url\":\"https:\/\/www.tuky.fi\/etusivu\/\",\"logo\":{\"@type\":\"ImageObject\",\"inLanguage\":\"fi\",\"@id\":\"https:\/\/www.tuky.fi\/etusivu\/#\/schema\/logo\/image\/\",\"url\":\"https:\/\/www.tuky.fi\/wp-content\/uploads\/2024\/09\/TuKY-logo-kulta-1.png\",\"contentUrl\":\"https:\/\/www.tuky.fi\/wp-content\/uploads\/2024\/09\/TuKY-logo-kulta-1.png\",\"width\":1080,\"height\":1080,\"caption\":\"Turun KY\"},\"image\":{\"@id\":\"https:\/\/www.tuky.fi\/etusivu\/#\/schema\/logo\/image\/\"},\"sameAs\":[\"https:\/\/instagram.com\/turunky\",\"https:\/\/linkedin.com\/turunky\"]},{\"@type\":\"Person\",\"@id\":\"https:\/\/www.tuky.fi\/etusivu\/#\/schema\/person\/479eb0d4ef732e133e3a76f9b7659a39\",\"name\":\"admin\",\"image\":{\"@type\":\"ImageObject\",\"inLanguage\":\"fi\",\"@id\":\"https:\/\/secure.gravatar.com\/avatar\/afbe741656101229147e16716fbedbcade65018caf8c467f89b9abae7aaffeea?s=96&d=mm&r=g\",\"url\":\"https:\/\/secure.gravatar.com\/avatar\/afbe741656101229147e16716fbedbcade65018caf8c467f89b9abae7aaffeea?s=96&d=mm&r=g\",\"contentUrl\":\"https:\/\/secure.gravatar.com\/avatar\/afbe741656101229147e16716fbedbcade65018caf8c467f89b9abae7aaffeea?s=96&d=mm&r=g\",\"caption\":\"admin\"},\"url\":\"https:\/\/www.tuky.fi\/etusivu\/author\/admin\/\"}]}<\/script>\n<!-- \/ Yoast SEO plugin. -->","yoast_head_json":{"title":"Vuoden 2016 Pikkulaskiaisen tapahtumantuottaja tai -pari haussa! - Turun KY","robots":{"index":"index","follow":"follow","max-snippet":"max-snippet:-1","max-image-preview":"max-image-preview:large","max-video-preview":"max-video-preview:-1"},"canonical":"https:\/\/www.tuky.fi\/etusivu\/news\/vuoden-2016-pikkulaskiaisen-tapahtumantuottaja-tai-pari-haussa\/","og_locale":"fi_FI","og_type":"article","og_title":"Vuoden 2016 Pikkulaskiaisen tapahtumantuottaja tai -pari haussa! - Turun KY","og_description":"On helmikuinen ilta, muutama aste pakkasta. Keskitalven ilta-aurinko kultaa Puolalanpuiston v\u00e4kijoukon, ja rinne kimaltelee. Tuhannet ihmiset riemuitsevat ja kymmenet yritykset hierovat k\u00e4si\u00e4\u00e4n yhteen. Turun y\u00f6kerhot ovat valmiina ottamaan juhlijat vastaan, [&hellip;]","og_url":"https:\/\/www.tuky.fi\/etusivu\/news\/vuoden-2016-pikkulaskiaisen-tapahtumantuottaja-tai-pari-haussa\/","og_site_name":"Turun KY","article_published_time":"2015-04-13T09:19:07+00:00","og_image":[{"url":"http:\/\/tuky.fi\/wordpress\/wp-content\/uploads\/2015\/04\/1779943-555523071212898-1077209700-n-300x198.jpg","type":"","width":"","height":""}],"author":"admin","twitter_card":"summary_large_image","twitter_misc":{"Kirjoittanut":"admin","Arvioitu lukuaika":"1 minuutti"},"schema":{"@context":"https:\/\/schema.org","@graph":[{"@type":"Article","@id":"https:\/\/www.tuky.fi\/etusivu\/news\/vuoden-2016-pikkulaskiaisen-tapahtumantuottaja-tai-pari-haussa\/#article","isPartOf":{"@id":"https:\/\/www.tuky.fi\/etusivu\/news\/vuoden-2016-pikkulaskiaisen-tapahtumantuottaja-tai-pari-haussa\/"},"author":{"name":"admin","@id":"https:\/\/www.tuky.fi\/etusivu\/#\/schema\/person\/479eb0d4ef732e133e3a76f9b7659a39"},"headline":"Vuoden 2016 Pikkulaskiaisen tapahtumantuottaja tai -pari haussa!","datePublished":"2015-04-13T09:19:07+00:00","mainEntityOfPage":{"@id":"https:\/\/www.tuky.fi\/etusivu\/news\/vuoden-2016-pikkulaskiaisen-tapahtumantuottaja-tai-pari-haussa\/"},"wordCount":258,"commentCount":0,"publisher":{"@id":"https:\/\/www.tuky.fi\/etusivu\/#organization"},"image":{"@id":"https:\/\/www.tuky.fi\/etusivu\/news\/vuoden-2016-pikkulaskiaisen-tapahtumantuottaja-tai-pari-haussa\/#primaryimage"},"thumbnailUrl":"http:\/\/tuky.fi\/wordpress\/wp-content\/uploads\/2015\/04\/1779943-555523071212898-1077209700-n-300x198.jpg","articleSection":["news"],"inLanguage":"fi","potentialAction":[{"@type":"CommentAction","name":"Comment","target":["https:\/\/www.tuky.fi\/etusivu\/news\/vuoden-2016-pikkulaskiaisen-tapahtumantuottaja-tai-pari-haussa\/#respond"]}]},{"@type":"WebPage","@id":"https:\/\/www.tuky.fi\/etusivu\/news\/vuoden-2016-pikkulaskiaisen-tapahtumantuottaja-tai-pari-haussa\/","url":"https:\/\/www.tuky.fi\/etusivu\/news\/vuoden-2016-pikkulaskiaisen-tapahtumantuottaja-tai-pari-haussa\/","name":"Vuoden 2016 Pikkulaskiaisen tapahtumantuottaja tai -pari haussa! - Turun KY","isPartOf":{"@id":"https:\/\/www.tuky.fi\/etusivu\/#website"},"primaryImageOfPage":{"@id":"https:\/\/www.tuky.fi\/etusivu\/news\/vuoden-2016-pikkulaskiaisen-tapahtumantuottaja-tai-pari-haussa\/#primaryimage"},"image":{"@id":"https:\/\/www.tuky.fi\/etusivu\/news\/vuoden-2016-pikkulaskiaisen-tapahtumantuottaja-tai-pari-haussa\/#primaryimage"},"thumbnailUrl":"http:\/\/tuky.fi\/wordpress\/wp-content\/uploads\/2015\/04\/1779943-555523071212898-1077209700-n-300x198.jpg","datePublished":"2015-04-13T09:19:07+00:00","breadcrumb":{"@id":"https:\/\/www.tuky.fi\/etusivu\/news\/vuoden-2016-pikkulaskiaisen-tapahtumantuottaja-tai-pari-haussa\/#breadcrumb"},"inLanguage":"fi","potentialAction":[{"@type":"ReadAction","target":["https:\/\/www.tuky.fi\/etusivu\/news\/vuoden-2016-pikkulaskiaisen-tapahtumantuottaja-tai-pari-haussa\/"]}]},{"@type":"ImageObject","inLanguage":"fi","@id":"https:\/\/www.tuky.fi\/etusivu\/news\/vuoden-2016-pikkulaskiaisen-tapahtumantuottaja-tai-pari-haussa\/#primaryimage","url":"http:\/\/tuky.fi\/wordpress\/wp-content\/uploads\/2015\/04\/1779943-555523071212898-1077209700-n-300x198.jpg","contentUrl":"http:\/\/tuky.fi\/wordpress\/wp-content\/uploads\/2015\/04\/1779943-555523071212898-1077209700-n-300x198.jpg"},{"@type":"BreadcrumbList","@id":"https:\/\/www.tuky.fi\/etusivu\/news\/vuoden-2016-pikkulaskiaisen-tapahtumantuottaja-tai-pari-haussa\/#breadcrumb","itemListElement":[{"@type":"ListItem","position":1,"name":"Etusivu","item":"https:\/\/www.tuky.fi\/etusivu\/"},{"@type":"ListItem","position":2,"name":"Vuoden 2016 Pikkulaskiaisen tapahtumantuottaja tai -pari haussa!"}]},{"@type":"WebSite","@id":"https:\/\/www.tuky.fi\/etusivu\/#website","url":"https:\/\/www.tuky.fi\/etusivu\/","name":"Turun KY","description":"TuKY","publisher":{"@id":"https:\/\/www.tuky.fi\/etusivu\/#organization"},"alternateName":"TuKY","potentialAction":[{"@type":"SearchAction","target":{"@type":"EntryPoint","urlTemplate":"https:\/\/www.tuky.fi\/etusivu\/?s={search_term_string}"},"query-input":{"@type":"PropertyValueSpecification","valueRequired":true,"valueName":"search_term_string"}}],"inLanguage":"fi"},{"@type":"Organization","@id":"https:\/\/www.tuky.fi\/etusivu\/#organization","name":"Turun KY","alternateName":"TuKY","url":"https:\/\/www.tuky.fi\/etusivu\/","logo":{"@type":"ImageObject","inLanguage":"fi","@id":"https:\/\/www.tuky.fi\/etusivu\/#\/schema\/logo\/image\/","url":"https:\/\/www.tuky.fi\/wp-content\/uploads\/2024\/09\/TuKY-logo-kulta-1.png","contentUrl":"https:\/\/www.tuky.fi\/wp-content\/uploads\/2024\/09\/TuKY-logo-kulta-1.png","width":1080,"height":1080,"caption":"Turun KY"},"image":{"@id":"https:\/\/www.tuky.fi\/etusivu\/#\/schema\/logo\/image\/"},"sameAs":["https:\/\/instagram.com\/turunky","https:\/\/linkedin.com\/turunky"]},{"@type":"Person","@id":"https:\/\/www.tuky.fi\/etusivu\/#\/schema\/person\/479eb0d4ef732e133e3a76f9b7659a39","name":"admin","image":{"@type":"ImageObject","inLanguage":"fi","@id":"https:\/\/secure.gravatar.com\/avatar\/afbe741656101229147e16716fbedbcade65018caf8c467f89b9abae7aaffeea?s=96&d=mm&r=g","url":"https:\/\/secure.gravatar.com\/avatar\/afbe741656101229147e16716fbedbcade65018caf8c467f89b9abae7aaffeea?s=96&d=mm&r=g","contentUrl":"https:\/\/secure.gravatar.com\/avatar\/afbe741656101229147e16716fbedbcade65018caf8c467f89b9abae7aaffeea?s=96&d=mm&r=g","caption":"admin"},"url":"https:\/\/www.tuky.fi\/etusivu\/author\/admin\/"}]}},"lang":"fi","translations":{"fi":14258},"pll_sync_post":[],"_links":{"self":[{"href":"https:\/\/www.tuky.fi\/etusivu\/wp-json\/wp\/v2\/posts\/14258","targetHints":{"allow":["GET"]}}],"collection":[{"href":"https:\/\/www.tuky.fi\/etusivu\/wp-json\/wp\/v2\/posts"}],"about":[{"href":"https:\/\/www.tuky.fi\/etusivu\/wp-json\/wp\/v2\/types\/post"}],"author":[{"embeddable":true,"href":"https:\/\/www.tuky.fi\/etusivu\/wp-json\/wp\/v2\/users\/1"}],"replies":[{"embeddable":true,"href":"https:\/\/www.tuky.fi\/etusivu\/wp-json\/wp\/v2\/comments?post=14258"}],"version-history":[{"count":0,"href":"https:\/\/www.tuky.fi\/etusivu\/wp-json\/wp\/v2\/posts\/14258\/revisions"}],"wp:attachment":[{"href":"https:\/\/www.tuky.fi\/etusivu\/wp-json\/wp\/v2\/media?parent=14258"}],"wp:term":[{"taxonomy":"category","embeddable":true,"href":"https:\/\/www.tuky.fi\/etusivu\/wp-json\/wp\/v2\/categories?post=14258"},{"taxonomy":"post_tag","embeddable":true,"href":"https:\/\/www.tuky.fi\/etusivu\/wp-json\/wp\/v2\/tags?post=14258"}],"curies":[{"name":"wp","href":"https:\/\/api.w.org\/{rel}","templated":true}]}}