{"id":14226,"date":"2015-04-08T22:57:00","date_gmt":"2015-04-08T20:57:00","guid":{"rendered":"http:\/\/tuky.fi\/?p=14226"},"modified":"2015-04-08T22:57:00","modified_gmt":"2015-04-08T20:57:00","slug":"turun-kyn-vappu-2015-tapahtumat-ja-lipunmyynti","status":"publish","type":"post","link":"https:\/\/www.tuky.fi\/etusivu\/news\/turun-kyn-vappu-2015-tapahtumat-ja-lipunmyynti\/","title":{"rendered":"Turun KY:n Vappu 2015: tapahtumat ja lipunmyynti"},"content":{"rendered":"<p><a href=\"http:\/\/tuky.fi\/wordpress\/wp-content\/uploads\/2015\/04\/11136215-853015388103337-4138672986107103877-o.jpg\"><img loading=\"lazy\" decoding=\"async\" class=\"wp-image-14227 alignnone\" alt=\"11136215_853015388103337_4138672986107103877_o\" src=\"http:\/\/tuky.fi\/wordpress\/wp-content\/uploads\/2015\/04\/11136215-853015388103337-4138672986107103877-o.jpg\" width=\"544\" height=\"201\" \/><\/a><\/p>\n<p><strong>Se on t\u00e4\u00e4ll\u00e4 taas, nimitt\u00e4in Turun KY:n vappu! T\u00e4n\u00e4 vuonna r\u00e4j\u00e4yt\u00e4mme taas pankin yhdeks\u00e4n p\u00e4iv\u00e4n putkella tapahtumia, joiden joukosta l\u00f6ytyy varmasti jokaiselle jotakin!<\/strong><\/p>\n<p>Lipunmyynti Bussik\u00e4nneille, Vappusitseille, Comedy Nightiin ja Sikawappuun hoituu t\u00e4n\u00e4 vuonna kokonaan Lyytiss\u00e4, ja <strong>lipunmyynti l\u00f6ytyy osoitteesta <a href=\"https:\/\/www.lyyti.fi\/group\/tukyvappu2015\">lyyti.in\/tukyvappu2015<\/a><\/strong>. <strong>Lipunmyynti alkaa 9.4. klo 12!<\/strong> Valitset vain tapahtumat joihin haluat osallistua ja maksat kaikki k\u00e4tev\u00e4sti samalla kertaa!<\/p>\n<p>Game Day, Kuntalaisbailut, Zen Day ja Vappupiknik ovat p\u00e4\u00e4symaksuttomia tapahtumia, joihin ei tarvise erikseen ilmoittautua.\u00a0Lis\u00e4ksi Amazing Racen ilmoittautuminen tulee erikseen k\u00e4yt\u00e4nn\u00f6n syist\u00e4 ensi viikolla, sill\u00e4 kyseess\u00e4 on Lexin, TuKYn ja TLKS:n yhteinen tapahtuma.<\/p>\n<p>Alla viel\u00e4 jokaisen tapahtuman yksityiskohtaisempi esittely ja linkki kuhunkin Facebook-tapahtumaan.<\/p>\n<h3><a title=\"Bussik\u00e4nnit\" href=\"https:\/\/www.facebook.com\/events\/734313616681238\/\" target=\"_blank\">Bussik\u00e4nnit<\/a><\/h3>\n<p>Ulkkis ja Merkantila Klubben starttaavat vappuviikon tarjoamalla jokaiselle kylterille mahdollisuuden p\u00e4\u00e4st\u00e4 mystiselle luokkaretkelle ruotsinkielisten kollegoidemme kanssa. Illan aikana kierr\u00e4mme busseilla ymp\u00e4ri baareja ja pubeja Turussa ja sen l\u00e4hialueilla. N\u00e4it\u00e4 kapakoita et taatusti ole viel\u00e4 opiskelijabileiss\u00e4 ehtinyt korkata! Illan teemana on siis luokkaretki.\u00a0L\u00e4ht\u00f6 el\u00e4m\u00e4si lapsekkaimmalle ajelulle tapahtuu Turun Kauppakorkeakoulun edest\u00e4 klo 16:00. Jotta t\u00e4m\u00e4 ainutlaatuinen ilta saisi arvoisensa lopun, vietet\u00e4\u00e4n jatkot The Monkeyss\u00e4.<\/p>\n<p>Miss\u00e4: Lounais-Suomi<br \/>\nMilloin: 23.4.2015<br \/>\nMit\u00e4 maksaa: 12e<br \/>\nMit\u00e4 p\u00e4\u00e4lle: Luokkaretki+haalarit<\/p>\n<p><strong><em>Huom! Samana p\u00e4iv\u00e4n\u00e4 on my\u00f6s perinteinen Renaissance-klubi Blankossa.<\/em><\/strong><\/p>\n<h3><a title=\"Sairaan nopeet ja v\u00e4rikk\u00e4\u00e4t vappusitsit\" href=\"https:\/\/www.facebook.com\/events\/1555250281394088\/\" target=\"_blank\">Sairaan nopeet ja v\u00e4rikk\u00e4\u00e4t vappusitsit<\/a><\/h3>\n<p>Aikoinaan puhuttiin keng\u00e4nnauhoista, mutta nyt puhutaan vapusta. \u00a0T\u00e4n\u00e4 vuonna TuKYn vappusitsit ovat osa my\u00f6s NESU:n virallista Vappurundia, eli huikea meno on taattu my\u00f6s ulkkareiden puolesta.\u00a0Nyt saa laulaa, krebaa ja el\u00e4\u00e4 sit\u00e4 opiskelijael\u00e4m\u00e4n parasta aikaa. Vihdoin se tulee. VAPPU! Mainitsinhan sen jo? Jos kuvittelit ettei vappu voisi olla en\u00e4\u00e4 v\u00e4rikk\u00e4\u00e4mpi, niin luulit v\u00e4\u00e4rin. NESU-TuKY will prove you wrong.<\/p>\n<p>Miss\u00e4: Monttu<br \/>\nMilloin: 24.4. kello 19.00<br \/>\nMit\u00e4 maksaa: 14\u20ac<br \/>\nMit\u00e4 p\u00e4\u00e4lle: Sairaan nopee ja v\u00e4rik\u00e4s + haalarit<br \/>\nJatkot: Parkilla<\/p>\n<h3><a title=\"Game day\" href=\"https:\/\/www.facebook.com\/events\/469010306584907\/\" target=\"_blank\">Game Day<\/a><\/h3>\n<p>KY-Sport tarjoaa vappuviikolle yhden p\u00e4iv\u00e4n aikana hieman muusta ohjelmasta poikkeavaa aktiviteettia. Ohjelmassa on sopivan leikkimielist\u00e4 skabailua, ei siis mit\u00e4\u00e4n kulmat kurtussa -meininki\u00e4, sek\u00e4 vappuviikolle kuuluvaa chillailua.\u00a0Lajeina on mm. &#8221;Volley Pong&#8221;, Sportin oma versio t\u00e4m\u00e4n hetken ehk\u00e4 suosituimmaista opiskelija-aktiviteetista eli beer pongista sek\u00e4 muita perinteisi\u00e4 chillailulajeja m\u00f6lkyst\u00e4 l\u00e4htien Sportin omalla twistill\u00e4.<\/p>\n<p>Parkin alakerran screenilt\u00e4 n\u00e4ytet\u00e4\u00e4n joko j\u00e4\u00e4kiekon Liigan 7. finaali tai jotain muuta sporttia, jos finaalisarja katkeaa jo aiemmin.\u00a0Lis\u00e4ksi tarjolla on safkaa skabojen uuvuttamille tai muuten vain vappuviikosta nauttiville, unohtamatta hyv\u00e4\u00e4 musiikkia sek\u00e4 Parkin pihassa l\u00e4mpi\u00e4v\u00e4\u00e4 paljua.<\/p>\n<p>Miss\u00e4: Parkki<br \/>\nMilloin: Lauantaina 25.4.<br \/>\nMit\u00e4 maksaa: Ilmainen<\/p>\n<h3><a title=\"Amazing Race Turku\" href=\"https:\/\/www.facebook.com\/events\/1582823528622894\/\" target=\"_blank\">Amazing Race Turku<\/a><\/h3>\n<p>Vapun kunniaksi Turkuun vy\u00f6ry\u00e4\u00e4 Hollywoodin kukkuloilta isojen pelien meininki\u00e4! TuKY, LEX ja TLKS j\u00e4rjest\u00e4v\u00e4t 26.4 Amazing Race Turku \u2013kilpailun, miss\u00e4 maltti ei todellakaan ole valtti! Poikkitieteellisyyden nimeen, ilmoittautuminen tapahtuu pareittain kaverin kanssa ja joukkueet muodostetaan sotkemalla parit yhteen tiedekunnittain. Saat tukea ja turvaa kollegastasi, mutta tiimiin liittyy vieraita pelureita; yhdist\u00e4ttek\u00f6 voimat eduksenne vai menev\u00e4tk\u00f6 sukset ristiin jo heti k\u00e4ttelyss\u00e4?<\/p>\n<p>Kilpailu sopii kaikille kuntoon ja voitonjanoon katsomatta. Ilmoittautumisen yhteydess\u00e4 voit m\u00e4\u00e4ritt\u00e4\u00e4 osallistutko kilpailuun verenmaku suussa vai sunnuntaik\u00e4velyn merkeiss\u00e4, jolloin joukkueet saadaan muodostettua saman aatteen edustajilla.\u00a0Amazing Race Turku on kilpailu opiskelijoille, joka perustuu alkuper\u00e4iseen televisiosarjaan. Kisan tarkoituksena on suunnistaa rasteja pitkin maaliin. Rastin suoritettuaan, ryhm\u00e4 saa vihjeen seuraavan rastin sijainnista. Suuntavaisto kannattaa siis teroittaa \u00e4\u00e4rimmilleen!<\/p>\n<p>Mit\u00e4: Amazing Race \u2013 Turku<br \/>\nMiss\u00e4: Turku<br \/>\nMilloin: 26.4.<br \/>\nHinta: 15\u20ac \/ pari<\/p>\n<h3><a title=\"Kuntalaisbailut\" href=\"https:\/\/www.facebook.com\/events\/411276589034171\/\" target=\"_blank\">Kuntalaisbailut<\/a><\/h3>\n<p>Kuntalaisbailut ovat perinteikk\u00e4\u00e4t bileet joissa p\u00e4\u00e4set juhlimaan aidon kuntalaishengen vallitessa Parkilla!\u00a0Jokainen Turun KY:n j\u00e4sen ja alumni on tervetullut juhlimaan verrattoman ylioppilaskuntahengen siivitt\u00e4m\u00e4n\u00e4 Parkilla maanantaina 27.4. Ja mik\u00e4 parasta &#8211; bailut ovat Turun KY:n j\u00e4senille t\u00e4ysin ilmaiset.<br \/>\nJokaisella bailuihin osallistuvalla on mahdollisuus haastaa Turun KY:n hallitus t\u00e4ysin vapaavalintaiseen lajiin, joten k\u00e4yt\u00e4 mielikuvitustasi ja ota ilo irti vapun hulinoista tarttumalla t\u00e4h\u00e4n mahdollisuuteen.<\/p>\n<p>Meill\u00e4 on tunnelmaa \u2013 meill\u00e4 on v\u00e4rivalot!<\/p>\n<p>Mit\u00e4: Kuntalaisbailut<br \/>\nMiss\u00e4: Parkilla<br \/>\nMilloin: Maanantaina 27.4.<br \/>\nMit\u00e4 maksaa: Ei mit\u00e4\u00e4n!<\/p>\n<h3><a title=\"Zen Day\" href=\"https:\/\/www.facebook.com\/events\/1605435519688673\/\" target=\"_blank\">Zen Day<\/a><\/h3>\n<p>Her\u00e4sit sitten uuteen aamuun virke\u00e4n\u00e4 kuin kev\u00e4tlintu tai k\u00e4rsit astetta mojovammasta p\u00e4\u00e4ns\u00e4ryst\u00e4 ja tukalasta olosta kuntiksien j\u00e4ljilt\u00e4 on paikkasi Parkilla EVAn j\u00e4rjest\u00e4m\u00e4ss\u00e4 Zen-Dayssa. EVAn Zen-day on vappuviikon voimaannuttavin, vaivattomin ja rentouttavin tapahtuma. T\u00e4st\u00e4 tapahtumasta ei ruokaa ja rentoilua puutu, ja mik\u00e4 parasta, ei t\u00e4\u00e4ll\u00e4 tarvitse tehd\u00e4 mit\u00e4\u00e4n muuta kuin nauttia olostaan ja pit\u00e4\u00e4 hauskaa mukavassa seurassa. ZERO EFFORT NEEDED.<\/p>\n<p>Mit\u00e4? Zen-Day<br \/>\nMiss\u00e4? Parkin alakerrassa<br \/>\nMilloin? Tiistai 28.4.<br \/>\nMit\u00e4 maksaa? 0\u20ac<\/p>\n<h3><a title=\"Comedy Night\" href=\"https:\/\/www.facebook.com\/events\/717956491655306\/\" target=\"_blank\">Comedy Night<\/a><\/h3>\n<p>T\u00e4ll\u00e4 kertaa viihdett\u00e4 tarjoavat muutkin kuin Bar Montun baarimikot, kun suosittu stand up -koomikko Niko Kivel\u00e4 saapuu Turkuun heitt\u00e4m\u00e4\u00e4n keikkansa ihan vain meille, ja viel\u00e4p\u00e4 meid\u00e4n omassa Montussa! Ennen Kivel\u00e4n esityst\u00e4 yleis\u00f6n nauruhermoja l\u00e4mmittelev\u00e4t omat improvisaation ammattilaisemme, t\u00e4m\u00e4n vuoden TuKY-Speksist\u00e4 Primakonnastakin tutut lahjakkaat speksin\u00e4yttelij\u00e4t. Janokaan ei varmasti p\u00e4\u00e4se yll\u00e4tt\u00e4m\u00e4\u00e4n, sill\u00e4 Bar Monttu tarjoilee huurteisia virvokkeitaan koko tapahtuman ajan.<\/p>\n<p>Mit\u00e4? Niko Kivel\u00e4n stand up -show<br \/>\nMiss\u00e4? Montussa<br \/>\nMilloin? 29.4. klo 18.30 alkaen<br \/>\nMit\u00e4 maksaa? Vain 12\u20ac!<br \/>\nMiksi? Taatut naurut, huhuhhahhaa<\/p>\n<h3><a title=\"Sikawappu\" href=\"https:\/\/www.facebook.com\/events\/1577202979222137\/\" target=\"_blank\">Sikawappu<\/a><\/h3>\n<p>Sikawappu vaalii perinteit\u00e4 ja t\u00e4m\u00e4 hiottu timantti tarjoaa t\u00e4n\u00e4kin juhlavuonna kansalle sellaiset bileet, joista tekeminen ei lopu kesken! Mukana on perinteisesti palju, sauna, ruokaa, livemusiikkia, pari yll\u00e4tyst\u00e4 ja mahtavat ulkoilmafestarit. Parkilta juhlat siirtyv\u00e4t kello 22 Monttuun. Pilkkukaan ei juhlimista haittaa, sill\u00e4 yhden j\u00e4lkeen t\u00e4m\u00e4 fiesta palaa Parkille, miss\u00e4 tanner t\u00e4risee ja jossa vappuaan voi jatkaa auringonnousuun.<\/p>\n<p>Mit\u00e4 maksaa: 8e<br \/>\nMiss\u00e4: Parkki + Monttu + Parkki<br \/>\nMilloin: 30.4.2013 klo 17:00 Parkilla &amp; klo 22:00 Montussa &amp; 1.00 Parkilla<\/p>\n<h3><a title=\"Vappup\u00e4iv\u00e4n piknik\" href=\"https:\/\/www.facebook.com\/events\/893709907359603\/\" target=\"_blank\">Vappup\u00e4iv\u00e4n piknik<\/a><\/h3>\n<p>Liity seuraamme Vartsikan vappup\u00e4iv\u00e4n piknikille nauttimaan kev\u00e4tp\u00e4iv\u00e4st\u00e4 ja hyv\u00e4st\u00e4 seurasta sek\u00e4 parantelemaan oloa Sikawapun j\u00e4ljilt\u00e4! Kylterit kokoontuvat sinisen TuKY-teltan luokse parhaalle paikalle kello 11 alkaen. Tarjolla on pient\u00e4 piknik-naposteltavaa, ja paikanp\u00e4\u00e4lt\u00e4 l\u00f6ytyv\u00e4 grilli mahdollistaa omien ev\u00e4iden valmistuksen. TYYn puolesta on luvassa my\u00f6s musiikkia festarityyliin. N\u00e4hd\u00e4\u00e4n Vartsikalla!<\/p>\n<p>Miss\u00e4? Vartiovuorenm\u00e4ki, TuKY-teltta<br \/>\nMilloin? 1.5. klo 11-&gt;<br \/>\nMit\u00e4 maksaa? Ei mit\u00e4\u00e4n!<\/p>\n<p>&nbsp;<\/p>\n<p>Ei voi muuta sanoa kuin:<\/p>\n<p><strong>#oispavappu #tukyvappu15<\/strong><\/p>\n<p><em>Terveisin,\u00a0<\/em><\/p>\n<p><em>Turun KY:n hallitus ja jaostot<\/em><\/p>\n<p>&nbsp;<\/p>\n","protected":false},"excerpt":{"rendered":"<p>Se on t\u00e4\u00e4ll\u00e4 taas, nimitt\u00e4in Turun KY:n vappu! T\u00e4n\u00e4 vuonna r\u00e4j\u00e4yt\u00e4mme taas pankin yhdeks\u00e4n p\u00e4iv\u00e4n putkella tapahtumia, joiden joukosta l\u00f6ytyy varmasti jokaiselle jotakin! Lipunmyynti Bussik\u00e4nneille, Vappusitseille, Comedy Nightiin ja Sikawappuun [&hellip;]<\/p>\n","protected":false},"author":19,"featured_media":0,"comment_status":"open","ping_status":"open","sticky":false,"template":"","format":"standard","meta":{"_et_pb_use_builder":"","_et_pb_old_content":"","_et_gb_content_width":"","footnotes":""},"categories":[4],"tags":[436,136,127,139],"class_list":["post-14226","post","type-post","status-publish","format-standard","hentry","category-news","tag-vappujanna","tag-sikawappu","tag-sitsit","tag-vappu"],"yoast_head":"<!-- This site is optimized with the Yoast SEO plugin v27.2 - https:\/\/yoast.com\/product\/yoast-seo-wordpress\/ -->\n<title>Turun KY:n Vappu 2015: tapahtumat ja lipunmyynti - Turun KY<\/title>\n<meta name=\"robots\" content=\"index, follow, max-snippet:-1, max-image-preview:large, max-video-preview:-1\" \/>\n<link rel=\"canonical\" href=\"https:\/\/www.tuky.fi\/etusivu\/news\/turun-kyn-vappu-2015-tapahtumat-ja-lipunmyynti\/\" \/>\n<meta property=\"og:locale\" content=\"fi_FI\" \/>\n<meta property=\"og:type\" content=\"article\" \/>\n<meta property=\"og:title\" content=\"Turun KY:n Vappu 2015: tapahtumat ja lipunmyynti - Turun KY\" \/>\n<meta property=\"og:description\" content=\"Se on t\u00e4\u00e4ll\u00e4 taas, nimitt\u00e4in Turun KY:n vappu! T\u00e4n\u00e4 vuonna r\u00e4j\u00e4yt\u00e4mme taas pankin yhdeks\u00e4n p\u00e4iv\u00e4n putkella tapahtumia, joiden joukosta l\u00f6ytyy varmasti jokaiselle jotakin! Lipunmyynti Bussik\u00e4nneille, Vappusitseille, Comedy Nightiin ja Sikawappuun [&hellip;]\" \/>\n<meta property=\"og:url\" content=\"https:\/\/www.tuky.fi\/etusivu\/news\/turun-kyn-vappu-2015-tapahtumat-ja-lipunmyynti\/\" \/>\n<meta property=\"og:site_name\" content=\"Turun KY\" \/>\n<meta property=\"article:published_time\" content=\"2015-04-08T20:57:00+00:00\" \/>\n<meta property=\"og:image\" content=\"http:\/\/tuky.fi\/wordpress\/wp-content\/uploads\/2015\/04\/11136215-853015388103337-4138672986107103877-o.jpg\" \/>\n<meta name=\"author\" content=\"Hallituksen varapuheenjohtaja\" \/>\n<meta name=\"twitter:card\" content=\"summary_large_image\" \/>\n<meta name=\"twitter:label1\" content=\"Kirjoittanut\" \/>\n\t<meta name=\"twitter:data1\" content=\"Hallituksen varapuheenjohtaja\" \/>\n\t<meta name=\"twitter:label2\" content=\"Arvioitu lukuaika\" \/>\n\t<meta name=\"twitter:data2\" content=\"5 minuuttia\" \/>\n<script type=\"application\/ld+json\" class=\"yoast-schema-graph\">{\"@context\":\"https:\/\/schema.org\",\"@graph\":[{\"@type\":\"Article\",\"@id\":\"https:\/\/www.tuky.fi\/etusivu\/news\/turun-kyn-vappu-2015-tapahtumat-ja-lipunmyynti\/#article\",\"isPartOf\":{\"@id\":\"https:\/\/www.tuky.fi\/etusivu\/news\/turun-kyn-vappu-2015-tapahtumat-ja-lipunmyynti\/\"},\"author\":{\"name\":\"Hallituksen varapuheenjohtaja\",\"@id\":\"https:\/\/www.tuky.fi\/etusivu\/#\/schema\/person\/3be6d98d6792157b46f32757bc9712ce\"},\"headline\":\"Turun KY:n Vappu 2015: tapahtumat ja lipunmyynti\",\"datePublished\":\"2015-04-08T20:57:00+00:00\",\"mainEntityOfPage\":{\"@id\":\"https:\/\/www.tuky.fi\/etusivu\/news\/turun-kyn-vappu-2015-tapahtumat-ja-lipunmyynti\/\"},\"wordCount\":1005,\"commentCount\":0,\"publisher\":{\"@id\":\"https:\/\/www.tuky.fi\/etusivu\/#organization\"},\"image\":{\"@id\":\"https:\/\/www.tuky.fi\/etusivu\/news\/turun-kyn-vappu-2015-tapahtumat-ja-lipunmyynti\/#primaryimage\"},\"thumbnailUrl\":\"http:\/\/tuky.fi\/wordpress\/wp-content\/uploads\/2015\/04\/11136215-853015388103337-4138672986107103877-o.jpg\",\"keywords\":[\"#vappuj\u00e4nn\u00e4\",\"sikawappu\",\"sitsit\",\"vappu\"],\"articleSection\":[\"news\"],\"inLanguage\":\"fi\",\"potentialAction\":[{\"@type\":\"CommentAction\",\"name\":\"Comment\",\"target\":[\"https:\/\/www.tuky.fi\/etusivu\/news\/turun-kyn-vappu-2015-tapahtumat-ja-lipunmyynti\/#respond\"]}]},{\"@type\":\"WebPage\",\"@id\":\"https:\/\/www.tuky.fi\/etusivu\/news\/turun-kyn-vappu-2015-tapahtumat-ja-lipunmyynti\/\",\"url\":\"https:\/\/www.tuky.fi\/etusivu\/news\/turun-kyn-vappu-2015-tapahtumat-ja-lipunmyynti\/\",\"name\":\"Turun KY:n Vappu 2015: tapahtumat ja lipunmyynti - Turun KY\",\"isPartOf\":{\"@id\":\"https:\/\/www.tuky.fi\/etusivu\/#website\"},\"primaryImageOfPage\":{\"@id\":\"https:\/\/www.tuky.fi\/etusivu\/news\/turun-kyn-vappu-2015-tapahtumat-ja-lipunmyynti\/#primaryimage\"},\"image\":{\"@id\":\"https:\/\/www.tuky.fi\/etusivu\/news\/turun-kyn-vappu-2015-tapahtumat-ja-lipunmyynti\/#primaryimage\"},\"thumbnailUrl\":\"http:\/\/tuky.fi\/wordpress\/wp-content\/uploads\/2015\/04\/11136215-853015388103337-4138672986107103877-o.jpg\",\"datePublished\":\"2015-04-08T20:57:00+00:00\",\"breadcrumb\":{\"@id\":\"https:\/\/www.tuky.fi\/etusivu\/news\/turun-kyn-vappu-2015-tapahtumat-ja-lipunmyynti\/#breadcrumb\"},\"inLanguage\":\"fi\",\"potentialAction\":[{\"@type\":\"ReadAction\",\"target\":[\"https:\/\/www.tuky.fi\/etusivu\/news\/turun-kyn-vappu-2015-tapahtumat-ja-lipunmyynti\/\"]}]},{\"@type\":\"ImageObject\",\"inLanguage\":\"fi\",\"@id\":\"https:\/\/www.tuky.fi\/etusivu\/news\/turun-kyn-vappu-2015-tapahtumat-ja-lipunmyynti\/#primaryimage\",\"url\":\"http:\/\/tuky.fi\/wordpress\/wp-content\/uploads\/2015\/04\/11136215-853015388103337-4138672986107103877-o.jpg\",\"contentUrl\":\"http:\/\/tuky.fi\/wordpress\/wp-content\/uploads\/2015\/04\/11136215-853015388103337-4138672986107103877-o.jpg\"},{\"@type\":\"BreadcrumbList\",\"@id\":\"https:\/\/www.tuky.fi\/etusivu\/news\/turun-kyn-vappu-2015-tapahtumat-ja-lipunmyynti\/#breadcrumb\",\"itemListElement\":[{\"@type\":\"ListItem\",\"position\":1,\"name\":\"Etusivu\",\"item\":\"https:\/\/www.tuky.fi\/etusivu\/\"},{\"@type\":\"ListItem\",\"position\":2,\"name\":\"Turun KY:n Vappu 2015: tapahtumat ja lipunmyynti\"}]},{\"@type\":\"WebSite\",\"@id\":\"https:\/\/www.tuky.fi\/etusivu\/#website\",\"url\":\"https:\/\/www.tuky.fi\/etusivu\/\",\"name\":\"Turun KY\",\"description\":\"TuKY\",\"publisher\":{\"@id\":\"https:\/\/www.tuky.fi\/etusivu\/#organization\"},\"alternateName\":\"TuKY\",\"potentialAction\":[{\"@type\":\"SearchAction\",\"target\":{\"@type\":\"EntryPoint\",\"urlTemplate\":\"https:\/\/www.tuky.fi\/etusivu\/?s={search_term_string}\"},\"query-input\":{\"@type\":\"PropertyValueSpecification\",\"valueRequired\":true,\"valueName\":\"search_term_string\"}}],\"inLanguage\":\"fi\"},{\"@type\":\"Organization\",\"@id\":\"https:\/\/www.tuky.fi\/etusivu\/#organization\",\"name\":\"Turun KY\",\"alternateName\":\"TuKY\",\"url\":\"https:\/\/www.tuky.fi\/etusivu\/\",\"logo\":{\"@type\":\"ImageObject\",\"inLanguage\":\"fi\",\"@id\":\"https:\/\/www.tuky.fi\/etusivu\/#\/schema\/logo\/image\/\",\"url\":\"https:\/\/www.tuky.fi\/wp-content\/uploads\/2024\/09\/TuKY-logo-kulta-1.png\",\"contentUrl\":\"https:\/\/www.tuky.fi\/wp-content\/uploads\/2024\/09\/TuKY-logo-kulta-1.png\",\"width\":1080,\"height\":1080,\"caption\":\"Turun KY\"},\"image\":{\"@id\":\"https:\/\/www.tuky.fi\/etusivu\/#\/schema\/logo\/image\/\"},\"sameAs\":[\"https:\/\/instagram.com\/turunky\",\"https:\/\/linkedin.com\/turunky\"]},{\"@type\":\"Person\",\"@id\":\"https:\/\/www.tuky.fi\/etusivu\/#\/schema\/person\/3be6d98d6792157b46f32757bc9712ce\",\"name\":\"Hallituksen varapuheenjohtaja\",\"image\":{\"@type\":\"ImageObject\",\"inLanguage\":\"fi\",\"@id\":\"https:\/\/secure.gravatar.com\/avatar\/498c43e46c608fbabac5e893f3405adf1d9d4423a5135f21b1a9ade7f0580409?s=96&d=mm&r=g\",\"url\":\"https:\/\/secure.gravatar.com\/avatar\/498c43e46c608fbabac5e893f3405adf1d9d4423a5135f21b1a9ade7f0580409?s=96&d=mm&r=g\",\"contentUrl\":\"https:\/\/secure.gravatar.com\/avatar\/498c43e46c608fbabac5e893f3405adf1d9d4423a5135f21b1a9ade7f0580409?s=96&d=mm&r=g\",\"caption\":\"Hallituksen varapuheenjohtaja\"},\"url\":\"https:\/\/www.tuky.fi\/etusivu\/author\/ky-hallitus-vpj\/\"}]}<\/script>\n<!-- \/ Yoast SEO plugin. -->","yoast_head_json":{"title":"Turun KY:n Vappu 2015: tapahtumat ja lipunmyynti - Turun KY","robots":{"index":"index","follow":"follow","max-snippet":"max-snippet:-1","max-image-preview":"max-image-preview:large","max-video-preview":"max-video-preview:-1"},"canonical":"https:\/\/www.tuky.fi\/etusivu\/news\/turun-kyn-vappu-2015-tapahtumat-ja-lipunmyynti\/","og_locale":"fi_FI","og_type":"article","og_title":"Turun KY:n Vappu 2015: tapahtumat ja lipunmyynti - Turun KY","og_description":"Se on t\u00e4\u00e4ll\u00e4 taas, nimitt\u00e4in Turun KY:n vappu! T\u00e4n\u00e4 vuonna r\u00e4j\u00e4yt\u00e4mme taas pankin yhdeks\u00e4n p\u00e4iv\u00e4n putkella tapahtumia, joiden joukosta l\u00f6ytyy varmasti jokaiselle jotakin! Lipunmyynti Bussik\u00e4nneille, Vappusitseille, Comedy Nightiin ja Sikawappuun [&hellip;]","og_url":"https:\/\/www.tuky.fi\/etusivu\/news\/turun-kyn-vappu-2015-tapahtumat-ja-lipunmyynti\/","og_site_name":"Turun KY","article_published_time":"2015-04-08T20:57:00+00:00","og_image":[{"url":"http:\/\/tuky.fi\/wordpress\/wp-content\/uploads\/2015\/04\/11136215-853015388103337-4138672986107103877-o.jpg","type":"","width":"","height":""}],"author":"Hallituksen varapuheenjohtaja","twitter_card":"summary_large_image","twitter_misc":{"Kirjoittanut":"Hallituksen varapuheenjohtaja","Arvioitu lukuaika":"5 minuuttia"},"schema":{"@context":"https:\/\/schema.org","@graph":[{"@type":"Article","@id":"https:\/\/www.tuky.fi\/etusivu\/news\/turun-kyn-vappu-2015-tapahtumat-ja-lipunmyynti\/#article","isPartOf":{"@id":"https:\/\/www.tuky.fi\/etusivu\/news\/turun-kyn-vappu-2015-tapahtumat-ja-lipunmyynti\/"},"author":{"name":"Hallituksen varapuheenjohtaja","@id":"https:\/\/www.tuky.fi\/etusivu\/#\/schema\/person\/3be6d98d6792157b46f32757bc9712ce"},"headline":"Turun KY:n Vappu 2015: tapahtumat ja lipunmyynti","datePublished":"2015-04-08T20:57:00+00:00","mainEntityOfPage":{"@id":"https:\/\/www.tuky.fi\/etusivu\/news\/turun-kyn-vappu-2015-tapahtumat-ja-lipunmyynti\/"},"wordCount":1005,"commentCount":0,"publisher":{"@id":"https:\/\/www.tuky.fi\/etusivu\/#organization"},"image":{"@id":"https:\/\/www.tuky.fi\/etusivu\/news\/turun-kyn-vappu-2015-tapahtumat-ja-lipunmyynti\/#primaryimage"},"thumbnailUrl":"http:\/\/tuky.fi\/wordpress\/wp-content\/uploads\/2015\/04\/11136215-853015388103337-4138672986107103877-o.jpg","keywords":["#vappuj\u00e4nn\u00e4","sikawappu","sitsit","vappu"],"articleSection":["news"],"inLanguage":"fi","potentialAction":[{"@type":"CommentAction","name":"Comment","target":["https:\/\/www.tuky.fi\/etusivu\/news\/turun-kyn-vappu-2015-tapahtumat-ja-lipunmyynti\/#respond"]}]},{"@type":"WebPage","@id":"https:\/\/www.tuky.fi\/etusivu\/news\/turun-kyn-vappu-2015-tapahtumat-ja-lipunmyynti\/","url":"https:\/\/www.tuky.fi\/etusivu\/news\/turun-kyn-vappu-2015-tapahtumat-ja-lipunmyynti\/","name":"Turun KY:n Vappu 2015: tapahtumat ja lipunmyynti - Turun KY","isPartOf":{"@id":"https:\/\/www.tuky.fi\/etusivu\/#website"},"primaryImageOfPage":{"@id":"https:\/\/www.tuky.fi\/etusivu\/news\/turun-kyn-vappu-2015-tapahtumat-ja-lipunmyynti\/#primaryimage"},"image":{"@id":"https:\/\/www.tuky.fi\/etusivu\/news\/turun-kyn-vappu-2015-tapahtumat-ja-lipunmyynti\/#primaryimage"},"thumbnailUrl":"http:\/\/tuky.fi\/wordpress\/wp-content\/uploads\/2015\/04\/11136215-853015388103337-4138672986107103877-o.jpg","datePublished":"2015-04-08T20:57:00+00:00","breadcrumb":{"@id":"https:\/\/www.tuky.fi\/etusivu\/news\/turun-kyn-vappu-2015-tapahtumat-ja-lipunmyynti\/#breadcrumb"},"inLanguage":"fi","potentialAction":[{"@type":"ReadAction","target":["https:\/\/www.tuky.fi\/etusivu\/news\/turun-kyn-vappu-2015-tapahtumat-ja-lipunmyynti\/"]}]},{"@type":"ImageObject","inLanguage":"fi","@id":"https:\/\/www.tuky.fi\/etusivu\/news\/turun-kyn-vappu-2015-tapahtumat-ja-lipunmyynti\/#primaryimage","url":"http:\/\/tuky.fi\/wordpress\/wp-content\/uploads\/2015\/04\/11136215-853015388103337-4138672986107103877-o.jpg","contentUrl":"http:\/\/tuky.fi\/wordpress\/wp-content\/uploads\/2015\/04\/11136215-853015388103337-4138672986107103877-o.jpg"},{"@type":"BreadcrumbList","@id":"https:\/\/www.tuky.fi\/etusivu\/news\/turun-kyn-vappu-2015-tapahtumat-ja-lipunmyynti\/#breadcrumb","itemListElement":[{"@type":"ListItem","position":1,"name":"Etusivu","item":"https:\/\/www.tuky.fi\/etusivu\/"},{"@type":"ListItem","position":2,"name":"Turun KY:n Vappu 2015: tapahtumat ja lipunmyynti"}]},{"@type":"WebSite","@id":"https:\/\/www.tuky.fi\/etusivu\/#website","url":"https:\/\/www.tuky.fi\/etusivu\/","name":"Turun KY","description":"TuKY","publisher":{"@id":"https:\/\/www.tuky.fi\/etusivu\/#organization"},"alternateName":"TuKY","potentialAction":[{"@type":"SearchAction","target":{"@type":"EntryPoint","urlTemplate":"https:\/\/www.tuky.fi\/etusivu\/?s={search_term_string}"},"query-input":{"@type":"PropertyValueSpecification","valueRequired":true,"valueName":"search_term_string"}}],"inLanguage":"fi"},{"@type":"Organization","@id":"https:\/\/www.tuky.fi\/etusivu\/#organization","name":"Turun KY","alternateName":"TuKY","url":"https:\/\/www.tuky.fi\/etusivu\/","logo":{"@type":"ImageObject","inLanguage":"fi","@id":"https:\/\/www.tuky.fi\/etusivu\/#\/schema\/logo\/image\/","url":"https:\/\/www.tuky.fi\/wp-content\/uploads\/2024\/09\/TuKY-logo-kulta-1.png","contentUrl":"https:\/\/www.tuky.fi\/wp-content\/uploads\/2024\/09\/TuKY-logo-kulta-1.png","width":1080,"height":1080,"caption":"Turun KY"},"image":{"@id":"https:\/\/www.tuky.fi\/etusivu\/#\/schema\/logo\/image\/"},"sameAs":["https:\/\/instagram.com\/turunky","https:\/\/linkedin.com\/turunky"]},{"@type":"Person","@id":"https:\/\/www.tuky.fi\/etusivu\/#\/schema\/person\/3be6d98d6792157b46f32757bc9712ce","name":"Hallituksen varapuheenjohtaja","image":{"@type":"ImageObject","inLanguage":"fi","@id":"https:\/\/secure.gravatar.com\/avatar\/498c43e46c608fbabac5e893f3405adf1d9d4423a5135f21b1a9ade7f0580409?s=96&d=mm&r=g","url":"https:\/\/secure.gravatar.com\/avatar\/498c43e46c608fbabac5e893f3405adf1d9d4423a5135f21b1a9ade7f0580409?s=96&d=mm&r=g","contentUrl":"https:\/\/secure.gravatar.com\/avatar\/498c43e46c608fbabac5e893f3405adf1d9d4423a5135f21b1a9ade7f0580409?s=96&d=mm&r=g","caption":"Hallituksen varapuheenjohtaja"},"url":"https:\/\/www.tuky.fi\/etusivu\/author\/ky-hallitus-vpj\/"}]}},"lang":"fi","translations":{"fi":14226},"pll_sync_post":[],"_links":{"self":[{"href":"https:\/\/www.tuky.fi\/etusivu\/wp-json\/wp\/v2\/posts\/14226","targetHints":{"allow":["GET"]}}],"collection":[{"href":"https:\/\/www.tuky.fi\/etusivu\/wp-json\/wp\/v2\/posts"}],"about":[{"href":"https:\/\/www.tuky.fi\/etusivu\/wp-json\/wp\/v2\/types\/post"}],"author":[{"embeddable":true,"href":"https:\/\/www.tuky.fi\/etusivu\/wp-json\/wp\/v2\/users\/19"}],"replies":[{"embeddable":true,"href":"https:\/\/www.tuky.fi\/etusivu\/wp-json\/wp\/v2\/comments?post=14226"}],"version-history":[{"count":0,"href":"https:\/\/www.tuky.fi\/etusivu\/wp-json\/wp\/v2\/posts\/14226\/revisions"}],"wp:attachment":[{"href":"https:\/\/www.tuky.fi\/etusivu\/wp-json\/wp\/v2\/media?parent=14226"}],"wp:term":[{"taxonomy":"category","embeddable":true,"href":"https:\/\/www.tuky.fi\/etusivu\/wp-json\/wp\/v2\/categories?post=14226"},{"taxonomy":"post_tag","embeddable":true,"href":"https:\/\/www.tuky.fi\/etusivu\/wp-json\/wp\/v2\/tags?post=14226"}],"curies":[{"name":"wp","href":"https:\/\/api.w.org\/{rel}","templated":true}]}}