{"id":14127,"date":"2015-03-29T21:27:21","date_gmt":"2015-03-29T19:27:21","guid":{"rendered":"http:\/\/tuky.fi\/?p=14127"},"modified":"2015-03-29T21:27:21","modified_gmt":"2015-03-29T19:27:21","slug":"kesatenttikysely-ja-vuoden-opettaja-aanestys","status":"publish","type":"post","link":"https:\/\/www.tuky.fi\/etusivu\/news\/kesatenttikysely-ja-vuoden-opettaja-aanestys\/","title":{"rendered":"Kes\u00e4tenttikysely ja vuoden opettaja -\u00e4\u00e4nestys 2015"},"content":{"rendered":"<p style=\"text-align: center\"><a href=\"http:\/\/tuky.fi\/wordpress\/wp-content\/uploads\/2013\/03\/books.jpg\"><img loading=\"lazy\" decoding=\"async\" class=\"aligncenter  wp-image-6786\" alt=\"Kirjat\" src=\"http:\/\/tuky.fi\/wordpress\/wp-content\/uploads\/2013\/03\/books.jpg\" width=\"200\" height=\"177\" \/><\/a><\/p>\n<p><span style=\"line-height: 1.5em\">K\u00e4yt\u00e4 \u00e4\u00e4nt\u00e4si ja vaikuta kes\u00e4n tenttimismahdollisuuksiin \u00e4\u00e4nest\u00e4m\u00e4ll\u00e4 enint\u00e4\u00e4n nelj\u00e4\u00e4 (4) toivomaasi tentti\u00e4.\u00a0<\/span><b style=\"line-height: 1.5em\">\u00c4\u00e4nest\u00e4 viimeist\u00e4\u00e4n sunnuntaina 5.4.<\/b><span style=\"line-height: 1.5em\">\u00a0Toivomukset toimitetaan t\u00e4m\u00e4n j\u00e4lkeen opintotoimistolle ja laitoksille, ja toteutettavista kes\u00e4tenteist\u00e4 p\u00e4\u00e4tet\u00e4\u00e4n kauppakorkeakoulun johtokunnan kokouksessa.<\/span><\/p>\n<p><b>Samalla kyselylomakkeella sinulla on t\u00e4n\u00e4 vuonna my\u00f6s mahdollisuus \u00e4\u00e4nest\u00e4\u00e4 Turun kauppakorkeakoulun vuoden opettajaa 2015.<\/b><\/p>\n<p>Kuka on vuoden aikana erityisesti innostanut oppimaan? Kenell\u00e4 on parhaat opetusmenetelm\u00e4t? Kuka opettaja saa sinut v\u00e4\u00e4nt\u00e4ytym\u00e4\u00e4n luennoille harmaampanakin aamuna jo kukonlaulun aikaan?<\/p>\n<p>\u00c4\u00e4nest\u00e4ess\u00e4si voit huomioida yleisesti seikkoja vuorovaikutteisuudesta, innostavuudesta ja hyv\u00e4\u00e4 opiskeluilmapiiri\u00e4 edist\u00e4vist\u00e4 seikoista, kuten:<\/p>\n<p>Arkip\u00e4iv\u00e4n opettajuus:<br \/>\n\u2022\u00a0\u00a0 \u00a0innostavuus ja oppimisen tukeminen<br \/>\n\u2022\u00a0\u00a0 \u00a0hyv\u00e4n oppiainehengen sek\u00e4 henkil\u00f6kunnan ja opiskelijoiden vuorovaikutuksen ja yhteis\u00f6llisyyden kehitt\u00e4minen<br \/>\n\u2022\u00a0\u00a0 \u00a0opintojen etenemisen edist\u00e4minen ja opintojen ohjaukseen panostaminen<\/p>\n<p>Opetuksen kehitt\u00e4minen:<br \/>\n\u2022\u00a0\u00a0 \u00a0opetusmenetelmien ja \u2013v\u00e4lineiden monipuolisuus<br \/>\n\u2022\u00a0\u00a0 \u00a0opiskelijapalautteen ja arviointien huomioiminen ja hy\u00f6dynt\u00e4minen<br \/>\n\u2022\u00a0\u00a0 \u00a0uusien tieteellisten tulosten hy\u00f6dynt\u00e4minen opetuksessa<\/p>\n<p>Tutkimuksen ja opetuksen yhdist\u00e4minen:<br \/>\n\u2022\u00a0\u00a0 \u00a0ongelmakeskeisyys ja innovatiivisuus<br \/>\n\u2022\u00a0\u00a0 \u00a0oman tieteenalan kehitt\u00e4minen opetuksessa ja tutkimuksessa<br \/>\n\u2022\u00a0\u00a0 \u00a0laadukas jatko-opiskelijoiden opetus ja ohjaus<\/p>\n<p>T\u00e4m\u00e4 palkinto on opettajien keskuudessa hyvin arvostettu, joten nyt kaikki \u00e4\u00e4nest\u00e4m\u00e4\u00e4n ja kehumaan koulumme opetushenkil\u00f6kuntaa!\u00a0<b>\u00c4\u00e4nestyksen voittaja julkistetaan Turun KY:n 65. vuosijuhlassa lokakuussa<\/b>.<\/p>\n<p><a title=\"\u00c4\u00e4nest\u00e4 kes\u00e4tenttej\u00e4 ja vuoden opettajaa t\u00e4st\u00e4!\" href=\"https:\/\/www.webropolsurveys.com\/Answer\/SurveyParticipation.aspx?SDID=Fin923799&amp;SID=97131ea3-9c81-47a4-9a00-1143f95661eb&amp;dy=1230457516\">\u00c4\u00e4nest\u00e4 kes\u00e4tenttej\u00e4 ja vuoden opettajaa t\u00e4st\u00e4!<\/a><\/p>\n<p>&nbsp;<\/p>\n","protected":false},"excerpt":{"rendered":"<p>K\u00e4yt\u00e4 \u00e4\u00e4nt\u00e4si ja vaikuta kes\u00e4n tenttimismahdollisuuksiin \u00e4\u00e4nest\u00e4m\u00e4ll\u00e4 enint\u00e4\u00e4n nelj\u00e4\u00e4 (4) toivomaasi tentti\u00e4.\u00a0\u00c4\u00e4nest\u00e4 viimeist\u00e4\u00e4n sunnuntaina 5.4.\u00a0Toivomukset toimitetaan t\u00e4m\u00e4n j\u00e4lkeen opintotoimistolle ja laitoksille, ja toteutettavista kes\u00e4tenteist\u00e4 p\u00e4\u00e4tet\u00e4\u00e4n kauppakorkeakoulun johtokunnan kokouksessa. Samalla kyselylomakkeella [&hellip;]<\/p>\n","protected":false},"author":8,"featured_media":0,"comment_status":"open","ping_status":"open","sticky":false,"template":"","format":"standard","meta":{"_et_pb_use_builder":"","_et_pb_old_content":"","_et_gb_content_width":"","footnotes":""},"categories":[4],"tags":[249,128,179,142,513,180,129,251,505,262],"class_list":["post-14127","post","type-post","status-publish","format-standard","hentry","category-news","tag-55op","tag-edunvalvonta","tag-jasenisto","tag-kesatentit","tag-kesatentti","tag-kopo","tag-koulutuspolitiikka","tag-kyselyt","tag-peltomaa","tag-vuoden-opettaja"],"yoast_head":"<!-- This site is optimized with the Yoast SEO plugin v27.2 - https:\/\/yoast.com\/product\/yoast-seo-wordpress\/ -->\n<title>Kes\u00e4tenttikysely ja vuoden opettaja -\u00e4\u00e4nestys 2015 - Turun KY<\/title>\n<meta name=\"robots\" content=\"index, follow, max-snippet:-1, max-image-preview:large, max-video-preview:-1\" \/>\n<link rel=\"canonical\" href=\"https:\/\/www.tuky.fi\/etusivu\/news\/kesatenttikysely-ja-vuoden-opettaja-aanestys\/\" \/>\n<meta property=\"og:locale\" content=\"fi_FI\" \/>\n<meta property=\"og:type\" content=\"article\" \/>\n<meta property=\"og:title\" content=\"Kes\u00e4tenttikysely ja vuoden opettaja -\u00e4\u00e4nestys 2015 - Turun KY\" \/>\n<meta property=\"og:description\" content=\"K\u00e4yt\u00e4 \u00e4\u00e4nt\u00e4si ja vaikuta kes\u00e4n tenttimismahdollisuuksiin \u00e4\u00e4nest\u00e4m\u00e4ll\u00e4 enint\u00e4\u00e4n nelj\u00e4\u00e4 (4) toivomaasi tentti\u00e4.\u00a0\u00c4\u00e4nest\u00e4 viimeist\u00e4\u00e4n sunnuntaina 5.4.\u00a0Toivomukset toimitetaan t\u00e4m\u00e4n j\u00e4lkeen opintotoimistolle ja laitoksille, ja toteutettavista kes\u00e4tenteist\u00e4 p\u00e4\u00e4tet\u00e4\u00e4n kauppakorkeakoulun johtokunnan kokouksessa. Samalla kyselylomakkeella [&hellip;]\" \/>\n<meta property=\"og:url\" content=\"https:\/\/www.tuky.fi\/etusivu\/news\/kesatenttikysely-ja-vuoden-opettaja-aanestys\/\" \/>\n<meta property=\"og:site_name\" content=\"Turun KY\" \/>\n<meta property=\"article:published_time\" content=\"2015-03-29T19:27:21+00:00\" \/>\n<meta property=\"og:image\" content=\"http:\/\/tuky.fi\/wordpress\/wp-content\/uploads\/2013\/03\/books.jpg\" \/>\n<meta name=\"author\" content=\"Koulutuspoliittinen vastaava\" \/>\n<meta name=\"twitter:card\" content=\"summary_large_image\" \/>\n<meta name=\"twitter:label1\" content=\"Kirjoittanut\" \/>\n\t<meta name=\"twitter:data1\" content=\"Koulutuspoliittinen vastaava\" \/>\n\t<meta name=\"twitter:label2\" content=\"Arvioitu lukuaika\" \/>\n\t<meta name=\"twitter:data2\" content=\"1 minuutti\" \/>\n<script type=\"application\/ld+json\" class=\"yoast-schema-graph\">{\"@context\":\"https:\/\/schema.org\",\"@graph\":[{\"@type\":\"Article\",\"@id\":\"https:\/\/www.tuky.fi\/etusivu\/news\/kesatenttikysely-ja-vuoden-opettaja-aanestys\/#article\",\"isPartOf\":{\"@id\":\"https:\/\/www.tuky.fi\/etusivu\/news\/kesatenttikysely-ja-vuoden-opettaja-aanestys\/\"},\"author\":{\"name\":\"Koulutuspoliittinen vastaava\",\"@id\":\"https:\/\/www.tuky.fi\/etusivu\/#\/schema\/person\/073351662690829f0e891b8e12a08593\"},\"headline\":\"Kes\u00e4tenttikysely ja vuoden opettaja -\u00e4\u00e4nestys 2015\",\"datePublished\":\"2015-03-29T19:27:21+00:00\",\"mainEntityOfPage\":{\"@id\":\"https:\/\/www.tuky.fi\/etusivu\/news\/kesatenttikysely-ja-vuoden-opettaja-aanestys\/\"},\"wordCount\":214,\"commentCount\":0,\"publisher\":{\"@id\":\"https:\/\/www.tuky.fi\/etusivu\/#organization\"},\"image\":{\"@id\":\"https:\/\/www.tuky.fi\/etusivu\/news\/kesatenttikysely-ja-vuoden-opettaja-aanestys\/#primaryimage\"},\"thumbnailUrl\":\"http:\/\/tuky.fi\/wordpress\/wp-content\/uploads\/2013\/03\/books.jpg\",\"keywords\":[\"55op\",\"Edunvalvonta\",\"j\u00e4senist\u00f6\",\"Kes\u00e4tentit\",\"kes\u00e4tentti\",\"Kopo\",\"Koulutuspolitiikka\",\"kyselyt\",\"peltomaa\",\"vuoden opettaja\"],\"articleSection\":[\"news\"],\"inLanguage\":\"fi\",\"potentialAction\":[{\"@type\":\"CommentAction\",\"name\":\"Comment\",\"target\":[\"https:\/\/www.tuky.fi\/etusivu\/news\/kesatenttikysely-ja-vuoden-opettaja-aanestys\/#respond\"]}]},{\"@type\":\"WebPage\",\"@id\":\"https:\/\/www.tuky.fi\/etusivu\/news\/kesatenttikysely-ja-vuoden-opettaja-aanestys\/\",\"url\":\"https:\/\/www.tuky.fi\/etusivu\/news\/kesatenttikysely-ja-vuoden-opettaja-aanestys\/\",\"name\":\"Kes\u00e4tenttikysely ja vuoden opettaja -\u00e4\u00e4nestys 2015 - Turun KY\",\"isPartOf\":{\"@id\":\"https:\/\/www.tuky.fi\/etusivu\/#website\"},\"primaryImageOfPage\":{\"@id\":\"https:\/\/www.tuky.fi\/etusivu\/news\/kesatenttikysely-ja-vuoden-opettaja-aanestys\/#primaryimage\"},\"image\":{\"@id\":\"https:\/\/www.tuky.fi\/etusivu\/news\/kesatenttikysely-ja-vuoden-opettaja-aanestys\/#primaryimage\"},\"thumbnailUrl\":\"http:\/\/tuky.fi\/wordpress\/wp-content\/uploads\/2013\/03\/books.jpg\",\"datePublished\":\"2015-03-29T19:27:21+00:00\",\"breadcrumb\":{\"@id\":\"https:\/\/www.tuky.fi\/etusivu\/news\/kesatenttikysely-ja-vuoden-opettaja-aanestys\/#breadcrumb\"},\"inLanguage\":\"fi\",\"potentialAction\":[{\"@type\":\"ReadAction\",\"target\":[\"https:\/\/www.tuky.fi\/etusivu\/news\/kesatenttikysely-ja-vuoden-opettaja-aanestys\/\"]}]},{\"@type\":\"ImageObject\",\"inLanguage\":\"fi\",\"@id\":\"https:\/\/www.tuky.fi\/etusivu\/news\/kesatenttikysely-ja-vuoden-opettaja-aanestys\/#primaryimage\",\"url\":\"http:\/\/tuky.fi\/wordpress\/wp-content\/uploads\/2013\/03\/books.jpg\",\"contentUrl\":\"http:\/\/tuky.fi\/wordpress\/wp-content\/uploads\/2013\/03\/books.jpg\"},{\"@type\":\"BreadcrumbList\",\"@id\":\"https:\/\/www.tuky.fi\/etusivu\/news\/kesatenttikysely-ja-vuoden-opettaja-aanestys\/#breadcrumb\",\"itemListElement\":[{\"@type\":\"ListItem\",\"position\":1,\"name\":\"Etusivu\",\"item\":\"https:\/\/www.tuky.fi\/etusivu\/\"},{\"@type\":\"ListItem\",\"position\":2,\"name\":\"Kes\u00e4tenttikysely ja vuoden opettaja -\u00e4\u00e4nestys 2015\"}]},{\"@type\":\"WebSite\",\"@id\":\"https:\/\/www.tuky.fi\/etusivu\/#website\",\"url\":\"https:\/\/www.tuky.fi\/etusivu\/\",\"name\":\"Turun KY\",\"description\":\"TuKY\",\"publisher\":{\"@id\":\"https:\/\/www.tuky.fi\/etusivu\/#organization\"},\"alternateName\":\"TuKY\",\"potentialAction\":[{\"@type\":\"SearchAction\",\"target\":{\"@type\":\"EntryPoint\",\"urlTemplate\":\"https:\/\/www.tuky.fi\/etusivu\/?s={search_term_string}\"},\"query-input\":{\"@type\":\"PropertyValueSpecification\",\"valueRequired\":true,\"valueName\":\"search_term_string\"}}],\"inLanguage\":\"fi\"},{\"@type\":\"Organization\",\"@id\":\"https:\/\/www.tuky.fi\/etusivu\/#organization\",\"name\":\"Turun KY\",\"alternateName\":\"TuKY\",\"url\":\"https:\/\/www.tuky.fi\/etusivu\/\",\"logo\":{\"@type\":\"ImageObject\",\"inLanguage\":\"fi\",\"@id\":\"https:\/\/www.tuky.fi\/etusivu\/#\/schema\/logo\/image\/\",\"url\":\"https:\/\/www.tuky.fi\/wp-content\/uploads\/2024\/09\/TuKY-logo-kulta-1.png\",\"contentUrl\":\"https:\/\/www.tuky.fi\/wp-content\/uploads\/2024\/09\/TuKY-logo-kulta-1.png\",\"width\":1080,\"height\":1080,\"caption\":\"Turun KY\"},\"image\":{\"@id\":\"https:\/\/www.tuky.fi\/etusivu\/#\/schema\/logo\/image\/\"},\"sameAs\":[\"https:\/\/instagram.com\/turunky\",\"https:\/\/linkedin.com\/turunky\"]},{\"@type\":\"Person\",\"@id\":\"https:\/\/www.tuky.fi\/etusivu\/#\/schema\/person\/073351662690829f0e891b8e12a08593\",\"name\":\"Koulutuspoliittinen vastaava\",\"image\":{\"@type\":\"ImageObject\",\"inLanguage\":\"fi\",\"@id\":\"https:\/\/secure.gravatar.com\/avatar\/4082d64b4eb2bd56b709be6b1fc26e767dfa41978007f58a4bc79154a740adb8?s=96&d=mm&r=g\",\"url\":\"https:\/\/secure.gravatar.com\/avatar\/4082d64b4eb2bd56b709be6b1fc26e767dfa41978007f58a4bc79154a740adb8?s=96&d=mm&r=g\",\"contentUrl\":\"https:\/\/secure.gravatar.com\/avatar\/4082d64b4eb2bd56b709be6b1fc26e767dfa41978007f58a4bc79154a740adb8?s=96&d=mm&r=g\",\"caption\":\"Koulutuspoliittinen vastaava\"},\"url\":\"https:\/\/www.tuky.fi\/etusivu\/author\/ky-kopo\/\"}]}<\/script>\n<!-- \/ Yoast SEO plugin. -->","yoast_head_json":{"title":"Kes\u00e4tenttikysely ja vuoden opettaja -\u00e4\u00e4nestys 2015 - Turun KY","robots":{"index":"index","follow":"follow","max-snippet":"max-snippet:-1","max-image-preview":"max-image-preview:large","max-video-preview":"max-video-preview:-1"},"canonical":"https:\/\/www.tuky.fi\/etusivu\/news\/kesatenttikysely-ja-vuoden-opettaja-aanestys\/","og_locale":"fi_FI","og_type":"article","og_title":"Kes\u00e4tenttikysely ja vuoden opettaja -\u00e4\u00e4nestys 2015 - Turun KY","og_description":"K\u00e4yt\u00e4 \u00e4\u00e4nt\u00e4si ja vaikuta kes\u00e4n tenttimismahdollisuuksiin \u00e4\u00e4nest\u00e4m\u00e4ll\u00e4 enint\u00e4\u00e4n nelj\u00e4\u00e4 (4) toivomaasi tentti\u00e4.\u00a0\u00c4\u00e4nest\u00e4 viimeist\u00e4\u00e4n sunnuntaina 5.4.\u00a0Toivomukset toimitetaan t\u00e4m\u00e4n j\u00e4lkeen opintotoimistolle ja laitoksille, ja toteutettavista kes\u00e4tenteist\u00e4 p\u00e4\u00e4tet\u00e4\u00e4n kauppakorkeakoulun johtokunnan kokouksessa. Samalla kyselylomakkeella [&hellip;]","og_url":"https:\/\/www.tuky.fi\/etusivu\/news\/kesatenttikysely-ja-vuoden-opettaja-aanestys\/","og_site_name":"Turun KY","article_published_time":"2015-03-29T19:27:21+00:00","og_image":[{"url":"http:\/\/tuky.fi\/wordpress\/wp-content\/uploads\/2013\/03\/books.jpg","type":"","width":"","height":""}],"author":"Koulutuspoliittinen vastaava","twitter_card":"summary_large_image","twitter_misc":{"Kirjoittanut":"Koulutuspoliittinen vastaava","Arvioitu lukuaika":"1 minuutti"},"schema":{"@context":"https:\/\/schema.org","@graph":[{"@type":"Article","@id":"https:\/\/www.tuky.fi\/etusivu\/news\/kesatenttikysely-ja-vuoden-opettaja-aanestys\/#article","isPartOf":{"@id":"https:\/\/www.tuky.fi\/etusivu\/news\/kesatenttikysely-ja-vuoden-opettaja-aanestys\/"},"author":{"name":"Koulutuspoliittinen vastaava","@id":"https:\/\/www.tuky.fi\/etusivu\/#\/schema\/person\/073351662690829f0e891b8e12a08593"},"headline":"Kes\u00e4tenttikysely ja vuoden opettaja -\u00e4\u00e4nestys 2015","datePublished":"2015-03-29T19:27:21+00:00","mainEntityOfPage":{"@id":"https:\/\/www.tuky.fi\/etusivu\/news\/kesatenttikysely-ja-vuoden-opettaja-aanestys\/"},"wordCount":214,"commentCount":0,"publisher":{"@id":"https:\/\/www.tuky.fi\/etusivu\/#organization"},"image":{"@id":"https:\/\/www.tuky.fi\/etusivu\/news\/kesatenttikysely-ja-vuoden-opettaja-aanestys\/#primaryimage"},"thumbnailUrl":"http:\/\/tuky.fi\/wordpress\/wp-content\/uploads\/2013\/03\/books.jpg","keywords":["55op","Edunvalvonta","j\u00e4senist\u00f6","Kes\u00e4tentit","kes\u00e4tentti","Kopo","Koulutuspolitiikka","kyselyt","peltomaa","vuoden opettaja"],"articleSection":["news"],"inLanguage":"fi","potentialAction":[{"@type":"CommentAction","name":"Comment","target":["https:\/\/www.tuky.fi\/etusivu\/news\/kesatenttikysely-ja-vuoden-opettaja-aanestys\/#respond"]}]},{"@type":"WebPage","@id":"https:\/\/www.tuky.fi\/etusivu\/news\/kesatenttikysely-ja-vuoden-opettaja-aanestys\/","url":"https:\/\/www.tuky.fi\/etusivu\/news\/kesatenttikysely-ja-vuoden-opettaja-aanestys\/","name":"Kes\u00e4tenttikysely ja vuoden opettaja -\u00e4\u00e4nestys 2015 - Turun KY","isPartOf":{"@id":"https:\/\/www.tuky.fi\/etusivu\/#website"},"primaryImageOfPage":{"@id":"https:\/\/www.tuky.fi\/etusivu\/news\/kesatenttikysely-ja-vuoden-opettaja-aanestys\/#primaryimage"},"image":{"@id":"https:\/\/www.tuky.fi\/etusivu\/news\/kesatenttikysely-ja-vuoden-opettaja-aanestys\/#primaryimage"},"thumbnailUrl":"http:\/\/tuky.fi\/wordpress\/wp-content\/uploads\/2013\/03\/books.jpg","datePublished":"2015-03-29T19:27:21+00:00","breadcrumb":{"@id":"https:\/\/www.tuky.fi\/etusivu\/news\/kesatenttikysely-ja-vuoden-opettaja-aanestys\/#breadcrumb"},"inLanguage":"fi","potentialAction":[{"@type":"ReadAction","target":["https:\/\/www.tuky.fi\/etusivu\/news\/kesatenttikysely-ja-vuoden-opettaja-aanestys\/"]}]},{"@type":"ImageObject","inLanguage":"fi","@id":"https:\/\/www.tuky.fi\/etusivu\/news\/kesatenttikysely-ja-vuoden-opettaja-aanestys\/#primaryimage","url":"http:\/\/tuky.fi\/wordpress\/wp-content\/uploads\/2013\/03\/books.jpg","contentUrl":"http:\/\/tuky.fi\/wordpress\/wp-content\/uploads\/2013\/03\/books.jpg"},{"@type":"BreadcrumbList","@id":"https:\/\/www.tuky.fi\/etusivu\/news\/kesatenttikysely-ja-vuoden-opettaja-aanestys\/#breadcrumb","itemListElement":[{"@type":"ListItem","position":1,"name":"Etusivu","item":"https:\/\/www.tuky.fi\/etusivu\/"},{"@type":"ListItem","position":2,"name":"Kes\u00e4tenttikysely ja vuoden opettaja -\u00e4\u00e4nestys 2015"}]},{"@type":"WebSite","@id":"https:\/\/www.tuky.fi\/etusivu\/#website","url":"https:\/\/www.tuky.fi\/etusivu\/","name":"Turun KY","description":"TuKY","publisher":{"@id":"https:\/\/www.tuky.fi\/etusivu\/#organization"},"alternateName":"TuKY","potentialAction":[{"@type":"SearchAction","target":{"@type":"EntryPoint","urlTemplate":"https:\/\/www.tuky.fi\/etusivu\/?s={search_term_string}"},"query-input":{"@type":"PropertyValueSpecification","valueRequired":true,"valueName":"search_term_string"}}],"inLanguage":"fi"},{"@type":"Organization","@id":"https:\/\/www.tuky.fi\/etusivu\/#organization","name":"Turun KY","alternateName":"TuKY","url":"https:\/\/www.tuky.fi\/etusivu\/","logo":{"@type":"ImageObject","inLanguage":"fi","@id":"https:\/\/www.tuky.fi\/etusivu\/#\/schema\/logo\/image\/","url":"https:\/\/www.tuky.fi\/wp-content\/uploads\/2024\/09\/TuKY-logo-kulta-1.png","contentUrl":"https:\/\/www.tuky.fi\/wp-content\/uploads\/2024\/09\/TuKY-logo-kulta-1.png","width":1080,"height":1080,"caption":"Turun KY"},"image":{"@id":"https:\/\/www.tuky.fi\/etusivu\/#\/schema\/logo\/image\/"},"sameAs":["https:\/\/instagram.com\/turunky","https:\/\/linkedin.com\/turunky"]},{"@type":"Person","@id":"https:\/\/www.tuky.fi\/etusivu\/#\/schema\/person\/073351662690829f0e891b8e12a08593","name":"Koulutuspoliittinen vastaava","image":{"@type":"ImageObject","inLanguage":"fi","@id":"https:\/\/secure.gravatar.com\/avatar\/4082d64b4eb2bd56b709be6b1fc26e767dfa41978007f58a4bc79154a740adb8?s=96&d=mm&r=g","url":"https:\/\/secure.gravatar.com\/avatar\/4082d64b4eb2bd56b709be6b1fc26e767dfa41978007f58a4bc79154a740adb8?s=96&d=mm&r=g","contentUrl":"https:\/\/secure.gravatar.com\/avatar\/4082d64b4eb2bd56b709be6b1fc26e767dfa41978007f58a4bc79154a740adb8?s=96&d=mm&r=g","caption":"Koulutuspoliittinen vastaava"},"url":"https:\/\/www.tuky.fi\/etusivu\/author\/ky-kopo\/"}]}},"lang":"fi","translations":{"fi":14127},"pll_sync_post":[],"_links":{"self":[{"href":"https:\/\/www.tuky.fi\/etusivu\/wp-json\/wp\/v2\/posts\/14127","targetHints":{"allow":["GET"]}}],"collection":[{"href":"https:\/\/www.tuky.fi\/etusivu\/wp-json\/wp\/v2\/posts"}],"about":[{"href":"https:\/\/www.tuky.fi\/etusivu\/wp-json\/wp\/v2\/types\/post"}],"author":[{"embeddable":true,"href":"https:\/\/www.tuky.fi\/etusivu\/wp-json\/wp\/v2\/users\/8"}],"replies":[{"embeddable":true,"href":"https:\/\/www.tuky.fi\/etusivu\/wp-json\/wp\/v2\/comments?post=14127"}],"version-history":[{"count":0,"href":"https:\/\/www.tuky.fi\/etusivu\/wp-json\/wp\/v2\/posts\/14127\/revisions"}],"wp:attachment":[{"href":"https:\/\/www.tuky.fi\/etusivu\/wp-json\/wp\/v2\/media?parent=14127"}],"wp:term":[{"taxonomy":"category","embeddable":true,"href":"https:\/\/www.tuky.fi\/etusivu\/wp-json\/wp\/v2\/categories?post=14127"},{"taxonomy":"post_tag","embeddable":true,"href":"https:\/\/www.tuky.fi\/etusivu\/wp-json\/wp\/v2\/tags?post=14127"}],"curies":[{"name":"wp","href":"https:\/\/api.w.org\/{rel}","templated":true}]}}