{"id":14091,"date":"2015-03-24T01:19:19","date_gmt":"2015-03-23T23:19:19","guid":{"rendered":"http:\/\/tuky.fi\/?p=14091"},"modified":"2015-03-24T01:19:19","modified_gmt":"2015-03-23T23:19:19","slug":"turun-kyn-uusi-talouspaallikko-on-valittu","status":"publish","type":"post","link":"https:\/\/www.tuky.fi\/etusivu\/news\/turun-kyn-uusi-talouspaallikko-on-valittu\/","title":{"rendered":"Turun KY:n uusi talousp\u00e4\u00e4llikk\u00f6 on valittu"},"content":{"rendered":"<p>Turun KY:n hallitus on kokouksessaan 23.3.2015\u00a0valinnut uuden talousp\u00e4\u00e4llik\u00f6n. Turun KY:n uudeksi talousp\u00e4\u00e4llik\u00f6ksi valittiin Alessandra Danesi. Alessandra ja nykyinen talousp\u00e4\u00e4llikk\u00f6 Tiina M\u00e4nty hoitavat yhdess\u00e4 yhdistyksemme p\u00e4ivitt\u00e4istaloutta huhtikuun puoleenv\u00e4liin asti, jonka j\u00e4lkeen Alessandra jatkaa numeroiden parissa itsen\u00e4isesti.<\/p>\n<p><b>Talousp\u00e4\u00e4llikk\u00f6: Alessandra Danesi<\/b><\/p>\n<p><b>Moikka!<\/b><\/p>\n<p><b>\u00a0<a href=\"http:\/\/tuky.fi\/wordpress\/wp-content\/uploads\/2015\/03\/20141231-201959.jpg\"><img loading=\"lazy\" decoding=\"async\" class=\"alignleft  wp-image-14092\" alt=\"20141231_201959\" src=\"http:\/\/tuky.fi\/wordpress\/wp-content\/uploads\/2015\/03\/20141231-201959.jpg\" width=\"145\" height=\"200\" \/><\/a><\/b>Olen Alessandra Danesi, 21-vuotias toisen vuoden laskentatoimen p\u00e4\u00e4aineopiskelija. Olen kotoisin Espoosta, mutta nyky\u00e4\u00e4n\u00a0minuun voi t\u00f6rm\u00e4t\u00e4\u00a0huomattavasti useammin Suomen entisess\u00e4 p\u00e4\u00e4kaupungissa. L\u00e4hell\u00e4 syd\u00e4nt\u00e4ni ovat erityisesti\u00a0matkustelu, leipominen ja yst\u00e4v\u00e4t. Into TuKY-toimintaan l\u00e4hti jo pupuvuonna ja toiminkin nakissa monissa tapahtumissa.\u00a0 Nyky\u00e4\u00e4n olen aktiivisesti mukana erityisesti Kulttuurijaoston hallituksessa ja tutorina. Talousp\u00e4\u00e4llik\u00f6n teht\u00e4v\u00e4t ovat kiinnostaneet minua jo pitk\u00e4\u00e4n, joten haun auetessa oli hakup\u00e4\u00e4t\u00f6s helppo tehd\u00e4. Odotan eritt\u00e4in innolla\u00a0tulevia teht\u00e4vi\u00e4 ja olen varma, ett\u00e4 edess\u00e4 on huikeat ajat!<\/p>\n<p>&nbsp;<\/p>\n<p>&nbsp;<\/p>\n","protected":false},"excerpt":{"rendered":"<p>Turun KY:n hallitus on kokouksessaan 23.3.2015\u00a0valinnut uuden talousp\u00e4\u00e4llik\u00f6n. Turun KY:n uudeksi talousp\u00e4\u00e4llik\u00f6ksi valittiin Alessandra Danesi. Alessandra ja nykyinen talousp\u00e4\u00e4llikk\u00f6 Tiina M\u00e4nty hoitavat yhdess\u00e4 yhdistyksemme p\u00e4ivitt\u00e4istaloutta huhtikuun puoleenv\u00e4liin asti, jonka j\u00e4lkeen [&hellip;]<\/p>\n","protected":false},"author":1,"featured_media":0,"comment_status":"open","ping_status":"open","sticky":false,"template":"","format":"standard","meta":{"_et_pb_use_builder":"","_et_pb_old_content":"","_et_gb_content_width":"","footnotes":""},"categories":[4],"tags":[36,219,10,11],"class_list":["post-14091","post","type-post","status-publish","format-standard","hentry","category-news","tag-talous","tag-talouspaallikko","tag-tuky","tag-turunky"],"yoast_head":"<!-- This site is optimized with the Yoast SEO plugin v27.2 - https:\/\/yoast.com\/product\/yoast-seo-wordpress\/ -->\n<title>Turun KY:n uusi talousp\u00e4\u00e4llikk\u00f6 on valittu - Turun KY<\/title>\n<meta name=\"robots\" content=\"index, follow, max-snippet:-1, max-image-preview:large, max-video-preview:-1\" \/>\n<link rel=\"canonical\" href=\"https:\/\/www.tuky.fi\/etusivu\/news\/turun-kyn-uusi-talouspaallikko-on-valittu\/\" \/>\n<meta property=\"og:locale\" content=\"fi_FI\" \/>\n<meta property=\"og:type\" content=\"article\" \/>\n<meta property=\"og:title\" content=\"Turun KY:n uusi talousp\u00e4\u00e4llikk\u00f6 on valittu - Turun KY\" \/>\n<meta property=\"og:description\" content=\"Turun KY:n hallitus on kokouksessaan 23.3.2015\u00a0valinnut uuden talousp\u00e4\u00e4llik\u00f6n. Turun KY:n uudeksi talousp\u00e4\u00e4llik\u00f6ksi valittiin Alessandra Danesi. Alessandra ja nykyinen talousp\u00e4\u00e4llikk\u00f6 Tiina M\u00e4nty hoitavat yhdess\u00e4 yhdistyksemme p\u00e4ivitt\u00e4istaloutta huhtikuun puoleenv\u00e4liin asti, jonka j\u00e4lkeen [&hellip;]\" \/>\n<meta property=\"og:url\" content=\"https:\/\/www.tuky.fi\/etusivu\/news\/turun-kyn-uusi-talouspaallikko-on-valittu\/\" \/>\n<meta property=\"og:site_name\" content=\"Turun KY\" \/>\n<meta property=\"article:published_time\" content=\"2015-03-23T23:19:19+00:00\" \/>\n<meta property=\"og:image\" content=\"http:\/\/tuky.fi\/wordpress\/wp-content\/uploads\/2015\/03\/20141231-201959.jpg\" \/>\n<meta name=\"author\" content=\"admin\" \/>\n<meta name=\"twitter:card\" content=\"summary_large_image\" \/>\n<meta name=\"twitter:label1\" content=\"Kirjoittanut\" \/>\n\t<meta name=\"twitter:data1\" content=\"admin\" \/>\n\t<meta name=\"twitter:label2\" content=\"Arvioitu lukuaika\" \/>\n\t<meta name=\"twitter:data2\" content=\"1 minuutti\" \/>\n<script type=\"application\/ld+json\" class=\"yoast-schema-graph\">{\"@context\":\"https:\/\/schema.org\",\"@graph\":[{\"@type\":\"Article\",\"@id\":\"https:\/\/www.tuky.fi\/etusivu\/news\/turun-kyn-uusi-talouspaallikko-on-valittu\/#article\",\"isPartOf\":{\"@id\":\"https:\/\/www.tuky.fi\/etusivu\/news\/turun-kyn-uusi-talouspaallikko-on-valittu\/\"},\"author\":{\"name\":\"admin\",\"@id\":\"https:\/\/www.tuky.fi\/etusivu\/#\/schema\/person\/479eb0d4ef732e133e3a76f9b7659a39\"},\"headline\":\"Turun KY:n uusi talousp\u00e4\u00e4llikk\u00f6 on valittu\",\"datePublished\":\"2015-03-23T23:19:19+00:00\",\"mainEntityOfPage\":{\"@id\":\"https:\/\/www.tuky.fi\/etusivu\/news\/turun-kyn-uusi-talouspaallikko-on-valittu\/\"},\"wordCount\":159,\"commentCount\":0,\"publisher\":{\"@id\":\"https:\/\/www.tuky.fi\/etusivu\/#organization\"},\"image\":{\"@id\":\"https:\/\/www.tuky.fi\/etusivu\/news\/turun-kyn-uusi-talouspaallikko-on-valittu\/#primaryimage\"},\"thumbnailUrl\":\"http:\/\/tuky.fi\/wordpress\/wp-content\/uploads\/2015\/03\/20141231-201959.jpg\",\"keywords\":[\"talous\",\"talousp\u00e4\u00e4llikk\u00f6\",\"tuky\",\"turunky\"],\"articleSection\":[\"news\"],\"inLanguage\":\"fi\",\"potentialAction\":[{\"@type\":\"CommentAction\",\"name\":\"Comment\",\"target\":[\"https:\/\/www.tuky.fi\/etusivu\/news\/turun-kyn-uusi-talouspaallikko-on-valittu\/#respond\"]}]},{\"@type\":\"WebPage\",\"@id\":\"https:\/\/www.tuky.fi\/etusivu\/news\/turun-kyn-uusi-talouspaallikko-on-valittu\/\",\"url\":\"https:\/\/www.tuky.fi\/etusivu\/news\/turun-kyn-uusi-talouspaallikko-on-valittu\/\",\"name\":\"Turun KY:n uusi talousp\u00e4\u00e4llikk\u00f6 on valittu - Turun KY\",\"isPartOf\":{\"@id\":\"https:\/\/www.tuky.fi\/etusivu\/#website\"},\"primaryImageOfPage\":{\"@id\":\"https:\/\/www.tuky.fi\/etusivu\/news\/turun-kyn-uusi-talouspaallikko-on-valittu\/#primaryimage\"},\"image\":{\"@id\":\"https:\/\/www.tuky.fi\/etusivu\/news\/turun-kyn-uusi-talouspaallikko-on-valittu\/#primaryimage\"},\"thumbnailUrl\":\"http:\/\/tuky.fi\/wordpress\/wp-content\/uploads\/2015\/03\/20141231-201959.jpg\",\"datePublished\":\"2015-03-23T23:19:19+00:00\",\"breadcrumb\":{\"@id\":\"https:\/\/www.tuky.fi\/etusivu\/news\/turun-kyn-uusi-talouspaallikko-on-valittu\/#breadcrumb\"},\"inLanguage\":\"fi\",\"potentialAction\":[{\"@type\":\"ReadAction\",\"target\":[\"https:\/\/www.tuky.fi\/etusivu\/news\/turun-kyn-uusi-talouspaallikko-on-valittu\/\"]}]},{\"@type\":\"ImageObject\",\"inLanguage\":\"fi\",\"@id\":\"https:\/\/www.tuky.fi\/etusivu\/news\/turun-kyn-uusi-talouspaallikko-on-valittu\/#primaryimage\",\"url\":\"http:\/\/tuky.fi\/wordpress\/wp-content\/uploads\/2015\/03\/20141231-201959.jpg\",\"contentUrl\":\"http:\/\/tuky.fi\/wordpress\/wp-content\/uploads\/2015\/03\/20141231-201959.jpg\"},{\"@type\":\"BreadcrumbList\",\"@id\":\"https:\/\/www.tuky.fi\/etusivu\/news\/turun-kyn-uusi-talouspaallikko-on-valittu\/#breadcrumb\",\"itemListElement\":[{\"@type\":\"ListItem\",\"position\":1,\"name\":\"Etusivu\",\"item\":\"https:\/\/www.tuky.fi\/etusivu\/\"},{\"@type\":\"ListItem\",\"position\":2,\"name\":\"Turun KY:n uusi talousp\u00e4\u00e4llikk\u00f6 on valittu\"}]},{\"@type\":\"WebSite\",\"@id\":\"https:\/\/www.tuky.fi\/etusivu\/#website\",\"url\":\"https:\/\/www.tuky.fi\/etusivu\/\",\"name\":\"Turun KY\",\"description\":\"TuKY\",\"publisher\":{\"@id\":\"https:\/\/www.tuky.fi\/etusivu\/#organization\"},\"alternateName\":\"TuKY\",\"potentialAction\":[{\"@type\":\"SearchAction\",\"target\":{\"@type\":\"EntryPoint\",\"urlTemplate\":\"https:\/\/www.tuky.fi\/etusivu\/?s={search_term_string}\"},\"query-input\":{\"@type\":\"PropertyValueSpecification\",\"valueRequired\":true,\"valueName\":\"search_term_string\"}}],\"inLanguage\":\"fi\"},{\"@type\":\"Organization\",\"@id\":\"https:\/\/www.tuky.fi\/etusivu\/#organization\",\"name\":\"Turun KY\",\"alternateName\":\"TuKY\",\"url\":\"https:\/\/www.tuky.fi\/etusivu\/\",\"logo\":{\"@type\":\"ImageObject\",\"inLanguage\":\"fi\",\"@id\":\"https:\/\/www.tuky.fi\/etusivu\/#\/schema\/logo\/image\/\",\"url\":\"https:\/\/www.tuky.fi\/wp-content\/uploads\/2024\/09\/TuKY-logo-kulta-1.png\",\"contentUrl\":\"https:\/\/www.tuky.fi\/wp-content\/uploads\/2024\/09\/TuKY-logo-kulta-1.png\",\"width\":1080,\"height\":1080,\"caption\":\"Turun KY\"},\"image\":{\"@id\":\"https:\/\/www.tuky.fi\/etusivu\/#\/schema\/logo\/image\/\"},\"sameAs\":[\"https:\/\/instagram.com\/turunky\",\"https:\/\/linkedin.com\/turunky\"]},{\"@type\":\"Person\",\"@id\":\"https:\/\/www.tuky.fi\/etusivu\/#\/schema\/person\/479eb0d4ef732e133e3a76f9b7659a39\",\"name\":\"admin\",\"image\":{\"@type\":\"ImageObject\",\"inLanguage\":\"fi\",\"@id\":\"https:\/\/secure.gravatar.com\/avatar\/afbe741656101229147e16716fbedbcade65018caf8c467f89b9abae7aaffeea?s=96&d=mm&r=g\",\"url\":\"https:\/\/secure.gravatar.com\/avatar\/afbe741656101229147e16716fbedbcade65018caf8c467f89b9abae7aaffeea?s=96&d=mm&r=g\",\"contentUrl\":\"https:\/\/secure.gravatar.com\/avatar\/afbe741656101229147e16716fbedbcade65018caf8c467f89b9abae7aaffeea?s=96&d=mm&r=g\",\"caption\":\"admin\"},\"url\":\"https:\/\/www.tuky.fi\/etusivu\/author\/admin\/\"}]}<\/script>\n<!-- \/ Yoast SEO plugin. -->","yoast_head_json":{"title":"Turun KY:n uusi talousp\u00e4\u00e4llikk\u00f6 on valittu - Turun KY","robots":{"index":"index","follow":"follow","max-snippet":"max-snippet:-1","max-image-preview":"max-image-preview:large","max-video-preview":"max-video-preview:-1"},"canonical":"https:\/\/www.tuky.fi\/etusivu\/news\/turun-kyn-uusi-talouspaallikko-on-valittu\/","og_locale":"fi_FI","og_type":"article","og_title":"Turun KY:n uusi talousp\u00e4\u00e4llikk\u00f6 on valittu - Turun KY","og_description":"Turun KY:n hallitus on kokouksessaan 23.3.2015\u00a0valinnut uuden talousp\u00e4\u00e4llik\u00f6n. Turun KY:n uudeksi talousp\u00e4\u00e4llik\u00f6ksi valittiin Alessandra Danesi. Alessandra ja nykyinen talousp\u00e4\u00e4llikk\u00f6 Tiina M\u00e4nty hoitavat yhdess\u00e4 yhdistyksemme p\u00e4ivitt\u00e4istaloutta huhtikuun puoleenv\u00e4liin asti, jonka j\u00e4lkeen [&hellip;]","og_url":"https:\/\/www.tuky.fi\/etusivu\/news\/turun-kyn-uusi-talouspaallikko-on-valittu\/","og_site_name":"Turun KY","article_published_time":"2015-03-23T23:19:19+00:00","og_image":[{"url":"http:\/\/tuky.fi\/wordpress\/wp-content\/uploads\/2015\/03\/20141231-201959.jpg","type":"","width":"","height":""}],"author":"admin","twitter_card":"summary_large_image","twitter_misc":{"Kirjoittanut":"admin","Arvioitu lukuaika":"1 minuutti"},"schema":{"@context":"https:\/\/schema.org","@graph":[{"@type":"Article","@id":"https:\/\/www.tuky.fi\/etusivu\/news\/turun-kyn-uusi-talouspaallikko-on-valittu\/#article","isPartOf":{"@id":"https:\/\/www.tuky.fi\/etusivu\/news\/turun-kyn-uusi-talouspaallikko-on-valittu\/"},"author":{"name":"admin","@id":"https:\/\/www.tuky.fi\/etusivu\/#\/schema\/person\/479eb0d4ef732e133e3a76f9b7659a39"},"headline":"Turun KY:n uusi talousp\u00e4\u00e4llikk\u00f6 on valittu","datePublished":"2015-03-23T23:19:19+00:00","mainEntityOfPage":{"@id":"https:\/\/www.tuky.fi\/etusivu\/news\/turun-kyn-uusi-talouspaallikko-on-valittu\/"},"wordCount":159,"commentCount":0,"publisher":{"@id":"https:\/\/www.tuky.fi\/etusivu\/#organization"},"image":{"@id":"https:\/\/www.tuky.fi\/etusivu\/news\/turun-kyn-uusi-talouspaallikko-on-valittu\/#primaryimage"},"thumbnailUrl":"http:\/\/tuky.fi\/wordpress\/wp-content\/uploads\/2015\/03\/20141231-201959.jpg","keywords":["talous","talousp\u00e4\u00e4llikk\u00f6","tuky","turunky"],"articleSection":["news"],"inLanguage":"fi","potentialAction":[{"@type":"CommentAction","name":"Comment","target":["https:\/\/www.tuky.fi\/etusivu\/news\/turun-kyn-uusi-talouspaallikko-on-valittu\/#respond"]}]},{"@type":"WebPage","@id":"https:\/\/www.tuky.fi\/etusivu\/news\/turun-kyn-uusi-talouspaallikko-on-valittu\/","url":"https:\/\/www.tuky.fi\/etusivu\/news\/turun-kyn-uusi-talouspaallikko-on-valittu\/","name":"Turun KY:n uusi talousp\u00e4\u00e4llikk\u00f6 on valittu - Turun KY","isPartOf":{"@id":"https:\/\/www.tuky.fi\/etusivu\/#website"},"primaryImageOfPage":{"@id":"https:\/\/www.tuky.fi\/etusivu\/news\/turun-kyn-uusi-talouspaallikko-on-valittu\/#primaryimage"},"image":{"@id":"https:\/\/www.tuky.fi\/etusivu\/news\/turun-kyn-uusi-talouspaallikko-on-valittu\/#primaryimage"},"thumbnailUrl":"http:\/\/tuky.fi\/wordpress\/wp-content\/uploads\/2015\/03\/20141231-201959.jpg","datePublished":"2015-03-23T23:19:19+00:00","breadcrumb":{"@id":"https:\/\/www.tuky.fi\/etusivu\/news\/turun-kyn-uusi-talouspaallikko-on-valittu\/#breadcrumb"},"inLanguage":"fi","potentialAction":[{"@type":"ReadAction","target":["https:\/\/www.tuky.fi\/etusivu\/news\/turun-kyn-uusi-talouspaallikko-on-valittu\/"]}]},{"@type":"ImageObject","inLanguage":"fi","@id":"https:\/\/www.tuky.fi\/etusivu\/news\/turun-kyn-uusi-talouspaallikko-on-valittu\/#primaryimage","url":"http:\/\/tuky.fi\/wordpress\/wp-content\/uploads\/2015\/03\/20141231-201959.jpg","contentUrl":"http:\/\/tuky.fi\/wordpress\/wp-content\/uploads\/2015\/03\/20141231-201959.jpg"},{"@type":"BreadcrumbList","@id":"https:\/\/www.tuky.fi\/etusivu\/news\/turun-kyn-uusi-talouspaallikko-on-valittu\/#breadcrumb","itemListElement":[{"@type":"ListItem","position":1,"name":"Etusivu","item":"https:\/\/www.tuky.fi\/etusivu\/"},{"@type":"ListItem","position":2,"name":"Turun KY:n uusi talousp\u00e4\u00e4llikk\u00f6 on valittu"}]},{"@type":"WebSite","@id":"https:\/\/www.tuky.fi\/etusivu\/#website","url":"https:\/\/www.tuky.fi\/etusivu\/","name":"Turun KY","description":"TuKY","publisher":{"@id":"https:\/\/www.tuky.fi\/etusivu\/#organization"},"alternateName":"TuKY","potentialAction":[{"@type":"SearchAction","target":{"@type":"EntryPoint","urlTemplate":"https:\/\/www.tuky.fi\/etusivu\/?s={search_term_string}"},"query-input":{"@type":"PropertyValueSpecification","valueRequired":true,"valueName":"search_term_string"}}],"inLanguage":"fi"},{"@type":"Organization","@id":"https:\/\/www.tuky.fi\/etusivu\/#organization","name":"Turun KY","alternateName":"TuKY","url":"https:\/\/www.tuky.fi\/etusivu\/","logo":{"@type":"ImageObject","inLanguage":"fi","@id":"https:\/\/www.tuky.fi\/etusivu\/#\/schema\/logo\/image\/","url":"https:\/\/www.tuky.fi\/wp-content\/uploads\/2024\/09\/TuKY-logo-kulta-1.png","contentUrl":"https:\/\/www.tuky.fi\/wp-content\/uploads\/2024\/09\/TuKY-logo-kulta-1.png","width":1080,"height":1080,"caption":"Turun KY"},"image":{"@id":"https:\/\/www.tuky.fi\/etusivu\/#\/schema\/logo\/image\/"},"sameAs":["https:\/\/instagram.com\/turunky","https:\/\/linkedin.com\/turunky"]},{"@type":"Person","@id":"https:\/\/www.tuky.fi\/etusivu\/#\/schema\/person\/479eb0d4ef732e133e3a76f9b7659a39","name":"admin","image":{"@type":"ImageObject","inLanguage":"fi","@id":"https:\/\/secure.gravatar.com\/avatar\/afbe741656101229147e16716fbedbcade65018caf8c467f89b9abae7aaffeea?s=96&d=mm&r=g","url":"https:\/\/secure.gravatar.com\/avatar\/afbe741656101229147e16716fbedbcade65018caf8c467f89b9abae7aaffeea?s=96&d=mm&r=g","contentUrl":"https:\/\/secure.gravatar.com\/avatar\/afbe741656101229147e16716fbedbcade65018caf8c467f89b9abae7aaffeea?s=96&d=mm&r=g","caption":"admin"},"url":"https:\/\/www.tuky.fi\/etusivu\/author\/admin\/"}]}},"lang":"fi","translations":{"fi":14091},"pll_sync_post":[],"_links":{"self":[{"href":"https:\/\/www.tuky.fi\/etusivu\/wp-json\/wp\/v2\/posts\/14091","targetHints":{"allow":["GET"]}}],"collection":[{"href":"https:\/\/www.tuky.fi\/etusivu\/wp-json\/wp\/v2\/posts"}],"about":[{"href":"https:\/\/www.tuky.fi\/etusivu\/wp-json\/wp\/v2\/types\/post"}],"author":[{"embeddable":true,"href":"https:\/\/www.tuky.fi\/etusivu\/wp-json\/wp\/v2\/users\/1"}],"replies":[{"embeddable":true,"href":"https:\/\/www.tuky.fi\/etusivu\/wp-json\/wp\/v2\/comments?post=14091"}],"version-history":[{"count":0,"href":"https:\/\/www.tuky.fi\/etusivu\/wp-json\/wp\/v2\/posts\/14091\/revisions"}],"wp:attachment":[{"href":"https:\/\/www.tuky.fi\/etusivu\/wp-json\/wp\/v2\/media?parent=14091"}],"wp:term":[{"taxonomy":"category","embeddable":true,"href":"https:\/\/www.tuky.fi\/etusivu\/wp-json\/wp\/v2\/categories?post=14091"},{"taxonomy":"post_tag","embeddable":true,"href":"https:\/\/www.tuky.fi\/etusivu\/wp-json\/wp\/v2\/tags?post=14091"}],"curies":[{"name":"wp","href":"https:\/\/api.w.org\/{rel}","templated":true}]}}