{"id":14020,"date":"2015-03-09T00:30:58","date_gmt":"2015-03-08T22:30:58","guid":{"rendered":"http:\/\/tuky.fi\/?p=14020"},"modified":"2015-03-09T00:30:58","modified_gmt":"2015-03-08T22:30:58","slug":"nesuconference-on-taalla","status":"publish","type":"post","link":"https:\/\/www.tuky.fi\/etusivu\/news\/nesuconference-on-taalla\/","title":{"rendered":"#NESUConference on t\u00e4\u00e4ll\u00e4!"},"content":{"rendered":"<p><a href=\"http:\/\/tuky.fi\/wordpress\/wp-content\/uploads\/2015\/03\/nesusemma1-FB.jpg\"><img loading=\"lazy\" decoding=\"async\" class=\"alignnone  wp-image-14023\" alt=\"nesusemma1_FB\" src=\"http:\/\/tuky.fi\/wordpress\/wp-content\/uploads\/2015\/03\/nesusemma1-FB.jpg\" width=\"560\" height=\"200\" \/><\/a><\/p>\n<p>&nbsp;<\/p>\n<p>NESU Spring Conference on vihdoin t\u00e4\u00e4ll\u00e4! Nyt on tilaisuutesi p\u00e4\u00e4st\u00e4 verkostoitumaan ja luomaan arvokkaita suhteita eri puolille Pohjoismaita. Seminaariviikko 9.-15.3.2015 sis\u00e4lt\u00e4\u00e4 avoimia luentoja, kokouksia kuin iltaohjelmaakin, jonne haluamme toivottaa sinut tervetulleeksi. Kannattaa tutustua siis ohjelmaan huolella.<\/p>\n<p>NESU Spring Conference kokoaa yhteen l\u00e4hes sata kauppatieteiden opiskelijaa eri puolilta Pohjoismaita. Viime vuosien aikana seminaari on j\u00e4rjestetty muun muassa Tallinnassa, Reykjavikissa, Helsingiss\u00e4 sek\u00e4 \u00c5rhusissa ja nyt seminaari palaa Turkuun.\u00a0 Seminaarin teemana on Professional Event Management, joten luentojen ja case-teht\u00e4vien aiheet rakentuvat t\u00e4m\u00e4n teeman ymp\u00e4rille.<\/p>\n<p>Seminaarit j\u00e4rjestet\u00e4\u00e4n yhteisty\u00f6ss\u00e4 yritysten kanssa ja viikon ohjelma rakentuukin pitk\u00e4lti yhteisty\u00f6kumppaneiden ymp\u00e4rille. Ohjelmaan kuuluu esimerkiksi yhteisty\u00f6kumppaneihin liittyvi\u00e4 case-teht\u00e4vi\u00e4 sek\u00e4 erilaisia luentoja ja vierailuja ajankohtaisiin ja mielenkiintoisiin yrityksiin. Mielenkiintoisen p\u00e4iv\u00e4ohjelman lis\u00e4ksi seminaariin kuuluvat erilaiset ilta-aktiviteetit, jotka mahdollistavat verkostoitumisen ja hauskanpidon rennoissa merkeiss\u00e4.<\/p>\n<p>&nbsp;<\/p>\n<p>Viikon aikana j\u00e4rjestet\u00e4\u00e4n seuraavat avoimet tapahtumat:<\/p>\n<p>Tiistai 10.3.<\/p>\n<ul>\n<li><b>\u00a1 Margaritas &amp; Live Music ! \u2013 ilta Bar Papussa klo 20.00<\/b>. Tule nauttimaan kanssamme kuuluisista mansikkamargaritoista sek\u00e4 livemusiikista meksikolaistyyliseen Bar Papuun. Illan ohjelman kruunaa TuKYn oma speksib\u00e4ndi 2014 #Cashtag.<\/li>\n<\/ul>\n<p>Linkki Facebook-tapahtumaan: <a href=\"https:\/\/www.facebook.com\/events\/368079070061267\/\">https:\/\/www.facebook.com\/events\/368079070061267\/<\/a><\/p>\n<p>&nbsp;<\/p>\n<p>Keskiviikko 11.3.<\/p>\n<ul>\n<li><b>SLUSH <\/b>\u2013 Managing the biggest event production in Finland.<b> <\/b><b>Luento klo 10.15 luentosalissa 16.<\/b><\/li>\n<\/ul>\n<p>Slush on Euroopan suurin sijoittaja- ja kasvuyritystapahtuma ja nyt on mahdollisuutesi tulla kuuntelemaan Slushin j\u00e4rjest\u00e4j\u00e4n luentoa luentosaliin 16. Tervetuloa!<\/p>\n<ul>\n<li><b>Karuselli<\/b> &#8211; Turun poikkitieteelliset haalaribileet <b>B\u00f6rs Night Clubissa klo 22.00. <\/b><\/li>\n<\/ul>\n<p>Kuusi opiskelijaj\u00e4rjest\u00f6\u00e4 p\u00e4\u00e4ttiv\u00e4t yhdist\u00e4\u00e4 voimansa ja t\u00e4ydent\u00e4\u00e4 Turun opiskelijakulttuuria eeppisill\u00e4 poikkitieteellisill\u00e4 haalaribileill\u00e4. Keskiviikkona 11.3. Karusellin rattaat l\u00e4htev\u00e4t ensimm\u00e4ist\u00e4 kertaa py\u00f6rim\u00e4\u00e4n.\u00a0 Karusellissa t\u00f6rm\u00e4\u00e4t varmasti opiskelijoihin eri tiedekunnista, mutta t\u00e4ll\u00e4 kertaa saatat t\u00f6rm\u00e4t\u00e4 t\u00e4\u00e4ll\u00e4 my\u00f6s islantilaisiin tai tanskalaisiin kauppatieteilij\u00f6ihin.<\/p>\n<p>&nbsp;<\/p>\n<p>Torstai 12.3.<\/p>\n<ul>\n<li><b>TOFO<\/b> \u2013 Legendaarinen torstai-Forte klo 22.00 alkaen Nightclub Fortessa.<\/li>\n<\/ul>\n<p>&nbsp;<\/p>\n<p>Perjantai 13.3.<\/p>\n<ul>\n<li><b>Maakokous<\/b> luentosalissa 16 klo 16.00. Suomen NESU-j\u00e4rjest\u00f6jen maakokous, jossa k\u00e4yd\u00e4\u00e4n l\u00e4pi eri kaupunkien kuulumisia.<\/li>\n<li><b>Union Meeting<\/b> luentosalissa 16 klo 16.30. P\u00e4\u00e4tet\u00e4\u00e4n koko j\u00e4rjest\u00f6\u00e4 koskevista asioista sek\u00e4 keskustellaan ajankohtaisista NESU:n yleisist\u00e4 aiheista.<\/li>\n<li><b>Nordic Evening \u2013sitsit Montussa klo 19.00. <\/b><\/li>\n<\/ul>\n<p>Nyt on aika ottaa askel maagisimpaan viidakkoon, mit\u00e4 olet koskaan voinut edes kuvitella. Tule ja koe el\u00e4imellinen meno ja valmistaudu eksym\u00e4\u00e4n viidakkoon. N\u00e4m\u00e4 perinteisen NESU-sitsit j\u00e4rjestet\u00e4\u00e4n t\u00e4ll\u00e4 kertaa kansainv\u00e4lisess\u00e4 ymp\u00e4rist\u00f6ss\u00e4 ja nyt on tilaisuutesi p\u00e4\u00e4st\u00e4 sitsaamaan englanniksi.<\/p>\n<p>Linkki Facebook-tapahtumaan: <a href=\"https:\/\/www.facebook.com\/events\/347057835494267\/\">https:\/\/www.facebook.com\/events\/347057835494267\/<\/a><\/p>\n<ul>\n<li><strong>Nordic Evening \u2013sitsijatkot Showroomissa klo 22.00 alkaen<\/strong>.<\/li>\n<\/ul>\n<p>&nbsp;<\/p>\n<p>NESU Spring Conferencen j\u00e4rjest\u00e4j\u00e4tiimi toivottaa kaikki tervetulleiksi yll\u00e4oleviin tapahtumiimme. Toivottavasti mahdollisimman moni p\u00e4\u00e4see osallistumaan n\u00e4ihin.\u00a0 Lis\u00e4ksi voit seurata seminaariviikon meininki\u00e4 #NESUconference.<\/p>\n<p>Semmaterveisin,<br \/>\nNESU Spring Conference -j\u00e4rjest\u00e4j\u00e4tiimi 2015<\/p>\n","protected":false},"excerpt":{"rendered":"<p>&nbsp; NESU Spring Conference on vihdoin t\u00e4\u00e4ll\u00e4! Nyt on tilaisuutesi p\u00e4\u00e4st\u00e4 verkostoitumaan ja luomaan arvokkaita suhteita eri puolille Pohjoismaita. Seminaariviikko 9.-15.3.2015 sis\u00e4lt\u00e4\u00e4 avoimia luentoja, kokouksia kuin iltaohjelmaakin, jonne haluamme toivottaa [&hellip;]<\/p>\n","protected":false},"author":1,"featured_media":0,"comment_status":"open","ping_status":"open","sticky":false,"template":"","format":"standard","meta":{"_et_pb_use_builder":"","_et_pb_old_content":"","_et_gb_content_width":"","footnotes":""},"categories":[4],"tags":[69,88,360,509],"class_list":["post-14020","post","type-post","status-publish","format-standard","hentry","category-news","tag-nesu","tag-nesu-tuky","tag-semma","tag-tiainen"],"yoast_head":"<!-- This site is optimized with the Yoast SEO plugin v27.2 - https:\/\/yoast.com\/product\/yoast-seo-wordpress\/ -->\n<title>#NESUConference on t\u00e4\u00e4ll\u00e4! - Turun KY<\/title>\n<meta name=\"robots\" content=\"index, follow, max-snippet:-1, max-image-preview:large, max-video-preview:-1\" \/>\n<link rel=\"canonical\" href=\"https:\/\/www.tuky.fi\/etusivu\/news\/nesuconference-on-taalla\/\" \/>\n<meta property=\"og:locale\" content=\"fi_FI\" \/>\n<meta property=\"og:type\" content=\"article\" \/>\n<meta property=\"og:title\" content=\"#NESUConference on t\u00e4\u00e4ll\u00e4! - Turun KY\" \/>\n<meta property=\"og:description\" content=\"&nbsp; NESU Spring Conference on vihdoin t\u00e4\u00e4ll\u00e4! Nyt on tilaisuutesi p\u00e4\u00e4st\u00e4 verkostoitumaan ja luomaan arvokkaita suhteita eri puolille Pohjoismaita. Seminaariviikko 9.-15.3.2015 sis\u00e4lt\u00e4\u00e4 avoimia luentoja, kokouksia kuin iltaohjelmaakin, jonne haluamme toivottaa [&hellip;]\" \/>\n<meta property=\"og:url\" content=\"https:\/\/www.tuky.fi\/etusivu\/news\/nesuconference-on-taalla\/\" \/>\n<meta property=\"og:site_name\" content=\"Turun KY\" \/>\n<meta property=\"article:published_time\" content=\"2015-03-08T22:30:58+00:00\" \/>\n<meta property=\"og:image\" content=\"http:\/\/tuky.fi\/wordpress\/wp-content\/uploads\/2015\/03\/nesusemma1-FB.jpg\" \/>\n<meta name=\"author\" content=\"admin\" \/>\n<meta name=\"twitter:card\" content=\"summary_large_image\" \/>\n<meta name=\"twitter:label1\" content=\"Kirjoittanut\" \/>\n\t<meta name=\"twitter:data1\" content=\"admin\" \/>\n\t<meta name=\"twitter:label2\" content=\"Arvioitu lukuaika\" \/>\n\t<meta name=\"twitter:data2\" content=\"2 minuuttia\" \/>\n<script type=\"application\/ld+json\" class=\"yoast-schema-graph\">{\"@context\":\"https:\/\/schema.org\",\"@graph\":[{\"@type\":\"Article\",\"@id\":\"https:\/\/www.tuky.fi\/etusivu\/news\/nesuconference-on-taalla\/#article\",\"isPartOf\":{\"@id\":\"https:\/\/www.tuky.fi\/etusivu\/news\/nesuconference-on-taalla\/\"},\"author\":{\"name\":\"admin\",\"@id\":\"https:\/\/www.tuky.fi\/etusivu\/#\/schema\/person\/479eb0d4ef732e133e3a76f9b7659a39\"},\"headline\":\"#NESUConference on t\u00e4\u00e4ll\u00e4!\",\"datePublished\":\"2015-03-08T22:30:58+00:00\",\"mainEntityOfPage\":{\"@id\":\"https:\/\/www.tuky.fi\/etusivu\/news\/nesuconference-on-taalla\/\"},\"wordCount\":436,\"commentCount\":0,\"publisher\":{\"@id\":\"https:\/\/www.tuky.fi\/etusivu\/#organization\"},\"image\":{\"@id\":\"https:\/\/www.tuky.fi\/etusivu\/news\/nesuconference-on-taalla\/#primaryimage\"},\"thumbnailUrl\":\"http:\/\/tuky.fi\/wordpress\/wp-content\/uploads\/2015\/03\/nesusemma1-FB.jpg\",\"keywords\":[\"nesu\",\"nesu-tuky\",\"Semma\",\"Tiainen\"],\"articleSection\":[\"news\"],\"inLanguage\":\"fi\",\"potentialAction\":[{\"@type\":\"CommentAction\",\"name\":\"Comment\",\"target\":[\"https:\/\/www.tuky.fi\/etusivu\/news\/nesuconference-on-taalla\/#respond\"]}]},{\"@type\":\"WebPage\",\"@id\":\"https:\/\/www.tuky.fi\/etusivu\/news\/nesuconference-on-taalla\/\",\"url\":\"https:\/\/www.tuky.fi\/etusivu\/news\/nesuconference-on-taalla\/\",\"name\":\"#NESUConference on t\u00e4\u00e4ll\u00e4! - Turun KY\",\"isPartOf\":{\"@id\":\"https:\/\/www.tuky.fi\/etusivu\/#website\"},\"primaryImageOfPage\":{\"@id\":\"https:\/\/www.tuky.fi\/etusivu\/news\/nesuconference-on-taalla\/#primaryimage\"},\"image\":{\"@id\":\"https:\/\/www.tuky.fi\/etusivu\/news\/nesuconference-on-taalla\/#primaryimage\"},\"thumbnailUrl\":\"http:\/\/tuky.fi\/wordpress\/wp-content\/uploads\/2015\/03\/nesusemma1-FB.jpg\",\"datePublished\":\"2015-03-08T22:30:58+00:00\",\"breadcrumb\":{\"@id\":\"https:\/\/www.tuky.fi\/etusivu\/news\/nesuconference-on-taalla\/#breadcrumb\"},\"inLanguage\":\"fi\",\"potentialAction\":[{\"@type\":\"ReadAction\",\"target\":[\"https:\/\/www.tuky.fi\/etusivu\/news\/nesuconference-on-taalla\/\"]}]},{\"@type\":\"ImageObject\",\"inLanguage\":\"fi\",\"@id\":\"https:\/\/www.tuky.fi\/etusivu\/news\/nesuconference-on-taalla\/#primaryimage\",\"url\":\"http:\/\/tuky.fi\/wordpress\/wp-content\/uploads\/2015\/03\/nesusemma1-FB.jpg\",\"contentUrl\":\"http:\/\/tuky.fi\/wordpress\/wp-content\/uploads\/2015\/03\/nesusemma1-FB.jpg\"},{\"@type\":\"BreadcrumbList\",\"@id\":\"https:\/\/www.tuky.fi\/etusivu\/news\/nesuconference-on-taalla\/#breadcrumb\",\"itemListElement\":[{\"@type\":\"ListItem\",\"position\":1,\"name\":\"Etusivu\",\"item\":\"https:\/\/www.tuky.fi\/etusivu\/\"},{\"@type\":\"ListItem\",\"position\":2,\"name\":\"#NESUConference on t\u00e4\u00e4ll\u00e4!\"}]},{\"@type\":\"WebSite\",\"@id\":\"https:\/\/www.tuky.fi\/etusivu\/#website\",\"url\":\"https:\/\/www.tuky.fi\/etusivu\/\",\"name\":\"Turun KY\",\"description\":\"TuKY\",\"publisher\":{\"@id\":\"https:\/\/www.tuky.fi\/etusivu\/#organization\"},\"alternateName\":\"TuKY\",\"potentialAction\":[{\"@type\":\"SearchAction\",\"target\":{\"@type\":\"EntryPoint\",\"urlTemplate\":\"https:\/\/www.tuky.fi\/etusivu\/?s={search_term_string}\"},\"query-input\":{\"@type\":\"PropertyValueSpecification\",\"valueRequired\":true,\"valueName\":\"search_term_string\"}}],\"inLanguage\":\"fi\"},{\"@type\":\"Organization\",\"@id\":\"https:\/\/www.tuky.fi\/etusivu\/#organization\",\"name\":\"Turun KY\",\"alternateName\":\"TuKY\",\"url\":\"https:\/\/www.tuky.fi\/etusivu\/\",\"logo\":{\"@type\":\"ImageObject\",\"inLanguage\":\"fi\",\"@id\":\"https:\/\/www.tuky.fi\/etusivu\/#\/schema\/logo\/image\/\",\"url\":\"https:\/\/www.tuky.fi\/wp-content\/uploads\/2024\/09\/TuKY-logo-kulta-1.png\",\"contentUrl\":\"https:\/\/www.tuky.fi\/wp-content\/uploads\/2024\/09\/TuKY-logo-kulta-1.png\",\"width\":1080,\"height\":1080,\"caption\":\"Turun KY\"},\"image\":{\"@id\":\"https:\/\/www.tuky.fi\/etusivu\/#\/schema\/logo\/image\/\"},\"sameAs\":[\"https:\/\/instagram.com\/turunky\",\"https:\/\/linkedin.com\/turunky\"]},{\"@type\":\"Person\",\"@id\":\"https:\/\/www.tuky.fi\/etusivu\/#\/schema\/person\/479eb0d4ef732e133e3a76f9b7659a39\",\"name\":\"admin\",\"image\":{\"@type\":\"ImageObject\",\"inLanguage\":\"fi\",\"@id\":\"https:\/\/secure.gravatar.com\/avatar\/afbe741656101229147e16716fbedbcade65018caf8c467f89b9abae7aaffeea?s=96&d=mm&r=g\",\"url\":\"https:\/\/secure.gravatar.com\/avatar\/afbe741656101229147e16716fbedbcade65018caf8c467f89b9abae7aaffeea?s=96&d=mm&r=g\",\"contentUrl\":\"https:\/\/secure.gravatar.com\/avatar\/afbe741656101229147e16716fbedbcade65018caf8c467f89b9abae7aaffeea?s=96&d=mm&r=g\",\"caption\":\"admin\"},\"url\":\"https:\/\/www.tuky.fi\/etusivu\/author\/admin\/\"}]}<\/script>\n<!-- \/ Yoast SEO plugin. -->","yoast_head_json":{"title":"#NESUConference on t\u00e4\u00e4ll\u00e4! - Turun KY","robots":{"index":"index","follow":"follow","max-snippet":"max-snippet:-1","max-image-preview":"max-image-preview:large","max-video-preview":"max-video-preview:-1"},"canonical":"https:\/\/www.tuky.fi\/etusivu\/news\/nesuconference-on-taalla\/","og_locale":"fi_FI","og_type":"article","og_title":"#NESUConference on t\u00e4\u00e4ll\u00e4! - Turun KY","og_description":"&nbsp; NESU Spring Conference on vihdoin t\u00e4\u00e4ll\u00e4! Nyt on tilaisuutesi p\u00e4\u00e4st\u00e4 verkostoitumaan ja luomaan arvokkaita suhteita eri puolille Pohjoismaita. Seminaariviikko 9.-15.3.2015 sis\u00e4lt\u00e4\u00e4 avoimia luentoja, kokouksia kuin iltaohjelmaakin, jonne haluamme toivottaa [&hellip;]","og_url":"https:\/\/www.tuky.fi\/etusivu\/news\/nesuconference-on-taalla\/","og_site_name":"Turun KY","article_published_time":"2015-03-08T22:30:58+00:00","og_image":[{"url":"http:\/\/tuky.fi\/wordpress\/wp-content\/uploads\/2015\/03\/nesusemma1-FB.jpg","type":"","width":"","height":""}],"author":"admin","twitter_card":"summary_large_image","twitter_misc":{"Kirjoittanut":"admin","Arvioitu lukuaika":"2 minuuttia"},"schema":{"@context":"https:\/\/schema.org","@graph":[{"@type":"Article","@id":"https:\/\/www.tuky.fi\/etusivu\/news\/nesuconference-on-taalla\/#article","isPartOf":{"@id":"https:\/\/www.tuky.fi\/etusivu\/news\/nesuconference-on-taalla\/"},"author":{"name":"admin","@id":"https:\/\/www.tuky.fi\/etusivu\/#\/schema\/person\/479eb0d4ef732e133e3a76f9b7659a39"},"headline":"#NESUConference on t\u00e4\u00e4ll\u00e4!","datePublished":"2015-03-08T22:30:58+00:00","mainEntityOfPage":{"@id":"https:\/\/www.tuky.fi\/etusivu\/news\/nesuconference-on-taalla\/"},"wordCount":436,"commentCount":0,"publisher":{"@id":"https:\/\/www.tuky.fi\/etusivu\/#organization"},"image":{"@id":"https:\/\/www.tuky.fi\/etusivu\/news\/nesuconference-on-taalla\/#primaryimage"},"thumbnailUrl":"http:\/\/tuky.fi\/wordpress\/wp-content\/uploads\/2015\/03\/nesusemma1-FB.jpg","keywords":["nesu","nesu-tuky","Semma","Tiainen"],"articleSection":["news"],"inLanguage":"fi","potentialAction":[{"@type":"CommentAction","name":"Comment","target":["https:\/\/www.tuky.fi\/etusivu\/news\/nesuconference-on-taalla\/#respond"]}]},{"@type":"WebPage","@id":"https:\/\/www.tuky.fi\/etusivu\/news\/nesuconference-on-taalla\/","url":"https:\/\/www.tuky.fi\/etusivu\/news\/nesuconference-on-taalla\/","name":"#NESUConference on t\u00e4\u00e4ll\u00e4! - Turun KY","isPartOf":{"@id":"https:\/\/www.tuky.fi\/etusivu\/#website"},"primaryImageOfPage":{"@id":"https:\/\/www.tuky.fi\/etusivu\/news\/nesuconference-on-taalla\/#primaryimage"},"image":{"@id":"https:\/\/www.tuky.fi\/etusivu\/news\/nesuconference-on-taalla\/#primaryimage"},"thumbnailUrl":"http:\/\/tuky.fi\/wordpress\/wp-content\/uploads\/2015\/03\/nesusemma1-FB.jpg","datePublished":"2015-03-08T22:30:58+00:00","breadcrumb":{"@id":"https:\/\/www.tuky.fi\/etusivu\/news\/nesuconference-on-taalla\/#breadcrumb"},"inLanguage":"fi","potentialAction":[{"@type":"ReadAction","target":["https:\/\/www.tuky.fi\/etusivu\/news\/nesuconference-on-taalla\/"]}]},{"@type":"ImageObject","inLanguage":"fi","@id":"https:\/\/www.tuky.fi\/etusivu\/news\/nesuconference-on-taalla\/#primaryimage","url":"http:\/\/tuky.fi\/wordpress\/wp-content\/uploads\/2015\/03\/nesusemma1-FB.jpg","contentUrl":"http:\/\/tuky.fi\/wordpress\/wp-content\/uploads\/2015\/03\/nesusemma1-FB.jpg"},{"@type":"BreadcrumbList","@id":"https:\/\/www.tuky.fi\/etusivu\/news\/nesuconference-on-taalla\/#breadcrumb","itemListElement":[{"@type":"ListItem","position":1,"name":"Etusivu","item":"https:\/\/www.tuky.fi\/etusivu\/"},{"@type":"ListItem","position":2,"name":"#NESUConference on t\u00e4\u00e4ll\u00e4!"}]},{"@type":"WebSite","@id":"https:\/\/www.tuky.fi\/etusivu\/#website","url":"https:\/\/www.tuky.fi\/etusivu\/","name":"Turun KY","description":"TuKY","publisher":{"@id":"https:\/\/www.tuky.fi\/etusivu\/#organization"},"alternateName":"TuKY","potentialAction":[{"@type":"SearchAction","target":{"@type":"EntryPoint","urlTemplate":"https:\/\/www.tuky.fi\/etusivu\/?s={search_term_string}"},"query-input":{"@type":"PropertyValueSpecification","valueRequired":true,"valueName":"search_term_string"}}],"inLanguage":"fi"},{"@type":"Organization","@id":"https:\/\/www.tuky.fi\/etusivu\/#organization","name":"Turun KY","alternateName":"TuKY","url":"https:\/\/www.tuky.fi\/etusivu\/","logo":{"@type":"ImageObject","inLanguage":"fi","@id":"https:\/\/www.tuky.fi\/etusivu\/#\/schema\/logo\/image\/","url":"https:\/\/www.tuky.fi\/wp-content\/uploads\/2024\/09\/TuKY-logo-kulta-1.png","contentUrl":"https:\/\/www.tuky.fi\/wp-content\/uploads\/2024\/09\/TuKY-logo-kulta-1.png","width":1080,"height":1080,"caption":"Turun KY"},"image":{"@id":"https:\/\/www.tuky.fi\/etusivu\/#\/schema\/logo\/image\/"},"sameAs":["https:\/\/instagram.com\/turunky","https:\/\/linkedin.com\/turunky"]},{"@type":"Person","@id":"https:\/\/www.tuky.fi\/etusivu\/#\/schema\/person\/479eb0d4ef732e133e3a76f9b7659a39","name":"admin","image":{"@type":"ImageObject","inLanguage":"fi","@id":"https:\/\/secure.gravatar.com\/avatar\/afbe741656101229147e16716fbedbcade65018caf8c467f89b9abae7aaffeea?s=96&d=mm&r=g","url":"https:\/\/secure.gravatar.com\/avatar\/afbe741656101229147e16716fbedbcade65018caf8c467f89b9abae7aaffeea?s=96&d=mm&r=g","contentUrl":"https:\/\/secure.gravatar.com\/avatar\/afbe741656101229147e16716fbedbcade65018caf8c467f89b9abae7aaffeea?s=96&d=mm&r=g","caption":"admin"},"url":"https:\/\/www.tuky.fi\/etusivu\/author\/admin\/"}]}},"lang":"fi","translations":{"fi":14020},"pll_sync_post":[],"_links":{"self":[{"href":"https:\/\/www.tuky.fi\/etusivu\/wp-json\/wp\/v2\/posts\/14020","targetHints":{"allow":["GET"]}}],"collection":[{"href":"https:\/\/www.tuky.fi\/etusivu\/wp-json\/wp\/v2\/posts"}],"about":[{"href":"https:\/\/www.tuky.fi\/etusivu\/wp-json\/wp\/v2\/types\/post"}],"author":[{"embeddable":true,"href":"https:\/\/www.tuky.fi\/etusivu\/wp-json\/wp\/v2\/users\/1"}],"replies":[{"embeddable":true,"href":"https:\/\/www.tuky.fi\/etusivu\/wp-json\/wp\/v2\/comments?post=14020"}],"version-history":[{"count":0,"href":"https:\/\/www.tuky.fi\/etusivu\/wp-json\/wp\/v2\/posts\/14020\/revisions"}],"wp:attachment":[{"href":"https:\/\/www.tuky.fi\/etusivu\/wp-json\/wp\/v2\/media?parent=14020"}],"wp:term":[{"taxonomy":"category","embeddable":true,"href":"https:\/\/www.tuky.fi\/etusivu\/wp-json\/wp\/v2\/categories?post=14020"},{"taxonomy":"post_tag","embeddable":true,"href":"https:\/\/www.tuky.fi\/etusivu\/wp-json\/wp\/v2\/tags?post=14020"}],"curies":[{"name":"wp","href":"https:\/\/api.w.org\/{rel}","templated":true}]}}