{"id":13993,"date":"2015-03-04T16:15:51","date_gmt":"2015-03-04T14:15:51","guid":{"rendered":"http:\/\/tuky.fi\/?p=13993"},"modified":"2015-03-04T16:15:51","modified_gmt":"2015-03-04T14:15:51","slug":"edustajistovaalipaallikot-on-nyt-valittu","status":"publish","type":"post","link":"https:\/\/www.tuky.fi\/etusivu\/news\/edustajistovaalipaallikot-on-nyt-valittu\/","title":{"rendered":"Edustajistovaalip\u00e4\u00e4llik\u00f6t on nyt valittu!"},"content":{"rendered":"<p>Turun KY:n hallitus on kokouksessaan 2.3.2015 p\u00e4\u00e4tt\u00e4nyt valita TuKY-listan edustajistovaalip\u00e4\u00e4llik\u00f6iksi Ossi Tursaan, Pia Rawlinsin ja Kristian Raition. T\u00e4ss\u00e4 he ovat:<\/p>\n<p><a href=\"http:\/\/tuky.fi\/wordpress\/wp-content\/uploads\/2015\/03\/ossi-evp.jpg\"><img loading=\"lazy\" decoding=\"async\" class=\"alignleft  wp-image-13994\" alt=\"ossi_evp\" src=\"http:\/\/tuky.fi\/wordpress\/wp-content\/uploads\/2015\/03\/ossi-evp.jpg\" width=\"152\" height=\"210\" \/><\/a><\/p>\n<p><strong>Terve!<\/strong> Olen Ossi Tursas, nelj\u00e4nnen vuosikurssin TJT:n lukija. Olen opiskeluaikanani ehtinyt olemaan aktiivisena\u00a0molemmin puolin Rehtorinpellonkatua ja toimin viel\u00e4 t\u00e4m\u00e4n vuoden loppuun asti TYYn taloustoimikunnan puheenjohtajana. Vastuualueeni TuKY-listan vaalip\u00e4\u00e4llikk\u00f6n\u00e4 on k\u00e4yt\u00e4nn\u00f6n asiat, kuten listan kokoaminen, aikataulutus ja yhteisty\u00f6 vaalirenkaamme (Lex+TyTE) kanssa. \u00c4l\u00e4 siis ihmettele jos tulen jo kev\u00e4\u00e4n aikana vet\u00e4m\u00e4\u00e4n juuri sinua hihasta ja kyselem\u00e4\u00e4n kiinnostuksestasi l\u00e4hte\u00e4 remmiin mukaan. \u00c4l\u00e4 my\u00f6sk\u00e4\u00e4n pelk\u00e4\u00e4 ottaa yhteytt\u00e4, jos olet kiinnostunut asettumaan ehdolle edustajistovaaleihin tai muuten vaan haluat keskustella TYYst\u00e4 tai ihan mist\u00e4 tahansa.<\/p>\n<p>Edustajisto k\u00e4ytt\u00e4\u00e4 Ylioppilaskuntamme ylint\u00e4 p\u00e4\u00e4t\u00e4nt\u00e4valtaa ja meid\u00e4n aktiivisuus edustajistossa ja TYYss\u00e4 on t\u00e4rke\u00e4\u00e4 my\u00f6s Turun KY:n edunvalvonnan kannalta. Suuri paikkam\u00e4\u00e4r\u00e4 edesauttaa vaikuttamista TYYss\u00e4 ja sit\u00e4 kautta my\u00f6s koko yliopistossa. T\u00e4st\u00e4 kaikesta tulee viel\u00e4 paljon lis\u00e4tietoa niin kev\u00e4\u00e4ll\u00e4, kuin syksyll\u00e4kin. Pit\u00e4k\u00e4\u00e4 korvat h\u00f6r\u00f6ll\u00e4 \ud83d\ude09<\/p>\n<p><img loading=\"lazy\" decoding=\"async\" class=\"alignleft  wp-image-13995\" alt=\"piui\" src=\"http:\/\/tuky.fi\/wordpress\/wp-content\/uploads\/2015\/03\/piui.jpg\" width=\"186\" height=\"186\" \/><\/p>\n<p><strong>Moikkamoi!<\/strong> Olen Pia, jo hieman kokeneempi tieteenharjoittaja Turun kauppakorkeakoulussa. Olen ehtinyt\u00a0opiskelujeni aikana olla mukana Turun KY:ss\u00e4 niin Turun KY:n hallituksessa kulttuuri- ja perinnevastaavana, Ulkkiksessa, TuKY-Speksiss\u00e4 ja KYlisteess\u00e4kin. Innokkuuteni ja sosiaalisuuteni n\u00e4kyy ja kuuluu opiskeluymp\u00e4rist\u00f6ss\u00e4mme. Ennen gradu-puserrusta p\u00e4\u00e4tin kuitenkin l\u00e4hte\u00e4 viel\u00e4 kerran mukaan t\u00e4rke\u00e4\u00e4n teht\u00e4v\u00e4\u00e4n; TuKY-listan kolmanneksi vaalip\u00e4\u00e4llik\u00f6ksi. Hoidan Kristianin kanssa edarivaalien markkinointipuolta, eli vastaamme kampanjan markkinointi-ilmeest\u00e4, tempauksista ja muusta n\u00e4kyvyydest\u00e4.<\/p>\n<p><span style=\"font-family: 'Times New Roman', serif; font-size: medium;\"><span style=\"color: #1f497d; font-family: Calibri, sans-serif; font-size: small;\">\u00a0<\/span><\/span><\/p>\n<p><a href=\"http:\/\/tuky.fi\/wordpress\/wp-content\/uploads\/2015\/03\/IMG-8639.jpg\"><img loading=\"lazy\" decoding=\"async\" class=\"wp-image-13996 alignleft\" alt=\"IMG_8639\" src=\"http:\/\/tuky.fi\/wordpress\/wp-content\/uploads\/2015\/03\/IMG-8639.jpg\" width=\"214\" height=\"215\" \/><\/a><\/p>\n<p><strong>Moikka!<\/strong> T\u00e4m\u00e4n vuoden edarikampanjaa TuKY-listalle olen tekem\u00e4ss\u00e4 my\u00f6s min\u00e4, 20-vuotias sosiaalinen ja aktiivinen ensimm\u00e4isen vuoden opiskelija Suomen New Yorkista, Uudestakaupungista. Rakastan asioiden ideointia, mutta sit\u00e4kin enemm\u00e4n loistavien ideoiden toteuttamista. Viimeiset nelj\u00e4 vuotta olen vaikuttanut opiskelijapolitiikassa niin omassa kaupungissani kuin my\u00f6s Suomen Lukiolaisten Liitossakin, ja ollut j\u00e4rjest\u00e4m\u00e4ss\u00e4 tapahtumia laidasta laitaan. Haluan toteuttaa mit\u00e4 onnistuneimman kampanjan ja tuoda esiin my\u00f6s uuden sukupolven n\u00e4kemyst\u00e4 edustajistovaaleista. Innokkaalla asenteella ja yhdess\u00e4 tekemisen mentaliteetilla teemme TuKY-listasta entist\u00e4kin paremman ensi syksyn vaaleihin!<\/p>\n<p>&nbsp;<\/p>\n","protected":false},"excerpt":{"rendered":"<p>Turun KY:n hallitus on kokouksessaan 2.3.2015 p\u00e4\u00e4tt\u00e4nyt valita TuKY-listan edustajistovaalip\u00e4\u00e4llik\u00f6iksi Ossi Tursaan, Pia Rawlinsin ja Kristian Raition. T\u00e4ss\u00e4 he ovat: Terve! Olen Ossi Tursas, nelj\u00e4nnen vuosikurssin TJT:n lukija. Olen opiskeluaikanani [&hellip;]<\/p>\n","protected":false},"author":1,"featured_media":0,"comment_status":"open","ping_status":"open","sticky":false,"template":"","format":"standard","meta":{"_et_pb_use_builder":"","_et_pb_old_content":"","_et_gb_content_width":"","footnotes":""},"categories":[4],"tags":[23,353,10,11],"class_list":["post-13993","post","type-post","status-publish","format-standard","hentry","category-news","tag-edari","tag-edarivaalit","tag-tuky","tag-turunky"],"yoast_head":"<!-- This site is optimized with the Yoast SEO plugin v27.2 - https:\/\/yoast.com\/product\/yoast-seo-wordpress\/ -->\n<title>Edustajistovaalip\u00e4\u00e4llik\u00f6t on nyt valittu! - Turun KY<\/title>\n<meta name=\"robots\" content=\"index, follow, max-snippet:-1, max-image-preview:large, max-video-preview:-1\" \/>\n<link rel=\"canonical\" href=\"https:\/\/www.tuky.fi\/etusivu\/news\/edustajistovaalipaallikot-on-nyt-valittu\/\" \/>\n<meta property=\"og:locale\" content=\"fi_FI\" \/>\n<meta property=\"og:type\" content=\"article\" \/>\n<meta property=\"og:title\" content=\"Edustajistovaalip\u00e4\u00e4llik\u00f6t on nyt valittu! - Turun KY\" \/>\n<meta property=\"og:description\" content=\"Turun KY:n hallitus on kokouksessaan 2.3.2015 p\u00e4\u00e4tt\u00e4nyt valita TuKY-listan edustajistovaalip\u00e4\u00e4llik\u00f6iksi Ossi Tursaan, Pia Rawlinsin ja Kristian Raition. T\u00e4ss\u00e4 he ovat: Terve! Olen Ossi Tursas, nelj\u00e4nnen vuosikurssin TJT:n lukija. Olen opiskeluaikanani [&hellip;]\" \/>\n<meta property=\"og:url\" content=\"https:\/\/www.tuky.fi\/etusivu\/news\/edustajistovaalipaallikot-on-nyt-valittu\/\" \/>\n<meta property=\"og:site_name\" content=\"Turun KY\" \/>\n<meta property=\"article:published_time\" content=\"2015-03-04T14:15:51+00:00\" \/>\n<meta property=\"og:image\" content=\"http:\/\/tuky.fi\/wordpress\/wp-content\/uploads\/2015\/03\/ossi-evp.jpg\" \/>\n<meta name=\"author\" content=\"admin\" \/>\n<meta name=\"twitter:card\" content=\"summary_large_image\" \/>\n<meta name=\"twitter:label1\" content=\"Kirjoittanut\" \/>\n\t<meta name=\"twitter:data1\" content=\"admin\" \/>\n\t<meta name=\"twitter:label2\" content=\"Arvioitu lukuaika\" \/>\n\t<meta name=\"twitter:data2\" content=\"2 minuuttia\" \/>\n<script type=\"application\/ld+json\" class=\"yoast-schema-graph\">{\"@context\":\"https:\/\/schema.org\",\"@graph\":[{\"@type\":\"Article\",\"@id\":\"https:\/\/www.tuky.fi\/etusivu\/news\/edustajistovaalipaallikot-on-nyt-valittu\/#article\",\"isPartOf\":{\"@id\":\"https:\/\/www.tuky.fi\/etusivu\/news\/edustajistovaalipaallikot-on-nyt-valittu\/\"},\"author\":{\"name\":\"admin\",\"@id\":\"https:\/\/www.tuky.fi\/etusivu\/#\/schema\/person\/479eb0d4ef732e133e3a76f9b7659a39\"},\"headline\":\"Edustajistovaalip\u00e4\u00e4llik\u00f6t on nyt valittu!\",\"datePublished\":\"2015-03-04T14:15:51+00:00\",\"mainEntityOfPage\":{\"@id\":\"https:\/\/www.tuky.fi\/etusivu\/news\/edustajistovaalipaallikot-on-nyt-valittu\/\"},\"wordCount\":354,\"commentCount\":0,\"publisher\":{\"@id\":\"https:\/\/www.tuky.fi\/etusivu\/#organization\"},\"image\":{\"@id\":\"https:\/\/www.tuky.fi\/etusivu\/news\/edustajistovaalipaallikot-on-nyt-valittu\/#primaryimage\"},\"thumbnailUrl\":\"http:\/\/tuky.fi\/wordpress\/wp-content\/uploads\/2015\/03\/ossi-evp.jpg\",\"keywords\":[\"Edari\",\"edarivaalit\",\"tuky\",\"turunky\"],\"articleSection\":[\"news\"],\"inLanguage\":\"fi\",\"potentialAction\":[{\"@type\":\"CommentAction\",\"name\":\"Comment\",\"target\":[\"https:\/\/www.tuky.fi\/etusivu\/news\/edustajistovaalipaallikot-on-nyt-valittu\/#respond\"]}]},{\"@type\":\"WebPage\",\"@id\":\"https:\/\/www.tuky.fi\/etusivu\/news\/edustajistovaalipaallikot-on-nyt-valittu\/\",\"url\":\"https:\/\/www.tuky.fi\/etusivu\/news\/edustajistovaalipaallikot-on-nyt-valittu\/\",\"name\":\"Edustajistovaalip\u00e4\u00e4llik\u00f6t on nyt valittu! - Turun KY\",\"isPartOf\":{\"@id\":\"https:\/\/www.tuky.fi\/etusivu\/#website\"},\"primaryImageOfPage\":{\"@id\":\"https:\/\/www.tuky.fi\/etusivu\/news\/edustajistovaalipaallikot-on-nyt-valittu\/#primaryimage\"},\"image\":{\"@id\":\"https:\/\/www.tuky.fi\/etusivu\/news\/edustajistovaalipaallikot-on-nyt-valittu\/#primaryimage\"},\"thumbnailUrl\":\"http:\/\/tuky.fi\/wordpress\/wp-content\/uploads\/2015\/03\/ossi-evp.jpg\",\"datePublished\":\"2015-03-04T14:15:51+00:00\",\"breadcrumb\":{\"@id\":\"https:\/\/www.tuky.fi\/etusivu\/news\/edustajistovaalipaallikot-on-nyt-valittu\/#breadcrumb\"},\"inLanguage\":\"fi\",\"potentialAction\":[{\"@type\":\"ReadAction\",\"target\":[\"https:\/\/www.tuky.fi\/etusivu\/news\/edustajistovaalipaallikot-on-nyt-valittu\/\"]}]},{\"@type\":\"ImageObject\",\"inLanguage\":\"fi\",\"@id\":\"https:\/\/www.tuky.fi\/etusivu\/news\/edustajistovaalipaallikot-on-nyt-valittu\/#primaryimage\",\"url\":\"http:\/\/tuky.fi\/wordpress\/wp-content\/uploads\/2015\/03\/ossi-evp.jpg\",\"contentUrl\":\"http:\/\/tuky.fi\/wordpress\/wp-content\/uploads\/2015\/03\/ossi-evp.jpg\"},{\"@type\":\"BreadcrumbList\",\"@id\":\"https:\/\/www.tuky.fi\/etusivu\/news\/edustajistovaalipaallikot-on-nyt-valittu\/#breadcrumb\",\"itemListElement\":[{\"@type\":\"ListItem\",\"position\":1,\"name\":\"Etusivu\",\"item\":\"https:\/\/www.tuky.fi\/etusivu\/\"},{\"@type\":\"ListItem\",\"position\":2,\"name\":\"Edustajistovaalip\u00e4\u00e4llik\u00f6t on nyt valittu!\"}]},{\"@type\":\"WebSite\",\"@id\":\"https:\/\/www.tuky.fi\/etusivu\/#website\",\"url\":\"https:\/\/www.tuky.fi\/etusivu\/\",\"name\":\"Turun KY\",\"description\":\"TuKY\",\"publisher\":{\"@id\":\"https:\/\/www.tuky.fi\/etusivu\/#organization\"},\"alternateName\":\"TuKY\",\"potentialAction\":[{\"@type\":\"SearchAction\",\"target\":{\"@type\":\"EntryPoint\",\"urlTemplate\":\"https:\/\/www.tuky.fi\/etusivu\/?s={search_term_string}\"},\"query-input\":{\"@type\":\"PropertyValueSpecification\",\"valueRequired\":true,\"valueName\":\"search_term_string\"}}],\"inLanguage\":\"fi\"},{\"@type\":\"Organization\",\"@id\":\"https:\/\/www.tuky.fi\/etusivu\/#organization\",\"name\":\"Turun KY\",\"alternateName\":\"TuKY\",\"url\":\"https:\/\/www.tuky.fi\/etusivu\/\",\"logo\":{\"@type\":\"ImageObject\",\"inLanguage\":\"fi\",\"@id\":\"https:\/\/www.tuky.fi\/etusivu\/#\/schema\/logo\/image\/\",\"url\":\"https:\/\/www.tuky.fi\/wp-content\/uploads\/2024\/09\/TuKY-logo-kulta-1.png\",\"contentUrl\":\"https:\/\/www.tuky.fi\/wp-content\/uploads\/2024\/09\/TuKY-logo-kulta-1.png\",\"width\":1080,\"height\":1080,\"caption\":\"Turun KY\"},\"image\":{\"@id\":\"https:\/\/www.tuky.fi\/etusivu\/#\/schema\/logo\/image\/\"},\"sameAs\":[\"https:\/\/instagram.com\/turunky\",\"https:\/\/linkedin.com\/turunky\"]},{\"@type\":\"Person\",\"@id\":\"https:\/\/www.tuky.fi\/etusivu\/#\/schema\/person\/479eb0d4ef732e133e3a76f9b7659a39\",\"name\":\"admin\",\"image\":{\"@type\":\"ImageObject\",\"inLanguage\":\"fi\",\"@id\":\"https:\/\/secure.gravatar.com\/avatar\/afbe741656101229147e16716fbedbcade65018caf8c467f89b9abae7aaffeea?s=96&d=mm&r=g\",\"url\":\"https:\/\/secure.gravatar.com\/avatar\/afbe741656101229147e16716fbedbcade65018caf8c467f89b9abae7aaffeea?s=96&d=mm&r=g\",\"contentUrl\":\"https:\/\/secure.gravatar.com\/avatar\/afbe741656101229147e16716fbedbcade65018caf8c467f89b9abae7aaffeea?s=96&d=mm&r=g\",\"caption\":\"admin\"},\"url\":\"https:\/\/www.tuky.fi\/etusivu\/author\/admin\/\"}]}<\/script>\n<!-- \/ Yoast SEO plugin. -->","yoast_head_json":{"title":"Edustajistovaalip\u00e4\u00e4llik\u00f6t on nyt valittu! - Turun KY","robots":{"index":"index","follow":"follow","max-snippet":"max-snippet:-1","max-image-preview":"max-image-preview:large","max-video-preview":"max-video-preview:-1"},"canonical":"https:\/\/www.tuky.fi\/etusivu\/news\/edustajistovaalipaallikot-on-nyt-valittu\/","og_locale":"fi_FI","og_type":"article","og_title":"Edustajistovaalip\u00e4\u00e4llik\u00f6t on nyt valittu! - Turun KY","og_description":"Turun KY:n hallitus on kokouksessaan 2.3.2015 p\u00e4\u00e4tt\u00e4nyt valita TuKY-listan edustajistovaalip\u00e4\u00e4llik\u00f6iksi Ossi Tursaan, Pia Rawlinsin ja Kristian Raition. T\u00e4ss\u00e4 he ovat: Terve! Olen Ossi Tursas, nelj\u00e4nnen vuosikurssin TJT:n lukija. Olen opiskeluaikanani [&hellip;]","og_url":"https:\/\/www.tuky.fi\/etusivu\/news\/edustajistovaalipaallikot-on-nyt-valittu\/","og_site_name":"Turun KY","article_published_time":"2015-03-04T14:15:51+00:00","og_image":[{"url":"http:\/\/tuky.fi\/wordpress\/wp-content\/uploads\/2015\/03\/ossi-evp.jpg","type":"","width":"","height":""}],"author":"admin","twitter_card":"summary_large_image","twitter_misc":{"Kirjoittanut":"admin","Arvioitu lukuaika":"2 minuuttia"},"schema":{"@context":"https:\/\/schema.org","@graph":[{"@type":"Article","@id":"https:\/\/www.tuky.fi\/etusivu\/news\/edustajistovaalipaallikot-on-nyt-valittu\/#article","isPartOf":{"@id":"https:\/\/www.tuky.fi\/etusivu\/news\/edustajistovaalipaallikot-on-nyt-valittu\/"},"author":{"name":"admin","@id":"https:\/\/www.tuky.fi\/etusivu\/#\/schema\/person\/479eb0d4ef732e133e3a76f9b7659a39"},"headline":"Edustajistovaalip\u00e4\u00e4llik\u00f6t on nyt valittu!","datePublished":"2015-03-04T14:15:51+00:00","mainEntityOfPage":{"@id":"https:\/\/www.tuky.fi\/etusivu\/news\/edustajistovaalipaallikot-on-nyt-valittu\/"},"wordCount":354,"commentCount":0,"publisher":{"@id":"https:\/\/www.tuky.fi\/etusivu\/#organization"},"image":{"@id":"https:\/\/www.tuky.fi\/etusivu\/news\/edustajistovaalipaallikot-on-nyt-valittu\/#primaryimage"},"thumbnailUrl":"http:\/\/tuky.fi\/wordpress\/wp-content\/uploads\/2015\/03\/ossi-evp.jpg","keywords":["Edari","edarivaalit","tuky","turunky"],"articleSection":["news"],"inLanguage":"fi","potentialAction":[{"@type":"CommentAction","name":"Comment","target":["https:\/\/www.tuky.fi\/etusivu\/news\/edustajistovaalipaallikot-on-nyt-valittu\/#respond"]}]},{"@type":"WebPage","@id":"https:\/\/www.tuky.fi\/etusivu\/news\/edustajistovaalipaallikot-on-nyt-valittu\/","url":"https:\/\/www.tuky.fi\/etusivu\/news\/edustajistovaalipaallikot-on-nyt-valittu\/","name":"Edustajistovaalip\u00e4\u00e4llik\u00f6t on nyt valittu! - Turun KY","isPartOf":{"@id":"https:\/\/www.tuky.fi\/etusivu\/#website"},"primaryImageOfPage":{"@id":"https:\/\/www.tuky.fi\/etusivu\/news\/edustajistovaalipaallikot-on-nyt-valittu\/#primaryimage"},"image":{"@id":"https:\/\/www.tuky.fi\/etusivu\/news\/edustajistovaalipaallikot-on-nyt-valittu\/#primaryimage"},"thumbnailUrl":"http:\/\/tuky.fi\/wordpress\/wp-content\/uploads\/2015\/03\/ossi-evp.jpg","datePublished":"2015-03-04T14:15:51+00:00","breadcrumb":{"@id":"https:\/\/www.tuky.fi\/etusivu\/news\/edustajistovaalipaallikot-on-nyt-valittu\/#breadcrumb"},"inLanguage":"fi","potentialAction":[{"@type":"ReadAction","target":["https:\/\/www.tuky.fi\/etusivu\/news\/edustajistovaalipaallikot-on-nyt-valittu\/"]}]},{"@type":"ImageObject","inLanguage":"fi","@id":"https:\/\/www.tuky.fi\/etusivu\/news\/edustajistovaalipaallikot-on-nyt-valittu\/#primaryimage","url":"http:\/\/tuky.fi\/wordpress\/wp-content\/uploads\/2015\/03\/ossi-evp.jpg","contentUrl":"http:\/\/tuky.fi\/wordpress\/wp-content\/uploads\/2015\/03\/ossi-evp.jpg"},{"@type":"BreadcrumbList","@id":"https:\/\/www.tuky.fi\/etusivu\/news\/edustajistovaalipaallikot-on-nyt-valittu\/#breadcrumb","itemListElement":[{"@type":"ListItem","position":1,"name":"Etusivu","item":"https:\/\/www.tuky.fi\/etusivu\/"},{"@type":"ListItem","position":2,"name":"Edustajistovaalip\u00e4\u00e4llik\u00f6t on nyt valittu!"}]},{"@type":"WebSite","@id":"https:\/\/www.tuky.fi\/etusivu\/#website","url":"https:\/\/www.tuky.fi\/etusivu\/","name":"Turun KY","description":"TuKY","publisher":{"@id":"https:\/\/www.tuky.fi\/etusivu\/#organization"},"alternateName":"TuKY","potentialAction":[{"@type":"SearchAction","target":{"@type":"EntryPoint","urlTemplate":"https:\/\/www.tuky.fi\/etusivu\/?s={search_term_string}"},"query-input":{"@type":"PropertyValueSpecification","valueRequired":true,"valueName":"search_term_string"}}],"inLanguage":"fi"},{"@type":"Organization","@id":"https:\/\/www.tuky.fi\/etusivu\/#organization","name":"Turun KY","alternateName":"TuKY","url":"https:\/\/www.tuky.fi\/etusivu\/","logo":{"@type":"ImageObject","inLanguage":"fi","@id":"https:\/\/www.tuky.fi\/etusivu\/#\/schema\/logo\/image\/","url":"https:\/\/www.tuky.fi\/wp-content\/uploads\/2024\/09\/TuKY-logo-kulta-1.png","contentUrl":"https:\/\/www.tuky.fi\/wp-content\/uploads\/2024\/09\/TuKY-logo-kulta-1.png","width":1080,"height":1080,"caption":"Turun KY"},"image":{"@id":"https:\/\/www.tuky.fi\/etusivu\/#\/schema\/logo\/image\/"},"sameAs":["https:\/\/instagram.com\/turunky","https:\/\/linkedin.com\/turunky"]},{"@type":"Person","@id":"https:\/\/www.tuky.fi\/etusivu\/#\/schema\/person\/479eb0d4ef732e133e3a76f9b7659a39","name":"admin","image":{"@type":"ImageObject","inLanguage":"fi","@id":"https:\/\/secure.gravatar.com\/avatar\/afbe741656101229147e16716fbedbcade65018caf8c467f89b9abae7aaffeea?s=96&d=mm&r=g","url":"https:\/\/secure.gravatar.com\/avatar\/afbe741656101229147e16716fbedbcade65018caf8c467f89b9abae7aaffeea?s=96&d=mm&r=g","contentUrl":"https:\/\/secure.gravatar.com\/avatar\/afbe741656101229147e16716fbedbcade65018caf8c467f89b9abae7aaffeea?s=96&d=mm&r=g","caption":"admin"},"url":"https:\/\/www.tuky.fi\/etusivu\/author\/admin\/"}]}},"lang":"fi","translations":{"fi":13993},"pll_sync_post":[],"_links":{"self":[{"href":"https:\/\/www.tuky.fi\/etusivu\/wp-json\/wp\/v2\/posts\/13993","targetHints":{"allow":["GET"]}}],"collection":[{"href":"https:\/\/www.tuky.fi\/etusivu\/wp-json\/wp\/v2\/posts"}],"about":[{"href":"https:\/\/www.tuky.fi\/etusivu\/wp-json\/wp\/v2\/types\/post"}],"author":[{"embeddable":true,"href":"https:\/\/www.tuky.fi\/etusivu\/wp-json\/wp\/v2\/users\/1"}],"replies":[{"embeddable":true,"href":"https:\/\/www.tuky.fi\/etusivu\/wp-json\/wp\/v2\/comments?post=13993"}],"version-history":[{"count":0,"href":"https:\/\/www.tuky.fi\/etusivu\/wp-json\/wp\/v2\/posts\/13993\/revisions"}],"wp:attachment":[{"href":"https:\/\/www.tuky.fi\/etusivu\/wp-json\/wp\/v2\/media?parent=13993"}],"wp:term":[{"taxonomy":"category","embeddable":true,"href":"https:\/\/www.tuky.fi\/etusivu\/wp-json\/wp\/v2\/categories?post=13993"},{"taxonomy":"post_tag","embeddable":true,"href":"https:\/\/www.tuky.fi\/etusivu\/wp-json\/wp\/v2\/tags?post=13993"}],"curies":[{"name":"wp","href":"https:\/\/api.w.org\/{rel}","templated":true}]}}