{"id":13919,"date":"2015-02-27T15:58:14","date_gmt":"2015-02-27T13:58:14","guid":{"rendered":"http:\/\/tuky.fi\/?p=13919"},"modified":"2015-02-27T15:58:14","modified_gmt":"2015-02-27T13:58:14","slug":"hyvinvointipaivat-tulevat-taas-kolmipaivaisina","status":"publish","type":"post","link":"https:\/\/www.tuky.fi\/etusivu\/news\/hyvinvointipaivat-tulevat-taas-kolmipaivaisina\/","title":{"rendered":"Hyvinvointip\u00e4iv\u00e4t tulevat taas kolmip\u00e4iv\u00e4isin\u00e4!"},"content":{"rendered":"<p style=\"text-align: center\"><a href=\"http:\/\/tuky.fi\/wordpress\/wp-content\/uploads\/2015\/02\/6a019b004777b1970c01a511b6561a970c.jpg\"><img loading=\"lazy\" decoding=\"async\" class=\"aligncenter  wp-image-13922\" alt=\"Hyvinvointip\u00e4iv\u00e4t\" src=\"http:\/\/tuky.fi\/wordpress\/wp-content\/uploads\/2015\/02\/6a019b004777b1970c01a511b6561a970c.jpg\" width=\"436\" height=\"200\" \/><\/a><\/p>\n<p style=\"text-align: left\">Tenttiviikko on ohi ja stressi alkaa jo hieman helpottamaan. Jotta opiskelumotivaatiota riitt\u00e4isi kuitenkin viimeiseenkin periodiin eik\u00e4 energiat loppuisi kesken ennen kes\u00e4lomille siirtymist\u00e4, on hyv\u00e4 muistaa pit\u00e4\u00e4 huolta my\u00f6s itsest\u00e4\u00e4n. Vinkkej\u00e4 hyvinvointiin onkin hyv\u00e4 tulla hakemaan Edunvalvontajaoston <strong>Hyvinvointip\u00e4ivilt\u00e4<\/strong>, jotka j\u00e4rjestet\u00e4\u00e4n taas kolmip\u00e4iv\u00e4isin\u00e4! <strong>2.-4.3<\/strong>. kauppakorkeakoululla on tarjolla hyvinvointiin liittyv\u00e4\u00e4 ohjelmaa aina kehonkoostumusmittauksesta p\u00e4iv\u00e4uniin.<\/p>\n<p>Maanantaista keskiviikkoon on mahdollista p\u00e4\u00e4st\u00e4 kuuntelemaan inspiroivia luentoja sek\u00e4 tulla tutustumaan Hyvinvointip\u00e4ivien yhteisty\u00f6kumppaneiden tuotteisiin ja palveluihin. Yrityksi\u00e4 on esill\u00e4 kauppakorkean aulassa joka p\u00e4iv\u00e4 klo 10-14 v\u00e4lisen\u00e4 aikana. T\u00e4n\u00e4 vuonna mukana olevia yrityksi\u00e4 ovat muun muassa <strong>SatsElixia, Suomen Ekonomit, YTHS, Cederroth, Ruohonjuuri, Teho Sport, Fazer, Vauhtisammakot sek\u00e4 Arla Ingman<\/strong>. Edunvalvontajaoston pisteell\u00e4 on tarjolla erilaisia tuotteita sek\u00e4 mahdollisuus vapaaseen palautteenantoon. Lis\u00e4ksi CORE tulee jakamaan <strong>Cloettan<\/strong>\u00a0Jenkki-tuotteita sek\u00e4 <strong>Pauligin<\/strong> uuden br\u00e4ndi-ilmeen saanutta\u00a0<strong>Brazil-kahvia<\/strong>!<\/p>\n<p>Kiinnostavia hyvinvointiin liittyvi\u00e4 luentoja on seuraavasti:<\/p>\n<ul>\n<li>Maanantaina avaruust\u00e4htitieteilij\u00e4 <strong>Esko Valtaoja<\/strong> luennoi Elovena-salissa klo 12 maailman hyvinvoinnista nykyp\u00e4iv\u00e4n\u00e4 ja tulevaisuudessa.<\/li>\n<li>Tiistaina klo 10 Osuuskauppasaliin luentoa tulevat pit\u00e4m\u00e4\u00e4n liikunnan ammattilaiset <strong>Lifted<\/strong>-yrityksest\u00e4.<\/li>\n<li>Keskiviikkona kuullaan luento KY-Sportin yhteisty\u00f6kumppanilta<strong> Vauhtisammakoilta<\/strong> Elovena-salissa klo 14. He luennoivat siit\u00e4, miten sy\u00f6d\u00e4 terveellisesti tiukassa\u00a0arjessa. Luennolta saa konkreettisia esimerkkej\u00e4 verensokerin,\u00a0vatsan hyvinvoinnin ja vireystilan yll\u00e4pit\u00e4v\u00e4st\u00e4, terveellisest\u00e4\u00a0ruokavaliosta, joka sopii hyvin my\u00f6s ruoka-aineallergikoille ja kovaa\u00a0treenaaville.<\/li>\n<\/ul>\n<p>&nbsp;<\/p>\n<p>Tiistaina on my\u00f6s mahdollisuus osallistua <strong>TLKS:n<\/strong> pit\u00e4m\u00e4\u00e4n <strong>ensiapukoulutukseen<\/strong> klo 14.30 Ls08:ssa. Kurssi on hy\u00f6dyllinen erityisesti niille, jotka eiv\u00e4t ole aiemmin ensiapukurssilla olleet.<\/p>\n<p><strong>Bistron aamiainen<\/strong> on tarjolla kaikkina p\u00e4ivin\u00e4 poikkeuksellisesti <strong>klo 10 asti<\/strong> ja joka p\u00e4iv\u00e4 voi my\u00f6s virkist\u00e4yty\u00e4 ottamalla <strong>p\u00e4iv\u00e4unet klo 12-14<\/strong> v\u00e4lisen\u00e4 aikana. Luentosaleissa on vilttej\u00e4 ja tyynyj\u00e4, jotta lep\u00e4\u00e4minen olisi mukavampaa. P\u00e4iv\u00e4uniluokat:<\/p>\n<ul>\n<li>Ma 2.3. Ls07<\/li>\n<li>Ti 3.3. Ls14<\/li>\n<li>Ke 4.3. Ls04<\/li>\n<\/ul>\n<p>&nbsp;<\/p>\n<p>Edunvalvontajaosto toivottaa kaikki tervetulleeksi Hyvinvointip\u00e4iville! Aloitetaan uusi periodi virkist\u00e4ytynein\u00e4 ja hyvinvoivina!<\/p>\n<p><em>Edunvalvontajaosto &#8217;15<\/em><\/p>\n","protected":false},"excerpt":{"rendered":"<p>Tenttiviikko on ohi ja stressi alkaa jo hieman helpottamaan. Jotta opiskelumotivaatiota riitt\u00e4isi kuitenkin viimeiseenkin periodiin eik\u00e4 energiat loppuisi kesken ennen kes\u00e4lomille siirtymist\u00e4, on hyv\u00e4 muistaa pit\u00e4\u00e4 huolta my\u00f6s itsest\u00e4\u00e4n. Vinkkej\u00e4 [&hellip;]<\/p>\n","protected":false},"author":1,"featured_media":0,"comment_status":"open","ping_status":"open","sticky":false,"template":"","format":"standard","meta":{"_et_pb_use_builder":"","_et_pb_old_content":"","_et_gb_content_width":"","footnotes":""},"categories":[4],"tags":[],"class_list":["post-13919","post","type-post","status-publish","format-standard","hentry","category-news"],"yoast_head":"<!-- This site is optimized with the Yoast SEO plugin v27.2 - https:\/\/yoast.com\/product\/yoast-seo-wordpress\/ -->\n<title>Hyvinvointip\u00e4iv\u00e4t tulevat taas kolmip\u00e4iv\u00e4isin\u00e4! - Turun KY<\/title>\n<meta name=\"robots\" content=\"index, follow, max-snippet:-1, max-image-preview:large, max-video-preview:-1\" \/>\n<link rel=\"canonical\" href=\"https:\/\/www.tuky.fi\/etusivu\/news\/hyvinvointipaivat-tulevat-taas-kolmipaivaisina\/\" \/>\n<meta property=\"og:locale\" content=\"fi_FI\" \/>\n<meta property=\"og:type\" content=\"article\" \/>\n<meta property=\"og:title\" content=\"Hyvinvointip\u00e4iv\u00e4t tulevat taas kolmip\u00e4iv\u00e4isin\u00e4! - Turun KY\" \/>\n<meta property=\"og:description\" content=\"Tenttiviikko on ohi ja stressi alkaa jo hieman helpottamaan. Jotta opiskelumotivaatiota riitt\u00e4isi kuitenkin viimeiseenkin periodiin eik\u00e4 energiat loppuisi kesken ennen kes\u00e4lomille siirtymist\u00e4, on hyv\u00e4 muistaa pit\u00e4\u00e4 huolta my\u00f6s itsest\u00e4\u00e4n. Vinkkej\u00e4 [&hellip;]\" \/>\n<meta property=\"og:url\" content=\"https:\/\/www.tuky.fi\/etusivu\/news\/hyvinvointipaivat-tulevat-taas-kolmipaivaisina\/\" \/>\n<meta property=\"og:site_name\" content=\"Turun KY\" \/>\n<meta property=\"article:published_time\" content=\"2015-02-27T13:58:14+00:00\" \/>\n<meta property=\"og:image\" content=\"http:\/\/tuky.fi\/wordpress\/wp-content\/uploads\/2015\/02\/6a019b004777b1970c01a511b6561a970c.jpg\" \/>\n<meta name=\"author\" content=\"admin\" \/>\n<meta name=\"twitter:card\" content=\"summary_large_image\" \/>\n<meta name=\"twitter:label1\" content=\"Kirjoittanut\" \/>\n\t<meta name=\"twitter:data1\" content=\"admin\" \/>\n\t<meta name=\"twitter:label2\" content=\"Arvioitu lukuaika\" \/>\n\t<meta name=\"twitter:data2\" content=\"2 minuuttia\" \/>\n<script type=\"application\/ld+json\" class=\"yoast-schema-graph\">{\"@context\":\"https:\/\/schema.org\",\"@graph\":[{\"@type\":\"Article\",\"@id\":\"https:\/\/www.tuky.fi\/etusivu\/news\/hyvinvointipaivat-tulevat-taas-kolmipaivaisina\/#article\",\"isPartOf\":{\"@id\":\"https:\/\/www.tuky.fi\/etusivu\/news\/hyvinvointipaivat-tulevat-taas-kolmipaivaisina\/\"},\"author\":{\"name\":\"admin\",\"@id\":\"https:\/\/www.tuky.fi\/etusivu\/#\/schema\/person\/479eb0d4ef732e133e3a76f9b7659a39\"},\"headline\":\"Hyvinvointip\u00e4iv\u00e4t tulevat taas kolmip\u00e4iv\u00e4isin\u00e4!\",\"datePublished\":\"2015-02-27T13:58:14+00:00\",\"mainEntityOfPage\":{\"@id\":\"https:\/\/www.tuky.fi\/etusivu\/news\/hyvinvointipaivat-tulevat-taas-kolmipaivaisina\/\"},\"wordCount\":313,\"commentCount\":0,\"publisher\":{\"@id\":\"https:\/\/www.tuky.fi\/etusivu\/#organization\"},\"image\":{\"@id\":\"https:\/\/www.tuky.fi\/etusivu\/news\/hyvinvointipaivat-tulevat-taas-kolmipaivaisina\/#primaryimage\"},\"thumbnailUrl\":\"http:\/\/tuky.fi\/wordpress\/wp-content\/uploads\/2015\/02\/6a019b004777b1970c01a511b6561a970c.jpg\",\"articleSection\":[\"news\"],\"inLanguage\":\"fi\",\"potentialAction\":[{\"@type\":\"CommentAction\",\"name\":\"Comment\",\"target\":[\"https:\/\/www.tuky.fi\/etusivu\/news\/hyvinvointipaivat-tulevat-taas-kolmipaivaisina\/#respond\"]}]},{\"@type\":\"WebPage\",\"@id\":\"https:\/\/www.tuky.fi\/etusivu\/news\/hyvinvointipaivat-tulevat-taas-kolmipaivaisina\/\",\"url\":\"https:\/\/www.tuky.fi\/etusivu\/news\/hyvinvointipaivat-tulevat-taas-kolmipaivaisina\/\",\"name\":\"Hyvinvointip\u00e4iv\u00e4t tulevat taas kolmip\u00e4iv\u00e4isin\u00e4! - Turun KY\",\"isPartOf\":{\"@id\":\"https:\/\/www.tuky.fi\/etusivu\/#website\"},\"primaryImageOfPage\":{\"@id\":\"https:\/\/www.tuky.fi\/etusivu\/news\/hyvinvointipaivat-tulevat-taas-kolmipaivaisina\/#primaryimage\"},\"image\":{\"@id\":\"https:\/\/www.tuky.fi\/etusivu\/news\/hyvinvointipaivat-tulevat-taas-kolmipaivaisina\/#primaryimage\"},\"thumbnailUrl\":\"http:\/\/tuky.fi\/wordpress\/wp-content\/uploads\/2015\/02\/6a019b004777b1970c01a511b6561a970c.jpg\",\"datePublished\":\"2015-02-27T13:58:14+00:00\",\"breadcrumb\":{\"@id\":\"https:\/\/www.tuky.fi\/etusivu\/news\/hyvinvointipaivat-tulevat-taas-kolmipaivaisina\/#breadcrumb\"},\"inLanguage\":\"fi\",\"potentialAction\":[{\"@type\":\"ReadAction\",\"target\":[\"https:\/\/www.tuky.fi\/etusivu\/news\/hyvinvointipaivat-tulevat-taas-kolmipaivaisina\/\"]}]},{\"@type\":\"ImageObject\",\"inLanguage\":\"fi\",\"@id\":\"https:\/\/www.tuky.fi\/etusivu\/news\/hyvinvointipaivat-tulevat-taas-kolmipaivaisina\/#primaryimage\",\"url\":\"http:\/\/tuky.fi\/wordpress\/wp-content\/uploads\/2015\/02\/6a019b004777b1970c01a511b6561a970c.jpg\",\"contentUrl\":\"http:\/\/tuky.fi\/wordpress\/wp-content\/uploads\/2015\/02\/6a019b004777b1970c01a511b6561a970c.jpg\"},{\"@type\":\"BreadcrumbList\",\"@id\":\"https:\/\/www.tuky.fi\/etusivu\/news\/hyvinvointipaivat-tulevat-taas-kolmipaivaisina\/#breadcrumb\",\"itemListElement\":[{\"@type\":\"ListItem\",\"position\":1,\"name\":\"Etusivu\",\"item\":\"https:\/\/www.tuky.fi\/etusivu\/\"},{\"@type\":\"ListItem\",\"position\":2,\"name\":\"Hyvinvointip\u00e4iv\u00e4t tulevat taas kolmip\u00e4iv\u00e4isin\u00e4!\"}]},{\"@type\":\"WebSite\",\"@id\":\"https:\/\/www.tuky.fi\/etusivu\/#website\",\"url\":\"https:\/\/www.tuky.fi\/etusivu\/\",\"name\":\"Turun KY\",\"description\":\"TuKY\",\"publisher\":{\"@id\":\"https:\/\/www.tuky.fi\/etusivu\/#organization\"},\"alternateName\":\"TuKY\",\"potentialAction\":[{\"@type\":\"SearchAction\",\"target\":{\"@type\":\"EntryPoint\",\"urlTemplate\":\"https:\/\/www.tuky.fi\/etusivu\/?s={search_term_string}\"},\"query-input\":{\"@type\":\"PropertyValueSpecification\",\"valueRequired\":true,\"valueName\":\"search_term_string\"}}],\"inLanguage\":\"fi\"},{\"@type\":\"Organization\",\"@id\":\"https:\/\/www.tuky.fi\/etusivu\/#organization\",\"name\":\"Turun KY\",\"alternateName\":\"TuKY\",\"url\":\"https:\/\/www.tuky.fi\/etusivu\/\",\"logo\":{\"@type\":\"ImageObject\",\"inLanguage\":\"fi\",\"@id\":\"https:\/\/www.tuky.fi\/etusivu\/#\/schema\/logo\/image\/\",\"url\":\"https:\/\/www.tuky.fi\/wp-content\/uploads\/2024\/09\/TuKY-logo-kulta-1.png\",\"contentUrl\":\"https:\/\/www.tuky.fi\/wp-content\/uploads\/2024\/09\/TuKY-logo-kulta-1.png\",\"width\":1080,\"height\":1080,\"caption\":\"Turun KY\"},\"image\":{\"@id\":\"https:\/\/www.tuky.fi\/etusivu\/#\/schema\/logo\/image\/\"},\"sameAs\":[\"https:\/\/instagram.com\/turunky\",\"https:\/\/linkedin.com\/turunky\"]},{\"@type\":\"Person\",\"@id\":\"https:\/\/www.tuky.fi\/etusivu\/#\/schema\/person\/479eb0d4ef732e133e3a76f9b7659a39\",\"name\":\"admin\",\"image\":{\"@type\":\"ImageObject\",\"inLanguage\":\"fi\",\"@id\":\"https:\/\/secure.gravatar.com\/avatar\/afbe741656101229147e16716fbedbcade65018caf8c467f89b9abae7aaffeea?s=96&d=mm&r=g\",\"url\":\"https:\/\/secure.gravatar.com\/avatar\/afbe741656101229147e16716fbedbcade65018caf8c467f89b9abae7aaffeea?s=96&d=mm&r=g\",\"contentUrl\":\"https:\/\/secure.gravatar.com\/avatar\/afbe741656101229147e16716fbedbcade65018caf8c467f89b9abae7aaffeea?s=96&d=mm&r=g\",\"caption\":\"admin\"},\"url\":\"https:\/\/www.tuky.fi\/etusivu\/author\/admin\/\"}]}<\/script>\n<!-- \/ Yoast SEO plugin. -->","yoast_head_json":{"title":"Hyvinvointip\u00e4iv\u00e4t tulevat taas kolmip\u00e4iv\u00e4isin\u00e4! - Turun KY","robots":{"index":"index","follow":"follow","max-snippet":"max-snippet:-1","max-image-preview":"max-image-preview:large","max-video-preview":"max-video-preview:-1"},"canonical":"https:\/\/www.tuky.fi\/etusivu\/news\/hyvinvointipaivat-tulevat-taas-kolmipaivaisina\/","og_locale":"fi_FI","og_type":"article","og_title":"Hyvinvointip\u00e4iv\u00e4t tulevat taas kolmip\u00e4iv\u00e4isin\u00e4! - Turun KY","og_description":"Tenttiviikko on ohi ja stressi alkaa jo hieman helpottamaan. Jotta opiskelumotivaatiota riitt\u00e4isi kuitenkin viimeiseenkin periodiin eik\u00e4 energiat loppuisi kesken ennen kes\u00e4lomille siirtymist\u00e4, on hyv\u00e4 muistaa pit\u00e4\u00e4 huolta my\u00f6s itsest\u00e4\u00e4n. Vinkkej\u00e4 [&hellip;]","og_url":"https:\/\/www.tuky.fi\/etusivu\/news\/hyvinvointipaivat-tulevat-taas-kolmipaivaisina\/","og_site_name":"Turun KY","article_published_time":"2015-02-27T13:58:14+00:00","og_image":[{"url":"http:\/\/tuky.fi\/wordpress\/wp-content\/uploads\/2015\/02\/6a019b004777b1970c01a511b6561a970c.jpg","type":"","width":"","height":""}],"author":"admin","twitter_card":"summary_large_image","twitter_misc":{"Kirjoittanut":"admin","Arvioitu lukuaika":"2 minuuttia"},"schema":{"@context":"https:\/\/schema.org","@graph":[{"@type":"Article","@id":"https:\/\/www.tuky.fi\/etusivu\/news\/hyvinvointipaivat-tulevat-taas-kolmipaivaisina\/#article","isPartOf":{"@id":"https:\/\/www.tuky.fi\/etusivu\/news\/hyvinvointipaivat-tulevat-taas-kolmipaivaisina\/"},"author":{"name":"admin","@id":"https:\/\/www.tuky.fi\/etusivu\/#\/schema\/person\/479eb0d4ef732e133e3a76f9b7659a39"},"headline":"Hyvinvointip\u00e4iv\u00e4t tulevat taas kolmip\u00e4iv\u00e4isin\u00e4!","datePublished":"2015-02-27T13:58:14+00:00","mainEntityOfPage":{"@id":"https:\/\/www.tuky.fi\/etusivu\/news\/hyvinvointipaivat-tulevat-taas-kolmipaivaisina\/"},"wordCount":313,"commentCount":0,"publisher":{"@id":"https:\/\/www.tuky.fi\/etusivu\/#organization"},"image":{"@id":"https:\/\/www.tuky.fi\/etusivu\/news\/hyvinvointipaivat-tulevat-taas-kolmipaivaisina\/#primaryimage"},"thumbnailUrl":"http:\/\/tuky.fi\/wordpress\/wp-content\/uploads\/2015\/02\/6a019b004777b1970c01a511b6561a970c.jpg","articleSection":["news"],"inLanguage":"fi","potentialAction":[{"@type":"CommentAction","name":"Comment","target":["https:\/\/www.tuky.fi\/etusivu\/news\/hyvinvointipaivat-tulevat-taas-kolmipaivaisina\/#respond"]}]},{"@type":"WebPage","@id":"https:\/\/www.tuky.fi\/etusivu\/news\/hyvinvointipaivat-tulevat-taas-kolmipaivaisina\/","url":"https:\/\/www.tuky.fi\/etusivu\/news\/hyvinvointipaivat-tulevat-taas-kolmipaivaisina\/","name":"Hyvinvointip\u00e4iv\u00e4t tulevat taas kolmip\u00e4iv\u00e4isin\u00e4! - Turun KY","isPartOf":{"@id":"https:\/\/www.tuky.fi\/etusivu\/#website"},"primaryImageOfPage":{"@id":"https:\/\/www.tuky.fi\/etusivu\/news\/hyvinvointipaivat-tulevat-taas-kolmipaivaisina\/#primaryimage"},"image":{"@id":"https:\/\/www.tuky.fi\/etusivu\/news\/hyvinvointipaivat-tulevat-taas-kolmipaivaisina\/#primaryimage"},"thumbnailUrl":"http:\/\/tuky.fi\/wordpress\/wp-content\/uploads\/2015\/02\/6a019b004777b1970c01a511b6561a970c.jpg","datePublished":"2015-02-27T13:58:14+00:00","breadcrumb":{"@id":"https:\/\/www.tuky.fi\/etusivu\/news\/hyvinvointipaivat-tulevat-taas-kolmipaivaisina\/#breadcrumb"},"inLanguage":"fi","potentialAction":[{"@type":"ReadAction","target":["https:\/\/www.tuky.fi\/etusivu\/news\/hyvinvointipaivat-tulevat-taas-kolmipaivaisina\/"]}]},{"@type":"ImageObject","inLanguage":"fi","@id":"https:\/\/www.tuky.fi\/etusivu\/news\/hyvinvointipaivat-tulevat-taas-kolmipaivaisina\/#primaryimage","url":"http:\/\/tuky.fi\/wordpress\/wp-content\/uploads\/2015\/02\/6a019b004777b1970c01a511b6561a970c.jpg","contentUrl":"http:\/\/tuky.fi\/wordpress\/wp-content\/uploads\/2015\/02\/6a019b004777b1970c01a511b6561a970c.jpg"},{"@type":"BreadcrumbList","@id":"https:\/\/www.tuky.fi\/etusivu\/news\/hyvinvointipaivat-tulevat-taas-kolmipaivaisina\/#breadcrumb","itemListElement":[{"@type":"ListItem","position":1,"name":"Etusivu","item":"https:\/\/www.tuky.fi\/etusivu\/"},{"@type":"ListItem","position":2,"name":"Hyvinvointip\u00e4iv\u00e4t tulevat taas kolmip\u00e4iv\u00e4isin\u00e4!"}]},{"@type":"WebSite","@id":"https:\/\/www.tuky.fi\/etusivu\/#website","url":"https:\/\/www.tuky.fi\/etusivu\/","name":"Turun KY","description":"TuKY","publisher":{"@id":"https:\/\/www.tuky.fi\/etusivu\/#organization"},"alternateName":"TuKY","potentialAction":[{"@type":"SearchAction","target":{"@type":"EntryPoint","urlTemplate":"https:\/\/www.tuky.fi\/etusivu\/?s={search_term_string}"},"query-input":{"@type":"PropertyValueSpecification","valueRequired":true,"valueName":"search_term_string"}}],"inLanguage":"fi"},{"@type":"Organization","@id":"https:\/\/www.tuky.fi\/etusivu\/#organization","name":"Turun KY","alternateName":"TuKY","url":"https:\/\/www.tuky.fi\/etusivu\/","logo":{"@type":"ImageObject","inLanguage":"fi","@id":"https:\/\/www.tuky.fi\/etusivu\/#\/schema\/logo\/image\/","url":"https:\/\/www.tuky.fi\/wp-content\/uploads\/2024\/09\/TuKY-logo-kulta-1.png","contentUrl":"https:\/\/www.tuky.fi\/wp-content\/uploads\/2024\/09\/TuKY-logo-kulta-1.png","width":1080,"height":1080,"caption":"Turun KY"},"image":{"@id":"https:\/\/www.tuky.fi\/etusivu\/#\/schema\/logo\/image\/"},"sameAs":["https:\/\/instagram.com\/turunky","https:\/\/linkedin.com\/turunky"]},{"@type":"Person","@id":"https:\/\/www.tuky.fi\/etusivu\/#\/schema\/person\/479eb0d4ef732e133e3a76f9b7659a39","name":"admin","image":{"@type":"ImageObject","inLanguage":"fi","@id":"https:\/\/secure.gravatar.com\/avatar\/afbe741656101229147e16716fbedbcade65018caf8c467f89b9abae7aaffeea?s=96&d=mm&r=g","url":"https:\/\/secure.gravatar.com\/avatar\/afbe741656101229147e16716fbedbcade65018caf8c467f89b9abae7aaffeea?s=96&d=mm&r=g","contentUrl":"https:\/\/secure.gravatar.com\/avatar\/afbe741656101229147e16716fbedbcade65018caf8c467f89b9abae7aaffeea?s=96&d=mm&r=g","caption":"admin"},"url":"https:\/\/www.tuky.fi\/etusivu\/author\/admin\/"}]}},"lang":"fi","translations":{"fi":13919},"pll_sync_post":[],"_links":{"self":[{"href":"https:\/\/www.tuky.fi\/etusivu\/wp-json\/wp\/v2\/posts\/13919","targetHints":{"allow":["GET"]}}],"collection":[{"href":"https:\/\/www.tuky.fi\/etusivu\/wp-json\/wp\/v2\/posts"}],"about":[{"href":"https:\/\/www.tuky.fi\/etusivu\/wp-json\/wp\/v2\/types\/post"}],"author":[{"embeddable":true,"href":"https:\/\/www.tuky.fi\/etusivu\/wp-json\/wp\/v2\/users\/1"}],"replies":[{"embeddable":true,"href":"https:\/\/www.tuky.fi\/etusivu\/wp-json\/wp\/v2\/comments?post=13919"}],"version-history":[{"count":0,"href":"https:\/\/www.tuky.fi\/etusivu\/wp-json\/wp\/v2\/posts\/13919\/revisions"}],"wp:attachment":[{"href":"https:\/\/www.tuky.fi\/etusivu\/wp-json\/wp\/v2\/media?parent=13919"}],"wp:term":[{"taxonomy":"category","embeddable":true,"href":"https:\/\/www.tuky.fi\/etusivu\/wp-json\/wp\/v2\/categories?post=13919"},{"taxonomy":"post_tag","embeddable":true,"href":"https:\/\/www.tuky.fi\/etusivu\/wp-json\/wp\/v2\/tags?post=13919"}],"curies":[{"name":"wp","href":"https:\/\/api.w.org\/{rel}","templated":true}]}}