{"id":13900,"date":"2015-02-25T13:50:26","date_gmt":"2015-02-25T11:50:26","guid":{"rendered":"http:\/\/tuky.fi\/?p=13900"},"modified":"2015-02-25T13:50:26","modified_gmt":"2015-02-25T11:50:26","slug":"turun-ky-hakee-talouspaallikkoa-2","status":"publish","type":"post","link":"https:\/\/www.tuky.fi\/etusivu\/news\/turun-ky-hakee-talouspaallikkoa-2\/","title":{"rendered":"Turun KY hakee talousp\u00e4\u00e4llikk\u00f6\u00e4"},"content":{"rendered":"<p><span style=\"font-size: xx-small;\"><a href=\"http:\/\/tuky.fi\/wordpress\/wp-content\/uploads\/2015\/02\/turun-ky-hakee-21.jpg\"><img loading=\"lazy\" decoding=\"async\" class=\"alignleft size-full wp-image-13727\" alt=\"turun_ky_hakee-21\" src=\"http:\/\/tuky.fi\/wordpress\/wp-content\/uploads\/2015\/02\/turun-ky-hakee-21.jpg\" width=\"400\" height=\"63\" \/><\/a><\/span><\/p>\n<p>&nbsp;<\/p>\n<p>&nbsp;<\/p>\n<p>&nbsp;<\/p>\n<p>Turun KY hakee\u00a0<b>talousp\u00e4\u00e4llikk\u00f6\u00e4<\/b>\u00a01.4.2015 alkavaan ty\u00f6suhteeseen. Talousp\u00e4\u00e4llikk\u00f6 vastaa yhdistyksen p\u00e4ivitt\u00e4istaloudesta yhdess\u00e4 hallituksen ja taloustoimikunnan puheenjohtajan kanssa. Toimi tarjoaa arvokasta kokemusta taloushallinnon teht\u00e4vist\u00e4.<\/p>\n<p>&nbsp;<\/p>\n<p><b>Talousp\u00e4\u00e4llik\u00f6n teht\u00e4viin kuuluu muun muassa:<\/b><\/p>\n<ul>\n<li>P\u00e4ivitt\u00e4istalouden hoitaminen: laskujen maksu, laskutus, kirjanpito, tilinp\u00e4\u00e4t\u00f6s, palkanlaskenta, viranomaisilmoitukset<\/li>\n<li>Jaostojen ja toimijaryhmien talousneuvonta<\/li>\n<li>Talousraportointi ja -suunnittelu<\/li>\n<li>Taloustoimikunnan sihteerin\u00e4 toimiminen<\/li>\n<li><\/li>\n<\/ul>\n<p><b>H<\/b><b>akijalta edellytet\u00e4\u00e4n:<\/b><\/p>\n<ul>\n<li>Hyv\u00e4\u00e4 perehtyneisyytt\u00e4 Turun KY:n toimintaan<\/li>\n<li>Hyvi\u00e4 perustietoja laskentatoimesta<\/li>\n<li>Hyvi\u00e4 vuorovaikutustaitoja ja kyky\u00e4 sujuvaan suulliseen ja kirjalliseen viestint\u00e4\u00e4n<\/li>\n<li>Tarkkuutta, huolellisuutta ja oma-aloitteisuutta<\/li>\n<\/ul>\n<p>&nbsp;<\/p>\n<p><b style=\"line-height: 1.5em;\">Eduksi luetaan:<\/b><\/p>\n<ul>\n<li>Kokemus taloudenhoidosta ja kirjanpidosta<\/li>\n<li>Aikaisempi toiminta Turun KY:ss\u00e4 tai muussa opiskelijaj\u00e4rjest\u00f6ss\u00e4<\/li>\n<\/ul>\n<p><span style=\"line-height: 1.5em;\">\u00a0<\/span><\/p>\n<p><b style=\"line-height: 1.5em;\">Tarjoamme:<\/b><span style=\"line-height: 1.5em;\">\u00a0<\/span><\/p>\n<ul>\n<li>Monipuolisen ja itsen\u00e4isen teht\u00e4v\u00e4nkuvan<\/li>\n<li>Nuorekkaan ty\u00f6yhteis\u00f6n<\/li>\n<li>Joustavat ty\u00f6ajat<\/li>\n<li>Arvokasta ty\u00f6kokemusta opintojen oheen taloushallinnon teht\u00e4vist\u00e4<\/li>\n<\/ul>\n<p>&nbsp;<\/p>\n<p>Talousp\u00e4\u00e4llik\u00f6n ty\u00f6suhde on osa-aikainen, 5-10 h\/vko. Ty\u00f6suhde on m\u00e4\u00e4r\u00e4aikainen ensimm\u00e4isen vuoden ajan, jonka j\u00e4lkeen se jatkuu toistaiseksi voimassa olevana. Palkkaus on opintotukiyst\u00e4v\u00e4llinen. Toimi mahdollistaa normaalin koulunk\u00e4ynnin ja kes\u00e4kuukausina voi tehd\u00e4 my\u00f6s muita kes\u00e4t\u00f6it\u00e4.<\/p>\n<p>Hakemukset ansioluetteloineen tulee toimittaa Turun kauppatieteiden ylioppilaat ry:n puheenjohtaja Laura V\u00e4h\u00e4saarelle s\u00e4hk\u00f6postitse osoitteeseen\u00a0<a href=\"https:\/\/mail.utu.fi\/owa\/redir.aspx?SURL=As-IdNZqXa_ctPlE-CGfM8yQXjcAELtTXKxVnsdL8f0nUAofBx_SCG0AYQBpAGwAdABvADoAcAB1AGgAZQBlAG4AagBvAGgAdABhAGoAYQBAAHQAdQBrAHkALgBmAGkA&amp;URL=mailto%3apuheenjohtaja%40tuky.fi\" target=\"_blank\">puheenjohtaja@tuky.fi<\/a>\u00a0sunnuntaihin\u00a0<b>15.3.2015 klo 23.59 menness\u00e4<\/b>. Haastattelut pidet\u00e4\u00e4n ensisijaisesti viikolla 12 ja lis\u00e4ksi tarvittaessa viikolla 13. Perehdytys aloitetaan v\u00e4litt\u00f6m\u00e4sti valinnan j\u00e4lkeen.<\/p>\n<p>Lis\u00e4tietoja teht\u00e4v\u00e4\u00e4n liittyen antaa talousp\u00e4\u00e4llikk\u00f6 Tiina M\u00e4nty s\u00e4hk\u00f6postitse\u00a0<a href=\"https:\/\/mail.utu.fi\/owa\/redir.aspx?SURL=b0xgkWeB0CgJ6qmQRtZQXfLQXiynM7RAw9CFuuupE38nUAofBx_SCG0AYQBpAGwAdABvADoAdABhAGwAbwB1AHMAcABhAGEAbABsAGkAawBrAG8AQAB0AHUAawB5AC4AZgBpAA..&amp;URL=mailto%3atalouspaallikko%40tuky.fi\" target=\"_blank\">talouspaallikko@tuky.fi<\/a>\u00a0tai puhelimitse 040\u00a0707 1265.<\/p>\n<p>&nbsp;<\/p>\n<p>&nbsp;<\/p>\n<p>&nbsp;<\/p>\n<p>&nbsp;<\/p>\n<p>&nbsp;<\/p>\n","protected":false},"excerpt":{"rendered":"<p>&nbsp; &nbsp; &nbsp; Turun KY hakee\u00a0talousp\u00e4\u00e4llikk\u00f6\u00e4\u00a01.4.2015 alkavaan ty\u00f6suhteeseen. Talousp\u00e4\u00e4llikk\u00f6 vastaa yhdistyksen p\u00e4ivitt\u00e4istaloudesta yhdess\u00e4 hallituksen ja taloustoimikunnan puheenjohtajan kanssa. Toimi tarjoaa arvokasta kokemusta taloushallinnon teht\u00e4vist\u00e4. &nbsp; Talousp\u00e4\u00e4llik\u00f6n teht\u00e4viin kuuluu muun muassa: [&hellip;]<\/p>\n","protected":false},"author":1,"featured_media":0,"comment_status":"open","ping_status":"open","sticky":false,"template":"","format":"standard","meta":{"_et_pb_use_builder":"","_et_pb_old_content":"","_et_gb_content_width":"","footnotes":""},"categories":[4],"tags":[],"class_list":["post-13900","post","type-post","status-publish","format-standard","hentry","category-news"],"yoast_head":"<!-- This site is optimized with the Yoast SEO plugin v27.2 - https:\/\/yoast.com\/product\/yoast-seo-wordpress\/ -->\n<title>Turun KY hakee talousp\u00e4\u00e4llikk\u00f6\u00e4 - Turun KY<\/title>\n<meta name=\"robots\" content=\"index, follow, max-snippet:-1, max-image-preview:large, max-video-preview:-1\" \/>\n<link rel=\"canonical\" href=\"https:\/\/www.tuky.fi\/etusivu\/news\/turun-ky-hakee-talouspaallikkoa-2\/\" \/>\n<meta property=\"og:locale\" content=\"fi_FI\" \/>\n<meta property=\"og:type\" content=\"article\" \/>\n<meta property=\"og:title\" content=\"Turun KY hakee talousp\u00e4\u00e4llikk\u00f6\u00e4 - Turun KY\" \/>\n<meta property=\"og:description\" content=\"&nbsp; &nbsp; &nbsp; Turun KY hakee\u00a0talousp\u00e4\u00e4llikk\u00f6\u00e4\u00a01.4.2015 alkavaan ty\u00f6suhteeseen. Talousp\u00e4\u00e4llikk\u00f6 vastaa yhdistyksen p\u00e4ivitt\u00e4istaloudesta yhdess\u00e4 hallituksen ja taloustoimikunnan puheenjohtajan kanssa. Toimi tarjoaa arvokasta kokemusta taloushallinnon teht\u00e4vist\u00e4. &nbsp; Talousp\u00e4\u00e4llik\u00f6n teht\u00e4viin kuuluu muun muassa: [&hellip;]\" \/>\n<meta property=\"og:url\" content=\"https:\/\/www.tuky.fi\/etusivu\/news\/turun-ky-hakee-talouspaallikkoa-2\/\" \/>\n<meta property=\"og:site_name\" content=\"Turun KY\" \/>\n<meta property=\"article:published_time\" content=\"2015-02-25T11:50:26+00:00\" \/>\n<meta property=\"og:image\" content=\"http:\/\/tuky.fi\/wordpress\/wp-content\/uploads\/2015\/02\/turun-ky-hakee-21.jpg\" \/>\n<meta name=\"author\" content=\"admin\" \/>\n<meta name=\"twitter:card\" content=\"summary_large_image\" \/>\n<meta name=\"twitter:label1\" content=\"Kirjoittanut\" \/>\n\t<meta name=\"twitter:data1\" content=\"admin\" \/>\n\t<meta name=\"twitter:label2\" content=\"Arvioitu lukuaika\" \/>\n\t<meta name=\"twitter:data2\" content=\"1 minuutti\" \/>\n<script type=\"application\/ld+json\" class=\"yoast-schema-graph\">{\"@context\":\"https:\/\/schema.org\",\"@graph\":[{\"@type\":\"Article\",\"@id\":\"https:\/\/www.tuky.fi\/etusivu\/news\/turun-ky-hakee-talouspaallikkoa-2\/#article\",\"isPartOf\":{\"@id\":\"https:\/\/www.tuky.fi\/etusivu\/news\/turun-ky-hakee-talouspaallikkoa-2\/\"},\"author\":{\"name\":\"admin\",\"@id\":\"https:\/\/www.tuky.fi\/etusivu\/#\/schema\/person\/479eb0d4ef732e133e3a76f9b7659a39\"},\"headline\":\"Turun KY hakee talousp\u00e4\u00e4llikk\u00f6\u00e4\",\"datePublished\":\"2015-02-25T11:50:26+00:00\",\"mainEntityOfPage\":{\"@id\":\"https:\/\/www.tuky.fi\/etusivu\/news\/turun-ky-hakee-talouspaallikkoa-2\/\"},\"wordCount\":253,\"commentCount\":0,\"publisher\":{\"@id\":\"https:\/\/www.tuky.fi\/etusivu\/#organization\"},\"image\":{\"@id\":\"https:\/\/www.tuky.fi\/etusivu\/news\/turun-ky-hakee-talouspaallikkoa-2\/#primaryimage\"},\"thumbnailUrl\":\"http:\/\/tuky.fi\/wordpress\/wp-content\/uploads\/2015\/02\/turun-ky-hakee-21.jpg\",\"articleSection\":[\"news\"],\"inLanguage\":\"fi\",\"potentialAction\":[{\"@type\":\"CommentAction\",\"name\":\"Comment\",\"target\":[\"https:\/\/www.tuky.fi\/etusivu\/news\/turun-ky-hakee-talouspaallikkoa-2\/#respond\"]}]},{\"@type\":\"WebPage\",\"@id\":\"https:\/\/www.tuky.fi\/etusivu\/news\/turun-ky-hakee-talouspaallikkoa-2\/\",\"url\":\"https:\/\/www.tuky.fi\/etusivu\/news\/turun-ky-hakee-talouspaallikkoa-2\/\",\"name\":\"Turun KY hakee talousp\u00e4\u00e4llikk\u00f6\u00e4 - Turun KY\",\"isPartOf\":{\"@id\":\"https:\/\/www.tuky.fi\/etusivu\/#website\"},\"primaryImageOfPage\":{\"@id\":\"https:\/\/www.tuky.fi\/etusivu\/news\/turun-ky-hakee-talouspaallikkoa-2\/#primaryimage\"},\"image\":{\"@id\":\"https:\/\/www.tuky.fi\/etusivu\/news\/turun-ky-hakee-talouspaallikkoa-2\/#primaryimage\"},\"thumbnailUrl\":\"http:\/\/tuky.fi\/wordpress\/wp-content\/uploads\/2015\/02\/turun-ky-hakee-21.jpg\",\"datePublished\":\"2015-02-25T11:50:26+00:00\",\"breadcrumb\":{\"@id\":\"https:\/\/www.tuky.fi\/etusivu\/news\/turun-ky-hakee-talouspaallikkoa-2\/#breadcrumb\"},\"inLanguage\":\"fi\",\"potentialAction\":[{\"@type\":\"ReadAction\",\"target\":[\"https:\/\/www.tuky.fi\/etusivu\/news\/turun-ky-hakee-talouspaallikkoa-2\/\"]}]},{\"@type\":\"ImageObject\",\"inLanguage\":\"fi\",\"@id\":\"https:\/\/www.tuky.fi\/etusivu\/news\/turun-ky-hakee-talouspaallikkoa-2\/#primaryimage\",\"url\":\"http:\/\/tuky.fi\/wordpress\/wp-content\/uploads\/2015\/02\/turun-ky-hakee-21.jpg\",\"contentUrl\":\"http:\/\/tuky.fi\/wordpress\/wp-content\/uploads\/2015\/02\/turun-ky-hakee-21.jpg\"},{\"@type\":\"BreadcrumbList\",\"@id\":\"https:\/\/www.tuky.fi\/etusivu\/news\/turun-ky-hakee-talouspaallikkoa-2\/#breadcrumb\",\"itemListElement\":[{\"@type\":\"ListItem\",\"position\":1,\"name\":\"Etusivu\",\"item\":\"https:\/\/www.tuky.fi\/etusivu\/\"},{\"@type\":\"ListItem\",\"position\":2,\"name\":\"Turun KY hakee talousp\u00e4\u00e4llikk\u00f6\u00e4\"}]},{\"@type\":\"WebSite\",\"@id\":\"https:\/\/www.tuky.fi\/etusivu\/#website\",\"url\":\"https:\/\/www.tuky.fi\/etusivu\/\",\"name\":\"Turun KY\",\"description\":\"TuKY\",\"publisher\":{\"@id\":\"https:\/\/www.tuky.fi\/etusivu\/#organization\"},\"alternateName\":\"TuKY\",\"potentialAction\":[{\"@type\":\"SearchAction\",\"target\":{\"@type\":\"EntryPoint\",\"urlTemplate\":\"https:\/\/www.tuky.fi\/etusivu\/?s={search_term_string}\"},\"query-input\":{\"@type\":\"PropertyValueSpecification\",\"valueRequired\":true,\"valueName\":\"search_term_string\"}}],\"inLanguage\":\"fi\"},{\"@type\":\"Organization\",\"@id\":\"https:\/\/www.tuky.fi\/etusivu\/#organization\",\"name\":\"Turun KY\",\"alternateName\":\"TuKY\",\"url\":\"https:\/\/www.tuky.fi\/etusivu\/\",\"logo\":{\"@type\":\"ImageObject\",\"inLanguage\":\"fi\",\"@id\":\"https:\/\/www.tuky.fi\/etusivu\/#\/schema\/logo\/image\/\",\"url\":\"https:\/\/www.tuky.fi\/wp-content\/uploads\/2024\/09\/TuKY-logo-kulta-1.png\",\"contentUrl\":\"https:\/\/www.tuky.fi\/wp-content\/uploads\/2024\/09\/TuKY-logo-kulta-1.png\",\"width\":1080,\"height\":1080,\"caption\":\"Turun KY\"},\"image\":{\"@id\":\"https:\/\/www.tuky.fi\/etusivu\/#\/schema\/logo\/image\/\"},\"sameAs\":[\"https:\/\/instagram.com\/turunky\",\"https:\/\/linkedin.com\/turunky\"]},{\"@type\":\"Person\",\"@id\":\"https:\/\/www.tuky.fi\/etusivu\/#\/schema\/person\/479eb0d4ef732e133e3a76f9b7659a39\",\"name\":\"admin\",\"image\":{\"@type\":\"ImageObject\",\"inLanguage\":\"fi\",\"@id\":\"https:\/\/secure.gravatar.com\/avatar\/afbe741656101229147e16716fbedbcade65018caf8c467f89b9abae7aaffeea?s=96&d=mm&r=g\",\"url\":\"https:\/\/secure.gravatar.com\/avatar\/afbe741656101229147e16716fbedbcade65018caf8c467f89b9abae7aaffeea?s=96&d=mm&r=g\",\"contentUrl\":\"https:\/\/secure.gravatar.com\/avatar\/afbe741656101229147e16716fbedbcade65018caf8c467f89b9abae7aaffeea?s=96&d=mm&r=g\",\"caption\":\"admin\"},\"url\":\"https:\/\/www.tuky.fi\/etusivu\/author\/admin\/\"}]}<\/script>\n<!-- \/ Yoast SEO plugin. -->","yoast_head_json":{"title":"Turun KY hakee talousp\u00e4\u00e4llikk\u00f6\u00e4 - Turun KY","robots":{"index":"index","follow":"follow","max-snippet":"max-snippet:-1","max-image-preview":"max-image-preview:large","max-video-preview":"max-video-preview:-1"},"canonical":"https:\/\/www.tuky.fi\/etusivu\/news\/turun-ky-hakee-talouspaallikkoa-2\/","og_locale":"fi_FI","og_type":"article","og_title":"Turun KY hakee talousp\u00e4\u00e4llikk\u00f6\u00e4 - Turun KY","og_description":"&nbsp; &nbsp; &nbsp; Turun KY hakee\u00a0talousp\u00e4\u00e4llikk\u00f6\u00e4\u00a01.4.2015 alkavaan ty\u00f6suhteeseen. Talousp\u00e4\u00e4llikk\u00f6 vastaa yhdistyksen p\u00e4ivitt\u00e4istaloudesta yhdess\u00e4 hallituksen ja taloustoimikunnan puheenjohtajan kanssa. Toimi tarjoaa arvokasta kokemusta taloushallinnon teht\u00e4vist\u00e4. &nbsp; Talousp\u00e4\u00e4llik\u00f6n teht\u00e4viin kuuluu muun muassa: [&hellip;]","og_url":"https:\/\/www.tuky.fi\/etusivu\/news\/turun-ky-hakee-talouspaallikkoa-2\/","og_site_name":"Turun KY","article_published_time":"2015-02-25T11:50:26+00:00","og_image":[{"url":"http:\/\/tuky.fi\/wordpress\/wp-content\/uploads\/2015\/02\/turun-ky-hakee-21.jpg","type":"","width":"","height":""}],"author":"admin","twitter_card":"summary_large_image","twitter_misc":{"Kirjoittanut":"admin","Arvioitu lukuaika":"1 minuutti"},"schema":{"@context":"https:\/\/schema.org","@graph":[{"@type":"Article","@id":"https:\/\/www.tuky.fi\/etusivu\/news\/turun-ky-hakee-talouspaallikkoa-2\/#article","isPartOf":{"@id":"https:\/\/www.tuky.fi\/etusivu\/news\/turun-ky-hakee-talouspaallikkoa-2\/"},"author":{"name":"admin","@id":"https:\/\/www.tuky.fi\/etusivu\/#\/schema\/person\/479eb0d4ef732e133e3a76f9b7659a39"},"headline":"Turun KY hakee talousp\u00e4\u00e4llikk\u00f6\u00e4","datePublished":"2015-02-25T11:50:26+00:00","mainEntityOfPage":{"@id":"https:\/\/www.tuky.fi\/etusivu\/news\/turun-ky-hakee-talouspaallikkoa-2\/"},"wordCount":253,"commentCount":0,"publisher":{"@id":"https:\/\/www.tuky.fi\/etusivu\/#organization"},"image":{"@id":"https:\/\/www.tuky.fi\/etusivu\/news\/turun-ky-hakee-talouspaallikkoa-2\/#primaryimage"},"thumbnailUrl":"http:\/\/tuky.fi\/wordpress\/wp-content\/uploads\/2015\/02\/turun-ky-hakee-21.jpg","articleSection":["news"],"inLanguage":"fi","potentialAction":[{"@type":"CommentAction","name":"Comment","target":["https:\/\/www.tuky.fi\/etusivu\/news\/turun-ky-hakee-talouspaallikkoa-2\/#respond"]}]},{"@type":"WebPage","@id":"https:\/\/www.tuky.fi\/etusivu\/news\/turun-ky-hakee-talouspaallikkoa-2\/","url":"https:\/\/www.tuky.fi\/etusivu\/news\/turun-ky-hakee-talouspaallikkoa-2\/","name":"Turun KY hakee talousp\u00e4\u00e4llikk\u00f6\u00e4 - Turun KY","isPartOf":{"@id":"https:\/\/www.tuky.fi\/etusivu\/#website"},"primaryImageOfPage":{"@id":"https:\/\/www.tuky.fi\/etusivu\/news\/turun-ky-hakee-talouspaallikkoa-2\/#primaryimage"},"image":{"@id":"https:\/\/www.tuky.fi\/etusivu\/news\/turun-ky-hakee-talouspaallikkoa-2\/#primaryimage"},"thumbnailUrl":"http:\/\/tuky.fi\/wordpress\/wp-content\/uploads\/2015\/02\/turun-ky-hakee-21.jpg","datePublished":"2015-02-25T11:50:26+00:00","breadcrumb":{"@id":"https:\/\/www.tuky.fi\/etusivu\/news\/turun-ky-hakee-talouspaallikkoa-2\/#breadcrumb"},"inLanguage":"fi","potentialAction":[{"@type":"ReadAction","target":["https:\/\/www.tuky.fi\/etusivu\/news\/turun-ky-hakee-talouspaallikkoa-2\/"]}]},{"@type":"ImageObject","inLanguage":"fi","@id":"https:\/\/www.tuky.fi\/etusivu\/news\/turun-ky-hakee-talouspaallikkoa-2\/#primaryimage","url":"http:\/\/tuky.fi\/wordpress\/wp-content\/uploads\/2015\/02\/turun-ky-hakee-21.jpg","contentUrl":"http:\/\/tuky.fi\/wordpress\/wp-content\/uploads\/2015\/02\/turun-ky-hakee-21.jpg"},{"@type":"BreadcrumbList","@id":"https:\/\/www.tuky.fi\/etusivu\/news\/turun-ky-hakee-talouspaallikkoa-2\/#breadcrumb","itemListElement":[{"@type":"ListItem","position":1,"name":"Etusivu","item":"https:\/\/www.tuky.fi\/etusivu\/"},{"@type":"ListItem","position":2,"name":"Turun KY hakee talousp\u00e4\u00e4llikk\u00f6\u00e4"}]},{"@type":"WebSite","@id":"https:\/\/www.tuky.fi\/etusivu\/#website","url":"https:\/\/www.tuky.fi\/etusivu\/","name":"Turun KY","description":"TuKY","publisher":{"@id":"https:\/\/www.tuky.fi\/etusivu\/#organization"},"alternateName":"TuKY","potentialAction":[{"@type":"SearchAction","target":{"@type":"EntryPoint","urlTemplate":"https:\/\/www.tuky.fi\/etusivu\/?s={search_term_string}"},"query-input":{"@type":"PropertyValueSpecification","valueRequired":true,"valueName":"search_term_string"}}],"inLanguage":"fi"},{"@type":"Organization","@id":"https:\/\/www.tuky.fi\/etusivu\/#organization","name":"Turun KY","alternateName":"TuKY","url":"https:\/\/www.tuky.fi\/etusivu\/","logo":{"@type":"ImageObject","inLanguage":"fi","@id":"https:\/\/www.tuky.fi\/etusivu\/#\/schema\/logo\/image\/","url":"https:\/\/www.tuky.fi\/wp-content\/uploads\/2024\/09\/TuKY-logo-kulta-1.png","contentUrl":"https:\/\/www.tuky.fi\/wp-content\/uploads\/2024\/09\/TuKY-logo-kulta-1.png","width":1080,"height":1080,"caption":"Turun KY"},"image":{"@id":"https:\/\/www.tuky.fi\/etusivu\/#\/schema\/logo\/image\/"},"sameAs":["https:\/\/instagram.com\/turunky","https:\/\/linkedin.com\/turunky"]},{"@type":"Person","@id":"https:\/\/www.tuky.fi\/etusivu\/#\/schema\/person\/479eb0d4ef732e133e3a76f9b7659a39","name":"admin","image":{"@type":"ImageObject","inLanguage":"fi","@id":"https:\/\/secure.gravatar.com\/avatar\/afbe741656101229147e16716fbedbcade65018caf8c467f89b9abae7aaffeea?s=96&d=mm&r=g","url":"https:\/\/secure.gravatar.com\/avatar\/afbe741656101229147e16716fbedbcade65018caf8c467f89b9abae7aaffeea?s=96&d=mm&r=g","contentUrl":"https:\/\/secure.gravatar.com\/avatar\/afbe741656101229147e16716fbedbcade65018caf8c467f89b9abae7aaffeea?s=96&d=mm&r=g","caption":"admin"},"url":"https:\/\/www.tuky.fi\/etusivu\/author\/admin\/"}]}},"lang":"fi","translations":{"fi":13900},"pll_sync_post":[],"_links":{"self":[{"href":"https:\/\/www.tuky.fi\/etusivu\/wp-json\/wp\/v2\/posts\/13900","targetHints":{"allow":["GET"]}}],"collection":[{"href":"https:\/\/www.tuky.fi\/etusivu\/wp-json\/wp\/v2\/posts"}],"about":[{"href":"https:\/\/www.tuky.fi\/etusivu\/wp-json\/wp\/v2\/types\/post"}],"author":[{"embeddable":true,"href":"https:\/\/www.tuky.fi\/etusivu\/wp-json\/wp\/v2\/users\/1"}],"replies":[{"embeddable":true,"href":"https:\/\/www.tuky.fi\/etusivu\/wp-json\/wp\/v2\/comments?post=13900"}],"version-history":[{"count":0,"href":"https:\/\/www.tuky.fi\/etusivu\/wp-json\/wp\/v2\/posts\/13900\/revisions"}],"wp:attachment":[{"href":"https:\/\/www.tuky.fi\/etusivu\/wp-json\/wp\/v2\/media?parent=13900"}],"wp:term":[{"taxonomy":"category","embeddable":true,"href":"https:\/\/www.tuky.fi\/etusivu\/wp-json\/wp\/v2\/categories?post=13900"},{"taxonomy":"post_tag","embeddable":true,"href":"https:\/\/www.tuky.fi\/etusivu\/wp-json\/wp\/v2\/tags?post=13900"}],"curies":[{"name":"wp","href":"https:\/\/api.w.org\/{rel}","templated":true}]}}