{"id":13886,"date":"2015-02-23T22:53:39","date_gmt":"2015-02-23T20:53:39","guid":{"rendered":"http:\/\/tuky.fi\/?p=13886"},"modified":"2015-02-23T22:53:39","modified_gmt":"2015-02-23T20:53:39","slug":"turun-kyn-uusi-toiminnanjohtaja-valittu","status":"publish","type":"post","link":"https:\/\/www.tuky.fi\/etusivu\/news\/turun-kyn-uusi-toiminnanjohtaja-valittu\/","title":{"rendered":"Turun KY:n uusi toiminnanjohtaja valittu"},"content":{"rendered":"<p>Turun KY:n hallitus on kokouksessaan 23.2.2015\u00a0valinnut uuden toiminnanjohtajan. Toiminnanjohtajaksi valittiin Maria Tyynel\u00e4. Maria toimii maaliskuun loppuun saakka yhteisty\u00f6ss\u00e4 nykyisen toiminnanjohtajan Henna Lunkan kanssa, kunnes 1.4. langat siirtyv\u00e4t kokonaan Marian k\u00e4siin.<\/p>\n<p><strong>Toiminnanjohtaja: Maria Tyynel\u00e4<\/strong><\/p>\n<p><a href=\"http:\/\/tuky.fi\/wordpress\/wp-content\/uploads\/2015\/02\/Maria-Tyynela2.jpg\"><img loading=\"lazy\" decoding=\"async\" class=\" wp-image-13887   alignleft\" alt=\"Maria Tyynel\u00e4\" src=\"http:\/\/tuky.fi\/wordpress\/wp-content\/uploads\/2015\/02\/Maria-Tyynela2.jpg\" width=\"160\" height=\"240\" \/><\/a><\/p>\n<p>&nbsp;<\/p>\n<p>Moikka!<\/p>\n<p>Olen Maria Tyynel\u00e4, 20-vuotias uusturkulainen ja toisen vuoden kansainv\u00e4lisen liiketoiminnan p\u00e4\u00e4aineopiskelija. T\u00e4ll\u00e4 hetkell\u00e4 toimin Edunvalvontajaostossa tapahtumasopona sek\u00e4 viel\u00e4 hetken KKOY:n messuvastaavana. Vahvuuksiani ovat mm. kivenkovat organisointikyvyt ja vuosia hioutuneet tiimity\u00f6skentelytaidot. M\u00e4\u00e4r\u00e4tietoisuus, ihmisl\u00e4heisyys ja syd\u00e4mellisyys ovat ominaispiirteit\u00e4ni, kuten my\u00f6s jatkuva halu kehitt\u00e4\u00e4 itse\u00e4ni. Muihin intohimon kohteisiin kuuluvat mm. tanssi ja matkustelu.\u00a0Toiminnanjohtajan saappaisiin astuminen on minulle kunnia, jonka otan innostuneena ja motivoituneena vastaan aloittaen Hennan hell\u00e4ss\u00e4 huomassa ja sitten omin siivin jatkaen. Lupaan pit\u00e4\u00e4 Turun KY:n toiminnan hyrr\u00e4\u00e4m\u00e4ss\u00e4 niin hyvin kuin osaan ja aina t\u00e4ydell\u00e4 panoksellani.<\/p>\n<p>&nbsp;<\/p>\n","protected":false},"excerpt":{"rendered":"<p>Turun KY:n hallitus on kokouksessaan 23.2.2015\u00a0valinnut uuden toiminnanjohtajan. Toiminnanjohtajaksi valittiin Maria Tyynel\u00e4. Maria toimii maaliskuun loppuun saakka yhteisty\u00f6ss\u00e4 nykyisen toiminnanjohtajan Henna Lunkan kanssa, kunnes 1.4. langat siirtyv\u00e4t kokonaan Marian k\u00e4siin. [&hellip;]<\/p>\n","protected":false},"author":1,"featured_media":0,"comment_status":"open","ping_status":"open","sticky":false,"template":"","format":"standard","meta":{"_et_pb_use_builder":"","_et_pb_old_content":"","_et_gb_content_width":"","footnotes":""},"categories":[4],"tags":[],"class_list":["post-13886","post","type-post","status-publish","format-standard","hentry","category-news"],"yoast_head":"<!-- This site is optimized with the Yoast SEO plugin v27.2 - https:\/\/yoast.com\/product\/yoast-seo-wordpress\/ -->\n<title>Turun KY:n uusi toiminnanjohtaja valittu - Turun KY<\/title>\n<meta name=\"robots\" content=\"index, follow, max-snippet:-1, max-image-preview:large, max-video-preview:-1\" \/>\n<link rel=\"canonical\" href=\"https:\/\/www.tuky.fi\/etusivu\/news\/turun-kyn-uusi-toiminnanjohtaja-valittu\/\" \/>\n<meta property=\"og:locale\" content=\"fi_FI\" \/>\n<meta property=\"og:type\" content=\"article\" \/>\n<meta property=\"og:title\" content=\"Turun KY:n uusi toiminnanjohtaja valittu - Turun KY\" \/>\n<meta property=\"og:description\" content=\"Turun KY:n hallitus on kokouksessaan 23.2.2015\u00a0valinnut uuden toiminnanjohtajan. Toiminnanjohtajaksi valittiin Maria Tyynel\u00e4. Maria toimii maaliskuun loppuun saakka yhteisty\u00f6ss\u00e4 nykyisen toiminnanjohtajan Henna Lunkan kanssa, kunnes 1.4. langat siirtyv\u00e4t kokonaan Marian k\u00e4siin. [&hellip;]\" \/>\n<meta property=\"og:url\" content=\"https:\/\/www.tuky.fi\/etusivu\/news\/turun-kyn-uusi-toiminnanjohtaja-valittu\/\" \/>\n<meta property=\"og:site_name\" content=\"Turun KY\" \/>\n<meta property=\"article:published_time\" content=\"2015-02-23T20:53:39+00:00\" \/>\n<meta property=\"og:image\" content=\"http:\/\/tuky.fi\/wordpress\/wp-content\/uploads\/2015\/02\/Maria-Tyynela2.jpg\" \/>\n<meta name=\"author\" content=\"admin\" \/>\n<meta name=\"twitter:card\" content=\"summary_large_image\" \/>\n<meta name=\"twitter:label1\" content=\"Kirjoittanut\" \/>\n\t<meta name=\"twitter:data1\" content=\"admin\" \/>\n\t<meta name=\"twitter:label2\" content=\"Arvioitu lukuaika\" \/>\n\t<meta name=\"twitter:data2\" content=\"1 minuutti\" \/>\n<script type=\"application\/ld+json\" class=\"yoast-schema-graph\">{\"@context\":\"https:\/\/schema.org\",\"@graph\":[{\"@type\":\"Article\",\"@id\":\"https:\/\/www.tuky.fi\/etusivu\/news\/turun-kyn-uusi-toiminnanjohtaja-valittu\/#article\",\"isPartOf\":{\"@id\":\"https:\/\/www.tuky.fi\/etusivu\/news\/turun-kyn-uusi-toiminnanjohtaja-valittu\/\"},\"author\":{\"name\":\"admin\",\"@id\":\"https:\/\/www.tuky.fi\/etusivu\/#\/schema\/person\/479eb0d4ef732e133e3a76f9b7659a39\"},\"headline\":\"Turun KY:n uusi toiminnanjohtaja valittu\",\"datePublished\":\"2015-02-23T20:53:39+00:00\",\"mainEntityOfPage\":{\"@id\":\"https:\/\/www.tuky.fi\/etusivu\/news\/turun-kyn-uusi-toiminnanjohtaja-valittu\/\"},\"wordCount\":147,\"commentCount\":0,\"publisher\":{\"@id\":\"https:\/\/www.tuky.fi\/etusivu\/#organization\"},\"image\":{\"@id\":\"https:\/\/www.tuky.fi\/etusivu\/news\/turun-kyn-uusi-toiminnanjohtaja-valittu\/#primaryimage\"},\"thumbnailUrl\":\"http:\/\/tuky.fi\/wordpress\/wp-content\/uploads\/2015\/02\/Maria-Tyynela2.jpg\",\"articleSection\":[\"news\"],\"inLanguage\":\"fi\",\"potentialAction\":[{\"@type\":\"CommentAction\",\"name\":\"Comment\",\"target\":[\"https:\/\/www.tuky.fi\/etusivu\/news\/turun-kyn-uusi-toiminnanjohtaja-valittu\/#respond\"]}]},{\"@type\":\"WebPage\",\"@id\":\"https:\/\/www.tuky.fi\/etusivu\/news\/turun-kyn-uusi-toiminnanjohtaja-valittu\/\",\"url\":\"https:\/\/www.tuky.fi\/etusivu\/news\/turun-kyn-uusi-toiminnanjohtaja-valittu\/\",\"name\":\"Turun KY:n uusi toiminnanjohtaja valittu - Turun KY\",\"isPartOf\":{\"@id\":\"https:\/\/www.tuky.fi\/etusivu\/#website\"},\"primaryImageOfPage\":{\"@id\":\"https:\/\/www.tuky.fi\/etusivu\/news\/turun-kyn-uusi-toiminnanjohtaja-valittu\/#primaryimage\"},\"image\":{\"@id\":\"https:\/\/www.tuky.fi\/etusivu\/news\/turun-kyn-uusi-toiminnanjohtaja-valittu\/#primaryimage\"},\"thumbnailUrl\":\"http:\/\/tuky.fi\/wordpress\/wp-content\/uploads\/2015\/02\/Maria-Tyynela2.jpg\",\"datePublished\":\"2015-02-23T20:53:39+00:00\",\"breadcrumb\":{\"@id\":\"https:\/\/www.tuky.fi\/etusivu\/news\/turun-kyn-uusi-toiminnanjohtaja-valittu\/#breadcrumb\"},\"inLanguage\":\"fi\",\"potentialAction\":[{\"@type\":\"ReadAction\",\"target\":[\"https:\/\/www.tuky.fi\/etusivu\/news\/turun-kyn-uusi-toiminnanjohtaja-valittu\/\"]}]},{\"@type\":\"ImageObject\",\"inLanguage\":\"fi\",\"@id\":\"https:\/\/www.tuky.fi\/etusivu\/news\/turun-kyn-uusi-toiminnanjohtaja-valittu\/#primaryimage\",\"url\":\"http:\/\/tuky.fi\/wordpress\/wp-content\/uploads\/2015\/02\/Maria-Tyynela2.jpg\",\"contentUrl\":\"http:\/\/tuky.fi\/wordpress\/wp-content\/uploads\/2015\/02\/Maria-Tyynela2.jpg\"},{\"@type\":\"BreadcrumbList\",\"@id\":\"https:\/\/www.tuky.fi\/etusivu\/news\/turun-kyn-uusi-toiminnanjohtaja-valittu\/#breadcrumb\",\"itemListElement\":[{\"@type\":\"ListItem\",\"position\":1,\"name\":\"Etusivu\",\"item\":\"https:\/\/www.tuky.fi\/etusivu\/\"},{\"@type\":\"ListItem\",\"position\":2,\"name\":\"Turun KY:n uusi toiminnanjohtaja valittu\"}]},{\"@type\":\"WebSite\",\"@id\":\"https:\/\/www.tuky.fi\/etusivu\/#website\",\"url\":\"https:\/\/www.tuky.fi\/etusivu\/\",\"name\":\"Turun KY\",\"description\":\"TuKY\",\"publisher\":{\"@id\":\"https:\/\/www.tuky.fi\/etusivu\/#organization\"},\"alternateName\":\"TuKY\",\"potentialAction\":[{\"@type\":\"SearchAction\",\"target\":{\"@type\":\"EntryPoint\",\"urlTemplate\":\"https:\/\/www.tuky.fi\/etusivu\/?s={search_term_string}\"},\"query-input\":{\"@type\":\"PropertyValueSpecification\",\"valueRequired\":true,\"valueName\":\"search_term_string\"}}],\"inLanguage\":\"fi\"},{\"@type\":\"Organization\",\"@id\":\"https:\/\/www.tuky.fi\/etusivu\/#organization\",\"name\":\"Turun KY\",\"alternateName\":\"TuKY\",\"url\":\"https:\/\/www.tuky.fi\/etusivu\/\",\"logo\":{\"@type\":\"ImageObject\",\"inLanguage\":\"fi\",\"@id\":\"https:\/\/www.tuky.fi\/etusivu\/#\/schema\/logo\/image\/\",\"url\":\"https:\/\/www.tuky.fi\/wp-content\/uploads\/2024\/09\/TuKY-logo-kulta-1.png\",\"contentUrl\":\"https:\/\/www.tuky.fi\/wp-content\/uploads\/2024\/09\/TuKY-logo-kulta-1.png\",\"width\":1080,\"height\":1080,\"caption\":\"Turun KY\"},\"image\":{\"@id\":\"https:\/\/www.tuky.fi\/etusivu\/#\/schema\/logo\/image\/\"},\"sameAs\":[\"https:\/\/instagram.com\/turunky\",\"https:\/\/linkedin.com\/turunky\"]},{\"@type\":\"Person\",\"@id\":\"https:\/\/www.tuky.fi\/etusivu\/#\/schema\/person\/479eb0d4ef732e133e3a76f9b7659a39\",\"name\":\"admin\",\"image\":{\"@type\":\"ImageObject\",\"inLanguage\":\"fi\",\"@id\":\"https:\/\/secure.gravatar.com\/avatar\/afbe741656101229147e16716fbedbcade65018caf8c467f89b9abae7aaffeea?s=96&d=mm&r=g\",\"url\":\"https:\/\/secure.gravatar.com\/avatar\/afbe741656101229147e16716fbedbcade65018caf8c467f89b9abae7aaffeea?s=96&d=mm&r=g\",\"contentUrl\":\"https:\/\/secure.gravatar.com\/avatar\/afbe741656101229147e16716fbedbcade65018caf8c467f89b9abae7aaffeea?s=96&d=mm&r=g\",\"caption\":\"admin\"},\"url\":\"https:\/\/www.tuky.fi\/etusivu\/author\/admin\/\"}]}<\/script>\n<!-- \/ Yoast SEO plugin. -->","yoast_head_json":{"title":"Turun KY:n uusi toiminnanjohtaja valittu - Turun KY","robots":{"index":"index","follow":"follow","max-snippet":"max-snippet:-1","max-image-preview":"max-image-preview:large","max-video-preview":"max-video-preview:-1"},"canonical":"https:\/\/www.tuky.fi\/etusivu\/news\/turun-kyn-uusi-toiminnanjohtaja-valittu\/","og_locale":"fi_FI","og_type":"article","og_title":"Turun KY:n uusi toiminnanjohtaja valittu - Turun KY","og_description":"Turun KY:n hallitus on kokouksessaan 23.2.2015\u00a0valinnut uuden toiminnanjohtajan. Toiminnanjohtajaksi valittiin Maria Tyynel\u00e4. Maria toimii maaliskuun loppuun saakka yhteisty\u00f6ss\u00e4 nykyisen toiminnanjohtajan Henna Lunkan kanssa, kunnes 1.4. langat siirtyv\u00e4t kokonaan Marian k\u00e4siin. [&hellip;]","og_url":"https:\/\/www.tuky.fi\/etusivu\/news\/turun-kyn-uusi-toiminnanjohtaja-valittu\/","og_site_name":"Turun KY","article_published_time":"2015-02-23T20:53:39+00:00","og_image":[{"url":"http:\/\/tuky.fi\/wordpress\/wp-content\/uploads\/2015\/02\/Maria-Tyynela2.jpg","type":"","width":"","height":""}],"author":"admin","twitter_card":"summary_large_image","twitter_misc":{"Kirjoittanut":"admin","Arvioitu lukuaika":"1 minuutti"},"schema":{"@context":"https:\/\/schema.org","@graph":[{"@type":"Article","@id":"https:\/\/www.tuky.fi\/etusivu\/news\/turun-kyn-uusi-toiminnanjohtaja-valittu\/#article","isPartOf":{"@id":"https:\/\/www.tuky.fi\/etusivu\/news\/turun-kyn-uusi-toiminnanjohtaja-valittu\/"},"author":{"name":"admin","@id":"https:\/\/www.tuky.fi\/etusivu\/#\/schema\/person\/479eb0d4ef732e133e3a76f9b7659a39"},"headline":"Turun KY:n uusi toiminnanjohtaja valittu","datePublished":"2015-02-23T20:53:39+00:00","mainEntityOfPage":{"@id":"https:\/\/www.tuky.fi\/etusivu\/news\/turun-kyn-uusi-toiminnanjohtaja-valittu\/"},"wordCount":147,"commentCount":0,"publisher":{"@id":"https:\/\/www.tuky.fi\/etusivu\/#organization"},"image":{"@id":"https:\/\/www.tuky.fi\/etusivu\/news\/turun-kyn-uusi-toiminnanjohtaja-valittu\/#primaryimage"},"thumbnailUrl":"http:\/\/tuky.fi\/wordpress\/wp-content\/uploads\/2015\/02\/Maria-Tyynela2.jpg","articleSection":["news"],"inLanguage":"fi","potentialAction":[{"@type":"CommentAction","name":"Comment","target":["https:\/\/www.tuky.fi\/etusivu\/news\/turun-kyn-uusi-toiminnanjohtaja-valittu\/#respond"]}]},{"@type":"WebPage","@id":"https:\/\/www.tuky.fi\/etusivu\/news\/turun-kyn-uusi-toiminnanjohtaja-valittu\/","url":"https:\/\/www.tuky.fi\/etusivu\/news\/turun-kyn-uusi-toiminnanjohtaja-valittu\/","name":"Turun KY:n uusi toiminnanjohtaja valittu - Turun KY","isPartOf":{"@id":"https:\/\/www.tuky.fi\/etusivu\/#website"},"primaryImageOfPage":{"@id":"https:\/\/www.tuky.fi\/etusivu\/news\/turun-kyn-uusi-toiminnanjohtaja-valittu\/#primaryimage"},"image":{"@id":"https:\/\/www.tuky.fi\/etusivu\/news\/turun-kyn-uusi-toiminnanjohtaja-valittu\/#primaryimage"},"thumbnailUrl":"http:\/\/tuky.fi\/wordpress\/wp-content\/uploads\/2015\/02\/Maria-Tyynela2.jpg","datePublished":"2015-02-23T20:53:39+00:00","breadcrumb":{"@id":"https:\/\/www.tuky.fi\/etusivu\/news\/turun-kyn-uusi-toiminnanjohtaja-valittu\/#breadcrumb"},"inLanguage":"fi","potentialAction":[{"@type":"ReadAction","target":["https:\/\/www.tuky.fi\/etusivu\/news\/turun-kyn-uusi-toiminnanjohtaja-valittu\/"]}]},{"@type":"ImageObject","inLanguage":"fi","@id":"https:\/\/www.tuky.fi\/etusivu\/news\/turun-kyn-uusi-toiminnanjohtaja-valittu\/#primaryimage","url":"http:\/\/tuky.fi\/wordpress\/wp-content\/uploads\/2015\/02\/Maria-Tyynela2.jpg","contentUrl":"http:\/\/tuky.fi\/wordpress\/wp-content\/uploads\/2015\/02\/Maria-Tyynela2.jpg"},{"@type":"BreadcrumbList","@id":"https:\/\/www.tuky.fi\/etusivu\/news\/turun-kyn-uusi-toiminnanjohtaja-valittu\/#breadcrumb","itemListElement":[{"@type":"ListItem","position":1,"name":"Etusivu","item":"https:\/\/www.tuky.fi\/etusivu\/"},{"@type":"ListItem","position":2,"name":"Turun KY:n uusi toiminnanjohtaja valittu"}]},{"@type":"WebSite","@id":"https:\/\/www.tuky.fi\/etusivu\/#website","url":"https:\/\/www.tuky.fi\/etusivu\/","name":"Turun KY","description":"TuKY","publisher":{"@id":"https:\/\/www.tuky.fi\/etusivu\/#organization"},"alternateName":"TuKY","potentialAction":[{"@type":"SearchAction","target":{"@type":"EntryPoint","urlTemplate":"https:\/\/www.tuky.fi\/etusivu\/?s={search_term_string}"},"query-input":{"@type":"PropertyValueSpecification","valueRequired":true,"valueName":"search_term_string"}}],"inLanguage":"fi"},{"@type":"Organization","@id":"https:\/\/www.tuky.fi\/etusivu\/#organization","name":"Turun KY","alternateName":"TuKY","url":"https:\/\/www.tuky.fi\/etusivu\/","logo":{"@type":"ImageObject","inLanguage":"fi","@id":"https:\/\/www.tuky.fi\/etusivu\/#\/schema\/logo\/image\/","url":"https:\/\/www.tuky.fi\/wp-content\/uploads\/2024\/09\/TuKY-logo-kulta-1.png","contentUrl":"https:\/\/www.tuky.fi\/wp-content\/uploads\/2024\/09\/TuKY-logo-kulta-1.png","width":1080,"height":1080,"caption":"Turun KY"},"image":{"@id":"https:\/\/www.tuky.fi\/etusivu\/#\/schema\/logo\/image\/"},"sameAs":["https:\/\/instagram.com\/turunky","https:\/\/linkedin.com\/turunky"]},{"@type":"Person","@id":"https:\/\/www.tuky.fi\/etusivu\/#\/schema\/person\/479eb0d4ef732e133e3a76f9b7659a39","name":"admin","image":{"@type":"ImageObject","inLanguage":"fi","@id":"https:\/\/secure.gravatar.com\/avatar\/afbe741656101229147e16716fbedbcade65018caf8c467f89b9abae7aaffeea?s=96&d=mm&r=g","url":"https:\/\/secure.gravatar.com\/avatar\/afbe741656101229147e16716fbedbcade65018caf8c467f89b9abae7aaffeea?s=96&d=mm&r=g","contentUrl":"https:\/\/secure.gravatar.com\/avatar\/afbe741656101229147e16716fbedbcade65018caf8c467f89b9abae7aaffeea?s=96&d=mm&r=g","caption":"admin"},"url":"https:\/\/www.tuky.fi\/etusivu\/author\/admin\/"}]}},"lang":"fi","translations":{"fi":13886},"pll_sync_post":[],"_links":{"self":[{"href":"https:\/\/www.tuky.fi\/etusivu\/wp-json\/wp\/v2\/posts\/13886","targetHints":{"allow":["GET"]}}],"collection":[{"href":"https:\/\/www.tuky.fi\/etusivu\/wp-json\/wp\/v2\/posts"}],"about":[{"href":"https:\/\/www.tuky.fi\/etusivu\/wp-json\/wp\/v2\/types\/post"}],"author":[{"embeddable":true,"href":"https:\/\/www.tuky.fi\/etusivu\/wp-json\/wp\/v2\/users\/1"}],"replies":[{"embeddable":true,"href":"https:\/\/www.tuky.fi\/etusivu\/wp-json\/wp\/v2\/comments?post=13886"}],"version-history":[{"count":0,"href":"https:\/\/www.tuky.fi\/etusivu\/wp-json\/wp\/v2\/posts\/13886\/revisions"}],"wp:attachment":[{"href":"https:\/\/www.tuky.fi\/etusivu\/wp-json\/wp\/v2\/media?parent=13886"}],"wp:term":[{"taxonomy":"category","embeddable":true,"href":"https:\/\/www.tuky.fi\/etusivu\/wp-json\/wp\/v2\/categories?post=13886"},{"taxonomy":"post_tag","embeddable":true,"href":"https:\/\/www.tuky.fi\/etusivu\/wp-json\/wp\/v2\/tags?post=13886"}],"curies":[{"name":"wp","href":"https:\/\/api.w.org\/{rel}","templated":true}]}}