{"id":13737,"date":"2015-02-10T15:38:23","date_gmt":"2015-02-10T13:38:23","guid":{"rendered":"http:\/\/tuky.fi\/?p=13737"},"modified":"2015-02-10T15:38:23","modified_gmt":"2015-02-10T13:38:23","slug":"syksyn-kandi-olethan-vastannut-jo-kandipalautteeseen","status":"publish","type":"post","link":"https:\/\/www.tuky.fi\/etusivu\/news\/syksyn-kandi-olethan-vastannut-jo-kandipalautteeseen\/","title":{"rendered":"Syksyn kandi, olethan vastannut jo Kandipalautteeseen?"},"content":{"rendered":"<p>Kandipalaute on hyv\u00e4 tapa vaikuttaa koulutuksen laatuun koulussamme, sill\u00e4 palautteet sek\u00e4 k\u00e4sitell\u00e4\u00e4n, ett\u00e4 niiden laatu ja m\u00e4\u00e4r\u00e4 vaikuttavat yliopiston rahoitukseen.\u00a0Palautetta ker\u00e4t\u00e4\u00e4n muun muassa opinnoista itsest\u00e4\u00e4n, opiskelutavoista ja toimeentulosta.<\/p>\n<p>Turun yliopistossa kyselyyn vastanneiden kesken arvotaan iPad Air 2 ja leffalippupaketteja. T\u00e4m\u00e4n lis\u00e4ksi Turun KY arpoo kaksi Stockmannin 50 euron arvoista lahjakorttia vastanneiden Turun KY:n j\u00e4senten kesken. Olet saanut aiemmin s\u00e4hk\u00f6postitse henkil\u00f6kohtaisen linkin, jonka kautta vastaaminen tapahtuu. Vastausaikaa on t\u00e4m\u00e4n viikon perjantaihin 13.2.2014 asti!<\/p>\n<p>Lis\u00e4tietoa Kandipalaute-kyselyst\u00e4 l\u00f6ytyy osoitteesta intranet.utu.fi\/kandipalaute. Voit kysy\u00e4 lis\u00e4tietoa Turun Yliopistolta my\u00f6s s\u00e4hk\u00f6postitse <a href=\"mailto:kandipalaute@utu.fi\">kandipalaute@utu.fi<\/a> \u2013osoitteesta tai Turun KY:n koulutuspoliittiselta vastaavalta <a href=\"mailto:kopo@tuky.fi\">kopo@tuky.fi<\/a><\/p>\n<p>Turun yliopiston alkuper\u00e4isen uutisen voit lukea <a href=\"https:\/\/intranet.utu.fi\/fi\/ajankohtaista\/uutiset\/Sivut\/syksyn-kandi-anna-palautetta-voita-ipad-air-2.aspx\">t\u00e4\u00e4lt\u00e4<\/a>.<\/p>\n<p><a href=\"http:\/\/tuky.fi\/wordpress\/wp-content\/uploads\/2015\/02\/Paula-Peltomaa-1.jpg\"><img loading=\"lazy\" decoding=\"async\" class=\" wp-image-13738 alignleft\" alt=\"Paula Peltomaa (1)\" src=\"http:\/\/tuky.fi\/wordpress\/wp-content\/uploads\/2015\/02\/Paula-Peltomaa-1-682x1024.jpg\" width=\"150\" height=\"225\" \/><\/a><\/p>\n<p>&nbsp;<\/p>\n<p>&nbsp;<\/p>\n<p><em>Paula Peltomaa<\/em><\/p>\n<p><em>koulutuspoliittinen vastaava<\/em><\/p>\n<p>&nbsp;<\/p>\n<p>&nbsp;<\/p>\n<p>&nbsp;<\/p>\n<p>&nbsp;<\/p>\n<p>&nbsp;<\/p>\n","protected":false},"excerpt":{"rendered":"<p>Kandipalaute on hyv\u00e4 tapa vaikuttaa koulutuksen laatuun koulussamme, sill\u00e4 palautteet sek\u00e4 k\u00e4sitell\u00e4\u00e4n, ett\u00e4 niiden laatu ja m\u00e4\u00e4r\u00e4 vaikuttavat yliopiston rahoitukseen.\u00a0Palautetta ker\u00e4t\u00e4\u00e4n muun muassa opinnoista itsest\u00e4\u00e4n, opiskelutavoista ja toimeentulosta. Turun yliopistossa [&hellip;]<\/p>\n","protected":false},"author":8,"featured_media":0,"comment_status":"open","ping_status":"open","sticky":false,"template":"","format":"standard","meta":{"_et_pb_use_builder":"","_et_pb_old_content":"","_et_gb_content_width":"","footnotes":""},"categories":[4],"tags":[128,428,317,429,180,129,505,225,301],"class_list":["post-13737","post","type-post","status-publish","format-standard","hentry","category-news","tag-edunvalvonta","tag-kandi","tag-kandidaatintutkielma","tag-kandipalaute","tag-kopo","tag-koulutuspolitiikka","tag-peltomaa","tag-rahoitusmalli","tag-turun-yliopisto"],"yoast_head":"<!-- This site is optimized with the Yoast SEO plugin v27.2 - https:\/\/yoast.com\/product\/yoast-seo-wordpress\/ -->\n<title>Syksyn kandi, olethan vastannut jo Kandipalautteeseen? - Turun KY<\/title>\n<meta name=\"robots\" content=\"index, follow, max-snippet:-1, max-image-preview:large, max-video-preview:-1\" \/>\n<link rel=\"canonical\" href=\"https:\/\/www.tuky.fi\/etusivu\/news\/syksyn-kandi-olethan-vastannut-jo-kandipalautteeseen\/\" \/>\n<meta property=\"og:locale\" content=\"fi_FI\" \/>\n<meta property=\"og:type\" content=\"article\" \/>\n<meta property=\"og:title\" content=\"Syksyn kandi, olethan vastannut jo Kandipalautteeseen? - Turun KY\" \/>\n<meta property=\"og:description\" content=\"Kandipalaute on hyv\u00e4 tapa vaikuttaa koulutuksen laatuun koulussamme, sill\u00e4 palautteet sek\u00e4 k\u00e4sitell\u00e4\u00e4n, ett\u00e4 niiden laatu ja m\u00e4\u00e4r\u00e4 vaikuttavat yliopiston rahoitukseen.\u00a0Palautetta ker\u00e4t\u00e4\u00e4n muun muassa opinnoista itsest\u00e4\u00e4n, opiskelutavoista ja toimeentulosta. Turun yliopistossa [&hellip;]\" \/>\n<meta property=\"og:url\" content=\"https:\/\/www.tuky.fi\/etusivu\/news\/syksyn-kandi-olethan-vastannut-jo-kandipalautteeseen\/\" \/>\n<meta property=\"og:site_name\" content=\"Turun KY\" \/>\n<meta property=\"article:published_time\" content=\"2015-02-10T13:38:23+00:00\" \/>\n<meta property=\"og:image\" content=\"http:\/\/tuky.fi\/wordpress\/wp-content\/uploads\/2015\/02\/Paula-Peltomaa-1-682x1024.jpg\" \/>\n<meta name=\"author\" content=\"Koulutuspoliittinen vastaava\" \/>\n<meta name=\"twitter:card\" content=\"summary_large_image\" \/>\n<meta name=\"twitter:label1\" content=\"Kirjoittanut\" \/>\n\t<meta name=\"twitter:data1\" content=\"Koulutuspoliittinen vastaava\" \/>\n\t<meta name=\"twitter:label2\" content=\"Arvioitu lukuaika\" \/>\n\t<meta name=\"twitter:data2\" content=\"1 minuutti\" \/>\n<script type=\"application\/ld+json\" class=\"yoast-schema-graph\">{\"@context\":\"https:\/\/schema.org\",\"@graph\":[{\"@type\":\"Article\",\"@id\":\"https:\/\/www.tuky.fi\/etusivu\/news\/syksyn-kandi-olethan-vastannut-jo-kandipalautteeseen\/#article\",\"isPartOf\":{\"@id\":\"https:\/\/www.tuky.fi\/etusivu\/news\/syksyn-kandi-olethan-vastannut-jo-kandipalautteeseen\/\"},\"author\":{\"name\":\"Koulutuspoliittinen vastaava\",\"@id\":\"https:\/\/www.tuky.fi\/etusivu\/#\/schema\/person\/073351662690829f0e891b8e12a08593\"},\"headline\":\"Syksyn kandi, olethan vastannut jo Kandipalautteeseen?\",\"datePublished\":\"2015-02-10T13:38:23+00:00\",\"mainEntityOfPage\":{\"@id\":\"https:\/\/www.tuky.fi\/etusivu\/news\/syksyn-kandi-olethan-vastannut-jo-kandipalautteeseen\/\"},\"wordCount\":146,\"commentCount\":0,\"publisher\":{\"@id\":\"https:\/\/www.tuky.fi\/etusivu\/#organization\"},\"image\":{\"@id\":\"https:\/\/www.tuky.fi\/etusivu\/news\/syksyn-kandi-olethan-vastannut-jo-kandipalautteeseen\/#primaryimage\"},\"thumbnailUrl\":\"http:\/\/tuky.fi\/wordpress\/wp-content\/uploads\/2015\/02\/Paula-Peltomaa-1-682x1024.jpg\",\"keywords\":[\"Edunvalvonta\",\"kandi\",\"kandidaatintutkielma\",\"kandipalaute\",\"Kopo\",\"Koulutuspolitiikka\",\"peltomaa\",\"rahoitusmalli\",\"Turun yliopisto\"],\"articleSection\":[\"news\"],\"inLanguage\":\"fi\",\"potentialAction\":[{\"@type\":\"CommentAction\",\"name\":\"Comment\",\"target\":[\"https:\/\/www.tuky.fi\/etusivu\/news\/syksyn-kandi-olethan-vastannut-jo-kandipalautteeseen\/#respond\"]}]},{\"@type\":\"WebPage\",\"@id\":\"https:\/\/www.tuky.fi\/etusivu\/news\/syksyn-kandi-olethan-vastannut-jo-kandipalautteeseen\/\",\"url\":\"https:\/\/www.tuky.fi\/etusivu\/news\/syksyn-kandi-olethan-vastannut-jo-kandipalautteeseen\/\",\"name\":\"Syksyn kandi, olethan vastannut jo Kandipalautteeseen? - Turun KY\",\"isPartOf\":{\"@id\":\"https:\/\/www.tuky.fi\/etusivu\/#website\"},\"primaryImageOfPage\":{\"@id\":\"https:\/\/www.tuky.fi\/etusivu\/news\/syksyn-kandi-olethan-vastannut-jo-kandipalautteeseen\/#primaryimage\"},\"image\":{\"@id\":\"https:\/\/www.tuky.fi\/etusivu\/news\/syksyn-kandi-olethan-vastannut-jo-kandipalautteeseen\/#primaryimage\"},\"thumbnailUrl\":\"http:\/\/tuky.fi\/wordpress\/wp-content\/uploads\/2015\/02\/Paula-Peltomaa-1-682x1024.jpg\",\"datePublished\":\"2015-02-10T13:38:23+00:00\",\"breadcrumb\":{\"@id\":\"https:\/\/www.tuky.fi\/etusivu\/news\/syksyn-kandi-olethan-vastannut-jo-kandipalautteeseen\/#breadcrumb\"},\"inLanguage\":\"fi\",\"potentialAction\":[{\"@type\":\"ReadAction\",\"target\":[\"https:\/\/www.tuky.fi\/etusivu\/news\/syksyn-kandi-olethan-vastannut-jo-kandipalautteeseen\/\"]}]},{\"@type\":\"ImageObject\",\"inLanguage\":\"fi\",\"@id\":\"https:\/\/www.tuky.fi\/etusivu\/news\/syksyn-kandi-olethan-vastannut-jo-kandipalautteeseen\/#primaryimage\",\"url\":\"http:\/\/tuky.fi\/wordpress\/wp-content\/uploads\/2015\/02\/Paula-Peltomaa-1-682x1024.jpg\",\"contentUrl\":\"http:\/\/tuky.fi\/wordpress\/wp-content\/uploads\/2015\/02\/Paula-Peltomaa-1-682x1024.jpg\"},{\"@type\":\"BreadcrumbList\",\"@id\":\"https:\/\/www.tuky.fi\/etusivu\/news\/syksyn-kandi-olethan-vastannut-jo-kandipalautteeseen\/#breadcrumb\",\"itemListElement\":[{\"@type\":\"ListItem\",\"position\":1,\"name\":\"Etusivu\",\"item\":\"https:\/\/www.tuky.fi\/etusivu\/\"},{\"@type\":\"ListItem\",\"position\":2,\"name\":\"Syksyn kandi, olethan vastannut jo Kandipalautteeseen?\"}]},{\"@type\":\"WebSite\",\"@id\":\"https:\/\/www.tuky.fi\/etusivu\/#website\",\"url\":\"https:\/\/www.tuky.fi\/etusivu\/\",\"name\":\"Turun KY\",\"description\":\"TuKY\",\"publisher\":{\"@id\":\"https:\/\/www.tuky.fi\/etusivu\/#organization\"},\"alternateName\":\"TuKY\",\"potentialAction\":[{\"@type\":\"SearchAction\",\"target\":{\"@type\":\"EntryPoint\",\"urlTemplate\":\"https:\/\/www.tuky.fi\/etusivu\/?s={search_term_string}\"},\"query-input\":{\"@type\":\"PropertyValueSpecification\",\"valueRequired\":true,\"valueName\":\"search_term_string\"}}],\"inLanguage\":\"fi\"},{\"@type\":\"Organization\",\"@id\":\"https:\/\/www.tuky.fi\/etusivu\/#organization\",\"name\":\"Turun KY\",\"alternateName\":\"TuKY\",\"url\":\"https:\/\/www.tuky.fi\/etusivu\/\",\"logo\":{\"@type\":\"ImageObject\",\"inLanguage\":\"fi\",\"@id\":\"https:\/\/www.tuky.fi\/etusivu\/#\/schema\/logo\/image\/\",\"url\":\"https:\/\/www.tuky.fi\/wp-content\/uploads\/2024\/09\/TuKY-logo-kulta-1.png\",\"contentUrl\":\"https:\/\/www.tuky.fi\/wp-content\/uploads\/2024\/09\/TuKY-logo-kulta-1.png\",\"width\":1080,\"height\":1080,\"caption\":\"Turun KY\"},\"image\":{\"@id\":\"https:\/\/www.tuky.fi\/etusivu\/#\/schema\/logo\/image\/\"},\"sameAs\":[\"https:\/\/instagram.com\/turunky\",\"https:\/\/linkedin.com\/turunky\"]},{\"@type\":\"Person\",\"@id\":\"https:\/\/www.tuky.fi\/etusivu\/#\/schema\/person\/073351662690829f0e891b8e12a08593\",\"name\":\"Koulutuspoliittinen vastaava\",\"image\":{\"@type\":\"ImageObject\",\"inLanguage\":\"fi\",\"@id\":\"https:\/\/secure.gravatar.com\/avatar\/4082d64b4eb2bd56b709be6b1fc26e767dfa41978007f58a4bc79154a740adb8?s=96&d=mm&r=g\",\"url\":\"https:\/\/secure.gravatar.com\/avatar\/4082d64b4eb2bd56b709be6b1fc26e767dfa41978007f58a4bc79154a740adb8?s=96&d=mm&r=g\",\"contentUrl\":\"https:\/\/secure.gravatar.com\/avatar\/4082d64b4eb2bd56b709be6b1fc26e767dfa41978007f58a4bc79154a740adb8?s=96&d=mm&r=g\",\"caption\":\"Koulutuspoliittinen vastaava\"},\"url\":\"https:\/\/www.tuky.fi\/etusivu\/author\/ky-kopo\/\"}]}<\/script>\n<!-- \/ Yoast SEO plugin. -->","yoast_head_json":{"title":"Syksyn kandi, olethan vastannut jo Kandipalautteeseen? - Turun KY","robots":{"index":"index","follow":"follow","max-snippet":"max-snippet:-1","max-image-preview":"max-image-preview:large","max-video-preview":"max-video-preview:-1"},"canonical":"https:\/\/www.tuky.fi\/etusivu\/news\/syksyn-kandi-olethan-vastannut-jo-kandipalautteeseen\/","og_locale":"fi_FI","og_type":"article","og_title":"Syksyn kandi, olethan vastannut jo Kandipalautteeseen? - Turun KY","og_description":"Kandipalaute on hyv\u00e4 tapa vaikuttaa koulutuksen laatuun koulussamme, sill\u00e4 palautteet sek\u00e4 k\u00e4sitell\u00e4\u00e4n, ett\u00e4 niiden laatu ja m\u00e4\u00e4r\u00e4 vaikuttavat yliopiston rahoitukseen.\u00a0Palautetta ker\u00e4t\u00e4\u00e4n muun muassa opinnoista itsest\u00e4\u00e4n, opiskelutavoista ja toimeentulosta. Turun yliopistossa [&hellip;]","og_url":"https:\/\/www.tuky.fi\/etusivu\/news\/syksyn-kandi-olethan-vastannut-jo-kandipalautteeseen\/","og_site_name":"Turun KY","article_published_time":"2015-02-10T13:38:23+00:00","og_image":[{"url":"http:\/\/tuky.fi\/wordpress\/wp-content\/uploads\/2015\/02\/Paula-Peltomaa-1-682x1024.jpg","type":"","width":"","height":""}],"author":"Koulutuspoliittinen vastaava","twitter_card":"summary_large_image","twitter_misc":{"Kirjoittanut":"Koulutuspoliittinen vastaava","Arvioitu lukuaika":"1 minuutti"},"schema":{"@context":"https:\/\/schema.org","@graph":[{"@type":"Article","@id":"https:\/\/www.tuky.fi\/etusivu\/news\/syksyn-kandi-olethan-vastannut-jo-kandipalautteeseen\/#article","isPartOf":{"@id":"https:\/\/www.tuky.fi\/etusivu\/news\/syksyn-kandi-olethan-vastannut-jo-kandipalautteeseen\/"},"author":{"name":"Koulutuspoliittinen vastaava","@id":"https:\/\/www.tuky.fi\/etusivu\/#\/schema\/person\/073351662690829f0e891b8e12a08593"},"headline":"Syksyn kandi, olethan vastannut jo Kandipalautteeseen?","datePublished":"2015-02-10T13:38:23+00:00","mainEntityOfPage":{"@id":"https:\/\/www.tuky.fi\/etusivu\/news\/syksyn-kandi-olethan-vastannut-jo-kandipalautteeseen\/"},"wordCount":146,"commentCount":0,"publisher":{"@id":"https:\/\/www.tuky.fi\/etusivu\/#organization"},"image":{"@id":"https:\/\/www.tuky.fi\/etusivu\/news\/syksyn-kandi-olethan-vastannut-jo-kandipalautteeseen\/#primaryimage"},"thumbnailUrl":"http:\/\/tuky.fi\/wordpress\/wp-content\/uploads\/2015\/02\/Paula-Peltomaa-1-682x1024.jpg","keywords":["Edunvalvonta","kandi","kandidaatintutkielma","kandipalaute","Kopo","Koulutuspolitiikka","peltomaa","rahoitusmalli","Turun yliopisto"],"articleSection":["news"],"inLanguage":"fi","potentialAction":[{"@type":"CommentAction","name":"Comment","target":["https:\/\/www.tuky.fi\/etusivu\/news\/syksyn-kandi-olethan-vastannut-jo-kandipalautteeseen\/#respond"]}]},{"@type":"WebPage","@id":"https:\/\/www.tuky.fi\/etusivu\/news\/syksyn-kandi-olethan-vastannut-jo-kandipalautteeseen\/","url":"https:\/\/www.tuky.fi\/etusivu\/news\/syksyn-kandi-olethan-vastannut-jo-kandipalautteeseen\/","name":"Syksyn kandi, olethan vastannut jo Kandipalautteeseen? - Turun KY","isPartOf":{"@id":"https:\/\/www.tuky.fi\/etusivu\/#website"},"primaryImageOfPage":{"@id":"https:\/\/www.tuky.fi\/etusivu\/news\/syksyn-kandi-olethan-vastannut-jo-kandipalautteeseen\/#primaryimage"},"image":{"@id":"https:\/\/www.tuky.fi\/etusivu\/news\/syksyn-kandi-olethan-vastannut-jo-kandipalautteeseen\/#primaryimage"},"thumbnailUrl":"http:\/\/tuky.fi\/wordpress\/wp-content\/uploads\/2015\/02\/Paula-Peltomaa-1-682x1024.jpg","datePublished":"2015-02-10T13:38:23+00:00","breadcrumb":{"@id":"https:\/\/www.tuky.fi\/etusivu\/news\/syksyn-kandi-olethan-vastannut-jo-kandipalautteeseen\/#breadcrumb"},"inLanguage":"fi","potentialAction":[{"@type":"ReadAction","target":["https:\/\/www.tuky.fi\/etusivu\/news\/syksyn-kandi-olethan-vastannut-jo-kandipalautteeseen\/"]}]},{"@type":"ImageObject","inLanguage":"fi","@id":"https:\/\/www.tuky.fi\/etusivu\/news\/syksyn-kandi-olethan-vastannut-jo-kandipalautteeseen\/#primaryimage","url":"http:\/\/tuky.fi\/wordpress\/wp-content\/uploads\/2015\/02\/Paula-Peltomaa-1-682x1024.jpg","contentUrl":"http:\/\/tuky.fi\/wordpress\/wp-content\/uploads\/2015\/02\/Paula-Peltomaa-1-682x1024.jpg"},{"@type":"BreadcrumbList","@id":"https:\/\/www.tuky.fi\/etusivu\/news\/syksyn-kandi-olethan-vastannut-jo-kandipalautteeseen\/#breadcrumb","itemListElement":[{"@type":"ListItem","position":1,"name":"Etusivu","item":"https:\/\/www.tuky.fi\/etusivu\/"},{"@type":"ListItem","position":2,"name":"Syksyn kandi, olethan vastannut jo Kandipalautteeseen?"}]},{"@type":"WebSite","@id":"https:\/\/www.tuky.fi\/etusivu\/#website","url":"https:\/\/www.tuky.fi\/etusivu\/","name":"Turun KY","description":"TuKY","publisher":{"@id":"https:\/\/www.tuky.fi\/etusivu\/#organization"},"alternateName":"TuKY","potentialAction":[{"@type":"SearchAction","target":{"@type":"EntryPoint","urlTemplate":"https:\/\/www.tuky.fi\/etusivu\/?s={search_term_string}"},"query-input":{"@type":"PropertyValueSpecification","valueRequired":true,"valueName":"search_term_string"}}],"inLanguage":"fi"},{"@type":"Organization","@id":"https:\/\/www.tuky.fi\/etusivu\/#organization","name":"Turun KY","alternateName":"TuKY","url":"https:\/\/www.tuky.fi\/etusivu\/","logo":{"@type":"ImageObject","inLanguage":"fi","@id":"https:\/\/www.tuky.fi\/etusivu\/#\/schema\/logo\/image\/","url":"https:\/\/www.tuky.fi\/wp-content\/uploads\/2024\/09\/TuKY-logo-kulta-1.png","contentUrl":"https:\/\/www.tuky.fi\/wp-content\/uploads\/2024\/09\/TuKY-logo-kulta-1.png","width":1080,"height":1080,"caption":"Turun KY"},"image":{"@id":"https:\/\/www.tuky.fi\/etusivu\/#\/schema\/logo\/image\/"},"sameAs":["https:\/\/instagram.com\/turunky","https:\/\/linkedin.com\/turunky"]},{"@type":"Person","@id":"https:\/\/www.tuky.fi\/etusivu\/#\/schema\/person\/073351662690829f0e891b8e12a08593","name":"Koulutuspoliittinen vastaava","image":{"@type":"ImageObject","inLanguage":"fi","@id":"https:\/\/secure.gravatar.com\/avatar\/4082d64b4eb2bd56b709be6b1fc26e767dfa41978007f58a4bc79154a740adb8?s=96&d=mm&r=g","url":"https:\/\/secure.gravatar.com\/avatar\/4082d64b4eb2bd56b709be6b1fc26e767dfa41978007f58a4bc79154a740adb8?s=96&d=mm&r=g","contentUrl":"https:\/\/secure.gravatar.com\/avatar\/4082d64b4eb2bd56b709be6b1fc26e767dfa41978007f58a4bc79154a740adb8?s=96&d=mm&r=g","caption":"Koulutuspoliittinen vastaava"},"url":"https:\/\/www.tuky.fi\/etusivu\/author\/ky-kopo\/"}]}},"lang":"fi","translations":{"fi":13737},"pll_sync_post":[],"_links":{"self":[{"href":"https:\/\/www.tuky.fi\/etusivu\/wp-json\/wp\/v2\/posts\/13737","targetHints":{"allow":["GET"]}}],"collection":[{"href":"https:\/\/www.tuky.fi\/etusivu\/wp-json\/wp\/v2\/posts"}],"about":[{"href":"https:\/\/www.tuky.fi\/etusivu\/wp-json\/wp\/v2\/types\/post"}],"author":[{"embeddable":true,"href":"https:\/\/www.tuky.fi\/etusivu\/wp-json\/wp\/v2\/users\/8"}],"replies":[{"embeddable":true,"href":"https:\/\/www.tuky.fi\/etusivu\/wp-json\/wp\/v2\/comments?post=13737"}],"version-history":[{"count":0,"href":"https:\/\/www.tuky.fi\/etusivu\/wp-json\/wp\/v2\/posts\/13737\/revisions"}],"wp:attachment":[{"href":"https:\/\/www.tuky.fi\/etusivu\/wp-json\/wp\/v2\/media?parent=13737"}],"wp:term":[{"taxonomy":"category","embeddable":true,"href":"https:\/\/www.tuky.fi\/etusivu\/wp-json\/wp\/v2\/categories?post=13737"},{"taxonomy":"post_tag","embeddable":true,"href":"https:\/\/www.tuky.fi\/etusivu\/wp-json\/wp\/v2\/tags?post=13737"}],"curies":[{"name":"wp","href":"https:\/\/api.w.org\/{rel}","templated":true}]}}