{"id":13706,"date":"2015-02-09T19:47:55","date_gmt":"2015-02-09T17:47:55","guid":{"rendered":"http:\/\/tuky.fi\/?p=13706"},"modified":"2015-02-09T19:47:55","modified_gmt":"2015-02-09T17:47:55","slug":"toiminnanjohtajan-paivystykset-iii-periodin-tenttiviikko-ja-iv-periodi","status":"publish","type":"post","link":"https:\/\/www.tuky.fi\/etusivu\/news\/toiminnanjohtajan-paivystykset-iii-periodin-tenttiviikko-ja-iv-periodi\/","title":{"rendered":"Toiminnanjohtajan p\u00e4ivystykset III periodin tenttiviikko ja IV periodi"},"content":{"rendered":"<p><strong>Tenttiviikkojen p\u00e4ivystykset \/ exam weeks<\/strong><\/p>\n<p>Toiminnanjohtaja p\u00e4ivyst\u00e4\u00e4 kolmannen periodin tenttiviikoilla seuraavasti: vk 8 normaalisti p\u00e4ivystykset ti klo 14-16 ja to klo 10-12. Viikolla 9 ei j\u00e4rjestet\u00e4 p\u00e4ivystyksi\u00e4 tenttiaikataulujen vuoksi. Toiminnanjohtajaan voi ottaa t\u00e4ll\u00f6in yhteyden s\u00e4hk\u00f6postitse <a href=\"mailto:toiminnanjohtaja@tuky.fi\" target=\"_blank\">toiminnanjohtaja@tuky.fi<\/a>.<\/p>\n<p>During exam weeks the office hours are: week 8, Tue 14-16 and Thu 10-12. On week 9 the office is closed. Please contact via e-mail to toiminnanjohtaja@tuky.fi.<\/p>\n<p><strong>Nelj\u00e4nnen periodin p\u00e4ivystykset \/ IV period<\/strong><\/p>\n<p>Nelj\u00e4nnen periodin p\u00e4ivystysajat ovat maanantaisin klo 14-16 sek\u00e4 torstaisin klo 12-14.<\/p>\n<p>The office hours starting 2.3. (Fourth period) are on Mondays 14-16 and on Thursdays 12-14.<\/p>\n","protected":false},"excerpt":{"rendered":"<p>Tenttiviikkojen p\u00e4ivystykset \/ exam weeks Toiminnanjohtaja p\u00e4ivyst\u00e4\u00e4 kolmannen periodin tenttiviikoilla seuraavasti: vk 8 normaalisti p\u00e4ivystykset ti klo 14-16 ja to klo 10-12. Viikolla 9 ei j\u00e4rjestet\u00e4 p\u00e4ivystyksi\u00e4 tenttiaikataulujen vuoksi. Toiminnanjohtajaan [&hellip;]<\/p>\n","protected":false},"author":5,"featured_media":0,"comment_status":"open","ping_status":"open","sticky":false,"template":"","format":"standard","meta":{"_et_pb_use_builder":"","_et_pb_old_content":"","_et_gb_content_width":"","footnotes":""},"categories":[4],"tags":[296],"class_list":["post-13706","post","type-post","status-publish","format-standard","hentry","category-news","tag-paivystys"],"yoast_head":"<!-- This site is optimized with the Yoast SEO plugin v27.2 - https:\/\/yoast.com\/product\/yoast-seo-wordpress\/ -->\n<title>Toiminnanjohtajan p\u00e4ivystykset III periodin tenttiviikko ja IV periodi - Turun KY<\/title>\n<meta name=\"robots\" content=\"index, follow, max-snippet:-1, max-image-preview:large, max-video-preview:-1\" \/>\n<link rel=\"canonical\" href=\"https:\/\/www.tuky.fi\/etusivu\/news\/toiminnanjohtajan-paivystykset-iii-periodin-tenttiviikko-ja-iv-periodi\/\" \/>\n<meta property=\"og:locale\" content=\"fi_FI\" \/>\n<meta property=\"og:type\" content=\"article\" \/>\n<meta property=\"og:title\" content=\"Toiminnanjohtajan p\u00e4ivystykset III periodin tenttiviikko ja IV periodi - Turun KY\" \/>\n<meta property=\"og:description\" content=\"Tenttiviikkojen p\u00e4ivystykset \/ exam weeks Toiminnanjohtaja p\u00e4ivyst\u00e4\u00e4 kolmannen periodin tenttiviikoilla seuraavasti: vk 8 normaalisti p\u00e4ivystykset ti klo 14-16 ja to klo 10-12. Viikolla 9 ei j\u00e4rjestet\u00e4 p\u00e4ivystyksi\u00e4 tenttiaikataulujen vuoksi. Toiminnanjohtajaan [&hellip;]\" \/>\n<meta property=\"og:url\" content=\"https:\/\/www.tuky.fi\/etusivu\/news\/toiminnanjohtajan-paivystykset-iii-periodin-tenttiviikko-ja-iv-periodi\/\" \/>\n<meta property=\"og:site_name\" content=\"Turun KY\" \/>\n<meta property=\"article:published_time\" content=\"2015-02-09T17:47:55+00:00\" \/>\n<meta name=\"author\" content=\"Toiminnanjohtaja\" \/>\n<meta name=\"twitter:card\" content=\"summary_large_image\" \/>\n<meta name=\"twitter:label1\" content=\"Kirjoittanut\" \/>\n\t<meta name=\"twitter:data1\" content=\"Toiminnanjohtaja\" \/>\n\t<meta name=\"twitter:label2\" content=\"Arvioitu lukuaika\" \/>\n\t<meta name=\"twitter:data2\" content=\"1 minuutti\" \/>\n<script type=\"application\/ld+json\" class=\"yoast-schema-graph\">{\"@context\":\"https:\/\/schema.org\",\"@graph\":[{\"@type\":\"Article\",\"@id\":\"https:\/\/www.tuky.fi\/etusivu\/news\/toiminnanjohtajan-paivystykset-iii-periodin-tenttiviikko-ja-iv-periodi\/#article\",\"isPartOf\":{\"@id\":\"https:\/\/www.tuky.fi\/etusivu\/news\/toiminnanjohtajan-paivystykset-iii-periodin-tenttiviikko-ja-iv-periodi\/\"},\"author\":{\"name\":\"Toiminnanjohtaja\",\"@id\":\"https:\/\/www.tuky.fi\/etusivu\/#\/schema\/person\/857b2c80ba750df9646bcddb726bb422\"},\"headline\":\"Toiminnanjohtajan p\u00e4ivystykset III periodin tenttiviikko ja IV periodi\",\"datePublished\":\"2015-02-09T17:47:55+00:00\",\"mainEntityOfPage\":{\"@id\":\"https:\/\/www.tuky.fi\/etusivu\/news\/toiminnanjohtajan-paivystykset-iii-periodin-tenttiviikko-ja-iv-periodi\/\"},\"wordCount\":114,\"commentCount\":0,\"publisher\":{\"@id\":\"https:\/\/www.tuky.fi\/etusivu\/#organization\"},\"keywords\":[\"p\u00e4ivystys\"],\"articleSection\":[\"news\"],\"inLanguage\":\"fi\",\"potentialAction\":[{\"@type\":\"CommentAction\",\"name\":\"Comment\",\"target\":[\"https:\/\/www.tuky.fi\/etusivu\/news\/toiminnanjohtajan-paivystykset-iii-periodin-tenttiviikko-ja-iv-periodi\/#respond\"]}]},{\"@type\":\"WebPage\",\"@id\":\"https:\/\/www.tuky.fi\/etusivu\/news\/toiminnanjohtajan-paivystykset-iii-periodin-tenttiviikko-ja-iv-periodi\/\",\"url\":\"https:\/\/www.tuky.fi\/etusivu\/news\/toiminnanjohtajan-paivystykset-iii-periodin-tenttiviikko-ja-iv-periodi\/\",\"name\":\"Toiminnanjohtajan p\u00e4ivystykset III periodin tenttiviikko ja IV periodi - Turun KY\",\"isPartOf\":{\"@id\":\"https:\/\/www.tuky.fi\/etusivu\/#website\"},\"datePublished\":\"2015-02-09T17:47:55+00:00\",\"breadcrumb\":{\"@id\":\"https:\/\/www.tuky.fi\/etusivu\/news\/toiminnanjohtajan-paivystykset-iii-periodin-tenttiviikko-ja-iv-periodi\/#breadcrumb\"},\"inLanguage\":\"fi\",\"potentialAction\":[{\"@type\":\"ReadAction\",\"target\":[\"https:\/\/www.tuky.fi\/etusivu\/news\/toiminnanjohtajan-paivystykset-iii-periodin-tenttiviikko-ja-iv-periodi\/\"]}]},{\"@type\":\"BreadcrumbList\",\"@id\":\"https:\/\/www.tuky.fi\/etusivu\/news\/toiminnanjohtajan-paivystykset-iii-periodin-tenttiviikko-ja-iv-periodi\/#breadcrumb\",\"itemListElement\":[{\"@type\":\"ListItem\",\"position\":1,\"name\":\"Etusivu\",\"item\":\"https:\/\/www.tuky.fi\/etusivu\/\"},{\"@type\":\"ListItem\",\"position\":2,\"name\":\"Toiminnanjohtajan p\u00e4ivystykset III periodin tenttiviikko ja IV periodi\"}]},{\"@type\":\"WebSite\",\"@id\":\"https:\/\/www.tuky.fi\/etusivu\/#website\",\"url\":\"https:\/\/www.tuky.fi\/etusivu\/\",\"name\":\"Turun KY\",\"description\":\"TuKY\",\"publisher\":{\"@id\":\"https:\/\/www.tuky.fi\/etusivu\/#organization\"},\"alternateName\":\"TuKY\",\"potentialAction\":[{\"@type\":\"SearchAction\",\"target\":{\"@type\":\"EntryPoint\",\"urlTemplate\":\"https:\/\/www.tuky.fi\/etusivu\/?s={search_term_string}\"},\"query-input\":{\"@type\":\"PropertyValueSpecification\",\"valueRequired\":true,\"valueName\":\"search_term_string\"}}],\"inLanguage\":\"fi\"},{\"@type\":\"Organization\",\"@id\":\"https:\/\/www.tuky.fi\/etusivu\/#organization\",\"name\":\"Turun KY\",\"alternateName\":\"TuKY\",\"url\":\"https:\/\/www.tuky.fi\/etusivu\/\",\"logo\":{\"@type\":\"ImageObject\",\"inLanguage\":\"fi\",\"@id\":\"https:\/\/www.tuky.fi\/etusivu\/#\/schema\/logo\/image\/\",\"url\":\"https:\/\/www.tuky.fi\/wp-content\/uploads\/2024\/09\/TuKY-logo-kulta-1.png\",\"contentUrl\":\"https:\/\/www.tuky.fi\/wp-content\/uploads\/2024\/09\/TuKY-logo-kulta-1.png\",\"width\":1080,\"height\":1080,\"caption\":\"Turun KY\"},\"image\":{\"@id\":\"https:\/\/www.tuky.fi\/etusivu\/#\/schema\/logo\/image\/\"},\"sameAs\":[\"https:\/\/instagram.com\/turunky\",\"https:\/\/linkedin.com\/turunky\"]},{\"@type\":\"Person\",\"@id\":\"https:\/\/www.tuky.fi\/etusivu\/#\/schema\/person\/857b2c80ba750df9646bcddb726bb422\",\"name\":\"Toiminnanjohtaja\",\"image\":{\"@type\":\"ImageObject\",\"inLanguage\":\"fi\",\"@id\":\"https:\/\/secure.gravatar.com\/avatar\/731cec3365faa756ce59a8037b7e863376e9ac12940fb890ed5b05758585cb35?s=96&d=mm&r=g\",\"url\":\"https:\/\/secure.gravatar.com\/avatar\/731cec3365faa756ce59a8037b7e863376e9ac12940fb890ed5b05758585cb35?s=96&d=mm&r=g\",\"contentUrl\":\"https:\/\/secure.gravatar.com\/avatar\/731cec3365faa756ce59a8037b7e863376e9ac12940fb890ed5b05758585cb35?s=96&d=mm&r=g\",\"caption\":\"Toiminnanjohtaja\"},\"url\":\"https:\/\/www.tuky.fi\/etusivu\/author\/toiminnanjohtaja\/\"}]}<\/script>\n<!-- \/ Yoast SEO plugin. -->","yoast_head_json":{"title":"Toiminnanjohtajan p\u00e4ivystykset III periodin tenttiviikko ja IV periodi - Turun KY","robots":{"index":"index","follow":"follow","max-snippet":"max-snippet:-1","max-image-preview":"max-image-preview:large","max-video-preview":"max-video-preview:-1"},"canonical":"https:\/\/www.tuky.fi\/etusivu\/news\/toiminnanjohtajan-paivystykset-iii-periodin-tenttiviikko-ja-iv-periodi\/","og_locale":"fi_FI","og_type":"article","og_title":"Toiminnanjohtajan p\u00e4ivystykset III periodin tenttiviikko ja IV periodi - Turun KY","og_description":"Tenttiviikkojen p\u00e4ivystykset \/ exam weeks Toiminnanjohtaja p\u00e4ivyst\u00e4\u00e4 kolmannen periodin tenttiviikoilla seuraavasti: vk 8 normaalisti p\u00e4ivystykset ti klo 14-16 ja to klo 10-12. Viikolla 9 ei j\u00e4rjestet\u00e4 p\u00e4ivystyksi\u00e4 tenttiaikataulujen vuoksi. Toiminnanjohtajaan [&hellip;]","og_url":"https:\/\/www.tuky.fi\/etusivu\/news\/toiminnanjohtajan-paivystykset-iii-periodin-tenttiviikko-ja-iv-periodi\/","og_site_name":"Turun KY","article_published_time":"2015-02-09T17:47:55+00:00","author":"Toiminnanjohtaja","twitter_card":"summary_large_image","twitter_misc":{"Kirjoittanut":"Toiminnanjohtaja","Arvioitu lukuaika":"1 minuutti"},"schema":{"@context":"https:\/\/schema.org","@graph":[{"@type":"Article","@id":"https:\/\/www.tuky.fi\/etusivu\/news\/toiminnanjohtajan-paivystykset-iii-periodin-tenttiviikko-ja-iv-periodi\/#article","isPartOf":{"@id":"https:\/\/www.tuky.fi\/etusivu\/news\/toiminnanjohtajan-paivystykset-iii-periodin-tenttiviikko-ja-iv-periodi\/"},"author":{"name":"Toiminnanjohtaja","@id":"https:\/\/www.tuky.fi\/etusivu\/#\/schema\/person\/857b2c80ba750df9646bcddb726bb422"},"headline":"Toiminnanjohtajan p\u00e4ivystykset III periodin tenttiviikko ja IV periodi","datePublished":"2015-02-09T17:47:55+00:00","mainEntityOfPage":{"@id":"https:\/\/www.tuky.fi\/etusivu\/news\/toiminnanjohtajan-paivystykset-iii-periodin-tenttiviikko-ja-iv-periodi\/"},"wordCount":114,"commentCount":0,"publisher":{"@id":"https:\/\/www.tuky.fi\/etusivu\/#organization"},"keywords":["p\u00e4ivystys"],"articleSection":["news"],"inLanguage":"fi","potentialAction":[{"@type":"CommentAction","name":"Comment","target":["https:\/\/www.tuky.fi\/etusivu\/news\/toiminnanjohtajan-paivystykset-iii-periodin-tenttiviikko-ja-iv-periodi\/#respond"]}]},{"@type":"WebPage","@id":"https:\/\/www.tuky.fi\/etusivu\/news\/toiminnanjohtajan-paivystykset-iii-periodin-tenttiviikko-ja-iv-periodi\/","url":"https:\/\/www.tuky.fi\/etusivu\/news\/toiminnanjohtajan-paivystykset-iii-periodin-tenttiviikko-ja-iv-periodi\/","name":"Toiminnanjohtajan p\u00e4ivystykset III periodin tenttiviikko ja IV periodi - Turun KY","isPartOf":{"@id":"https:\/\/www.tuky.fi\/etusivu\/#website"},"datePublished":"2015-02-09T17:47:55+00:00","breadcrumb":{"@id":"https:\/\/www.tuky.fi\/etusivu\/news\/toiminnanjohtajan-paivystykset-iii-periodin-tenttiviikko-ja-iv-periodi\/#breadcrumb"},"inLanguage":"fi","potentialAction":[{"@type":"ReadAction","target":["https:\/\/www.tuky.fi\/etusivu\/news\/toiminnanjohtajan-paivystykset-iii-periodin-tenttiviikko-ja-iv-periodi\/"]}]},{"@type":"BreadcrumbList","@id":"https:\/\/www.tuky.fi\/etusivu\/news\/toiminnanjohtajan-paivystykset-iii-periodin-tenttiviikko-ja-iv-periodi\/#breadcrumb","itemListElement":[{"@type":"ListItem","position":1,"name":"Etusivu","item":"https:\/\/www.tuky.fi\/etusivu\/"},{"@type":"ListItem","position":2,"name":"Toiminnanjohtajan p\u00e4ivystykset III periodin tenttiviikko ja IV periodi"}]},{"@type":"WebSite","@id":"https:\/\/www.tuky.fi\/etusivu\/#website","url":"https:\/\/www.tuky.fi\/etusivu\/","name":"Turun KY","description":"TuKY","publisher":{"@id":"https:\/\/www.tuky.fi\/etusivu\/#organization"},"alternateName":"TuKY","potentialAction":[{"@type":"SearchAction","target":{"@type":"EntryPoint","urlTemplate":"https:\/\/www.tuky.fi\/etusivu\/?s={search_term_string}"},"query-input":{"@type":"PropertyValueSpecification","valueRequired":true,"valueName":"search_term_string"}}],"inLanguage":"fi"},{"@type":"Organization","@id":"https:\/\/www.tuky.fi\/etusivu\/#organization","name":"Turun KY","alternateName":"TuKY","url":"https:\/\/www.tuky.fi\/etusivu\/","logo":{"@type":"ImageObject","inLanguage":"fi","@id":"https:\/\/www.tuky.fi\/etusivu\/#\/schema\/logo\/image\/","url":"https:\/\/www.tuky.fi\/wp-content\/uploads\/2024\/09\/TuKY-logo-kulta-1.png","contentUrl":"https:\/\/www.tuky.fi\/wp-content\/uploads\/2024\/09\/TuKY-logo-kulta-1.png","width":1080,"height":1080,"caption":"Turun KY"},"image":{"@id":"https:\/\/www.tuky.fi\/etusivu\/#\/schema\/logo\/image\/"},"sameAs":["https:\/\/instagram.com\/turunky","https:\/\/linkedin.com\/turunky"]},{"@type":"Person","@id":"https:\/\/www.tuky.fi\/etusivu\/#\/schema\/person\/857b2c80ba750df9646bcddb726bb422","name":"Toiminnanjohtaja","image":{"@type":"ImageObject","inLanguage":"fi","@id":"https:\/\/secure.gravatar.com\/avatar\/731cec3365faa756ce59a8037b7e863376e9ac12940fb890ed5b05758585cb35?s=96&d=mm&r=g","url":"https:\/\/secure.gravatar.com\/avatar\/731cec3365faa756ce59a8037b7e863376e9ac12940fb890ed5b05758585cb35?s=96&d=mm&r=g","contentUrl":"https:\/\/secure.gravatar.com\/avatar\/731cec3365faa756ce59a8037b7e863376e9ac12940fb890ed5b05758585cb35?s=96&d=mm&r=g","caption":"Toiminnanjohtaja"},"url":"https:\/\/www.tuky.fi\/etusivu\/author\/toiminnanjohtaja\/"}]}},"lang":"fi","translations":{"fi":13706},"pll_sync_post":[],"_links":{"self":[{"href":"https:\/\/www.tuky.fi\/etusivu\/wp-json\/wp\/v2\/posts\/13706","targetHints":{"allow":["GET"]}}],"collection":[{"href":"https:\/\/www.tuky.fi\/etusivu\/wp-json\/wp\/v2\/posts"}],"about":[{"href":"https:\/\/www.tuky.fi\/etusivu\/wp-json\/wp\/v2\/types\/post"}],"author":[{"embeddable":true,"href":"https:\/\/www.tuky.fi\/etusivu\/wp-json\/wp\/v2\/users\/5"}],"replies":[{"embeddable":true,"href":"https:\/\/www.tuky.fi\/etusivu\/wp-json\/wp\/v2\/comments?post=13706"}],"version-history":[{"count":0,"href":"https:\/\/www.tuky.fi\/etusivu\/wp-json\/wp\/v2\/posts\/13706\/revisions"}],"wp:attachment":[{"href":"https:\/\/www.tuky.fi\/etusivu\/wp-json\/wp\/v2\/media?parent=13706"}],"wp:term":[{"taxonomy":"category","embeddable":true,"href":"https:\/\/www.tuky.fi\/etusivu\/wp-json\/wp\/v2\/categories?post=13706"},{"taxonomy":"post_tag","embeddable":true,"href":"https:\/\/www.tuky.fi\/etusivu\/wp-json\/wp\/v2\/tags?post=13706"}],"curies":[{"name":"wp","href":"https:\/\/api.w.org\/{rel}","templated":true}]}}