{"id":13669,"date":"2015-02-02T20:24:53","date_gmt":"2015-02-02T18:24:53","guid":{"rendered":"http:\/\/tuky.fi\/?p=13669"},"modified":"2015-02-02T20:24:53","modified_gmt":"2015-02-02T18:24:53","slug":"turun-ky-hakee-uutta-toiminnanjohtajaa","status":"publish","type":"post","link":"https:\/\/www.tuky.fi\/etusivu\/news\/turun-ky-hakee-uutta-toiminnanjohtajaa\/","title":{"rendered":"Turun KY hakee uutta toiminnanjohtajaa"},"content":{"rendered":"<div>\n<div><span style=\"font-size: small;\">Turun KY hakee innokasta<\/span><span style=\"font-size: small;\"><b>\u00a0toiminnanjohtajaa\u00a0<\/b><\/span><span style=\"font-size: small;\">1.3.2015 alkavaan ty\u00f6suhteeseen. Uusi ja nykyinen toiminnanjohtaja ty\u00f6skentelev\u00e4t maaliskuun ajan samanaikaisesti. Huhtikuun alusta alkaen uusi toiminnanjohtaja ty\u00f6skentelee itsen\u00e4isesti.\u00a0<\/span><\/div>\n<\/div>\n<div>\n<div><span style=\"font-size: small;\">\u00a0<\/span><\/div>\n<div><span style=\"font-size: small;\">Toiminnanjohtaja huolehtii yhdistyksen\u00a0toiminnasta yhdess\u00e4 hallituksen kanssa.<\/span><\/div>\n<div><span style=\"font-size: medium;\">\u00a0<\/span><\/div>\n<div><span style=\"font-size: small;\"><b>Toiminnanjohtajan teht\u00e4viin kuuluu muun muassa:<\/b><\/span><span style=\"font-size: small;\">\u00a0 \u00a0 \u00a0 \u00a0 \u00a0 \u00a0<\/span><\/div>\n<div>\n<ul>\n<li>Turun KY:n toimiston hoitaminen ja p\u00e4ivystyksist\u00e4 huolehtiminen<\/li>\n<li>Parkin kiinteist\u00f6n hallinnointi yhdess\u00e4 kuntamestarin kanssa<\/li>\n<li>P\u00e4ivitt\u00e4isest\u00e4 viestinn\u00e4st\u00e4 vastaaminen yhdess\u00e4 viestint\u00e4vastaavan kanssa<\/li>\n<li>Turun KY:n hallituksen sihteerin\u00e4 toimiminen<\/li>\n<li>Edunvalvonnalliset teht\u00e4v\u00e4t<\/li>\n<li>Yhteydenpito sidosryhmiin ja yhdistyksen edustaminen<\/li>\n<li>Turun KY:n toimijaryhmien tukeminen<\/li>\n<\/ul>\n<\/div>\n<\/div>\n<div>\n<div><span style=\"font-size: small;\"><b>Hakijalta edellytet\u00e4\u00e4n:<\/b><\/span><\/div>\n<div>\n<ul>\n<li>Hyv\u00e4\u00e4 perehtyneisyytt\u00e4 Turun KY:n toimintaan<\/li>\n<li>Hyvi\u00e4 vuorovaikutustaitoja ja kyky\u00e4 sujuvaan suulliseen ja kirjalliseen\u00a0viestint\u00e4\u00e4n<\/li>\n<li>Tarkkuutta, huolellisuutta ja oma-aloitteisuutta<\/li>\n<li>Tahtoa ja kyky\u00e4 kehitt\u00e4\u00e4 aktiivista yhdistyst\u00e4mme<\/li>\n<\/ul>\n<\/div>\n<\/div>\n<div>\n<div>\n<div><span style=\"font-size: small;\"><b>Eduksi luetaan:<\/b><\/span><\/div>\n<div>\n<ul>\n<li>Aikaisempi toiminta Turun KY:ss\u00e4 tai muussa opiskelijaj\u00e4rjest\u00f6ss\u00e4<\/li>\n<li>Edunvalvonnallinen ja viestinn\u00e4llinen kokemus<\/li>\n<\/ul>\n<\/div>\n<\/div>\n<div>\n<div><span style=\"font-size: small;\"><b>Tarjoamme:<\/b><\/span><\/div>\n<div>\n<ul>\n<li>Monipuolisen ja itsen\u00e4isen teht\u00e4v\u00e4nkuvan<\/li>\n<li>Nuorekkaan\u00a0ja rennon\u00a0ty\u00f6yhteis\u00f6n<\/li>\n<li>Joustavat ty\u00f6ajat<\/li>\n<li>Arvokasta ty\u00f6kokemusta opintojen oheen<\/li>\n<\/ul>\n<p><span style=\"font-size: small;\">Toiminnanjohtajan ty\u00f6suhde on osa-aikainen, 15-20 h\/vko. Ty\u00f6suhde on m\u00e4\u00e4r\u00e4aikainen ensimm\u00e4isen vuoden ajan, jonka j\u00e4lkeen se jatkuu toistaiseksi voimassa olevana. Palkkaus on opintotukiyst\u00e4v\u00e4llinen. Toimen ohella on mahdollista suorittaa normaalisti opintoja, ja kes\u00e4kuukausina voi tehd\u00e4 my\u00f6s muita kes\u00e4t\u00f6it\u00e4.<\/span><\/div>\n<\/div>\n<\/div>\n<div>\n<div><span style=\"font-size: small;\">\u00a0<\/span><\/div>\n<div><span style=\"font-size: small;\">Hakemukset ansioluetteloineen tulee toimittaa Turun kauppatieteiden ylioppilaat ry:n puheenjohtaja Laura V\u00e4h\u00e4saarelle s\u00e4hk\u00f6postitse osoitteeseen\u00a0<\/span><a href=\"https:\/\/mail.utu.fi\/owa\/redir.aspx?SURL=AGk1r_M92BwEIL45NlU6feDyNM2_b5wWiWyZ-d1vYGUCSLhzLA3SCG0AYQBpAGwAdABvADoAcAB1AGgAZQBlAG4AagBvAGgAdABhAGoAYQBAAHQAdQBrAHkALgBmAGkA&amp;URL=mailto%3apuheenjohtaja%40tuky.fi\" target=\"_blank\"><span style=\"font-size: medium;\"><span style=\"color: windowtext; font-size: small;\">puheenjohtaja@tuky.fi<\/span><\/span><\/a><span style=\"font-size: small;\">\u00a0maanantaihin\u00a0<\/span><span style=\"font-size: small;\"><b>16.2.2015 klo 23.59 menness\u00e4<\/b><\/span><span style=\"font-size: small;\">. Haastattelut pidet\u00e4\u00e4n viikolla 8 (ensimm\u00e4inen tenttiviikko) ja perehdytys aloitetaan v\u00e4litt\u00f6m\u00e4sti valinnan j\u00e4lkeen.<\/span><\/div>\n<div><span style=\"font-size: small;\">\u00a0<\/span><\/div>\n<div><span style=\"font-size: small;\">Lis\u00e4tietoja teht\u00e4v\u00e4\u00e4n liittyen antaa toiminnanjohtaja Henna Lunkka s\u00e4hk\u00f6postitse\u00a0<\/span><a href=\"https:\/\/mail.utu.fi\/owa\/redir.aspx?SURL=e1UAsdUFMQWFdtcAPUXY-exixaGzD0MgdzjWhqrOuAsCSLhzLA3SCG0AYQBpAGwAdABvADoAdABvAGkAbQBpAG4AbgBhAG4AagBvAGgAdABhAGoAYQBAAHQAdQBrAHkALgBmAGkA&amp;URL=mailto%3atoiminnanjohtaja%40tuky.fi\" target=\"_blank\"><span style=\"font-size: medium;\"><span style=\"color: windowtext; font-size: small;\">toiminnanjohtaja@tuky.fi<\/span><\/span><\/a><span style=\"font-size: small;\">\u00a0tai puhelimitse 09 333 9703.<\/span><\/div>\n<\/div>\n","protected":false},"excerpt":{"rendered":"<p>Turun KY hakee innokasta\u00a0toiminnanjohtajaa\u00a01.3.2015 alkavaan ty\u00f6suhteeseen. Uusi ja nykyinen toiminnanjohtaja ty\u00f6skentelev\u00e4t maaliskuun ajan samanaikaisesti. Huhtikuun alusta alkaen uusi toiminnanjohtaja ty\u00f6skentelee itsen\u00e4isesti.\u00a0 \u00a0 Toiminnanjohtaja huolehtii yhdistyksen\u00a0toiminnasta yhdess\u00e4 hallituksen kanssa. \u00a0 Toiminnanjohtajan [&hellip;]<\/p>\n","protected":false},"author":5,"featured_media":0,"comment_status":"open","ping_status":"open","sticky":false,"template":"","format":"standard","meta":{"_et_pb_use_builder":"","_et_pb_old_content":"","_et_gb_content_width":"","footnotes":""},"categories":[4],"tags":[16,220],"class_list":["post-13669","post","type-post","status-publish","format-standard","hentry","category-news","tag-haku","tag-toiminnanjohtaja"],"yoast_head":"<!-- This site is optimized with the Yoast SEO plugin v27.2 - https:\/\/yoast.com\/product\/yoast-seo-wordpress\/ -->\n<title>Turun KY hakee uutta toiminnanjohtajaa - Turun KY<\/title>\n<meta name=\"robots\" content=\"index, follow, max-snippet:-1, max-image-preview:large, max-video-preview:-1\" \/>\n<link rel=\"canonical\" href=\"https:\/\/www.tuky.fi\/etusivu\/news\/turun-ky-hakee-uutta-toiminnanjohtajaa\/\" \/>\n<meta property=\"og:locale\" content=\"fi_FI\" \/>\n<meta property=\"og:type\" content=\"article\" \/>\n<meta property=\"og:title\" content=\"Turun KY hakee uutta toiminnanjohtajaa - Turun KY\" \/>\n<meta property=\"og:description\" content=\"Turun KY hakee innokasta\u00a0toiminnanjohtajaa\u00a01.3.2015 alkavaan ty\u00f6suhteeseen. Uusi ja nykyinen toiminnanjohtaja ty\u00f6skentelev\u00e4t maaliskuun ajan samanaikaisesti. Huhtikuun alusta alkaen uusi toiminnanjohtaja ty\u00f6skentelee itsen\u00e4isesti.\u00a0 \u00a0 Toiminnanjohtaja huolehtii yhdistyksen\u00a0toiminnasta yhdess\u00e4 hallituksen kanssa. \u00a0 Toiminnanjohtajan [&hellip;]\" \/>\n<meta property=\"og:url\" content=\"https:\/\/www.tuky.fi\/etusivu\/news\/turun-ky-hakee-uutta-toiminnanjohtajaa\/\" \/>\n<meta property=\"og:site_name\" content=\"Turun KY\" \/>\n<meta property=\"article:published_time\" content=\"2015-02-02T18:24:53+00:00\" \/>\n<meta name=\"author\" content=\"Toiminnanjohtaja\" \/>\n<meta name=\"twitter:card\" content=\"summary_large_image\" \/>\n<meta name=\"twitter:label1\" content=\"Kirjoittanut\" \/>\n\t<meta name=\"twitter:data1\" content=\"Toiminnanjohtaja\" \/>\n\t<meta name=\"twitter:label2\" content=\"Arvioitu lukuaika\" \/>\n\t<meta name=\"twitter:data2\" content=\"1 minuutti\" \/>\n<script type=\"application\/ld+json\" class=\"yoast-schema-graph\">{\"@context\":\"https:\/\/schema.org\",\"@graph\":[{\"@type\":\"Article\",\"@id\":\"https:\/\/www.tuky.fi\/etusivu\/news\/turun-ky-hakee-uutta-toiminnanjohtajaa\/#article\",\"isPartOf\":{\"@id\":\"https:\/\/www.tuky.fi\/etusivu\/news\/turun-ky-hakee-uutta-toiminnanjohtajaa\/\"},\"author\":{\"name\":\"Toiminnanjohtaja\",\"@id\":\"https:\/\/www.tuky.fi\/etusivu\/#\/schema\/person\/857b2c80ba750df9646bcddb726bb422\"},\"headline\":\"Turun KY hakee uutta toiminnanjohtajaa\",\"datePublished\":\"2015-02-02T18:24:53+00:00\",\"mainEntityOfPage\":{\"@id\":\"https:\/\/www.tuky.fi\/etusivu\/news\/turun-ky-hakee-uutta-toiminnanjohtajaa\/\"},\"wordCount\":268,\"commentCount\":0,\"publisher\":{\"@id\":\"https:\/\/www.tuky.fi\/etusivu\/#organization\"},\"keywords\":[\"haku\",\"toiminnanjohtaja\"],\"articleSection\":[\"news\"],\"inLanguage\":\"fi\",\"potentialAction\":[{\"@type\":\"CommentAction\",\"name\":\"Comment\",\"target\":[\"https:\/\/www.tuky.fi\/etusivu\/news\/turun-ky-hakee-uutta-toiminnanjohtajaa\/#respond\"]}]},{\"@type\":\"WebPage\",\"@id\":\"https:\/\/www.tuky.fi\/etusivu\/news\/turun-ky-hakee-uutta-toiminnanjohtajaa\/\",\"url\":\"https:\/\/www.tuky.fi\/etusivu\/news\/turun-ky-hakee-uutta-toiminnanjohtajaa\/\",\"name\":\"Turun KY hakee uutta toiminnanjohtajaa - Turun KY\",\"isPartOf\":{\"@id\":\"https:\/\/www.tuky.fi\/etusivu\/#website\"},\"datePublished\":\"2015-02-02T18:24:53+00:00\",\"breadcrumb\":{\"@id\":\"https:\/\/www.tuky.fi\/etusivu\/news\/turun-ky-hakee-uutta-toiminnanjohtajaa\/#breadcrumb\"},\"inLanguage\":\"fi\",\"potentialAction\":[{\"@type\":\"ReadAction\",\"target\":[\"https:\/\/www.tuky.fi\/etusivu\/news\/turun-ky-hakee-uutta-toiminnanjohtajaa\/\"]}]},{\"@type\":\"BreadcrumbList\",\"@id\":\"https:\/\/www.tuky.fi\/etusivu\/news\/turun-ky-hakee-uutta-toiminnanjohtajaa\/#breadcrumb\",\"itemListElement\":[{\"@type\":\"ListItem\",\"position\":1,\"name\":\"Etusivu\",\"item\":\"https:\/\/www.tuky.fi\/etusivu\/\"},{\"@type\":\"ListItem\",\"position\":2,\"name\":\"Turun KY hakee uutta toiminnanjohtajaa\"}]},{\"@type\":\"WebSite\",\"@id\":\"https:\/\/www.tuky.fi\/etusivu\/#website\",\"url\":\"https:\/\/www.tuky.fi\/etusivu\/\",\"name\":\"Turun KY\",\"description\":\"TuKY\",\"publisher\":{\"@id\":\"https:\/\/www.tuky.fi\/etusivu\/#organization\"},\"alternateName\":\"TuKY\",\"potentialAction\":[{\"@type\":\"SearchAction\",\"target\":{\"@type\":\"EntryPoint\",\"urlTemplate\":\"https:\/\/www.tuky.fi\/etusivu\/?s={search_term_string}\"},\"query-input\":{\"@type\":\"PropertyValueSpecification\",\"valueRequired\":true,\"valueName\":\"search_term_string\"}}],\"inLanguage\":\"fi\"},{\"@type\":\"Organization\",\"@id\":\"https:\/\/www.tuky.fi\/etusivu\/#organization\",\"name\":\"Turun KY\",\"alternateName\":\"TuKY\",\"url\":\"https:\/\/www.tuky.fi\/etusivu\/\",\"logo\":{\"@type\":\"ImageObject\",\"inLanguage\":\"fi\",\"@id\":\"https:\/\/www.tuky.fi\/etusivu\/#\/schema\/logo\/image\/\",\"url\":\"https:\/\/www.tuky.fi\/wp-content\/uploads\/2024\/09\/TuKY-logo-kulta-1.png\",\"contentUrl\":\"https:\/\/www.tuky.fi\/wp-content\/uploads\/2024\/09\/TuKY-logo-kulta-1.png\",\"width\":1080,\"height\":1080,\"caption\":\"Turun KY\"},\"image\":{\"@id\":\"https:\/\/www.tuky.fi\/etusivu\/#\/schema\/logo\/image\/\"},\"sameAs\":[\"https:\/\/instagram.com\/turunky\",\"https:\/\/linkedin.com\/turunky\"]},{\"@type\":\"Person\",\"@id\":\"https:\/\/www.tuky.fi\/etusivu\/#\/schema\/person\/857b2c80ba750df9646bcddb726bb422\",\"name\":\"Toiminnanjohtaja\",\"image\":{\"@type\":\"ImageObject\",\"inLanguage\":\"fi\",\"@id\":\"https:\/\/secure.gravatar.com\/avatar\/731cec3365faa756ce59a8037b7e863376e9ac12940fb890ed5b05758585cb35?s=96&d=mm&r=g\",\"url\":\"https:\/\/secure.gravatar.com\/avatar\/731cec3365faa756ce59a8037b7e863376e9ac12940fb890ed5b05758585cb35?s=96&d=mm&r=g\",\"contentUrl\":\"https:\/\/secure.gravatar.com\/avatar\/731cec3365faa756ce59a8037b7e863376e9ac12940fb890ed5b05758585cb35?s=96&d=mm&r=g\",\"caption\":\"Toiminnanjohtaja\"},\"url\":\"https:\/\/www.tuky.fi\/etusivu\/author\/toiminnanjohtaja\/\"}]}<\/script>\n<!-- \/ Yoast SEO plugin. -->","yoast_head_json":{"title":"Turun KY hakee uutta toiminnanjohtajaa - Turun KY","robots":{"index":"index","follow":"follow","max-snippet":"max-snippet:-1","max-image-preview":"max-image-preview:large","max-video-preview":"max-video-preview:-1"},"canonical":"https:\/\/www.tuky.fi\/etusivu\/news\/turun-ky-hakee-uutta-toiminnanjohtajaa\/","og_locale":"fi_FI","og_type":"article","og_title":"Turun KY hakee uutta toiminnanjohtajaa - Turun KY","og_description":"Turun KY hakee innokasta\u00a0toiminnanjohtajaa\u00a01.3.2015 alkavaan ty\u00f6suhteeseen. Uusi ja nykyinen toiminnanjohtaja ty\u00f6skentelev\u00e4t maaliskuun ajan samanaikaisesti. Huhtikuun alusta alkaen uusi toiminnanjohtaja ty\u00f6skentelee itsen\u00e4isesti.\u00a0 \u00a0 Toiminnanjohtaja huolehtii yhdistyksen\u00a0toiminnasta yhdess\u00e4 hallituksen kanssa. \u00a0 Toiminnanjohtajan [&hellip;]","og_url":"https:\/\/www.tuky.fi\/etusivu\/news\/turun-ky-hakee-uutta-toiminnanjohtajaa\/","og_site_name":"Turun KY","article_published_time":"2015-02-02T18:24:53+00:00","author":"Toiminnanjohtaja","twitter_card":"summary_large_image","twitter_misc":{"Kirjoittanut":"Toiminnanjohtaja","Arvioitu lukuaika":"1 minuutti"},"schema":{"@context":"https:\/\/schema.org","@graph":[{"@type":"Article","@id":"https:\/\/www.tuky.fi\/etusivu\/news\/turun-ky-hakee-uutta-toiminnanjohtajaa\/#article","isPartOf":{"@id":"https:\/\/www.tuky.fi\/etusivu\/news\/turun-ky-hakee-uutta-toiminnanjohtajaa\/"},"author":{"name":"Toiminnanjohtaja","@id":"https:\/\/www.tuky.fi\/etusivu\/#\/schema\/person\/857b2c80ba750df9646bcddb726bb422"},"headline":"Turun KY hakee uutta toiminnanjohtajaa","datePublished":"2015-02-02T18:24:53+00:00","mainEntityOfPage":{"@id":"https:\/\/www.tuky.fi\/etusivu\/news\/turun-ky-hakee-uutta-toiminnanjohtajaa\/"},"wordCount":268,"commentCount":0,"publisher":{"@id":"https:\/\/www.tuky.fi\/etusivu\/#organization"},"keywords":["haku","toiminnanjohtaja"],"articleSection":["news"],"inLanguage":"fi","potentialAction":[{"@type":"CommentAction","name":"Comment","target":["https:\/\/www.tuky.fi\/etusivu\/news\/turun-ky-hakee-uutta-toiminnanjohtajaa\/#respond"]}]},{"@type":"WebPage","@id":"https:\/\/www.tuky.fi\/etusivu\/news\/turun-ky-hakee-uutta-toiminnanjohtajaa\/","url":"https:\/\/www.tuky.fi\/etusivu\/news\/turun-ky-hakee-uutta-toiminnanjohtajaa\/","name":"Turun KY hakee uutta toiminnanjohtajaa - Turun KY","isPartOf":{"@id":"https:\/\/www.tuky.fi\/etusivu\/#website"},"datePublished":"2015-02-02T18:24:53+00:00","breadcrumb":{"@id":"https:\/\/www.tuky.fi\/etusivu\/news\/turun-ky-hakee-uutta-toiminnanjohtajaa\/#breadcrumb"},"inLanguage":"fi","potentialAction":[{"@type":"ReadAction","target":["https:\/\/www.tuky.fi\/etusivu\/news\/turun-ky-hakee-uutta-toiminnanjohtajaa\/"]}]},{"@type":"BreadcrumbList","@id":"https:\/\/www.tuky.fi\/etusivu\/news\/turun-ky-hakee-uutta-toiminnanjohtajaa\/#breadcrumb","itemListElement":[{"@type":"ListItem","position":1,"name":"Etusivu","item":"https:\/\/www.tuky.fi\/etusivu\/"},{"@type":"ListItem","position":2,"name":"Turun KY hakee uutta toiminnanjohtajaa"}]},{"@type":"WebSite","@id":"https:\/\/www.tuky.fi\/etusivu\/#website","url":"https:\/\/www.tuky.fi\/etusivu\/","name":"Turun KY","description":"TuKY","publisher":{"@id":"https:\/\/www.tuky.fi\/etusivu\/#organization"},"alternateName":"TuKY","potentialAction":[{"@type":"SearchAction","target":{"@type":"EntryPoint","urlTemplate":"https:\/\/www.tuky.fi\/etusivu\/?s={search_term_string}"},"query-input":{"@type":"PropertyValueSpecification","valueRequired":true,"valueName":"search_term_string"}}],"inLanguage":"fi"},{"@type":"Organization","@id":"https:\/\/www.tuky.fi\/etusivu\/#organization","name":"Turun KY","alternateName":"TuKY","url":"https:\/\/www.tuky.fi\/etusivu\/","logo":{"@type":"ImageObject","inLanguage":"fi","@id":"https:\/\/www.tuky.fi\/etusivu\/#\/schema\/logo\/image\/","url":"https:\/\/www.tuky.fi\/wp-content\/uploads\/2024\/09\/TuKY-logo-kulta-1.png","contentUrl":"https:\/\/www.tuky.fi\/wp-content\/uploads\/2024\/09\/TuKY-logo-kulta-1.png","width":1080,"height":1080,"caption":"Turun KY"},"image":{"@id":"https:\/\/www.tuky.fi\/etusivu\/#\/schema\/logo\/image\/"},"sameAs":["https:\/\/instagram.com\/turunky","https:\/\/linkedin.com\/turunky"]},{"@type":"Person","@id":"https:\/\/www.tuky.fi\/etusivu\/#\/schema\/person\/857b2c80ba750df9646bcddb726bb422","name":"Toiminnanjohtaja","image":{"@type":"ImageObject","inLanguage":"fi","@id":"https:\/\/secure.gravatar.com\/avatar\/731cec3365faa756ce59a8037b7e863376e9ac12940fb890ed5b05758585cb35?s=96&d=mm&r=g","url":"https:\/\/secure.gravatar.com\/avatar\/731cec3365faa756ce59a8037b7e863376e9ac12940fb890ed5b05758585cb35?s=96&d=mm&r=g","contentUrl":"https:\/\/secure.gravatar.com\/avatar\/731cec3365faa756ce59a8037b7e863376e9ac12940fb890ed5b05758585cb35?s=96&d=mm&r=g","caption":"Toiminnanjohtaja"},"url":"https:\/\/www.tuky.fi\/etusivu\/author\/toiminnanjohtaja\/"}]}},"lang":"fi","translations":{"fi":13669},"pll_sync_post":[],"_links":{"self":[{"href":"https:\/\/www.tuky.fi\/etusivu\/wp-json\/wp\/v2\/posts\/13669","targetHints":{"allow":["GET"]}}],"collection":[{"href":"https:\/\/www.tuky.fi\/etusivu\/wp-json\/wp\/v2\/posts"}],"about":[{"href":"https:\/\/www.tuky.fi\/etusivu\/wp-json\/wp\/v2\/types\/post"}],"author":[{"embeddable":true,"href":"https:\/\/www.tuky.fi\/etusivu\/wp-json\/wp\/v2\/users\/5"}],"replies":[{"embeddable":true,"href":"https:\/\/www.tuky.fi\/etusivu\/wp-json\/wp\/v2\/comments?post=13669"}],"version-history":[{"count":0,"href":"https:\/\/www.tuky.fi\/etusivu\/wp-json\/wp\/v2\/posts\/13669\/revisions"}],"wp:attachment":[{"href":"https:\/\/www.tuky.fi\/etusivu\/wp-json\/wp\/v2\/media?parent=13669"}],"wp:term":[{"taxonomy":"category","embeddable":true,"href":"https:\/\/www.tuky.fi\/etusivu\/wp-json\/wp\/v2\/categories?post=13669"},{"taxonomy":"post_tag","embeddable":true,"href":"https:\/\/www.tuky.fi\/etusivu\/wp-json\/wp\/v2\/tags?post=13669"}],"curies":[{"name":"wp","href":"https:\/\/api.w.org\/{rel}","templated":true}]}}