{"id":13651,"date":"2015-02-02T10:23:25","date_gmt":"2015-02-02T08:23:25","guid":{"rendered":"http:\/\/tuky.fi\/?p=13651"},"modified":"2015-02-02T10:23:25","modified_gmt":"2015-02-02T08:23:25","slug":"tutorhaku-2015-on-avattu","status":"publish","type":"post","link":"https:\/\/www.tuky.fi\/etusivu\/news\/tutorhaku-2015-on-avattu\/","title":{"rendered":"Tutorhaku 2015 on avattu"},"content":{"rendered":"<div id=\"attachment_13653\" style=\"width: 528px\" class=\"wp-caption aligncenter\"><a href=\"http:\/\/tuky.fi\/wordpress\/wp-content\/uploads\/2015\/02\/Tutor-kuva1.jpg\"><img loading=\"lazy\" decoding=\"async\" aria-describedby=\"caption-attachment-13653\" class=\"wp-image-13653 \" alt=\"Tutorit 2014\" src=\"http:\/\/tuky.fi\/wordpress\/wp-content\/uploads\/2015\/02\/Tutor-kuva1.jpg\" width=\"518\" height=\"350\" \/><\/a><p id=\"caption-attachment-13653\" class=\"wp-caption-text\">Tutorit 2014<\/p><\/div>\n<p>Ensi syksyn\u00e4 loikkii taas liuta uusia pupuja Turun kauppakorkeakouluun. Jotta tuoreet opiskelijat p\u00e4\u00e4sisiv\u00e4t mahdollisimman nopeasti perille yliopistossa opiskelemisesta ja opiskelijael\u00e4m\u00e4st\u00e4, tarvitaan heid\u00e4n avukseen tutoreita. Tutor on se, jonka puoleen uusi opiskelija voi k\u00e4\u00e4nty\u00e4 uusien asioiden h\u00e4mment\u00e4ess\u00e4 tai opiskeluiden her\u00e4tt\u00e4ess\u00e4 kysymyksi\u00e4. Tutor on my\u00f6s usein pupun ensimm\u00e4inen kontakti yliopistossa.<\/p>\n<p>Tutoreita haetaan 2.2.-2.3.2015 sek\u00e4 suomalaisille KTK- ja KTM-opiskelijoille ett\u00e4 vaihto-opiskelijoille. Tutoriksi voi hakea joko yksin tai parina. T\u00e4n\u00e4 vuonna voit my\u00f6s samaan aikaan hakea sek\u00e4 kauppakorkeakoulun tutkinto-opiskelijoiden ett\u00e4 vaihto-opiskelijoiden tutoriksi. Tutor sitoutuu osallistumaan opintotoimiston koulutuksiin 13.4. ja 24.8. sek\u00e4 Turun KY:n koulutuksiin 14.4. ja 22.-23.8. Vaihtaritutoreiden koulutus pidet\u00e4\u00e4n 24.4. Tarkemmat ohjeet tutorhausta l\u00f6yd\u00e4t <a href=\"https:\/\/intranet.utu.fi\/fi\/Yksikko\/opetuksen-kehittaminen\/opintojen-ohjauksen-tukeminen\/opiskelijatutor\/Sivut\/Haku-ja-valinta.aspx\">t\u00e4\u00e4lt\u00e4<\/a>.<\/p>\n<p><em>Tutoreita haetaan seuraaville tutkinto-opiskelijoille:<\/em><\/p>\n<ul>\n<li>Kauppatieteiden opiskelijat (sek\u00e4 yhteisvalinnan kautta ett\u00e4 erillisvalinnoissa avoimen v\u00e4yl\u00e4\u00e4 ja suoraan maisterivaiheeseen tulleet)<\/li>\n<li>Taloustieteen VTK + VTM -opiskelijat<\/li>\n<li>Kaupan ja palvelujen maisteriohjelman opiskelijat<\/li>\n<li>Master&#8217;s Degree Programme in Futures Studies (FUTU) -ohjelman opiskelijat<\/li>\n<li>Master&#8217;s Degree Programme in Global IT Management (GITM) -ohjelman opiskelijat<\/li>\n<li>Master&#8217;s Degree Programme in Global Innovation Management (GIM) -ohjelman opiskelijat<\/li>\n<li>Master&#8217;s Degree Programme in Management of Information Technology -ohjelman opiskelijat<\/li>\n<li>Vaihto-opiskelijat<\/li>\n<\/ul>\n<p>&nbsp;<\/p>\n<p>Tutoriksi voi hakea kuka tahansa vuosikurssista, i\u00e4st\u00e4 tai p\u00e4\u00e4aineesta riippumatta. T\u00e4yt\u00e4 siis hakemus helmikuun aikana, jos haluat olla uusien pupujen tukena heti heid\u00e4n ensiloikissa. Lis\u00e4tietoja voi kysell\u00e4 sek\u00e4 Turun KY:n sosiaalipoliittiselta vastaavalta ett\u00e4 opintotoimistosta. KV-tutoroinnista Turun KY:ss\u00e4 vastaa kansainv\u00e4listen asioiden vastaava Maria Helle.<\/p>\n<p>Uusia tutoreita innolla odottaen,<\/p>\n<p>Salla Maijala<\/p>\n<p><em>Turun KY:n sosiaalipoliittinen vastaava<\/em><\/p>\n","protected":false},"excerpt":{"rendered":"<p>Ensi syksyn\u00e4 loikkii taas liuta uusia pupuja Turun kauppakorkeakouluun. Jotta tuoreet opiskelijat p\u00e4\u00e4sisiv\u00e4t mahdollisimman nopeasti perille yliopistossa opiskelemisesta ja opiskelijael\u00e4m\u00e4st\u00e4, tarvitaan heid\u00e4n avukseen tutoreita. Tutor on se, jonka puoleen uusi [&hellip;]<\/p>\n","protected":false},"author":7,"featured_media":0,"comment_status":"open","ping_status":"open","sticky":false,"template":"","format":"standard","meta":{"_et_pb_use_builder":"","_et_pb_old_content":"","_et_gb_content_width":"","footnotes":""},"categories":[4],"tags":[],"class_list":["post-13651","post","type-post","status-publish","format-standard","hentry","category-news"],"yoast_head":"<!-- This site is optimized with the Yoast SEO plugin v27.2 - https:\/\/yoast.com\/product\/yoast-seo-wordpress\/ -->\n<title>Tutorhaku 2015 on avattu - Turun KY<\/title>\n<meta name=\"robots\" content=\"index, follow, max-snippet:-1, max-image-preview:large, max-video-preview:-1\" \/>\n<link rel=\"canonical\" href=\"https:\/\/www.tuky.fi\/etusivu\/news\/tutorhaku-2015-on-avattu\/\" \/>\n<meta property=\"og:locale\" content=\"fi_FI\" \/>\n<meta property=\"og:type\" content=\"article\" \/>\n<meta property=\"og:title\" content=\"Tutorhaku 2015 on avattu - Turun KY\" \/>\n<meta property=\"og:description\" content=\"Ensi syksyn\u00e4 loikkii taas liuta uusia pupuja Turun kauppakorkeakouluun. Jotta tuoreet opiskelijat p\u00e4\u00e4sisiv\u00e4t mahdollisimman nopeasti perille yliopistossa opiskelemisesta ja opiskelijael\u00e4m\u00e4st\u00e4, tarvitaan heid\u00e4n avukseen tutoreita. Tutor on se, jonka puoleen uusi [&hellip;]\" \/>\n<meta property=\"og:url\" content=\"https:\/\/www.tuky.fi\/etusivu\/news\/tutorhaku-2015-on-avattu\/\" \/>\n<meta property=\"og:site_name\" content=\"Turun KY\" \/>\n<meta property=\"article:published_time\" content=\"2015-02-02T08:23:25+00:00\" \/>\n<meta property=\"og:image\" content=\"http:\/\/tuky.fi\/wordpress\/wp-content\/uploads\/2015\/02\/Tutor-kuva1.jpg\" \/>\n<meta name=\"author\" content=\"Sosiaalipoliittinen vastaava\" \/>\n<meta name=\"twitter:card\" content=\"summary_large_image\" \/>\n<meta name=\"twitter:label1\" content=\"Kirjoittanut\" \/>\n\t<meta name=\"twitter:data1\" content=\"Sosiaalipoliittinen vastaava\" \/>\n\t<meta name=\"twitter:label2\" content=\"Arvioitu lukuaika\" \/>\n\t<meta name=\"twitter:data2\" content=\"1 minuutti\" \/>\n<script type=\"application\/ld+json\" class=\"yoast-schema-graph\">{\"@context\":\"https:\/\/schema.org\",\"@graph\":[{\"@type\":\"Article\",\"@id\":\"https:\/\/www.tuky.fi\/etusivu\/news\/tutorhaku-2015-on-avattu\/#article\",\"isPartOf\":{\"@id\":\"https:\/\/www.tuky.fi\/etusivu\/news\/tutorhaku-2015-on-avattu\/\"},\"author\":{\"name\":\"Sosiaalipoliittinen vastaava\",\"@id\":\"https:\/\/www.tuky.fi\/etusivu\/#\/schema\/person\/6bafe1ca915065fb67bf89adbcce9f6e\"},\"headline\":\"Tutorhaku 2015 on avattu\",\"datePublished\":\"2015-02-02T08:23:25+00:00\",\"mainEntityOfPage\":{\"@id\":\"https:\/\/www.tuky.fi\/etusivu\/news\/tutorhaku-2015-on-avattu\/\"},\"wordCount\":262,\"commentCount\":0,\"publisher\":{\"@id\":\"https:\/\/www.tuky.fi\/etusivu\/#organization\"},\"image\":{\"@id\":\"https:\/\/www.tuky.fi\/etusivu\/news\/tutorhaku-2015-on-avattu\/#primaryimage\"},\"thumbnailUrl\":\"http:\/\/tuky.fi\/wordpress\/wp-content\/uploads\/2015\/02\/Tutor-kuva1.jpg\",\"articleSection\":[\"news\"],\"inLanguage\":\"fi\",\"potentialAction\":[{\"@type\":\"CommentAction\",\"name\":\"Comment\",\"target\":[\"https:\/\/www.tuky.fi\/etusivu\/news\/tutorhaku-2015-on-avattu\/#respond\"]}]},{\"@type\":\"WebPage\",\"@id\":\"https:\/\/www.tuky.fi\/etusivu\/news\/tutorhaku-2015-on-avattu\/\",\"url\":\"https:\/\/www.tuky.fi\/etusivu\/news\/tutorhaku-2015-on-avattu\/\",\"name\":\"Tutorhaku 2015 on avattu - Turun KY\",\"isPartOf\":{\"@id\":\"https:\/\/www.tuky.fi\/etusivu\/#website\"},\"primaryImageOfPage\":{\"@id\":\"https:\/\/www.tuky.fi\/etusivu\/news\/tutorhaku-2015-on-avattu\/#primaryimage\"},\"image\":{\"@id\":\"https:\/\/www.tuky.fi\/etusivu\/news\/tutorhaku-2015-on-avattu\/#primaryimage\"},\"thumbnailUrl\":\"http:\/\/tuky.fi\/wordpress\/wp-content\/uploads\/2015\/02\/Tutor-kuva1.jpg\",\"datePublished\":\"2015-02-02T08:23:25+00:00\",\"breadcrumb\":{\"@id\":\"https:\/\/www.tuky.fi\/etusivu\/news\/tutorhaku-2015-on-avattu\/#breadcrumb\"},\"inLanguage\":\"fi\",\"potentialAction\":[{\"@type\":\"ReadAction\",\"target\":[\"https:\/\/www.tuky.fi\/etusivu\/news\/tutorhaku-2015-on-avattu\/\"]}]},{\"@type\":\"ImageObject\",\"inLanguage\":\"fi\",\"@id\":\"https:\/\/www.tuky.fi\/etusivu\/news\/tutorhaku-2015-on-avattu\/#primaryimage\",\"url\":\"http:\/\/tuky.fi\/wordpress\/wp-content\/uploads\/2015\/02\/Tutor-kuva1.jpg\",\"contentUrl\":\"http:\/\/tuky.fi\/wordpress\/wp-content\/uploads\/2015\/02\/Tutor-kuva1.jpg\"},{\"@type\":\"BreadcrumbList\",\"@id\":\"https:\/\/www.tuky.fi\/etusivu\/news\/tutorhaku-2015-on-avattu\/#breadcrumb\",\"itemListElement\":[{\"@type\":\"ListItem\",\"position\":1,\"name\":\"Etusivu\",\"item\":\"https:\/\/www.tuky.fi\/etusivu\/\"},{\"@type\":\"ListItem\",\"position\":2,\"name\":\"Tutorhaku 2015 on avattu\"}]},{\"@type\":\"WebSite\",\"@id\":\"https:\/\/www.tuky.fi\/etusivu\/#website\",\"url\":\"https:\/\/www.tuky.fi\/etusivu\/\",\"name\":\"Turun KY\",\"description\":\"TuKY\",\"publisher\":{\"@id\":\"https:\/\/www.tuky.fi\/etusivu\/#organization\"},\"alternateName\":\"TuKY\",\"potentialAction\":[{\"@type\":\"SearchAction\",\"target\":{\"@type\":\"EntryPoint\",\"urlTemplate\":\"https:\/\/www.tuky.fi\/etusivu\/?s={search_term_string}\"},\"query-input\":{\"@type\":\"PropertyValueSpecification\",\"valueRequired\":true,\"valueName\":\"search_term_string\"}}],\"inLanguage\":\"fi\"},{\"@type\":\"Organization\",\"@id\":\"https:\/\/www.tuky.fi\/etusivu\/#organization\",\"name\":\"Turun KY\",\"alternateName\":\"TuKY\",\"url\":\"https:\/\/www.tuky.fi\/etusivu\/\",\"logo\":{\"@type\":\"ImageObject\",\"inLanguage\":\"fi\",\"@id\":\"https:\/\/www.tuky.fi\/etusivu\/#\/schema\/logo\/image\/\",\"url\":\"https:\/\/www.tuky.fi\/wp-content\/uploads\/2024\/09\/TuKY-logo-kulta-1.png\",\"contentUrl\":\"https:\/\/www.tuky.fi\/wp-content\/uploads\/2024\/09\/TuKY-logo-kulta-1.png\",\"width\":1080,\"height\":1080,\"caption\":\"Turun KY\"},\"image\":{\"@id\":\"https:\/\/www.tuky.fi\/etusivu\/#\/schema\/logo\/image\/\"},\"sameAs\":[\"https:\/\/instagram.com\/turunky\",\"https:\/\/linkedin.com\/turunky\"]},{\"@type\":\"Person\",\"@id\":\"https:\/\/www.tuky.fi\/etusivu\/#\/schema\/person\/6bafe1ca915065fb67bf89adbcce9f6e\",\"name\":\"Sosiaalipoliittinen vastaava\",\"image\":{\"@type\":\"ImageObject\",\"inLanguage\":\"fi\",\"@id\":\"https:\/\/secure.gravatar.com\/avatar\/76e8a0f31a466694f5211ef517ce8d1c12893f6c766c3cfc8d682e1e96077dd4?s=96&d=mm&r=g\",\"url\":\"https:\/\/secure.gravatar.com\/avatar\/76e8a0f31a466694f5211ef517ce8d1c12893f6c766c3cfc8d682e1e96077dd4?s=96&d=mm&r=g\",\"contentUrl\":\"https:\/\/secure.gravatar.com\/avatar\/76e8a0f31a466694f5211ef517ce8d1c12893f6c766c3cfc8d682e1e96077dd4?s=96&d=mm&r=g\",\"caption\":\"Sosiaalipoliittinen vastaava\"},\"url\":\"https:\/\/www.tuky.fi\/etusivu\/author\/ky-hyvinvointi\/\"}]}<\/script>\n<!-- \/ Yoast SEO plugin. -->","yoast_head_json":{"title":"Tutorhaku 2015 on avattu - Turun KY","robots":{"index":"index","follow":"follow","max-snippet":"max-snippet:-1","max-image-preview":"max-image-preview:large","max-video-preview":"max-video-preview:-1"},"canonical":"https:\/\/www.tuky.fi\/etusivu\/news\/tutorhaku-2015-on-avattu\/","og_locale":"fi_FI","og_type":"article","og_title":"Tutorhaku 2015 on avattu - Turun KY","og_description":"Ensi syksyn\u00e4 loikkii taas liuta uusia pupuja Turun kauppakorkeakouluun. Jotta tuoreet opiskelijat p\u00e4\u00e4sisiv\u00e4t mahdollisimman nopeasti perille yliopistossa opiskelemisesta ja opiskelijael\u00e4m\u00e4st\u00e4, tarvitaan heid\u00e4n avukseen tutoreita. Tutor on se, jonka puoleen uusi [&hellip;]","og_url":"https:\/\/www.tuky.fi\/etusivu\/news\/tutorhaku-2015-on-avattu\/","og_site_name":"Turun KY","article_published_time":"2015-02-02T08:23:25+00:00","og_image":[{"url":"http:\/\/tuky.fi\/wordpress\/wp-content\/uploads\/2015\/02\/Tutor-kuva1.jpg","type":"","width":"","height":""}],"author":"Sosiaalipoliittinen vastaava","twitter_card":"summary_large_image","twitter_misc":{"Kirjoittanut":"Sosiaalipoliittinen vastaava","Arvioitu lukuaika":"1 minuutti"},"schema":{"@context":"https:\/\/schema.org","@graph":[{"@type":"Article","@id":"https:\/\/www.tuky.fi\/etusivu\/news\/tutorhaku-2015-on-avattu\/#article","isPartOf":{"@id":"https:\/\/www.tuky.fi\/etusivu\/news\/tutorhaku-2015-on-avattu\/"},"author":{"name":"Sosiaalipoliittinen vastaava","@id":"https:\/\/www.tuky.fi\/etusivu\/#\/schema\/person\/6bafe1ca915065fb67bf89adbcce9f6e"},"headline":"Tutorhaku 2015 on avattu","datePublished":"2015-02-02T08:23:25+00:00","mainEntityOfPage":{"@id":"https:\/\/www.tuky.fi\/etusivu\/news\/tutorhaku-2015-on-avattu\/"},"wordCount":262,"commentCount":0,"publisher":{"@id":"https:\/\/www.tuky.fi\/etusivu\/#organization"},"image":{"@id":"https:\/\/www.tuky.fi\/etusivu\/news\/tutorhaku-2015-on-avattu\/#primaryimage"},"thumbnailUrl":"http:\/\/tuky.fi\/wordpress\/wp-content\/uploads\/2015\/02\/Tutor-kuva1.jpg","articleSection":["news"],"inLanguage":"fi","potentialAction":[{"@type":"CommentAction","name":"Comment","target":["https:\/\/www.tuky.fi\/etusivu\/news\/tutorhaku-2015-on-avattu\/#respond"]}]},{"@type":"WebPage","@id":"https:\/\/www.tuky.fi\/etusivu\/news\/tutorhaku-2015-on-avattu\/","url":"https:\/\/www.tuky.fi\/etusivu\/news\/tutorhaku-2015-on-avattu\/","name":"Tutorhaku 2015 on avattu - Turun KY","isPartOf":{"@id":"https:\/\/www.tuky.fi\/etusivu\/#website"},"primaryImageOfPage":{"@id":"https:\/\/www.tuky.fi\/etusivu\/news\/tutorhaku-2015-on-avattu\/#primaryimage"},"image":{"@id":"https:\/\/www.tuky.fi\/etusivu\/news\/tutorhaku-2015-on-avattu\/#primaryimage"},"thumbnailUrl":"http:\/\/tuky.fi\/wordpress\/wp-content\/uploads\/2015\/02\/Tutor-kuva1.jpg","datePublished":"2015-02-02T08:23:25+00:00","breadcrumb":{"@id":"https:\/\/www.tuky.fi\/etusivu\/news\/tutorhaku-2015-on-avattu\/#breadcrumb"},"inLanguage":"fi","potentialAction":[{"@type":"ReadAction","target":["https:\/\/www.tuky.fi\/etusivu\/news\/tutorhaku-2015-on-avattu\/"]}]},{"@type":"ImageObject","inLanguage":"fi","@id":"https:\/\/www.tuky.fi\/etusivu\/news\/tutorhaku-2015-on-avattu\/#primaryimage","url":"http:\/\/tuky.fi\/wordpress\/wp-content\/uploads\/2015\/02\/Tutor-kuva1.jpg","contentUrl":"http:\/\/tuky.fi\/wordpress\/wp-content\/uploads\/2015\/02\/Tutor-kuva1.jpg"},{"@type":"BreadcrumbList","@id":"https:\/\/www.tuky.fi\/etusivu\/news\/tutorhaku-2015-on-avattu\/#breadcrumb","itemListElement":[{"@type":"ListItem","position":1,"name":"Etusivu","item":"https:\/\/www.tuky.fi\/etusivu\/"},{"@type":"ListItem","position":2,"name":"Tutorhaku 2015 on avattu"}]},{"@type":"WebSite","@id":"https:\/\/www.tuky.fi\/etusivu\/#website","url":"https:\/\/www.tuky.fi\/etusivu\/","name":"Turun KY","description":"TuKY","publisher":{"@id":"https:\/\/www.tuky.fi\/etusivu\/#organization"},"alternateName":"TuKY","potentialAction":[{"@type":"SearchAction","target":{"@type":"EntryPoint","urlTemplate":"https:\/\/www.tuky.fi\/etusivu\/?s={search_term_string}"},"query-input":{"@type":"PropertyValueSpecification","valueRequired":true,"valueName":"search_term_string"}}],"inLanguage":"fi"},{"@type":"Organization","@id":"https:\/\/www.tuky.fi\/etusivu\/#organization","name":"Turun KY","alternateName":"TuKY","url":"https:\/\/www.tuky.fi\/etusivu\/","logo":{"@type":"ImageObject","inLanguage":"fi","@id":"https:\/\/www.tuky.fi\/etusivu\/#\/schema\/logo\/image\/","url":"https:\/\/www.tuky.fi\/wp-content\/uploads\/2024\/09\/TuKY-logo-kulta-1.png","contentUrl":"https:\/\/www.tuky.fi\/wp-content\/uploads\/2024\/09\/TuKY-logo-kulta-1.png","width":1080,"height":1080,"caption":"Turun KY"},"image":{"@id":"https:\/\/www.tuky.fi\/etusivu\/#\/schema\/logo\/image\/"},"sameAs":["https:\/\/instagram.com\/turunky","https:\/\/linkedin.com\/turunky"]},{"@type":"Person","@id":"https:\/\/www.tuky.fi\/etusivu\/#\/schema\/person\/6bafe1ca915065fb67bf89adbcce9f6e","name":"Sosiaalipoliittinen vastaava","image":{"@type":"ImageObject","inLanguage":"fi","@id":"https:\/\/secure.gravatar.com\/avatar\/76e8a0f31a466694f5211ef517ce8d1c12893f6c766c3cfc8d682e1e96077dd4?s=96&d=mm&r=g","url":"https:\/\/secure.gravatar.com\/avatar\/76e8a0f31a466694f5211ef517ce8d1c12893f6c766c3cfc8d682e1e96077dd4?s=96&d=mm&r=g","contentUrl":"https:\/\/secure.gravatar.com\/avatar\/76e8a0f31a466694f5211ef517ce8d1c12893f6c766c3cfc8d682e1e96077dd4?s=96&d=mm&r=g","caption":"Sosiaalipoliittinen vastaava"},"url":"https:\/\/www.tuky.fi\/etusivu\/author\/ky-hyvinvointi\/"}]}},"lang":"fi","translations":{"fi":13651},"pll_sync_post":[],"_links":{"self":[{"href":"https:\/\/www.tuky.fi\/etusivu\/wp-json\/wp\/v2\/posts\/13651","targetHints":{"allow":["GET"]}}],"collection":[{"href":"https:\/\/www.tuky.fi\/etusivu\/wp-json\/wp\/v2\/posts"}],"about":[{"href":"https:\/\/www.tuky.fi\/etusivu\/wp-json\/wp\/v2\/types\/post"}],"author":[{"embeddable":true,"href":"https:\/\/www.tuky.fi\/etusivu\/wp-json\/wp\/v2\/users\/7"}],"replies":[{"embeddable":true,"href":"https:\/\/www.tuky.fi\/etusivu\/wp-json\/wp\/v2\/comments?post=13651"}],"version-history":[{"count":0,"href":"https:\/\/www.tuky.fi\/etusivu\/wp-json\/wp\/v2\/posts\/13651\/revisions"}],"wp:attachment":[{"href":"https:\/\/www.tuky.fi\/etusivu\/wp-json\/wp\/v2\/media?parent=13651"}],"wp:term":[{"taxonomy":"category","embeddable":true,"href":"https:\/\/www.tuky.fi\/etusivu\/wp-json\/wp\/v2\/categories?post=13651"},{"taxonomy":"post_tag","embeddable":true,"href":"https:\/\/www.tuky.fi\/etusivu\/wp-json\/wp\/v2\/tags?post=13651"}],"curies":[{"name":"wp","href":"https:\/\/api.w.org\/{rel}","templated":true}]}}