{"id":13578,"date":"2015-01-29T00:15:25","date_gmt":"2015-01-28T22:15:25","guid":{"rendered":"http:\/\/tuky.fi\/?p=13578"},"modified":"2015-01-29T00:15:25","modified_gmt":"2015-01-28T22:15:25","slug":"vuosijuhlatiimi-esittaytyy-2","status":"publish","type":"post","link":"https:\/\/www.tuky.fi\/etusivu\/news\/vuosijuhlatiimi-esittaytyy-2\/","title":{"rendered":"Vuosijuhlatiimi esitt\u00e4ytyy!"},"content":{"rendered":"<p>Uunituore vuosijuhlatiimi n\u00e4ytt\u00e4ytyy ensimm\u00e4ist\u00e4 kertaa kokonaisuudessaan!<\/p>\n<p>&nbsp;<\/p>\n<div id=\"attachment_13585\" style=\"width: 210px\" class=\"wp-caption alignleft\"><a href=\"http:\/\/tuky.fi\/wordpress\/wp-content\/uploads\/2015\/01\/Em-nnt-n-ja-is-nnt-n.jpg\"><img loading=\"lazy\" decoding=\"async\" aria-describedby=\"caption-attachment-13585\" class=\" wp-image-13585 \" alt=\"Tiina ja Ristomatti\" src=\"http:\/\/tuky.fi\/wordpress\/wp-content\/uploads\/2015\/01\/Em-nnt-n-ja-is-nnt-n.jpg\" width=\"200\" height=\"300\" \/><\/a><p id=\"caption-attachment-13585\" class=\"wp-caption-text\">Tiina ja Ristomatti<\/p><\/div>\n<p><b style=\"line-height: 1.5em;\">Em\u00e4nt\u00e4, Tiina M\u00e4nty:\u00a0<\/b><\/p>\n<div>\n<p>Uusi em\u00e4nt\u00e4nne ihastuttaa kiltteydell\u00e4\u00e4n ja innostuu nopeasti kaikesta uudesta. Kalenterini on t\u00e4yttynyt opiskeluaikanani nii pienist\u00e4 kuin v\u00e4h\u00e4n suuremmistakin vastuualueista, joiden my\u00f6t\u00e4 olen saanut kokea aivan mielett\u00f6mi\u00e4 asioita el\u00e4m\u00e4ss\u00e4ni.\u00a0Toistaiseksi olen puuhaillut aktiivisesti yhdistyksemme taloussektorilla,\u00a0mutta n\u00e4in kahden vuoden j\u00e4lkeen alkaa olla aika siirt\u00e4\u00e4 pikkuhiljaa talousteht\u00e4v\u00e4t sivuun ja hyp\u00e4t\u00e4 uusiin (eik\u00e4 varmasti yht\u00e4\u00e4n sen pienenpiin) saappaisiin.\u00a0El\u00e4m\u00e4ni suuriin iloihin kuuluu erityisesti sy\u00f6minen, pitk\u00e4\u00e4n nukkuminen, hyv\u00e4t salitreenit ja kev\u00e4\u00e4n ensimm\u00e4inen rusketus. Toistaiseksi\u00a0laiskat sunnuntait ovat j\u00e4\u00e4neet vain haaveeksi.<\/p>\n<p>Fiilis on t\u00e4ll\u00e4 hetkell\u00e4 mielet\u00f6n ja luotto tiimiimme on valtava! Uskon, ett\u00e4 tulemme j\u00e4rjest\u00e4m\u00e4\u00e4n kaikki odotukset ylitt\u00e4v\u00e4t, sentaatiomaisen upeat ja erityisesti mieleenpainuvat 65. vuosijuhlat.<\/p>\n<p><b>Is\u00e4nt\u00e4, Ristomatti Vahe:\u00a0<\/b><\/p>\n<p>Morjeens!\u00a0T\u00e4m\u00e4n kuntalaisen TuKY-hommat alkoivat vuonna 2010 mist\u00e4p\u00e4 muualtakaan kuin vuosijuhlista. Tuolloin p\u00e4\u00e4sin nauttimaan juhlien loistosta airuen saappaissa ja samalla suhde huikeaan opiskelijayhteis\u00f6\u00f6mme oli sinet\u00f6ity. TuKY-aikani on sis\u00e4lt\u00e4nyt niin hallitusvuotta kuin tutorointiakin, mutta ehk\u00e4p\u00e4 se kaikkein mieleenpainuvin asia on kuitenkin se, ett\u00e4 viimeiset kolme vuotta olen viett\u00e4nyt Turun KY:n yritysyhteisty\u00f6sektorilla. Tuo homma alkaa olla loppuruoralla, (kuten ehk\u00e4 se paljon puhuttu koulunk\u00e4yntikin..?) joten mik\u00e4p\u00e4 olisikaan parempi tapa \u201del\u00e4k\u00f6ity\u00e4\u201d yhdistystoiminnasta kuin osallistua Turun KY:n juhlavuoden p\u00e4\u00e4tt\u00e4vien vuosijuhlien j\u00e4rjest\u00e4miseen toisena p\u00e4\u00e4tireht\u00f6\u00f6rin\u00e4. Eik\u00f6h\u00e4n me saada upeat juhlat aikaiseksi!<\/p>\n<div id=\"attachment_13583\" style=\"width: 210px\" class=\"wp-caption alignleft\"><a href=\"http:\/\/tuky.fi\/wordpress\/wp-content\/uploads\/2015\/01\/Vuosijuhlaviikko-Emmi-Vilkanen2.jpg\"><img loading=\"lazy\" decoding=\"async\" aria-describedby=\"caption-attachment-13583\" class=\"size-full wp-image-13583\" alt=\"Emmi Vilkanen\" src=\"http:\/\/tuky.fi\/wordpress\/wp-content\/uploads\/2015\/01\/Vuosijuhlaviikko-Emmi-Vilkanen2.jpg\" width=\"200\" height=\"300\" \/><\/a><p id=\"caption-attachment-13583\" class=\"wp-caption-text\">Emmi Vilkanen<\/p><\/div>\n<p>&nbsp;<\/p>\n<p><b>Vuosijuhlaviikko, Emmi Vilkanen:<\/b><\/p>\n<p>Juhuu!\u00a0Olen Emmi Vilkanen, kolmannen vuosikurssin markkinoinnin opiskelija ja vujutiimin &#8221;viikkomummo&#8221;.\u00a0Haahuilen el\u00e4m\u00e4n halki ihmisi\u00e4 halaillen, kaikesta innostuen ja\u00a0arkip\u00e4iv\u00e4n pienist\u00e4 iloista nauttien. Selvi\u00e4n tilanteesta kuin tilanteesta pett\u00e4m\u00e4tt\u00f6m\u00e4ll\u00e4 blondin logiikalla. On kunnia p\u00e4\u00e4st\u00e4 mukaan j\u00e4rjest\u00e4m\u00e4\u00e4n yhdistyksemme 65-vuotisjuhlia, ja l\u00e4hdenkin innolla tekem\u00e4\u00e4n t\u00f6it\u00e4 sen eteen, ett\u00e4 Turun KY saa arvoisensa juhlavuoden!<\/p>\n<p>&nbsp;<\/p>\n<p>&nbsp;<\/p>\n<p>&nbsp;<\/p>\n<p>&nbsp;<\/p>\n<div id=\"attachment_13577\" style=\"width: 210px\" class=\"wp-caption alignleft\"><a href=\"http:\/\/tuky.fi\/wordpress\/wp-content\/uploads\/2015\/01\/Coctail-Salla-Puustinen2.jpg\"><img loading=\"lazy\" decoding=\"async\" aria-describedby=\"caption-attachment-13577\" class=\"size-full wp-image-13577\" alt=\"Salla Puustinen\" src=\"http:\/\/tuky.fi\/wordpress\/wp-content\/uploads\/2015\/01\/Coctail-Salla-Puustinen2.jpg\" width=\"200\" height=\"300\" \/><\/a><p id=\"caption-attachment-13577\" class=\"wp-caption-text\">Salla Puustinen<\/p><\/div>\n<p>&nbsp;<\/p>\n<p><b>Cocktail, Salla Puustinen:\u00a0<\/b><\/p>\n<p>22-vuotias toisen vuosikurssin edustaja, jonka ykk\u00f6sjuttuihin kuuluu reissaaminen, illanvietot hyv\u00e4ss\u00e4 seurassa ja pitk\u00e4t sunnuntaibrunssit. T\u00e4m\u00e4 cocktail-vastaava nauttii niin laskettelusta kuin purjehtimisesta ja kalenteri t\u00e4yttyykin kovaa vauhtia milloin mist\u00e4kin puuhasta, loistavana lis\u00e4n\u00e4 vuosijuhlien j\u00e4rkk\u00e4\u00e4misest\u00e4!<\/p>\n<p>&nbsp;<\/p>\n<p>&nbsp;<\/p>\n<p>&nbsp;<\/p>\n<p>&nbsp;<\/p>\n<p>&nbsp;<\/p>\n<p>&nbsp;<\/p>\n<div id=\"attachment_13580\" style=\"width: 210px\" class=\"wp-caption alignleft\"><a href=\"http:\/\/tuky.fi\/wordpress\/wp-content\/uploads\/2015\/01\/P-n-njuhla-Sofi-Laiho.jpg\"><img loading=\"lazy\" decoding=\"async\" aria-describedby=\"caption-attachment-13580\" class=\" wp-image-13580 \" alt=\"Sofi Laiho\" src=\"http:\/\/tuky.fi\/wordpress\/wp-content\/uploads\/2015\/01\/P-n-njuhla-Sofi-Laiho.jpg\" width=\"200\" height=\"300\" \/><\/a><p id=\"caption-attachment-13580\" class=\"wp-caption-text\">Sofi Laiho<\/p><\/div>\n<p>&nbsp;<\/p>\n<p><b>P\u00e4\u00e4juhla, Sofi Laiho:\u00a0<\/b><\/p>\n<p>No hello there! P\u00e4\u00e4juhlamummo esitt\u00e4ytyy. 24-vuotias iloinen turkulaisflikka, joka rakastaa glitterpopoja, kavereiden kanssa vietettyj\u00e4 viini-iltoja sek\u00e4 Pinterestiss\u00e4 surffailua. Sushilover, viinifani, laukkufriikki ja mummomafian virallinen j\u00e4sen. 9GAG pelastaa luentojen tyls\u00e4t hetket. T\u00e4n\u00e4 vuonna juhlitaan 65-vuotiasta Turun KY:t\u00e4, (t\u00e4h\u00e4n v\u00e4liin joku turkulainen saattais huudahtaa &#8221;joo vai!&#8221;) joten kopoilu vaihdetaan hetkeksi korkkareihin ja #vujuj\u00e4nn\u00e4ilyyn. Eik\u00f6h\u00e4n tehd\u00e4 n\u00e4ist\u00e4 vuosijuhlista vuosisadan tyylikk\u00e4imm\u00e4t ja maagisimmat kekkerit!<\/p>\n<p>&nbsp;<\/p>\n<p>&nbsp;<\/p>\n<p>&nbsp;<\/p>\n<p>&nbsp;<\/p>\n<div id=\"attachment_13579\" style=\"width: 210px\" class=\"wp-caption alignleft\"><a href=\"http:\/\/tuky.fi\/wordpress\/wp-content\/uploads\/2015\/01\/Jatkot-Kristian-Raitio2.jpg\"><img loading=\"lazy\" decoding=\"async\" aria-describedby=\"caption-attachment-13579\" class=\"size-full wp-image-13579\" alt=\"Kristian Raitio\" src=\"http:\/\/tuky.fi\/wordpress\/wp-content\/uploads\/2015\/01\/Jatkot-Kristian-Raitio2.jpg\" width=\"200\" height=\"300\" \/><\/a><p id=\"caption-attachment-13579\" class=\"wp-caption-text\">Kristian Raitio<\/p><\/div>\n<p>&nbsp;<\/p>\n<p><b>Jatkot, Kristian Raitio:\u00a0<\/b><\/p>\n<p>Hellurei! Olen viidennesvuosisataa vanha hymypoika Suomen New Yorkista, eli Uudestakaupungista. Nuorimies, jonka hymy ja puhe eiv\u00e4t useimmiten hyydy, kuin vasta pikkutunneilla. V\u00e4rik\u00e4s persoona, joka l\u00f6yt\u00e4\u00e4 itsens\u00e4 kerta toisensa j\u00e4lkeen uusien ihmisten ja projektien parista. Rakastan asioiden suunnittelua ja toteuttamista, siksi olenkin fiiliksiss\u00e4 p\u00e4\u00e4stess\u00e4ni j\u00e4rjest\u00e4m\u00e4\u00e4n juhlavuoden Vuosijuhlia!<\/p>\n<p>PS. Ep\u00e4ilen vahvasti, ett\u00e4 valintani johtui puhtaasti tiimin pakollisesta mieskiinti\u00f6st\u00e4. No anyway, t\u00e4s\u00e4 m\u00e4 ny ole!<\/p>\n<p>&nbsp;<\/p>\n<p>&nbsp;<\/p>\n<p>&nbsp;<\/p>\n<div id=\"attachment_13581\" style=\"width: 210px\" class=\"wp-caption alignleft\"><a href=\"http:\/\/tuky.fi\/wordpress\/wp-content\/uploads\/2015\/01\/Sillis-Erica-Jutta.jpg\"><img loading=\"lazy\" decoding=\"async\" aria-describedby=\"caption-attachment-13581\" class=\" wp-image-13581 \" alt=\"Erica De  Wit ja Jutta Ruotsalainen\" src=\"http:\/\/tuky.fi\/wordpress\/wp-content\/uploads\/2015\/01\/Sillis-Erica-Jutta.jpg\" width=\"200\" height=\"300\" \/><\/a><p id=\"caption-attachment-13581\" class=\"wp-caption-text\">Erica De Wit ja Jutta Ruotsalainen<\/p><\/div>\n<p>&nbsp;<\/p>\n<p><b>Sillis, Jutta Ruotsalainen &amp; Erica de Wit:\u00a0<\/b><\/p>\n<p>Hellou!\u00a0Sillisvastaaviksi on t\u00e4n\u00e4 vuonna valittu kaksi idearikasta, kreisi\u00e4 ja kunnianhimoista toisen vuosikurssin opiskelijaa. Aiomme ja lupaamme j\u00e4rjest\u00e4\u00e4 juhlavuoden kunniaksi mieleenpainuvimman silliaamiaisen, mit\u00e4 ei ole mink\u00e4\u00e4n KY:n historiassa n\u00e4hty. Olemme valmiit hakemaan vaikka Pluton avaruudesta\u00a0ja Titanicin meren pohjasta. Hulluja ja v\u00e4hemm\u00e4n hulluja ideoita meilt\u00e4 ei puutu, ja niiden eteen olemme valmiita 150,5 % motivaatiolla taistelemaan. T\u00e4m\u00e4 vauhdikas kaksikko vie silliksen t\u00e4ysin uusiin sf\u00e4\u00e4reihin! N\u00e4m\u00e4 tulevat olemaan kemut, joista kukaan ei halua j\u00e4\u00e4d\u00e4 paitsi.<\/p>\n<p>&nbsp;<\/p>\n<p>&nbsp;<\/p>\n<p>&nbsp;<\/p>\n<div id=\"attachment_13582\" style=\"width: 210px\" class=\"wp-caption alignleft\"><a href=\"http:\/\/tuky.fi\/wordpress\/wp-content\/uploads\/2015\/01\/Viestint-n-Laura-V-nyrynen.jpg\"><img loading=\"lazy\" decoding=\"async\" aria-describedby=\"caption-attachment-13582\" class=\" wp-image-13582 \" alt=\"Laura V\u00e4yrynen\" src=\"http:\/\/tuky.fi\/wordpress\/wp-content\/uploads\/2015\/01\/Viestint-n-Laura-V-nyrynen.jpg\" width=\"200\" height=\"300\" \/><\/a><p id=\"caption-attachment-13582\" class=\"wp-caption-text\">Laura V\u00e4yrynen<\/p><\/div>\n<p>&nbsp;<\/p>\n<p><b>V<\/b><b>iestint\u00e4, Laura V\u00e4yrynen:\u00a0<\/b><\/p>\n<p>T\u00e4ss\u00e4 tervehtii 20-kes\u00e4inen Lauraksi tai V\u00e4ykyksikin kutsuttu riemuidiootti. Harrastan hymyily\u00e4, halailua ja herkuttelua ja mottoni onkin \u201cEveryone\u2019s a friend you haven\u2019t met yet\u201d! Kauppiksessa opiskelen toista vuotta p\u00e4\u00e4aineenani markkinointi. J\u00e4rkytt\u00e4v\u00e4n huonon suuntavaistoni takia kuljen p\u00e4\u00e4asiassa Merca-koti-treenit v\u00e4li\u00e4, mutta energiaa taas riitt\u00e4\u00e4 vaikka muile jakaa! Vujutiimiss\u00e4 vastaan viestinn\u00e4st\u00e4 ja pid\u00e4n tarkasti huolen, ett\u00e4 te kaikki ihanat tukyl\u00e4iset saatte kaiken tarpeellisen tiedon upeasta juhlavuodestamme ja sen tapahtumista! #huikeeta #vujuj\u00e4nn\u00e4<\/p>\n<p>&nbsp;<\/p>\n<p>&nbsp;<\/p>\n<p>&nbsp;<\/p>\n<div id=\"attachment_13584\" style=\"width: 210px\" class=\"wp-caption alignleft\"><a href=\"http:\/\/tuky.fi\/wordpress\/wp-content\/uploads\/2015\/01\/Controller-Ida-Haapanen2.jpg\"><img loading=\"lazy\" decoding=\"async\" aria-describedby=\"caption-attachment-13584\" class=\"size-full wp-image-13584\" alt=\"Ida Haapanen\" src=\"http:\/\/tuky.fi\/wordpress\/wp-content\/uploads\/2015\/01\/Controller-Ida-Haapanen2.jpg\" width=\"200\" height=\"300\" \/><\/a><p id=\"caption-attachment-13584\" class=\"wp-caption-text\">Ida Haapanen<\/p><\/div>\n<p>&nbsp;<\/p>\n<p><b>Controller, Ida Haapanen:\u00a0<\/b><\/p>\n<p>Helouu!\u00a0Olen 22-vuotias ensimm\u00e4isen vuoden opiskelija Paimiosta. Viime vuonna k\u00e4vin puputtamassa monissa eri tapahtumissa, sain huippuja koulukavereita, kulutin k\u00e4nnykk\u00e4ni akkua massaluennoilla, opettelin ompelemaan haalarimerkkej\u00e4 kunnolla, olin cocktail-juhlanakissa ja koin el\u00e4m\u00e4ni ekan silliksen. N\u00e4in pari huippukohtaa mainitakseni. T\u00e4n\u00e4 vuonna kaikki on viet\u00e4v\u00e4 nextille levelille, joten oli pakko hakea mukaan vujutiimiin, jossa nyt toiminkin controllerina. T\u00e4m\u00e4n lis\u00e4ksi ajattelin vapaa-ajalla l\u00f6yt\u00e4\u00e4 uusia lenkkireittej\u00e4 Turun maastoista, keksi\u00e4 jotain hauskaa my\u00f6s Kulttiksen riveiss\u00e4 ja myyd\u00e4 viini\u00e4 er\u00e4\u00e4ss\u00e4 maamme nimelt\u00e4mainitsemattomassa monopoliyrityksess\u00e4. Odotan tulevia haasteita ja etenkin juhlavuotemme huipentumaa innolla, it\u2019s gonna be awesome!<\/p>\n<p><b><b><br \/>\n<\/b><\/b><\/p>\n<\/div>\n","protected":false},"excerpt":{"rendered":"<p>Uunituore vuosijuhlatiimi n\u00e4ytt\u00e4ytyy ensimm\u00e4ist\u00e4 kertaa kokonaisuudessaan! &nbsp; Em\u00e4nt\u00e4, Tiina M\u00e4nty:\u00a0 Uusi em\u00e4nt\u00e4nne ihastuttaa kiltteydell\u00e4\u00e4n ja innostuu nopeasti kaikesta uudesta. Kalenterini on t\u00e4yttynyt opiskeluaikanani nii pienist\u00e4 kuin v\u00e4h\u00e4n suuremmistakin vastuualueista, joiden [&hellip;]<\/p>\n","protected":false},"author":1,"featured_media":0,"comment_status":"open","ping_status":"open","sticky":false,"template":"","format":"standard","meta":{"_et_pb_use_builder":"","_et_pb_old_content":"","_et_gb_content_width":"","footnotes":""},"categories":[4],"tags":[],"class_list":["post-13578","post","type-post","status-publish","format-standard","hentry","category-news"],"yoast_head":"<!-- This site is optimized with the Yoast SEO plugin v27.2 - https:\/\/yoast.com\/product\/yoast-seo-wordpress\/ -->\n<title>Vuosijuhlatiimi esitt\u00e4ytyy! - Turun KY<\/title>\n<meta name=\"robots\" content=\"index, follow, max-snippet:-1, max-image-preview:large, max-video-preview:-1\" \/>\n<link rel=\"canonical\" href=\"https:\/\/www.tuky.fi\/etusivu\/news\/vuosijuhlatiimi-esittaytyy-2\/\" \/>\n<meta property=\"og:locale\" content=\"fi_FI\" \/>\n<meta property=\"og:type\" content=\"article\" \/>\n<meta property=\"og:title\" content=\"Vuosijuhlatiimi esitt\u00e4ytyy! - Turun KY\" \/>\n<meta property=\"og:description\" content=\"Uunituore vuosijuhlatiimi n\u00e4ytt\u00e4ytyy ensimm\u00e4ist\u00e4 kertaa kokonaisuudessaan! &nbsp; Em\u00e4nt\u00e4, Tiina M\u00e4nty:\u00a0 Uusi em\u00e4nt\u00e4nne ihastuttaa kiltteydell\u00e4\u00e4n ja innostuu nopeasti kaikesta uudesta. Kalenterini on t\u00e4yttynyt opiskeluaikanani nii pienist\u00e4 kuin v\u00e4h\u00e4n suuremmistakin vastuualueista, joiden [&hellip;]\" \/>\n<meta property=\"og:url\" content=\"https:\/\/www.tuky.fi\/etusivu\/news\/vuosijuhlatiimi-esittaytyy-2\/\" \/>\n<meta property=\"og:site_name\" content=\"Turun KY\" \/>\n<meta property=\"article:published_time\" content=\"2015-01-28T22:15:25+00:00\" \/>\n<meta property=\"og:image\" content=\"http:\/\/tuky.fi\/wordpress\/wp-content\/uploads\/2015\/01\/Em-nnt-n-ja-is-nnt-n.jpg\" \/>\n<meta name=\"author\" content=\"admin\" \/>\n<meta name=\"twitter:card\" content=\"summary_large_image\" \/>\n<meta name=\"twitter:label1\" content=\"Kirjoittanut\" \/>\n\t<meta name=\"twitter:data1\" content=\"admin\" \/>\n\t<meta name=\"twitter:label2\" content=\"Arvioitu lukuaika\" \/>\n\t<meta name=\"twitter:data2\" content=\"5 minuuttia\" \/>\n<script type=\"application\/ld+json\" class=\"yoast-schema-graph\">{\"@context\":\"https:\/\/schema.org\",\"@graph\":[{\"@type\":\"Article\",\"@id\":\"https:\/\/www.tuky.fi\/etusivu\/news\/vuosijuhlatiimi-esittaytyy-2\/#article\",\"isPartOf\":{\"@id\":\"https:\/\/www.tuky.fi\/etusivu\/news\/vuosijuhlatiimi-esittaytyy-2\/\"},\"author\":{\"name\":\"admin\",\"@id\":\"https:\/\/www.tuky.fi\/etusivu\/#\/schema\/person\/479eb0d4ef732e133e3a76f9b7659a39\"},\"headline\":\"Vuosijuhlatiimi esitt\u00e4ytyy!\",\"datePublished\":\"2015-01-28T22:15:25+00:00\",\"mainEntityOfPage\":{\"@id\":\"https:\/\/www.tuky.fi\/etusivu\/news\/vuosijuhlatiimi-esittaytyy-2\/\"},\"wordCount\":926,\"commentCount\":0,\"publisher\":{\"@id\":\"https:\/\/www.tuky.fi\/etusivu\/#organization\"},\"image\":{\"@id\":\"https:\/\/www.tuky.fi\/etusivu\/news\/vuosijuhlatiimi-esittaytyy-2\/#primaryimage\"},\"thumbnailUrl\":\"http:\/\/tuky.fi\/wordpress\/wp-content\/uploads\/2015\/01\/Em-nnt-n-ja-is-nnt-n.jpg\",\"articleSection\":[\"news\"],\"inLanguage\":\"fi\",\"potentialAction\":[{\"@type\":\"CommentAction\",\"name\":\"Comment\",\"target\":[\"https:\/\/www.tuky.fi\/etusivu\/news\/vuosijuhlatiimi-esittaytyy-2\/#respond\"]}]},{\"@type\":\"WebPage\",\"@id\":\"https:\/\/www.tuky.fi\/etusivu\/news\/vuosijuhlatiimi-esittaytyy-2\/\",\"url\":\"https:\/\/www.tuky.fi\/etusivu\/news\/vuosijuhlatiimi-esittaytyy-2\/\",\"name\":\"Vuosijuhlatiimi esitt\u00e4ytyy! - Turun KY\",\"isPartOf\":{\"@id\":\"https:\/\/www.tuky.fi\/etusivu\/#website\"},\"primaryImageOfPage\":{\"@id\":\"https:\/\/www.tuky.fi\/etusivu\/news\/vuosijuhlatiimi-esittaytyy-2\/#primaryimage\"},\"image\":{\"@id\":\"https:\/\/www.tuky.fi\/etusivu\/news\/vuosijuhlatiimi-esittaytyy-2\/#primaryimage\"},\"thumbnailUrl\":\"http:\/\/tuky.fi\/wordpress\/wp-content\/uploads\/2015\/01\/Em-nnt-n-ja-is-nnt-n.jpg\",\"datePublished\":\"2015-01-28T22:15:25+00:00\",\"breadcrumb\":{\"@id\":\"https:\/\/www.tuky.fi\/etusivu\/news\/vuosijuhlatiimi-esittaytyy-2\/#breadcrumb\"},\"inLanguage\":\"fi\",\"potentialAction\":[{\"@type\":\"ReadAction\",\"target\":[\"https:\/\/www.tuky.fi\/etusivu\/news\/vuosijuhlatiimi-esittaytyy-2\/\"]}]},{\"@type\":\"ImageObject\",\"inLanguage\":\"fi\",\"@id\":\"https:\/\/www.tuky.fi\/etusivu\/news\/vuosijuhlatiimi-esittaytyy-2\/#primaryimage\",\"url\":\"http:\/\/tuky.fi\/wordpress\/wp-content\/uploads\/2015\/01\/Em-nnt-n-ja-is-nnt-n.jpg\",\"contentUrl\":\"http:\/\/tuky.fi\/wordpress\/wp-content\/uploads\/2015\/01\/Em-nnt-n-ja-is-nnt-n.jpg\"},{\"@type\":\"BreadcrumbList\",\"@id\":\"https:\/\/www.tuky.fi\/etusivu\/news\/vuosijuhlatiimi-esittaytyy-2\/#breadcrumb\",\"itemListElement\":[{\"@type\":\"ListItem\",\"position\":1,\"name\":\"Etusivu\",\"item\":\"https:\/\/www.tuky.fi\/etusivu\/\"},{\"@type\":\"ListItem\",\"position\":2,\"name\":\"Vuosijuhlatiimi esitt\u00e4ytyy!\"}]},{\"@type\":\"WebSite\",\"@id\":\"https:\/\/www.tuky.fi\/etusivu\/#website\",\"url\":\"https:\/\/www.tuky.fi\/etusivu\/\",\"name\":\"Turun KY\",\"description\":\"TuKY\",\"publisher\":{\"@id\":\"https:\/\/www.tuky.fi\/etusivu\/#organization\"},\"alternateName\":\"TuKY\",\"potentialAction\":[{\"@type\":\"SearchAction\",\"target\":{\"@type\":\"EntryPoint\",\"urlTemplate\":\"https:\/\/www.tuky.fi\/etusivu\/?s={search_term_string}\"},\"query-input\":{\"@type\":\"PropertyValueSpecification\",\"valueRequired\":true,\"valueName\":\"search_term_string\"}}],\"inLanguage\":\"fi\"},{\"@type\":\"Organization\",\"@id\":\"https:\/\/www.tuky.fi\/etusivu\/#organization\",\"name\":\"Turun KY\",\"alternateName\":\"TuKY\",\"url\":\"https:\/\/www.tuky.fi\/etusivu\/\",\"logo\":{\"@type\":\"ImageObject\",\"inLanguage\":\"fi\",\"@id\":\"https:\/\/www.tuky.fi\/etusivu\/#\/schema\/logo\/image\/\",\"url\":\"https:\/\/www.tuky.fi\/wp-content\/uploads\/2024\/09\/TuKY-logo-kulta-1.png\",\"contentUrl\":\"https:\/\/www.tuky.fi\/wp-content\/uploads\/2024\/09\/TuKY-logo-kulta-1.png\",\"width\":1080,\"height\":1080,\"caption\":\"Turun KY\"},\"image\":{\"@id\":\"https:\/\/www.tuky.fi\/etusivu\/#\/schema\/logo\/image\/\"},\"sameAs\":[\"https:\/\/instagram.com\/turunky\",\"https:\/\/linkedin.com\/turunky\"]},{\"@type\":\"Person\",\"@id\":\"https:\/\/www.tuky.fi\/etusivu\/#\/schema\/person\/479eb0d4ef732e133e3a76f9b7659a39\",\"name\":\"admin\",\"image\":{\"@type\":\"ImageObject\",\"inLanguage\":\"fi\",\"@id\":\"https:\/\/secure.gravatar.com\/avatar\/afbe741656101229147e16716fbedbcade65018caf8c467f89b9abae7aaffeea?s=96&d=mm&r=g\",\"url\":\"https:\/\/secure.gravatar.com\/avatar\/afbe741656101229147e16716fbedbcade65018caf8c467f89b9abae7aaffeea?s=96&d=mm&r=g\",\"contentUrl\":\"https:\/\/secure.gravatar.com\/avatar\/afbe741656101229147e16716fbedbcade65018caf8c467f89b9abae7aaffeea?s=96&d=mm&r=g\",\"caption\":\"admin\"},\"url\":\"https:\/\/www.tuky.fi\/etusivu\/author\/admin\/\"}]}<\/script>\n<!-- \/ Yoast SEO plugin. -->","yoast_head_json":{"title":"Vuosijuhlatiimi esitt\u00e4ytyy! - Turun KY","robots":{"index":"index","follow":"follow","max-snippet":"max-snippet:-1","max-image-preview":"max-image-preview:large","max-video-preview":"max-video-preview:-1"},"canonical":"https:\/\/www.tuky.fi\/etusivu\/news\/vuosijuhlatiimi-esittaytyy-2\/","og_locale":"fi_FI","og_type":"article","og_title":"Vuosijuhlatiimi esitt\u00e4ytyy! - Turun KY","og_description":"Uunituore vuosijuhlatiimi n\u00e4ytt\u00e4ytyy ensimm\u00e4ist\u00e4 kertaa kokonaisuudessaan! &nbsp; Em\u00e4nt\u00e4, Tiina M\u00e4nty:\u00a0 Uusi em\u00e4nt\u00e4nne ihastuttaa kiltteydell\u00e4\u00e4n ja innostuu nopeasti kaikesta uudesta. Kalenterini on t\u00e4yttynyt opiskeluaikanani nii pienist\u00e4 kuin v\u00e4h\u00e4n suuremmistakin vastuualueista, joiden [&hellip;]","og_url":"https:\/\/www.tuky.fi\/etusivu\/news\/vuosijuhlatiimi-esittaytyy-2\/","og_site_name":"Turun KY","article_published_time":"2015-01-28T22:15:25+00:00","og_image":[{"url":"http:\/\/tuky.fi\/wordpress\/wp-content\/uploads\/2015\/01\/Em-nnt-n-ja-is-nnt-n.jpg","type":"","width":"","height":""}],"author":"admin","twitter_card":"summary_large_image","twitter_misc":{"Kirjoittanut":"admin","Arvioitu lukuaika":"5 minuuttia"},"schema":{"@context":"https:\/\/schema.org","@graph":[{"@type":"Article","@id":"https:\/\/www.tuky.fi\/etusivu\/news\/vuosijuhlatiimi-esittaytyy-2\/#article","isPartOf":{"@id":"https:\/\/www.tuky.fi\/etusivu\/news\/vuosijuhlatiimi-esittaytyy-2\/"},"author":{"name":"admin","@id":"https:\/\/www.tuky.fi\/etusivu\/#\/schema\/person\/479eb0d4ef732e133e3a76f9b7659a39"},"headline":"Vuosijuhlatiimi esitt\u00e4ytyy!","datePublished":"2015-01-28T22:15:25+00:00","mainEntityOfPage":{"@id":"https:\/\/www.tuky.fi\/etusivu\/news\/vuosijuhlatiimi-esittaytyy-2\/"},"wordCount":926,"commentCount":0,"publisher":{"@id":"https:\/\/www.tuky.fi\/etusivu\/#organization"},"image":{"@id":"https:\/\/www.tuky.fi\/etusivu\/news\/vuosijuhlatiimi-esittaytyy-2\/#primaryimage"},"thumbnailUrl":"http:\/\/tuky.fi\/wordpress\/wp-content\/uploads\/2015\/01\/Em-nnt-n-ja-is-nnt-n.jpg","articleSection":["news"],"inLanguage":"fi","potentialAction":[{"@type":"CommentAction","name":"Comment","target":["https:\/\/www.tuky.fi\/etusivu\/news\/vuosijuhlatiimi-esittaytyy-2\/#respond"]}]},{"@type":"WebPage","@id":"https:\/\/www.tuky.fi\/etusivu\/news\/vuosijuhlatiimi-esittaytyy-2\/","url":"https:\/\/www.tuky.fi\/etusivu\/news\/vuosijuhlatiimi-esittaytyy-2\/","name":"Vuosijuhlatiimi esitt\u00e4ytyy! - Turun KY","isPartOf":{"@id":"https:\/\/www.tuky.fi\/etusivu\/#website"},"primaryImageOfPage":{"@id":"https:\/\/www.tuky.fi\/etusivu\/news\/vuosijuhlatiimi-esittaytyy-2\/#primaryimage"},"image":{"@id":"https:\/\/www.tuky.fi\/etusivu\/news\/vuosijuhlatiimi-esittaytyy-2\/#primaryimage"},"thumbnailUrl":"http:\/\/tuky.fi\/wordpress\/wp-content\/uploads\/2015\/01\/Em-nnt-n-ja-is-nnt-n.jpg","datePublished":"2015-01-28T22:15:25+00:00","breadcrumb":{"@id":"https:\/\/www.tuky.fi\/etusivu\/news\/vuosijuhlatiimi-esittaytyy-2\/#breadcrumb"},"inLanguage":"fi","potentialAction":[{"@type":"ReadAction","target":["https:\/\/www.tuky.fi\/etusivu\/news\/vuosijuhlatiimi-esittaytyy-2\/"]}]},{"@type":"ImageObject","inLanguage":"fi","@id":"https:\/\/www.tuky.fi\/etusivu\/news\/vuosijuhlatiimi-esittaytyy-2\/#primaryimage","url":"http:\/\/tuky.fi\/wordpress\/wp-content\/uploads\/2015\/01\/Em-nnt-n-ja-is-nnt-n.jpg","contentUrl":"http:\/\/tuky.fi\/wordpress\/wp-content\/uploads\/2015\/01\/Em-nnt-n-ja-is-nnt-n.jpg"},{"@type":"BreadcrumbList","@id":"https:\/\/www.tuky.fi\/etusivu\/news\/vuosijuhlatiimi-esittaytyy-2\/#breadcrumb","itemListElement":[{"@type":"ListItem","position":1,"name":"Etusivu","item":"https:\/\/www.tuky.fi\/etusivu\/"},{"@type":"ListItem","position":2,"name":"Vuosijuhlatiimi esitt\u00e4ytyy!"}]},{"@type":"WebSite","@id":"https:\/\/www.tuky.fi\/etusivu\/#website","url":"https:\/\/www.tuky.fi\/etusivu\/","name":"Turun KY","description":"TuKY","publisher":{"@id":"https:\/\/www.tuky.fi\/etusivu\/#organization"},"alternateName":"TuKY","potentialAction":[{"@type":"SearchAction","target":{"@type":"EntryPoint","urlTemplate":"https:\/\/www.tuky.fi\/etusivu\/?s={search_term_string}"},"query-input":{"@type":"PropertyValueSpecification","valueRequired":true,"valueName":"search_term_string"}}],"inLanguage":"fi"},{"@type":"Organization","@id":"https:\/\/www.tuky.fi\/etusivu\/#organization","name":"Turun KY","alternateName":"TuKY","url":"https:\/\/www.tuky.fi\/etusivu\/","logo":{"@type":"ImageObject","inLanguage":"fi","@id":"https:\/\/www.tuky.fi\/etusivu\/#\/schema\/logo\/image\/","url":"https:\/\/www.tuky.fi\/wp-content\/uploads\/2024\/09\/TuKY-logo-kulta-1.png","contentUrl":"https:\/\/www.tuky.fi\/wp-content\/uploads\/2024\/09\/TuKY-logo-kulta-1.png","width":1080,"height":1080,"caption":"Turun KY"},"image":{"@id":"https:\/\/www.tuky.fi\/etusivu\/#\/schema\/logo\/image\/"},"sameAs":["https:\/\/instagram.com\/turunky","https:\/\/linkedin.com\/turunky"]},{"@type":"Person","@id":"https:\/\/www.tuky.fi\/etusivu\/#\/schema\/person\/479eb0d4ef732e133e3a76f9b7659a39","name":"admin","image":{"@type":"ImageObject","inLanguage":"fi","@id":"https:\/\/secure.gravatar.com\/avatar\/afbe741656101229147e16716fbedbcade65018caf8c467f89b9abae7aaffeea?s=96&d=mm&r=g","url":"https:\/\/secure.gravatar.com\/avatar\/afbe741656101229147e16716fbedbcade65018caf8c467f89b9abae7aaffeea?s=96&d=mm&r=g","contentUrl":"https:\/\/secure.gravatar.com\/avatar\/afbe741656101229147e16716fbedbcade65018caf8c467f89b9abae7aaffeea?s=96&d=mm&r=g","caption":"admin"},"url":"https:\/\/www.tuky.fi\/etusivu\/author\/admin\/"}]}},"lang":"fi","translations":{"fi":13578},"pll_sync_post":[],"_links":{"self":[{"href":"https:\/\/www.tuky.fi\/etusivu\/wp-json\/wp\/v2\/posts\/13578","targetHints":{"allow":["GET"]}}],"collection":[{"href":"https:\/\/www.tuky.fi\/etusivu\/wp-json\/wp\/v2\/posts"}],"about":[{"href":"https:\/\/www.tuky.fi\/etusivu\/wp-json\/wp\/v2\/types\/post"}],"author":[{"embeddable":true,"href":"https:\/\/www.tuky.fi\/etusivu\/wp-json\/wp\/v2\/users\/1"}],"replies":[{"embeddable":true,"href":"https:\/\/www.tuky.fi\/etusivu\/wp-json\/wp\/v2\/comments?post=13578"}],"version-history":[{"count":0,"href":"https:\/\/www.tuky.fi\/etusivu\/wp-json\/wp\/v2\/posts\/13578\/revisions"}],"wp:attachment":[{"href":"https:\/\/www.tuky.fi\/etusivu\/wp-json\/wp\/v2\/media?parent=13578"}],"wp:term":[{"taxonomy":"category","embeddable":true,"href":"https:\/\/www.tuky.fi\/etusivu\/wp-json\/wp\/v2\/categories?post=13578"},{"taxonomy":"post_tag","embeddable":true,"href":"https:\/\/www.tuky.fi\/etusivu\/wp-json\/wp\/v2\/tags?post=13578"}],"curies":[{"name":"wp","href":"https:\/\/api.w.org\/{rel}","templated":true}]}}