{"id":13497,"date":"2015-01-21T21:33:25","date_gmt":"2015-01-21T19:33:25","guid":{"rendered":"http:\/\/tuky.fi\/?p=13497"},"modified":"2015-01-21T21:33:25","modified_gmt":"2015-01-21T19:33:25","slug":"turun-kyn-yrityssuhdetiimi-2015-esittaytyy","status":"publish","type":"post","link":"https:\/\/www.tuky.fi\/etusivu\/news\/turun-kyn-yrityssuhdetiimi-2015-esittaytyy\/","title":{"rendered":"Turun KY:n Yrityssuhdetiimi 2015 esitt\u00e4ytyy"},"content":{"rendered":"<p>Moikka!<a href=\"http:\/\/tuky.fi\/wordpress\/wp-content\/uploads\/2015\/01\/Antti-Rikkila.jpg\"><img loading=\"lazy\" decoding=\"async\" class=\"alignright size-medium wp-image-13498\" alt=\"Antti Rikkil\u00e4\" src=\"http:\/\/tuky.fi\/wordpress\/wp-content\/uploads\/2015\/01\/Antti-Rikkila-200x300.jpg\" width=\"200\" height=\"300\" \/><\/a><\/p>\n<p>Olen <strong>Antti Rikkil\u00e4<\/strong>, 24-vuotias jo v\u00e4h\u00e4n turkulaistunut helsinkil\u00e4inen ja hoidan suhteita jaostoihin ja toimijaryhmiin. Kolmas opiskeluvuosi menossa ja p\u00e4\u00e4aineena kansainv\u00e4linen liiketoiminta. Vapaa-ajalla tulee harrastettua jalkapalloa, kuntosalia ja laskettelua sek\u00e4 kaverien kanssa l\u00f6h\u00f6ily\u00e4. Opiskelun ohessa on tullut aiemmin toimittua kaksi vuotta Turun KY:n hallituksessa, KY-Sportin ja NESUn merkeiss\u00e4. Odotan paljon mit\u00e4 tulevalla vuodella on annettavanaan, sill\u00e4 odotukset ovat korkealla. YST on kiinnostanut paljon jo opiskelujen alusta l\u00e4htien ja on hienoa p\u00e4\u00e4st\u00e4 mukaan t\u00e4h\u00e4n porukkaan!<\/p>\n<p>&nbsp;<\/p>\n<p>&nbsp;<\/p>\n<p>&nbsp;<\/p>\n<p>Moi!<a href=\"http:\/\/tuky.fi\/wordpress\/wp-content\/uploads\/2015\/01\/kuvapysty.jpg\"><img loading=\"lazy\" decoding=\"async\" class=\"alignright size-medium wp-image-13500\" alt=\"kuvapysty\" src=\"http:\/\/tuky.fi\/wordpress\/wp-content\/uploads\/2015\/01\/kuvapysty-206x300.jpg\" width=\"206\" height=\"300\" \/><\/a><\/p>\n<p>Olen <strong>Tuomas Hakala<\/strong>, 22-vuotias toisen vuosikurssin opiskelija ja vastuualueenani on KYliste. Turkuun muutin opiskelujen alkaessa syksyll\u00e4 2013 Liedosta. Harrastan ja seuraan urheilua laidasta laitaan ja luenkin teksti-tv:n urheilu-uutisia kuin Raamattua. Kotona rentoudun kuuntelemalla hyv\u00e4\u00e4 musiikkia ja katsomalla elokuvia. Myyntiurani alkoi puhelinmyynnist\u00e4 ja vaikka toimisto ei ollutkaan Wolf of Wall Street \u2013tyylinen huvipuisto, oli se opettavaista aikaa. L\u00e4hden innokkaana mukaan YST:n toimintaan ja hankkimaan entist\u00e4 parempia sponsseja meille kaikille!<\/p>\n<p>&nbsp;<\/p>\n<p>&nbsp;<\/p>\n<p>&nbsp;<\/p>\n<p>Moikka!<a href=\"http:\/\/tuky.fi\/wordpress\/wp-content\/uploads\/2015\/01\/Ysti-kuva.jpeg\"><img loading=\"lazy\" decoding=\"async\" class=\"alignright size-medium wp-image-13499\" alt=\"Ysti kuva\" src=\"http:\/\/tuky.fi\/wordpress\/wp-content\/uploads\/2015\/01\/Ysti-kuva-166x300.jpeg\" width=\"166\" height=\"300\" \/><\/a><\/p>\n<p>21-vuotias kivenkova rahantekokone, tuttavallisemmin <strong>Olli Siitonen<\/strong>. Toimin t\u00e4m\u00e4n vuoden yrityssuhdetiimiss\u00e4 Pikkulaskiaisvastaavana. Turkuun muutin viime syksyn\u00e4 Kirkkonummelta ja yksi lyhyen aikav\u00e4lin tavoite on upean Turun murteen omaksuminen. P\u00e4\u00e4ainetta harkitsen viel\u00e4 markkinoinnin ja laskentatoimi&amp;rahoituksen v\u00e4lilt\u00e4. Yrityssuhdetiimiin hakemisesta kiinnostuin toimiessani tulevan Pikkulaskiaisen yrityssuhdetiimiss\u00e4, jossa p\u00e4\u00e4sin mahtavan tiimin kanssa hoitamaan myyntineuvotteluja, ideointia ja kehitt\u00e4m\u00e4\u00e4n tapahtumaa eteenp\u00e4in. Alkaneelle vuodelle kehitteill\u00e4 suuria suunnitelmia, joilla nostetaan TuKY uusiin sf\u00e4\u00e4reihin!<\/p>\n<p>&nbsp;<\/p>\n<p>&nbsp;<\/p>\n<p>&nbsp;<\/p>\n<p>&nbsp;<\/p>\n<p>Moikka!<a href=\"http:\/\/tuky.fi\/wordpress\/wp-content\/uploads\/2015\/01\/juliaYST.jpg\"><img loading=\"lazy\" decoding=\"async\" class=\"alignright size-medium wp-image-13504\" alt=\"juliaYST\" src=\"http:\/\/tuky.fi\/wordpress\/wp-content\/uploads\/2015\/01\/juliaYST-249x300.jpg\" width=\"249\" height=\"300\" \/><\/a><\/p>\n<p>Tuore yrityssuhdetiimil\u00e4inen <strong>Julia Marjom\u00e4ki<\/strong> esitt\u00e4ytyy. Olen 23-vuotias jyv\u00e4skyl\u00e4l\u00e4inen toisen vuoden laskentatoimen p\u00e4\u00e4aineopiskelija ja vastaan niin Speksist\u00e4, kuin yrityssuhdetiimin omista tapahtumista. Yrityssuhdetiimist\u00e4 innostuin n\u00e4hty\u00e4ni Selling Point Seminarissa, kuinka siistej\u00e4 juttuja tiimi voikaan saada aikaan. YST:n lis\u00e4ksi opiskeluvuottani v\u00e4ritt\u00e4\u00e4 my\u00f6s Speksin look coordinatorina toimiminen. Vapaa-ajalla parasta ovat yst\u00e4v\u00e4t, kahvilat, kaikenlaiset tapahtumat ja uusiin ihmisiin tutustuminen. Mielest\u00e4ni on my\u00f6s mahdotonta matkustaa liikaa.<\/p>\n<p>&nbsp;<\/p>\n<p>&nbsp;<\/p>\n<p>&nbsp;<\/p>\n<p>Moi!<a href=\"http:\/\/tuky.fi\/wordpress\/wp-content\/uploads\/2015\/01\/Kuva-henkka.jpg\"><img loading=\"lazy\" decoding=\"async\" class=\"alignright size-medium wp-image-13503\" alt=\"Kuva_henkka\" src=\"http:\/\/tuky.fi\/wordpress\/wp-content\/uploads\/2015\/01\/Kuva-henkka-300x300.jpg\" width=\"300\" height=\"300\" \/><\/a><\/p>\n<p>Nimeni on <strong>Henrik Sinisalo<\/strong>, 21-vuotias ensimm\u00e4isen vuosikurssin opiskelija ja olen vastuussa opiskelijaeduista. Koulun ohella kulutan aikaani urheillessa, hyv\u00e4n Fifan vuosikerran \u00e4\u00e4rell\u00e4 sek\u00e4 myyden kenki\u00e4 Stadiumissa. Pupuvuoden aikana on tullut kierrelty\u00e4 monissa tapahtumissa ja tutustuttua TuKY:n erilaisiin j\u00e4rjest\u00f6ihin, mutta nimenomaan Yrityssuhdetiimin toiminta vetosi minuun. Odotan tulevalta YST vuodelta paljon uusia kokemuksia ja mielenkiintoisia teht\u00e4vi\u00e4 sek\u00e4 tietenkin hyvi\u00e4 yhteisty\u00f6sopimuksia. Aloitan pestini suurella innolla ja valitulla tiimill\u00e4 saamme varmasti loistavan vuoden aikaiseksi!<\/p>\n<p>&nbsp;<\/p>\n<p>&nbsp;<\/p>\n<p><span style=\"font-size: 14px; line-height: 1.5em;\">Moikka!<a href=\"http:\/\/tuky.fi\/wordpress\/wp-content\/uploads\/2015\/01\/IMG-20140719-184515.jpg\"><img loading=\"lazy\" decoding=\"async\" class=\"alignright size-medium wp-image-13501\" alt=\"IMG_20140719_184515\" src=\"http:\/\/tuky.fi\/wordpress\/wp-content\/uploads\/2015\/01\/IMG-20140719-184515-300x300.jpg\" width=\"300\" height=\"300\" \/><\/a><\/span><\/p>\n<p>Olen <strong>Sunny Kellman<\/strong>, ensimm\u00e4isen vuoden opiskelija t\u00e4\u00e4ll\u00e4 Turun kauppakorkeakoulussa ja olen vastuussa vuosijuhlista. Entisen\u00e4 helsinkil\u00e4isen\u00e4 olen kuluneen puolen vuoden aikana havainnut, ettei Turku olekaan niin hullumpi paikka asua ja opiskella. Iso kiitos siit\u00e4 kaikille, koulumme eritt\u00e4in hyv\u00e4n ilmapiirin ja monipuolisen toiminnan mahdollistaneille ja luoneille henkil\u00f6ille. T\u00e4m\u00e4n innoittaman p\u00e4\u00e4tin itsekin kantaa korteni kekoon ja hakea koulumme yrityssuhdetiimiin. Aiempaa kokemusta itselt\u00e4ni l\u00f6ytyy tapahtumien sek\u00e4 myynnin saralta. Toivon tuovani tiimiin n\u00e4iden lis\u00e4ksi tuoreita ideoita sek\u00e4 vahvaa tiimity\u00f6skentely\u00e4.\u00a0Odotan innolla tulevaa vuotta yrityssuhdetiimimmej\u00e4senen\u00e4 ja uusia haasteita joita se tuo mukanaan!<\/p>\n<p>&nbsp;<\/p>\n<p>&nbsp;<\/p>\n","protected":false},"excerpt":{"rendered":"<p>Moikka! Olen Antti Rikkil\u00e4, 24-vuotias jo v\u00e4h\u00e4n turkulaistunut helsinkil\u00e4inen ja hoidan suhteita jaostoihin ja toimijaryhmiin. Kolmas opiskeluvuosi menossa ja p\u00e4\u00e4aineena kansainv\u00e4linen liiketoiminta. Vapaa-ajalla tulee harrastettua jalkapalloa, kuntosalia ja laskettelua sek\u00e4 [&hellip;]<\/p>\n","protected":false},"author":42,"featured_media":0,"comment_status":"open","ping_status":"open","sticky":false,"template":"","format":"standard","meta":{"_et_pb_use_builder":"","_et_pb_old_content":"","_et_gb_content_width":"","footnotes":""},"categories":[4,8],"tags":[],"class_list":["post-13497","post","type-post","status-publish","format-standard","hentry","category-news","category-yst_uutiset"],"yoast_head":"<!-- This site is optimized with the Yoast SEO plugin v27.2 - https:\/\/yoast.com\/product\/yoast-seo-wordpress\/ -->\n<title>Turun KY:n Yrityssuhdetiimi 2015 esitt\u00e4ytyy - Turun KY<\/title>\n<meta name=\"robots\" content=\"index, follow, max-snippet:-1, max-image-preview:large, max-video-preview:-1\" \/>\n<link rel=\"canonical\" href=\"https:\/\/www.tuky.fi\/etusivu\/news\/turun-kyn-yrityssuhdetiimi-2015-esittaytyy\/\" \/>\n<meta property=\"og:locale\" content=\"fi_FI\" \/>\n<meta property=\"og:type\" content=\"article\" \/>\n<meta property=\"og:title\" content=\"Turun KY:n Yrityssuhdetiimi 2015 esitt\u00e4ytyy - Turun KY\" \/>\n<meta property=\"og:description\" content=\"Moikka! Olen Antti Rikkil\u00e4, 24-vuotias jo v\u00e4h\u00e4n turkulaistunut helsinkil\u00e4inen ja hoidan suhteita jaostoihin ja toimijaryhmiin. Kolmas opiskeluvuosi menossa ja p\u00e4\u00e4aineena kansainv\u00e4linen liiketoiminta. Vapaa-ajalla tulee harrastettua jalkapalloa, kuntosalia ja laskettelua sek\u00e4 [&hellip;]\" \/>\n<meta property=\"og:url\" content=\"https:\/\/www.tuky.fi\/etusivu\/news\/turun-kyn-yrityssuhdetiimi-2015-esittaytyy\/\" \/>\n<meta property=\"og:site_name\" content=\"Turun KY\" \/>\n<meta property=\"article:published_time\" content=\"2015-01-21T19:33:25+00:00\" \/>\n<meta property=\"og:image\" content=\"http:\/\/tuky.fi\/wordpress\/wp-content\/uploads\/2015\/01\/Antti-Rikkila-200x300.jpg\" \/>\n<meta name=\"author\" content=\"Myyntip\u00e4\u00e4llikk\u00f6\" \/>\n<meta name=\"twitter:card\" content=\"summary_large_image\" \/>\n<meta name=\"twitter:label1\" content=\"Kirjoittanut\" \/>\n\t<meta name=\"twitter:data1\" content=\"Myyntip\u00e4\u00e4llikk\u00f6\" \/>\n\t<meta name=\"twitter:label2\" content=\"Arvioitu lukuaika\" \/>\n\t<meta name=\"twitter:data2\" content=\"3 minuuttia\" \/>\n<script type=\"application\/ld+json\" class=\"yoast-schema-graph\">{\"@context\":\"https:\/\/schema.org\",\"@graph\":[{\"@type\":\"Article\",\"@id\":\"https:\/\/www.tuky.fi\/etusivu\/news\/turun-kyn-yrityssuhdetiimi-2015-esittaytyy\/#article\",\"isPartOf\":{\"@id\":\"https:\/\/www.tuky.fi\/etusivu\/news\/turun-kyn-yrityssuhdetiimi-2015-esittaytyy\/\"},\"author\":{\"name\":\"Myyntip\u00e4\u00e4llikk\u00f6\",\"@id\":\"https:\/\/www.tuky.fi\/etusivu\/#\/schema\/person\/66e53fffc743e17ca9d5603336ee4d59\"},\"headline\":\"Turun KY:n Yrityssuhdetiimi 2015 esitt\u00e4ytyy\",\"datePublished\":\"2015-01-21T19:33:25+00:00\",\"mainEntityOfPage\":{\"@id\":\"https:\/\/www.tuky.fi\/etusivu\/news\/turun-kyn-yrityssuhdetiimi-2015-esittaytyy\/\"},\"wordCount\":511,\"commentCount\":0,\"publisher\":{\"@id\":\"https:\/\/www.tuky.fi\/etusivu\/#organization\"},\"image\":{\"@id\":\"https:\/\/www.tuky.fi\/etusivu\/news\/turun-kyn-yrityssuhdetiimi-2015-esittaytyy\/#primaryimage\"},\"thumbnailUrl\":\"http:\/\/tuky.fi\/wordpress\/wp-content\/uploads\/2015\/01\/Antti-Rikkila-200x300.jpg\",\"articleSection\":[\"news\",\"YST - Uutiset\"],\"inLanguage\":\"fi\",\"potentialAction\":[{\"@type\":\"CommentAction\",\"name\":\"Comment\",\"target\":[\"https:\/\/www.tuky.fi\/etusivu\/news\/turun-kyn-yrityssuhdetiimi-2015-esittaytyy\/#respond\"]}]},{\"@type\":\"WebPage\",\"@id\":\"https:\/\/www.tuky.fi\/etusivu\/news\/turun-kyn-yrityssuhdetiimi-2015-esittaytyy\/\",\"url\":\"https:\/\/www.tuky.fi\/etusivu\/news\/turun-kyn-yrityssuhdetiimi-2015-esittaytyy\/\",\"name\":\"Turun KY:n Yrityssuhdetiimi 2015 esitt\u00e4ytyy - Turun KY\",\"isPartOf\":{\"@id\":\"https:\/\/www.tuky.fi\/etusivu\/#website\"},\"primaryImageOfPage\":{\"@id\":\"https:\/\/www.tuky.fi\/etusivu\/news\/turun-kyn-yrityssuhdetiimi-2015-esittaytyy\/#primaryimage\"},\"image\":{\"@id\":\"https:\/\/www.tuky.fi\/etusivu\/news\/turun-kyn-yrityssuhdetiimi-2015-esittaytyy\/#primaryimage\"},\"thumbnailUrl\":\"http:\/\/tuky.fi\/wordpress\/wp-content\/uploads\/2015\/01\/Antti-Rikkila-200x300.jpg\",\"datePublished\":\"2015-01-21T19:33:25+00:00\",\"breadcrumb\":{\"@id\":\"https:\/\/www.tuky.fi\/etusivu\/news\/turun-kyn-yrityssuhdetiimi-2015-esittaytyy\/#breadcrumb\"},\"inLanguage\":\"fi\",\"potentialAction\":[{\"@type\":\"ReadAction\",\"target\":[\"https:\/\/www.tuky.fi\/etusivu\/news\/turun-kyn-yrityssuhdetiimi-2015-esittaytyy\/\"]}]},{\"@type\":\"ImageObject\",\"inLanguage\":\"fi\",\"@id\":\"https:\/\/www.tuky.fi\/etusivu\/news\/turun-kyn-yrityssuhdetiimi-2015-esittaytyy\/#primaryimage\",\"url\":\"http:\/\/tuky.fi\/wordpress\/wp-content\/uploads\/2015\/01\/Antti-Rikkila-200x300.jpg\",\"contentUrl\":\"http:\/\/tuky.fi\/wordpress\/wp-content\/uploads\/2015\/01\/Antti-Rikkila-200x300.jpg\"},{\"@type\":\"BreadcrumbList\",\"@id\":\"https:\/\/www.tuky.fi\/etusivu\/news\/turun-kyn-yrityssuhdetiimi-2015-esittaytyy\/#breadcrumb\",\"itemListElement\":[{\"@type\":\"ListItem\",\"position\":1,\"name\":\"Etusivu\",\"item\":\"https:\/\/www.tuky.fi\/etusivu\/\"},{\"@type\":\"ListItem\",\"position\":2,\"name\":\"Turun KY:n Yrityssuhdetiimi 2015 esitt\u00e4ytyy\"}]},{\"@type\":\"WebSite\",\"@id\":\"https:\/\/www.tuky.fi\/etusivu\/#website\",\"url\":\"https:\/\/www.tuky.fi\/etusivu\/\",\"name\":\"Turun KY\",\"description\":\"TuKY\",\"publisher\":{\"@id\":\"https:\/\/www.tuky.fi\/etusivu\/#organization\"},\"alternateName\":\"TuKY\",\"potentialAction\":[{\"@type\":\"SearchAction\",\"target\":{\"@type\":\"EntryPoint\",\"urlTemplate\":\"https:\/\/www.tuky.fi\/etusivu\/?s={search_term_string}\"},\"query-input\":{\"@type\":\"PropertyValueSpecification\",\"valueRequired\":true,\"valueName\":\"search_term_string\"}}],\"inLanguage\":\"fi\"},{\"@type\":\"Organization\",\"@id\":\"https:\/\/www.tuky.fi\/etusivu\/#organization\",\"name\":\"Turun KY\",\"alternateName\":\"TuKY\",\"url\":\"https:\/\/www.tuky.fi\/etusivu\/\",\"logo\":{\"@type\":\"ImageObject\",\"inLanguage\":\"fi\",\"@id\":\"https:\/\/www.tuky.fi\/etusivu\/#\/schema\/logo\/image\/\",\"url\":\"https:\/\/www.tuky.fi\/wp-content\/uploads\/2024\/09\/TuKY-logo-kulta-1.png\",\"contentUrl\":\"https:\/\/www.tuky.fi\/wp-content\/uploads\/2024\/09\/TuKY-logo-kulta-1.png\",\"width\":1080,\"height\":1080,\"caption\":\"Turun KY\"},\"image\":{\"@id\":\"https:\/\/www.tuky.fi\/etusivu\/#\/schema\/logo\/image\/\"},\"sameAs\":[\"https:\/\/instagram.com\/turunky\",\"https:\/\/linkedin.com\/turunky\"]},{\"@type\":\"Person\",\"@id\":\"https:\/\/www.tuky.fi\/etusivu\/#\/schema\/person\/66e53fffc743e17ca9d5603336ee4d59\",\"name\":\"Myyntip\u00e4\u00e4llikk\u00f6\",\"image\":{\"@type\":\"ImageObject\",\"inLanguage\":\"fi\",\"@id\":\"https:\/\/secure.gravatar.com\/avatar\/8b962a9242c53dff7d2be24f16a604a8094c1e5fbb76a692d2c8aa5be966ed37?s=96&d=mm&r=g\",\"url\":\"https:\/\/secure.gravatar.com\/avatar\/8b962a9242c53dff7d2be24f16a604a8094c1e5fbb76a692d2c8aa5be966ed37?s=96&d=mm&r=g\",\"contentUrl\":\"https:\/\/secure.gravatar.com\/avatar\/8b962a9242c53dff7d2be24f16a604a8094c1e5fbb76a692d2c8aa5be966ed37?s=96&d=mm&r=g\",\"caption\":\"Myyntip\u00e4\u00e4llikk\u00f6\"},\"url\":\"https:\/\/www.tuky.fi\/etusivu\/author\/ky-myyntipaallikko\/\"}]}<\/script>\n<!-- \/ Yoast SEO plugin. -->","yoast_head_json":{"title":"Turun KY:n Yrityssuhdetiimi 2015 esitt\u00e4ytyy - Turun KY","robots":{"index":"index","follow":"follow","max-snippet":"max-snippet:-1","max-image-preview":"max-image-preview:large","max-video-preview":"max-video-preview:-1"},"canonical":"https:\/\/www.tuky.fi\/etusivu\/news\/turun-kyn-yrityssuhdetiimi-2015-esittaytyy\/","og_locale":"fi_FI","og_type":"article","og_title":"Turun KY:n Yrityssuhdetiimi 2015 esitt\u00e4ytyy - Turun KY","og_description":"Moikka! Olen Antti Rikkil\u00e4, 24-vuotias jo v\u00e4h\u00e4n turkulaistunut helsinkil\u00e4inen ja hoidan suhteita jaostoihin ja toimijaryhmiin. Kolmas opiskeluvuosi menossa ja p\u00e4\u00e4aineena kansainv\u00e4linen liiketoiminta. Vapaa-ajalla tulee harrastettua jalkapalloa, kuntosalia ja laskettelua sek\u00e4 [&hellip;]","og_url":"https:\/\/www.tuky.fi\/etusivu\/news\/turun-kyn-yrityssuhdetiimi-2015-esittaytyy\/","og_site_name":"Turun KY","article_published_time":"2015-01-21T19:33:25+00:00","og_image":[{"url":"http:\/\/tuky.fi\/wordpress\/wp-content\/uploads\/2015\/01\/Antti-Rikkila-200x300.jpg","type":"","width":"","height":""}],"author":"Myyntip\u00e4\u00e4llikk\u00f6","twitter_card":"summary_large_image","twitter_misc":{"Kirjoittanut":"Myyntip\u00e4\u00e4llikk\u00f6","Arvioitu lukuaika":"3 minuuttia"},"schema":{"@context":"https:\/\/schema.org","@graph":[{"@type":"Article","@id":"https:\/\/www.tuky.fi\/etusivu\/news\/turun-kyn-yrityssuhdetiimi-2015-esittaytyy\/#article","isPartOf":{"@id":"https:\/\/www.tuky.fi\/etusivu\/news\/turun-kyn-yrityssuhdetiimi-2015-esittaytyy\/"},"author":{"name":"Myyntip\u00e4\u00e4llikk\u00f6","@id":"https:\/\/www.tuky.fi\/etusivu\/#\/schema\/person\/66e53fffc743e17ca9d5603336ee4d59"},"headline":"Turun KY:n Yrityssuhdetiimi 2015 esitt\u00e4ytyy","datePublished":"2015-01-21T19:33:25+00:00","mainEntityOfPage":{"@id":"https:\/\/www.tuky.fi\/etusivu\/news\/turun-kyn-yrityssuhdetiimi-2015-esittaytyy\/"},"wordCount":511,"commentCount":0,"publisher":{"@id":"https:\/\/www.tuky.fi\/etusivu\/#organization"},"image":{"@id":"https:\/\/www.tuky.fi\/etusivu\/news\/turun-kyn-yrityssuhdetiimi-2015-esittaytyy\/#primaryimage"},"thumbnailUrl":"http:\/\/tuky.fi\/wordpress\/wp-content\/uploads\/2015\/01\/Antti-Rikkila-200x300.jpg","articleSection":["news","YST - Uutiset"],"inLanguage":"fi","potentialAction":[{"@type":"CommentAction","name":"Comment","target":["https:\/\/www.tuky.fi\/etusivu\/news\/turun-kyn-yrityssuhdetiimi-2015-esittaytyy\/#respond"]}]},{"@type":"WebPage","@id":"https:\/\/www.tuky.fi\/etusivu\/news\/turun-kyn-yrityssuhdetiimi-2015-esittaytyy\/","url":"https:\/\/www.tuky.fi\/etusivu\/news\/turun-kyn-yrityssuhdetiimi-2015-esittaytyy\/","name":"Turun KY:n Yrityssuhdetiimi 2015 esitt\u00e4ytyy - Turun KY","isPartOf":{"@id":"https:\/\/www.tuky.fi\/etusivu\/#website"},"primaryImageOfPage":{"@id":"https:\/\/www.tuky.fi\/etusivu\/news\/turun-kyn-yrityssuhdetiimi-2015-esittaytyy\/#primaryimage"},"image":{"@id":"https:\/\/www.tuky.fi\/etusivu\/news\/turun-kyn-yrityssuhdetiimi-2015-esittaytyy\/#primaryimage"},"thumbnailUrl":"http:\/\/tuky.fi\/wordpress\/wp-content\/uploads\/2015\/01\/Antti-Rikkila-200x300.jpg","datePublished":"2015-01-21T19:33:25+00:00","breadcrumb":{"@id":"https:\/\/www.tuky.fi\/etusivu\/news\/turun-kyn-yrityssuhdetiimi-2015-esittaytyy\/#breadcrumb"},"inLanguage":"fi","potentialAction":[{"@type":"ReadAction","target":["https:\/\/www.tuky.fi\/etusivu\/news\/turun-kyn-yrityssuhdetiimi-2015-esittaytyy\/"]}]},{"@type":"ImageObject","inLanguage":"fi","@id":"https:\/\/www.tuky.fi\/etusivu\/news\/turun-kyn-yrityssuhdetiimi-2015-esittaytyy\/#primaryimage","url":"http:\/\/tuky.fi\/wordpress\/wp-content\/uploads\/2015\/01\/Antti-Rikkila-200x300.jpg","contentUrl":"http:\/\/tuky.fi\/wordpress\/wp-content\/uploads\/2015\/01\/Antti-Rikkila-200x300.jpg"},{"@type":"BreadcrumbList","@id":"https:\/\/www.tuky.fi\/etusivu\/news\/turun-kyn-yrityssuhdetiimi-2015-esittaytyy\/#breadcrumb","itemListElement":[{"@type":"ListItem","position":1,"name":"Etusivu","item":"https:\/\/www.tuky.fi\/etusivu\/"},{"@type":"ListItem","position":2,"name":"Turun KY:n Yrityssuhdetiimi 2015 esitt\u00e4ytyy"}]},{"@type":"WebSite","@id":"https:\/\/www.tuky.fi\/etusivu\/#website","url":"https:\/\/www.tuky.fi\/etusivu\/","name":"Turun KY","description":"TuKY","publisher":{"@id":"https:\/\/www.tuky.fi\/etusivu\/#organization"},"alternateName":"TuKY","potentialAction":[{"@type":"SearchAction","target":{"@type":"EntryPoint","urlTemplate":"https:\/\/www.tuky.fi\/etusivu\/?s={search_term_string}"},"query-input":{"@type":"PropertyValueSpecification","valueRequired":true,"valueName":"search_term_string"}}],"inLanguage":"fi"},{"@type":"Organization","@id":"https:\/\/www.tuky.fi\/etusivu\/#organization","name":"Turun KY","alternateName":"TuKY","url":"https:\/\/www.tuky.fi\/etusivu\/","logo":{"@type":"ImageObject","inLanguage":"fi","@id":"https:\/\/www.tuky.fi\/etusivu\/#\/schema\/logo\/image\/","url":"https:\/\/www.tuky.fi\/wp-content\/uploads\/2024\/09\/TuKY-logo-kulta-1.png","contentUrl":"https:\/\/www.tuky.fi\/wp-content\/uploads\/2024\/09\/TuKY-logo-kulta-1.png","width":1080,"height":1080,"caption":"Turun KY"},"image":{"@id":"https:\/\/www.tuky.fi\/etusivu\/#\/schema\/logo\/image\/"},"sameAs":["https:\/\/instagram.com\/turunky","https:\/\/linkedin.com\/turunky"]},{"@type":"Person","@id":"https:\/\/www.tuky.fi\/etusivu\/#\/schema\/person\/66e53fffc743e17ca9d5603336ee4d59","name":"Myyntip\u00e4\u00e4llikk\u00f6","image":{"@type":"ImageObject","inLanguage":"fi","@id":"https:\/\/secure.gravatar.com\/avatar\/8b962a9242c53dff7d2be24f16a604a8094c1e5fbb76a692d2c8aa5be966ed37?s=96&d=mm&r=g","url":"https:\/\/secure.gravatar.com\/avatar\/8b962a9242c53dff7d2be24f16a604a8094c1e5fbb76a692d2c8aa5be966ed37?s=96&d=mm&r=g","contentUrl":"https:\/\/secure.gravatar.com\/avatar\/8b962a9242c53dff7d2be24f16a604a8094c1e5fbb76a692d2c8aa5be966ed37?s=96&d=mm&r=g","caption":"Myyntip\u00e4\u00e4llikk\u00f6"},"url":"https:\/\/www.tuky.fi\/etusivu\/author\/ky-myyntipaallikko\/"}]}},"lang":"fi","translations":{"fi":13497},"pll_sync_post":[],"_links":{"self":[{"href":"https:\/\/www.tuky.fi\/etusivu\/wp-json\/wp\/v2\/posts\/13497","targetHints":{"allow":["GET"]}}],"collection":[{"href":"https:\/\/www.tuky.fi\/etusivu\/wp-json\/wp\/v2\/posts"}],"about":[{"href":"https:\/\/www.tuky.fi\/etusivu\/wp-json\/wp\/v2\/types\/post"}],"author":[{"embeddable":true,"href":"https:\/\/www.tuky.fi\/etusivu\/wp-json\/wp\/v2\/users\/42"}],"replies":[{"embeddable":true,"href":"https:\/\/www.tuky.fi\/etusivu\/wp-json\/wp\/v2\/comments?post=13497"}],"version-history":[{"count":0,"href":"https:\/\/www.tuky.fi\/etusivu\/wp-json\/wp\/v2\/posts\/13497\/revisions"}],"wp:attachment":[{"href":"https:\/\/www.tuky.fi\/etusivu\/wp-json\/wp\/v2\/media?parent=13497"}],"wp:term":[{"taxonomy":"category","embeddable":true,"href":"https:\/\/www.tuky.fi\/etusivu\/wp-json\/wp\/v2\/categories?post=13497"},{"taxonomy":"post_tag","embeddable":true,"href":"https:\/\/www.tuky.fi\/etusivu\/wp-json\/wp\/v2\/tags?post=13497"}],"curies":[{"name":"wp","href":"https:\/\/api.w.org\/{rel}","templated":true}]}}