{"id":13434,"date":"2015-01-18T17:24:14","date_gmt":"2015-01-18T15:24:14","guid":{"rendered":"http:\/\/tuky.fi\/?p=13434"},"modified":"2015-01-18T17:24:14","modified_gmt":"2015-01-18T15:24:14","slug":"lyyti-jarjestaa-tapahtuman-helsingissa-ilmoittaudu-mukaan","status":"publish","type":"post","link":"https:\/\/www.tuky.fi\/etusivu\/news\/lyyti-jarjestaa-tapahtuman-helsingissa-ilmoittaudu-mukaan\/","title":{"rendered":"Lyyti j\u00e4rjest\u00e4\u00e4 tapahtuman Helsingiss\u00e4 &#8211; ilmoittaudu mukaan!"},"content":{"rendered":"<p>Yhteisty\u00f6kumppanimme Lyyti j\u00e4rjest\u00e4\u00e4 mielenkiintoisen tapahtuman Helsingiss\u00e4 tiistaina 3.2. Mukana on hyvi\u00e4 puhujia ja ajankohtaisia aiheita!<\/p>\n<p>&#8221;&#8211;Tapahtumat kohtaavat v\u00e4\u00e4j\u00e4\u00e4m\u00e4tt\u00f6m\u00e4n muutoksen. Digitalisaatio, hybriditapahtumat, webinaarit ja sosiaalinen media muuttavat tapahtuman luonnetta rajusti \u2013 vai muuttavatko?\u00a0Mik\u00e4 on tapahtumien, siis oikeammin kohtaamisen, merkitys nyt ja tulevaisuudessa? Mit\u00e4 on jo tapahtunut? Siihen Eventual pureutuu puhujien ja case-esimerkkien kautta rajoja rikkovassa ja kontrasteja tarjoavassa tilassa, legendaarisella Tavastialla.&#8221;<\/p>\n<p style=\"text-align: center\"><img loading=\"lazy\" decoding=\"async\" class=\"aligncenter\" alt=\"\" src=\"https:\/\/fbexternal-a.akamaihd.net\/safe_image.php?d=AQBgGkJxdcnCoKHw&amp;w=484&amp;h=253&amp;url=http%3A%2F%2Fwww.lyyti.com%2Feventual%2Fimg%2Ftavastia%2Ftavastia-klubi-lava.jpg&amp;cfs=1\" width=\"484\" height=\"252\" \/><\/p>\n<p>Lue lis\u00e4\u00e4 ja lmoittaudu mukaan t\u00e4m\u00e4n linkin kautta:<br \/>\n<a href=\"http:\/\/www.lyyti.com\/eventual\/index.html\" target=\"_blank\" rel=\"nofollow nofollow\">http:\/\/www.lyyti.com\/eventual\/index.html<\/a><\/p>\n","protected":false},"excerpt":{"rendered":"<p>Yhteisty\u00f6kumppanimme Lyyti j\u00e4rjest\u00e4\u00e4 mielenkiintoisen tapahtuman Helsingiss\u00e4 tiistaina 3.2. Mukana on hyvi\u00e4 puhujia ja ajankohtaisia aiheita! &#8221;&#8211;Tapahtumat kohtaavat v\u00e4\u00e4j\u00e4\u00e4m\u00e4tt\u00f6m\u00e4n muutoksen. Digitalisaatio, hybriditapahtumat, webinaarit ja sosiaalinen media muuttavat tapahtuman luonnetta rajusti \u2013 [&hellip;]<\/p>\n","protected":false},"author":42,"featured_media":0,"comment_status":"open","ping_status":"open","sticky":false,"template":"","format":"standard","meta":{"_et_pb_use_builder":"","_et_pb_old_content":"","_et_gb_content_width":"","footnotes":""},"categories":[4],"tags":[],"class_list":["post-13434","post","type-post","status-publish","format-standard","hentry","category-news"],"yoast_head":"<!-- This site is optimized with the Yoast SEO plugin v27.2 - https:\/\/yoast.com\/product\/yoast-seo-wordpress\/ -->\n<title>Lyyti j\u00e4rjest\u00e4\u00e4 tapahtuman Helsingiss\u00e4 - ilmoittaudu mukaan! - Turun KY<\/title>\n<meta name=\"robots\" content=\"index, follow, max-snippet:-1, max-image-preview:large, max-video-preview:-1\" \/>\n<link rel=\"canonical\" href=\"https:\/\/www.tuky.fi\/etusivu\/news\/lyyti-jarjestaa-tapahtuman-helsingissa-ilmoittaudu-mukaan\/\" \/>\n<meta property=\"og:locale\" content=\"fi_FI\" \/>\n<meta property=\"og:type\" content=\"article\" \/>\n<meta property=\"og:title\" content=\"Lyyti j\u00e4rjest\u00e4\u00e4 tapahtuman Helsingiss\u00e4 - ilmoittaudu mukaan! - Turun KY\" \/>\n<meta property=\"og:description\" content=\"Yhteisty\u00f6kumppanimme Lyyti j\u00e4rjest\u00e4\u00e4 mielenkiintoisen tapahtuman Helsingiss\u00e4 tiistaina 3.2. Mukana on hyvi\u00e4 puhujia ja ajankohtaisia aiheita! &#8221;&#8211;Tapahtumat kohtaavat v\u00e4\u00e4j\u00e4\u00e4m\u00e4tt\u00f6m\u00e4n muutoksen. Digitalisaatio, hybriditapahtumat, webinaarit ja sosiaalinen media muuttavat tapahtuman luonnetta rajusti \u2013 [&hellip;]\" \/>\n<meta property=\"og:url\" content=\"https:\/\/www.tuky.fi\/etusivu\/news\/lyyti-jarjestaa-tapahtuman-helsingissa-ilmoittaudu-mukaan\/\" \/>\n<meta property=\"og:site_name\" content=\"Turun KY\" \/>\n<meta property=\"article:published_time\" content=\"2015-01-18T15:24:14+00:00\" \/>\n<meta property=\"og:image\" content=\"https:\/\/fbexternal-a.akamaihd.net\/safe_image.php?d=AQBgGkJxdcnCoKHw&amp;w=484&amp;h=253&amp;url=http%3A%2F%2Fwww.lyyti.com%2Feventual%2Fimg%2Ftavastia%2Ftavastia-klubi-lava.jpg&amp;cfs=1\" \/>\n<meta name=\"author\" content=\"Myyntip\u00e4\u00e4llikk\u00f6\" \/>\n<meta name=\"twitter:card\" content=\"summary_large_image\" \/>\n<meta name=\"twitter:label1\" content=\"Kirjoittanut\" \/>\n\t<meta name=\"twitter:data1\" content=\"Myyntip\u00e4\u00e4llikk\u00f6\" \/>\n<script type=\"application\/ld+json\" class=\"yoast-schema-graph\">{\"@context\":\"https:\/\/schema.org\",\"@graph\":[{\"@type\":\"Article\",\"@id\":\"https:\/\/www.tuky.fi\/etusivu\/news\/lyyti-jarjestaa-tapahtuman-helsingissa-ilmoittaudu-mukaan\/#article\",\"isPartOf\":{\"@id\":\"https:\/\/www.tuky.fi\/etusivu\/news\/lyyti-jarjestaa-tapahtuman-helsingissa-ilmoittaudu-mukaan\/\"},\"author\":{\"name\":\"Myyntip\u00e4\u00e4llikk\u00f6\",\"@id\":\"https:\/\/www.tuky.fi\/etusivu\/#\/schema\/person\/66e53fffc743e17ca9d5603336ee4d59\"},\"headline\":\"Lyyti j\u00e4rjest\u00e4\u00e4 tapahtuman Helsingiss\u00e4 &#8211; ilmoittaudu mukaan!\",\"datePublished\":\"2015-01-18T15:24:14+00:00\",\"mainEntityOfPage\":{\"@id\":\"https:\/\/www.tuky.fi\/etusivu\/news\/lyyti-jarjestaa-tapahtuman-helsingissa-ilmoittaudu-mukaan\/\"},\"wordCount\":91,\"commentCount\":0,\"publisher\":{\"@id\":\"https:\/\/www.tuky.fi\/etusivu\/#organization\"},\"image\":{\"@id\":\"https:\/\/www.tuky.fi\/etusivu\/news\/lyyti-jarjestaa-tapahtuman-helsingissa-ilmoittaudu-mukaan\/#primaryimage\"},\"thumbnailUrl\":\"https:\/\/fbexternal-a.akamaihd.net\/safe_image.php?d=AQBgGkJxdcnCoKHw&amp;w=484&amp;h=253&amp;url=http%3A%2F%2Fwww.lyyti.com%2Feventual%2Fimg%2Ftavastia%2Ftavastia-klubi-lava.jpg&amp;cfs=1\",\"articleSection\":[\"news\"],\"inLanguage\":\"fi\",\"potentialAction\":[{\"@type\":\"CommentAction\",\"name\":\"Comment\",\"target\":[\"https:\/\/www.tuky.fi\/etusivu\/news\/lyyti-jarjestaa-tapahtuman-helsingissa-ilmoittaudu-mukaan\/#respond\"]}]},{\"@type\":\"WebPage\",\"@id\":\"https:\/\/www.tuky.fi\/etusivu\/news\/lyyti-jarjestaa-tapahtuman-helsingissa-ilmoittaudu-mukaan\/\",\"url\":\"https:\/\/www.tuky.fi\/etusivu\/news\/lyyti-jarjestaa-tapahtuman-helsingissa-ilmoittaudu-mukaan\/\",\"name\":\"Lyyti j\u00e4rjest\u00e4\u00e4 tapahtuman Helsingiss\u00e4 - ilmoittaudu mukaan! - Turun KY\",\"isPartOf\":{\"@id\":\"https:\/\/www.tuky.fi\/etusivu\/#website\"},\"primaryImageOfPage\":{\"@id\":\"https:\/\/www.tuky.fi\/etusivu\/news\/lyyti-jarjestaa-tapahtuman-helsingissa-ilmoittaudu-mukaan\/#primaryimage\"},\"image\":{\"@id\":\"https:\/\/www.tuky.fi\/etusivu\/news\/lyyti-jarjestaa-tapahtuman-helsingissa-ilmoittaudu-mukaan\/#primaryimage\"},\"thumbnailUrl\":\"https:\/\/fbexternal-a.akamaihd.net\/safe_image.php?d=AQBgGkJxdcnCoKHw&amp;w=484&amp;h=253&amp;url=http%3A%2F%2Fwww.lyyti.com%2Feventual%2Fimg%2Ftavastia%2Ftavastia-klubi-lava.jpg&amp;cfs=1\",\"datePublished\":\"2015-01-18T15:24:14+00:00\",\"breadcrumb\":{\"@id\":\"https:\/\/www.tuky.fi\/etusivu\/news\/lyyti-jarjestaa-tapahtuman-helsingissa-ilmoittaudu-mukaan\/#breadcrumb\"},\"inLanguage\":\"fi\",\"potentialAction\":[{\"@type\":\"ReadAction\",\"target\":[\"https:\/\/www.tuky.fi\/etusivu\/news\/lyyti-jarjestaa-tapahtuman-helsingissa-ilmoittaudu-mukaan\/\"]}]},{\"@type\":\"ImageObject\",\"inLanguage\":\"fi\",\"@id\":\"https:\/\/www.tuky.fi\/etusivu\/news\/lyyti-jarjestaa-tapahtuman-helsingissa-ilmoittaudu-mukaan\/#primaryimage\",\"url\":\"https:\/\/fbexternal-a.akamaihd.net\/safe_image.php?d=AQBgGkJxdcnCoKHw&amp;w=484&amp;h=253&amp;url=http%3A%2F%2Fwww.lyyti.com%2Feventual%2Fimg%2Ftavastia%2Ftavastia-klubi-lava.jpg&amp;cfs=1\",\"contentUrl\":\"https:\/\/fbexternal-a.akamaihd.net\/safe_image.php?d=AQBgGkJxdcnCoKHw&amp;w=484&amp;h=253&amp;url=http%3A%2F%2Fwww.lyyti.com%2Feventual%2Fimg%2Ftavastia%2Ftavastia-klubi-lava.jpg&amp;cfs=1\"},{\"@type\":\"BreadcrumbList\",\"@id\":\"https:\/\/www.tuky.fi\/etusivu\/news\/lyyti-jarjestaa-tapahtuman-helsingissa-ilmoittaudu-mukaan\/#breadcrumb\",\"itemListElement\":[{\"@type\":\"ListItem\",\"position\":1,\"name\":\"Etusivu\",\"item\":\"https:\/\/www.tuky.fi\/etusivu\/\"},{\"@type\":\"ListItem\",\"position\":2,\"name\":\"Lyyti j\u00e4rjest\u00e4\u00e4 tapahtuman Helsingiss\u00e4 &#8211; ilmoittaudu mukaan!\"}]},{\"@type\":\"WebSite\",\"@id\":\"https:\/\/www.tuky.fi\/etusivu\/#website\",\"url\":\"https:\/\/www.tuky.fi\/etusivu\/\",\"name\":\"Turun KY\",\"description\":\"TuKY\",\"publisher\":{\"@id\":\"https:\/\/www.tuky.fi\/etusivu\/#organization\"},\"alternateName\":\"TuKY\",\"potentialAction\":[{\"@type\":\"SearchAction\",\"target\":{\"@type\":\"EntryPoint\",\"urlTemplate\":\"https:\/\/www.tuky.fi\/etusivu\/?s={search_term_string}\"},\"query-input\":{\"@type\":\"PropertyValueSpecification\",\"valueRequired\":true,\"valueName\":\"search_term_string\"}}],\"inLanguage\":\"fi\"},{\"@type\":\"Organization\",\"@id\":\"https:\/\/www.tuky.fi\/etusivu\/#organization\",\"name\":\"Turun KY\",\"alternateName\":\"TuKY\",\"url\":\"https:\/\/www.tuky.fi\/etusivu\/\",\"logo\":{\"@type\":\"ImageObject\",\"inLanguage\":\"fi\",\"@id\":\"https:\/\/www.tuky.fi\/etusivu\/#\/schema\/logo\/image\/\",\"url\":\"https:\/\/www.tuky.fi\/wp-content\/uploads\/2024\/09\/TuKY-logo-kulta-1.png\",\"contentUrl\":\"https:\/\/www.tuky.fi\/wp-content\/uploads\/2024\/09\/TuKY-logo-kulta-1.png\",\"width\":1080,\"height\":1080,\"caption\":\"Turun KY\"},\"image\":{\"@id\":\"https:\/\/www.tuky.fi\/etusivu\/#\/schema\/logo\/image\/\"},\"sameAs\":[\"https:\/\/instagram.com\/turunky\",\"https:\/\/linkedin.com\/turunky\"]},{\"@type\":\"Person\",\"@id\":\"https:\/\/www.tuky.fi\/etusivu\/#\/schema\/person\/66e53fffc743e17ca9d5603336ee4d59\",\"name\":\"Myyntip\u00e4\u00e4llikk\u00f6\",\"image\":{\"@type\":\"ImageObject\",\"inLanguage\":\"fi\",\"@id\":\"https:\/\/secure.gravatar.com\/avatar\/8b962a9242c53dff7d2be24f16a604a8094c1e5fbb76a692d2c8aa5be966ed37?s=96&d=mm&r=g\",\"url\":\"https:\/\/secure.gravatar.com\/avatar\/8b962a9242c53dff7d2be24f16a604a8094c1e5fbb76a692d2c8aa5be966ed37?s=96&d=mm&r=g\",\"contentUrl\":\"https:\/\/secure.gravatar.com\/avatar\/8b962a9242c53dff7d2be24f16a604a8094c1e5fbb76a692d2c8aa5be966ed37?s=96&d=mm&r=g\",\"caption\":\"Myyntip\u00e4\u00e4llikk\u00f6\"},\"url\":\"https:\/\/www.tuky.fi\/etusivu\/author\/ky-myyntipaallikko\/\"}]}<\/script>\n<!-- \/ Yoast SEO plugin. -->","yoast_head_json":{"title":"Lyyti j\u00e4rjest\u00e4\u00e4 tapahtuman Helsingiss\u00e4 - ilmoittaudu mukaan! - Turun KY","robots":{"index":"index","follow":"follow","max-snippet":"max-snippet:-1","max-image-preview":"max-image-preview:large","max-video-preview":"max-video-preview:-1"},"canonical":"https:\/\/www.tuky.fi\/etusivu\/news\/lyyti-jarjestaa-tapahtuman-helsingissa-ilmoittaudu-mukaan\/","og_locale":"fi_FI","og_type":"article","og_title":"Lyyti j\u00e4rjest\u00e4\u00e4 tapahtuman Helsingiss\u00e4 - ilmoittaudu mukaan! - Turun KY","og_description":"Yhteisty\u00f6kumppanimme Lyyti j\u00e4rjest\u00e4\u00e4 mielenkiintoisen tapahtuman Helsingiss\u00e4 tiistaina 3.2. Mukana on hyvi\u00e4 puhujia ja ajankohtaisia aiheita! &#8221;&#8211;Tapahtumat kohtaavat v\u00e4\u00e4j\u00e4\u00e4m\u00e4tt\u00f6m\u00e4n muutoksen. Digitalisaatio, hybriditapahtumat, webinaarit ja sosiaalinen media muuttavat tapahtuman luonnetta rajusti \u2013 [&hellip;]","og_url":"https:\/\/www.tuky.fi\/etusivu\/news\/lyyti-jarjestaa-tapahtuman-helsingissa-ilmoittaudu-mukaan\/","og_site_name":"Turun KY","article_published_time":"2015-01-18T15:24:14+00:00","og_image":[{"url":"https:\/\/fbexternal-a.akamaihd.net\/safe_image.php?d=AQBgGkJxdcnCoKHw&amp;w=484&amp;h=253&amp;url=http%3A%2F%2Fwww.lyyti.com%2Feventual%2Fimg%2Ftavastia%2Ftavastia-klubi-lava.jpg&amp;cfs=1","type":"","width":"","height":""}],"author":"Myyntip\u00e4\u00e4llikk\u00f6","twitter_card":"summary_large_image","twitter_misc":{"Kirjoittanut":"Myyntip\u00e4\u00e4llikk\u00f6"},"schema":{"@context":"https:\/\/schema.org","@graph":[{"@type":"Article","@id":"https:\/\/www.tuky.fi\/etusivu\/news\/lyyti-jarjestaa-tapahtuman-helsingissa-ilmoittaudu-mukaan\/#article","isPartOf":{"@id":"https:\/\/www.tuky.fi\/etusivu\/news\/lyyti-jarjestaa-tapahtuman-helsingissa-ilmoittaudu-mukaan\/"},"author":{"name":"Myyntip\u00e4\u00e4llikk\u00f6","@id":"https:\/\/www.tuky.fi\/etusivu\/#\/schema\/person\/66e53fffc743e17ca9d5603336ee4d59"},"headline":"Lyyti j\u00e4rjest\u00e4\u00e4 tapahtuman Helsingiss\u00e4 &#8211; ilmoittaudu mukaan!","datePublished":"2015-01-18T15:24:14+00:00","mainEntityOfPage":{"@id":"https:\/\/www.tuky.fi\/etusivu\/news\/lyyti-jarjestaa-tapahtuman-helsingissa-ilmoittaudu-mukaan\/"},"wordCount":91,"commentCount":0,"publisher":{"@id":"https:\/\/www.tuky.fi\/etusivu\/#organization"},"image":{"@id":"https:\/\/www.tuky.fi\/etusivu\/news\/lyyti-jarjestaa-tapahtuman-helsingissa-ilmoittaudu-mukaan\/#primaryimage"},"thumbnailUrl":"https:\/\/fbexternal-a.akamaihd.net\/safe_image.php?d=AQBgGkJxdcnCoKHw&amp;w=484&amp;h=253&amp;url=http%3A%2F%2Fwww.lyyti.com%2Feventual%2Fimg%2Ftavastia%2Ftavastia-klubi-lava.jpg&amp;cfs=1","articleSection":["news"],"inLanguage":"fi","potentialAction":[{"@type":"CommentAction","name":"Comment","target":["https:\/\/www.tuky.fi\/etusivu\/news\/lyyti-jarjestaa-tapahtuman-helsingissa-ilmoittaudu-mukaan\/#respond"]}]},{"@type":"WebPage","@id":"https:\/\/www.tuky.fi\/etusivu\/news\/lyyti-jarjestaa-tapahtuman-helsingissa-ilmoittaudu-mukaan\/","url":"https:\/\/www.tuky.fi\/etusivu\/news\/lyyti-jarjestaa-tapahtuman-helsingissa-ilmoittaudu-mukaan\/","name":"Lyyti j\u00e4rjest\u00e4\u00e4 tapahtuman Helsingiss\u00e4 - ilmoittaudu mukaan! - Turun KY","isPartOf":{"@id":"https:\/\/www.tuky.fi\/etusivu\/#website"},"primaryImageOfPage":{"@id":"https:\/\/www.tuky.fi\/etusivu\/news\/lyyti-jarjestaa-tapahtuman-helsingissa-ilmoittaudu-mukaan\/#primaryimage"},"image":{"@id":"https:\/\/www.tuky.fi\/etusivu\/news\/lyyti-jarjestaa-tapahtuman-helsingissa-ilmoittaudu-mukaan\/#primaryimage"},"thumbnailUrl":"https:\/\/fbexternal-a.akamaihd.net\/safe_image.php?d=AQBgGkJxdcnCoKHw&amp;w=484&amp;h=253&amp;url=http%3A%2F%2Fwww.lyyti.com%2Feventual%2Fimg%2Ftavastia%2Ftavastia-klubi-lava.jpg&amp;cfs=1","datePublished":"2015-01-18T15:24:14+00:00","breadcrumb":{"@id":"https:\/\/www.tuky.fi\/etusivu\/news\/lyyti-jarjestaa-tapahtuman-helsingissa-ilmoittaudu-mukaan\/#breadcrumb"},"inLanguage":"fi","potentialAction":[{"@type":"ReadAction","target":["https:\/\/www.tuky.fi\/etusivu\/news\/lyyti-jarjestaa-tapahtuman-helsingissa-ilmoittaudu-mukaan\/"]}]},{"@type":"ImageObject","inLanguage":"fi","@id":"https:\/\/www.tuky.fi\/etusivu\/news\/lyyti-jarjestaa-tapahtuman-helsingissa-ilmoittaudu-mukaan\/#primaryimage","url":"https:\/\/fbexternal-a.akamaihd.net\/safe_image.php?d=AQBgGkJxdcnCoKHw&amp;w=484&amp;h=253&amp;url=http%3A%2F%2Fwww.lyyti.com%2Feventual%2Fimg%2Ftavastia%2Ftavastia-klubi-lava.jpg&amp;cfs=1","contentUrl":"https:\/\/fbexternal-a.akamaihd.net\/safe_image.php?d=AQBgGkJxdcnCoKHw&amp;w=484&amp;h=253&amp;url=http%3A%2F%2Fwww.lyyti.com%2Feventual%2Fimg%2Ftavastia%2Ftavastia-klubi-lava.jpg&amp;cfs=1"},{"@type":"BreadcrumbList","@id":"https:\/\/www.tuky.fi\/etusivu\/news\/lyyti-jarjestaa-tapahtuman-helsingissa-ilmoittaudu-mukaan\/#breadcrumb","itemListElement":[{"@type":"ListItem","position":1,"name":"Etusivu","item":"https:\/\/www.tuky.fi\/etusivu\/"},{"@type":"ListItem","position":2,"name":"Lyyti j\u00e4rjest\u00e4\u00e4 tapahtuman Helsingiss\u00e4 &#8211; ilmoittaudu mukaan!"}]},{"@type":"WebSite","@id":"https:\/\/www.tuky.fi\/etusivu\/#website","url":"https:\/\/www.tuky.fi\/etusivu\/","name":"Turun KY","description":"TuKY","publisher":{"@id":"https:\/\/www.tuky.fi\/etusivu\/#organization"},"alternateName":"TuKY","potentialAction":[{"@type":"SearchAction","target":{"@type":"EntryPoint","urlTemplate":"https:\/\/www.tuky.fi\/etusivu\/?s={search_term_string}"},"query-input":{"@type":"PropertyValueSpecification","valueRequired":true,"valueName":"search_term_string"}}],"inLanguage":"fi"},{"@type":"Organization","@id":"https:\/\/www.tuky.fi\/etusivu\/#organization","name":"Turun KY","alternateName":"TuKY","url":"https:\/\/www.tuky.fi\/etusivu\/","logo":{"@type":"ImageObject","inLanguage":"fi","@id":"https:\/\/www.tuky.fi\/etusivu\/#\/schema\/logo\/image\/","url":"https:\/\/www.tuky.fi\/wp-content\/uploads\/2024\/09\/TuKY-logo-kulta-1.png","contentUrl":"https:\/\/www.tuky.fi\/wp-content\/uploads\/2024\/09\/TuKY-logo-kulta-1.png","width":1080,"height":1080,"caption":"Turun KY"},"image":{"@id":"https:\/\/www.tuky.fi\/etusivu\/#\/schema\/logo\/image\/"},"sameAs":["https:\/\/instagram.com\/turunky","https:\/\/linkedin.com\/turunky"]},{"@type":"Person","@id":"https:\/\/www.tuky.fi\/etusivu\/#\/schema\/person\/66e53fffc743e17ca9d5603336ee4d59","name":"Myyntip\u00e4\u00e4llikk\u00f6","image":{"@type":"ImageObject","inLanguage":"fi","@id":"https:\/\/secure.gravatar.com\/avatar\/8b962a9242c53dff7d2be24f16a604a8094c1e5fbb76a692d2c8aa5be966ed37?s=96&d=mm&r=g","url":"https:\/\/secure.gravatar.com\/avatar\/8b962a9242c53dff7d2be24f16a604a8094c1e5fbb76a692d2c8aa5be966ed37?s=96&d=mm&r=g","contentUrl":"https:\/\/secure.gravatar.com\/avatar\/8b962a9242c53dff7d2be24f16a604a8094c1e5fbb76a692d2c8aa5be966ed37?s=96&d=mm&r=g","caption":"Myyntip\u00e4\u00e4llikk\u00f6"},"url":"https:\/\/www.tuky.fi\/etusivu\/author\/ky-myyntipaallikko\/"}]}},"lang":"fi","translations":{"fi":13434},"pll_sync_post":[],"_links":{"self":[{"href":"https:\/\/www.tuky.fi\/etusivu\/wp-json\/wp\/v2\/posts\/13434","targetHints":{"allow":["GET"]}}],"collection":[{"href":"https:\/\/www.tuky.fi\/etusivu\/wp-json\/wp\/v2\/posts"}],"about":[{"href":"https:\/\/www.tuky.fi\/etusivu\/wp-json\/wp\/v2\/types\/post"}],"author":[{"embeddable":true,"href":"https:\/\/www.tuky.fi\/etusivu\/wp-json\/wp\/v2\/users\/42"}],"replies":[{"embeddable":true,"href":"https:\/\/www.tuky.fi\/etusivu\/wp-json\/wp\/v2\/comments?post=13434"}],"version-history":[{"count":0,"href":"https:\/\/www.tuky.fi\/etusivu\/wp-json\/wp\/v2\/posts\/13434\/revisions"}],"wp:attachment":[{"href":"https:\/\/www.tuky.fi\/etusivu\/wp-json\/wp\/v2\/media?parent=13434"}],"wp:term":[{"taxonomy":"category","embeddable":true,"href":"https:\/\/www.tuky.fi\/etusivu\/wp-json\/wp\/v2\/categories?post=13434"},{"taxonomy":"post_tag","embeddable":true,"href":"https:\/\/www.tuky.fi\/etusivu\/wp-json\/wp\/v2\/tags?post=13434"}],"curies":[{"name":"wp","href":"https:\/\/api.w.org\/{rel}","templated":true}]}}