{"id":13425,"date":"2015-01-16T17:33:46","date_gmt":"2015-01-16T15:33:46","guid":{"rendered":"http:\/\/tuky.fi\/?p=13425"},"modified":"2015-01-16T17:33:46","modified_gmt":"2015-01-16T15:33:46","slug":"turun-kyn-kyploomeja-myonnetty","status":"publish","type":"post","link":"https:\/\/www.tuky.fi\/etusivu\/news\/turun-kyn-kyploomeja-myonnetty\/","title":{"rendered":"Turun KY:n kyploomeja my\u00f6nnetty"},"content":{"rendered":"<p>Turun KY jakaa ansioituneille aktiiveilleen kyploomeja kiitoksena opiskelijoiden eteen tehdyst\u00e4 ty\u00f6st\u00e4. Kyploomit jaetaan valmistujaistilaisuudessa puolivuosittain ja ne my\u00f6nt\u00e4\u00e4 valmistuville Turun KY:n hallitus. T\u00e4ll\u00e4 kertaa kyploomeja jaettiin seuraaville 40:lle aktiiviselle Turun KY:n j\u00e4senelle, jotka nyt ovat valmistuneet.<\/p>\n<ul>\n<li>Emilia Arko<\/li>\n<li>Maria Heimonen<\/li>\n<li>Cristina Herrera<\/li>\n<li>Marianne Huhtala<\/li>\n<li>Saana H\u00e4kkinen<\/li>\n<li>Sini Jysm\u00e4<\/li>\n<li>Eveliina Kakko<\/li>\n<li>Emma Kaukonen<\/li>\n<li>Saila Kokkonen<\/li>\n<li>Juho Korkiakoski<\/li>\n<li>Maiju Korpinen<\/li>\n<li>Antti Koskenvoima<\/li>\n<li>Saija Kulmala<\/li>\n<li>Jani Kurvinen<\/li>\n<li>Sanni Kyher\u00f6inen<\/li>\n<li>Eva K\u00e4rpp\u00e4l\u00e4<\/li>\n<li>Raimo Laaksonen<\/li>\n<li>Laura Laitala<\/li>\n<li>Nina Lindstr\u00f6m<\/li>\n<li>Teele Luga<\/li>\n<li>Mikko L\u00f6tj\u00f6nen<\/li>\n<li>Elina Mannonen<\/li>\n<li>Ilkka Marja-aho<\/li>\n<li>Maria Maunula<\/li>\n<li>Maija Myllym\u00e4ki<\/li>\n<li>Saara Oulasvirta<\/li>\n<li>Minna Pakarinen<\/li>\n<li>Lauri Permanto<\/li>\n<li>Aki Pitk\u00e4nen<\/li>\n<li>Tommi Pylv\u00e4nen<\/li>\n<li>Anniina Saario<\/li>\n<li>Anu Sairanen<\/li>\n<li>Hanna Sairinen<\/li>\n<li>Jussi Suvanto<\/li>\n<li>Sami Toivonen<\/li>\n<li>Henna Turto<\/li>\n<li>Juho T\u00f6rm\u00e4<\/li>\n<li>Tuomas Virtanen<\/li>\n<li>Salla V\u00e4\u00e4t\u00e4inen<\/li>\n<li>Joanna Wierzchowiecka<\/li>\n<\/ul>\n<p>Mik\u00e4li et p\u00e4\u00e4ssyt valmistujaistilaisuuteen, mutta haluat saada kyploomin itsellesi, otathan yhteytt\u00e4\u00a0<a href=\"mailto:toiminnanjohtaja@tuky.fi\" target=\"_blank\">toiminnanjohtaja@tuky.fi<\/a>.<\/p>\n<p>Turun KY onnittelee valmistuneita ja erityisesti kyploomin saajia!<\/p>\n","protected":false},"excerpt":{"rendered":"<p>Turun KY jakaa ansioituneille aktiiveilleen kyploomeja kiitoksena opiskelijoiden eteen tehdyst\u00e4 ty\u00f6st\u00e4. Kyploomit jaetaan valmistujaistilaisuudessa puolivuosittain ja ne my\u00f6nt\u00e4\u00e4 valmistuville Turun KY:n hallitus. T\u00e4ll\u00e4 kertaa kyploomeja jaettiin seuraaville 40:lle aktiiviselle Turun [&hellip;]<\/p>\n","protected":false},"author":5,"featured_media":0,"comment_status":"open","ping_status":"open","sticky":false,"template":"","format":"standard","meta":{"_et_pb_use_builder":"","_et_pb_old_content":"","_et_gb_content_width":"","footnotes":""},"categories":[4],"tags":[503,298],"class_list":["post-13425","post","type-post","status-publish","format-standard","hentry","category-news","tag-kyploomi","tag-valmistuminen"],"yoast_head":"<!-- This site is optimized with the Yoast SEO plugin v27.2 - https:\/\/yoast.com\/product\/yoast-seo-wordpress\/ -->\n<title>Turun KY:n kyploomeja my\u00f6nnetty - Turun KY<\/title>\n<meta name=\"robots\" content=\"index, follow, max-snippet:-1, max-image-preview:large, max-video-preview:-1\" \/>\n<link rel=\"canonical\" href=\"https:\/\/www.tuky.fi\/etusivu\/news\/turun-kyn-kyploomeja-myonnetty\/\" \/>\n<meta property=\"og:locale\" content=\"fi_FI\" \/>\n<meta property=\"og:type\" content=\"article\" \/>\n<meta property=\"og:title\" content=\"Turun KY:n kyploomeja my\u00f6nnetty - Turun KY\" \/>\n<meta property=\"og:description\" content=\"Turun KY jakaa ansioituneille aktiiveilleen kyploomeja kiitoksena opiskelijoiden eteen tehdyst\u00e4 ty\u00f6st\u00e4. Kyploomit jaetaan valmistujaistilaisuudessa puolivuosittain ja ne my\u00f6nt\u00e4\u00e4 valmistuville Turun KY:n hallitus. T\u00e4ll\u00e4 kertaa kyploomeja jaettiin seuraaville 40:lle aktiiviselle Turun [&hellip;]\" \/>\n<meta property=\"og:url\" content=\"https:\/\/www.tuky.fi\/etusivu\/news\/turun-kyn-kyploomeja-myonnetty\/\" \/>\n<meta property=\"og:site_name\" content=\"Turun KY\" \/>\n<meta property=\"article:published_time\" content=\"2015-01-16T15:33:46+00:00\" \/>\n<meta name=\"author\" content=\"Toiminnanjohtaja\" \/>\n<meta name=\"twitter:card\" content=\"summary_large_image\" \/>\n<meta name=\"twitter:label1\" content=\"Kirjoittanut\" \/>\n\t<meta name=\"twitter:data1\" content=\"Toiminnanjohtaja\" \/>\n\t<meta name=\"twitter:label2\" content=\"Arvioitu lukuaika\" \/>\n\t<meta name=\"twitter:data2\" content=\"1 minuutti\" \/>\n<script type=\"application\/ld+json\" class=\"yoast-schema-graph\">{\"@context\":\"https:\/\/schema.org\",\"@graph\":[{\"@type\":\"Article\",\"@id\":\"https:\/\/www.tuky.fi\/etusivu\/news\/turun-kyn-kyploomeja-myonnetty\/#article\",\"isPartOf\":{\"@id\":\"https:\/\/www.tuky.fi\/etusivu\/news\/turun-kyn-kyploomeja-myonnetty\/\"},\"author\":{\"name\":\"Toiminnanjohtaja\",\"@id\":\"https:\/\/www.tuky.fi\/etusivu\/#\/schema\/person\/857b2c80ba750df9646bcddb726bb422\"},\"headline\":\"Turun KY:n kyploomeja my\u00f6nnetty\",\"datePublished\":\"2015-01-16T15:33:46+00:00\",\"mainEntityOfPage\":{\"@id\":\"https:\/\/www.tuky.fi\/etusivu\/news\/turun-kyn-kyploomeja-myonnetty\/\"},\"wordCount\":165,\"commentCount\":0,\"publisher\":{\"@id\":\"https:\/\/www.tuky.fi\/etusivu\/#organization\"},\"keywords\":[\"kyploomi\",\"valmistuminen\"],\"articleSection\":[\"news\"],\"inLanguage\":\"fi\",\"potentialAction\":[{\"@type\":\"CommentAction\",\"name\":\"Comment\",\"target\":[\"https:\/\/www.tuky.fi\/etusivu\/news\/turun-kyn-kyploomeja-myonnetty\/#respond\"]}]},{\"@type\":\"WebPage\",\"@id\":\"https:\/\/www.tuky.fi\/etusivu\/news\/turun-kyn-kyploomeja-myonnetty\/\",\"url\":\"https:\/\/www.tuky.fi\/etusivu\/news\/turun-kyn-kyploomeja-myonnetty\/\",\"name\":\"Turun KY:n kyploomeja my\u00f6nnetty - Turun KY\",\"isPartOf\":{\"@id\":\"https:\/\/www.tuky.fi\/etusivu\/#website\"},\"datePublished\":\"2015-01-16T15:33:46+00:00\",\"breadcrumb\":{\"@id\":\"https:\/\/www.tuky.fi\/etusivu\/news\/turun-kyn-kyploomeja-myonnetty\/#breadcrumb\"},\"inLanguage\":\"fi\",\"potentialAction\":[{\"@type\":\"ReadAction\",\"target\":[\"https:\/\/www.tuky.fi\/etusivu\/news\/turun-kyn-kyploomeja-myonnetty\/\"]}]},{\"@type\":\"BreadcrumbList\",\"@id\":\"https:\/\/www.tuky.fi\/etusivu\/news\/turun-kyn-kyploomeja-myonnetty\/#breadcrumb\",\"itemListElement\":[{\"@type\":\"ListItem\",\"position\":1,\"name\":\"Etusivu\",\"item\":\"https:\/\/www.tuky.fi\/etusivu\/\"},{\"@type\":\"ListItem\",\"position\":2,\"name\":\"Turun KY:n kyploomeja my\u00f6nnetty\"}]},{\"@type\":\"WebSite\",\"@id\":\"https:\/\/www.tuky.fi\/etusivu\/#website\",\"url\":\"https:\/\/www.tuky.fi\/etusivu\/\",\"name\":\"Turun KY\",\"description\":\"TuKY\",\"publisher\":{\"@id\":\"https:\/\/www.tuky.fi\/etusivu\/#organization\"},\"alternateName\":\"TuKY\",\"potentialAction\":[{\"@type\":\"SearchAction\",\"target\":{\"@type\":\"EntryPoint\",\"urlTemplate\":\"https:\/\/www.tuky.fi\/etusivu\/?s={search_term_string}\"},\"query-input\":{\"@type\":\"PropertyValueSpecification\",\"valueRequired\":true,\"valueName\":\"search_term_string\"}}],\"inLanguage\":\"fi\"},{\"@type\":\"Organization\",\"@id\":\"https:\/\/www.tuky.fi\/etusivu\/#organization\",\"name\":\"Turun KY\",\"alternateName\":\"TuKY\",\"url\":\"https:\/\/www.tuky.fi\/etusivu\/\",\"logo\":{\"@type\":\"ImageObject\",\"inLanguage\":\"fi\",\"@id\":\"https:\/\/www.tuky.fi\/etusivu\/#\/schema\/logo\/image\/\",\"url\":\"https:\/\/www.tuky.fi\/wp-content\/uploads\/2024\/09\/TuKY-logo-kulta-1.png\",\"contentUrl\":\"https:\/\/www.tuky.fi\/wp-content\/uploads\/2024\/09\/TuKY-logo-kulta-1.png\",\"width\":1080,\"height\":1080,\"caption\":\"Turun KY\"},\"image\":{\"@id\":\"https:\/\/www.tuky.fi\/etusivu\/#\/schema\/logo\/image\/\"},\"sameAs\":[\"https:\/\/instagram.com\/turunky\",\"https:\/\/linkedin.com\/turunky\"]},{\"@type\":\"Person\",\"@id\":\"https:\/\/www.tuky.fi\/etusivu\/#\/schema\/person\/857b2c80ba750df9646bcddb726bb422\",\"name\":\"Toiminnanjohtaja\",\"image\":{\"@type\":\"ImageObject\",\"inLanguage\":\"fi\",\"@id\":\"https:\/\/secure.gravatar.com\/avatar\/731cec3365faa756ce59a8037b7e863376e9ac12940fb890ed5b05758585cb35?s=96&d=mm&r=g\",\"url\":\"https:\/\/secure.gravatar.com\/avatar\/731cec3365faa756ce59a8037b7e863376e9ac12940fb890ed5b05758585cb35?s=96&d=mm&r=g\",\"contentUrl\":\"https:\/\/secure.gravatar.com\/avatar\/731cec3365faa756ce59a8037b7e863376e9ac12940fb890ed5b05758585cb35?s=96&d=mm&r=g\",\"caption\":\"Toiminnanjohtaja\"},\"url\":\"https:\/\/www.tuky.fi\/etusivu\/author\/toiminnanjohtaja\/\"}]}<\/script>\n<!-- \/ Yoast SEO plugin. -->","yoast_head_json":{"title":"Turun KY:n kyploomeja my\u00f6nnetty - Turun KY","robots":{"index":"index","follow":"follow","max-snippet":"max-snippet:-1","max-image-preview":"max-image-preview:large","max-video-preview":"max-video-preview:-1"},"canonical":"https:\/\/www.tuky.fi\/etusivu\/news\/turun-kyn-kyploomeja-myonnetty\/","og_locale":"fi_FI","og_type":"article","og_title":"Turun KY:n kyploomeja my\u00f6nnetty - Turun KY","og_description":"Turun KY jakaa ansioituneille aktiiveilleen kyploomeja kiitoksena opiskelijoiden eteen tehdyst\u00e4 ty\u00f6st\u00e4. Kyploomit jaetaan valmistujaistilaisuudessa puolivuosittain ja ne my\u00f6nt\u00e4\u00e4 valmistuville Turun KY:n hallitus. T\u00e4ll\u00e4 kertaa kyploomeja jaettiin seuraaville 40:lle aktiiviselle Turun [&hellip;]","og_url":"https:\/\/www.tuky.fi\/etusivu\/news\/turun-kyn-kyploomeja-myonnetty\/","og_site_name":"Turun KY","article_published_time":"2015-01-16T15:33:46+00:00","author":"Toiminnanjohtaja","twitter_card":"summary_large_image","twitter_misc":{"Kirjoittanut":"Toiminnanjohtaja","Arvioitu lukuaika":"1 minuutti"},"schema":{"@context":"https:\/\/schema.org","@graph":[{"@type":"Article","@id":"https:\/\/www.tuky.fi\/etusivu\/news\/turun-kyn-kyploomeja-myonnetty\/#article","isPartOf":{"@id":"https:\/\/www.tuky.fi\/etusivu\/news\/turun-kyn-kyploomeja-myonnetty\/"},"author":{"name":"Toiminnanjohtaja","@id":"https:\/\/www.tuky.fi\/etusivu\/#\/schema\/person\/857b2c80ba750df9646bcddb726bb422"},"headline":"Turun KY:n kyploomeja my\u00f6nnetty","datePublished":"2015-01-16T15:33:46+00:00","mainEntityOfPage":{"@id":"https:\/\/www.tuky.fi\/etusivu\/news\/turun-kyn-kyploomeja-myonnetty\/"},"wordCount":165,"commentCount":0,"publisher":{"@id":"https:\/\/www.tuky.fi\/etusivu\/#organization"},"keywords":["kyploomi","valmistuminen"],"articleSection":["news"],"inLanguage":"fi","potentialAction":[{"@type":"CommentAction","name":"Comment","target":["https:\/\/www.tuky.fi\/etusivu\/news\/turun-kyn-kyploomeja-myonnetty\/#respond"]}]},{"@type":"WebPage","@id":"https:\/\/www.tuky.fi\/etusivu\/news\/turun-kyn-kyploomeja-myonnetty\/","url":"https:\/\/www.tuky.fi\/etusivu\/news\/turun-kyn-kyploomeja-myonnetty\/","name":"Turun KY:n kyploomeja my\u00f6nnetty - Turun KY","isPartOf":{"@id":"https:\/\/www.tuky.fi\/etusivu\/#website"},"datePublished":"2015-01-16T15:33:46+00:00","breadcrumb":{"@id":"https:\/\/www.tuky.fi\/etusivu\/news\/turun-kyn-kyploomeja-myonnetty\/#breadcrumb"},"inLanguage":"fi","potentialAction":[{"@type":"ReadAction","target":["https:\/\/www.tuky.fi\/etusivu\/news\/turun-kyn-kyploomeja-myonnetty\/"]}]},{"@type":"BreadcrumbList","@id":"https:\/\/www.tuky.fi\/etusivu\/news\/turun-kyn-kyploomeja-myonnetty\/#breadcrumb","itemListElement":[{"@type":"ListItem","position":1,"name":"Etusivu","item":"https:\/\/www.tuky.fi\/etusivu\/"},{"@type":"ListItem","position":2,"name":"Turun KY:n kyploomeja my\u00f6nnetty"}]},{"@type":"WebSite","@id":"https:\/\/www.tuky.fi\/etusivu\/#website","url":"https:\/\/www.tuky.fi\/etusivu\/","name":"Turun KY","description":"TuKY","publisher":{"@id":"https:\/\/www.tuky.fi\/etusivu\/#organization"},"alternateName":"TuKY","potentialAction":[{"@type":"SearchAction","target":{"@type":"EntryPoint","urlTemplate":"https:\/\/www.tuky.fi\/etusivu\/?s={search_term_string}"},"query-input":{"@type":"PropertyValueSpecification","valueRequired":true,"valueName":"search_term_string"}}],"inLanguage":"fi"},{"@type":"Organization","@id":"https:\/\/www.tuky.fi\/etusivu\/#organization","name":"Turun KY","alternateName":"TuKY","url":"https:\/\/www.tuky.fi\/etusivu\/","logo":{"@type":"ImageObject","inLanguage":"fi","@id":"https:\/\/www.tuky.fi\/etusivu\/#\/schema\/logo\/image\/","url":"https:\/\/www.tuky.fi\/wp-content\/uploads\/2024\/09\/TuKY-logo-kulta-1.png","contentUrl":"https:\/\/www.tuky.fi\/wp-content\/uploads\/2024\/09\/TuKY-logo-kulta-1.png","width":1080,"height":1080,"caption":"Turun KY"},"image":{"@id":"https:\/\/www.tuky.fi\/etusivu\/#\/schema\/logo\/image\/"},"sameAs":["https:\/\/instagram.com\/turunky","https:\/\/linkedin.com\/turunky"]},{"@type":"Person","@id":"https:\/\/www.tuky.fi\/etusivu\/#\/schema\/person\/857b2c80ba750df9646bcddb726bb422","name":"Toiminnanjohtaja","image":{"@type":"ImageObject","inLanguage":"fi","@id":"https:\/\/secure.gravatar.com\/avatar\/731cec3365faa756ce59a8037b7e863376e9ac12940fb890ed5b05758585cb35?s=96&d=mm&r=g","url":"https:\/\/secure.gravatar.com\/avatar\/731cec3365faa756ce59a8037b7e863376e9ac12940fb890ed5b05758585cb35?s=96&d=mm&r=g","contentUrl":"https:\/\/secure.gravatar.com\/avatar\/731cec3365faa756ce59a8037b7e863376e9ac12940fb890ed5b05758585cb35?s=96&d=mm&r=g","caption":"Toiminnanjohtaja"},"url":"https:\/\/www.tuky.fi\/etusivu\/author\/toiminnanjohtaja\/"}]}},"lang":"fi","translations":{"fi":13425},"pll_sync_post":[],"_links":{"self":[{"href":"https:\/\/www.tuky.fi\/etusivu\/wp-json\/wp\/v2\/posts\/13425","targetHints":{"allow":["GET"]}}],"collection":[{"href":"https:\/\/www.tuky.fi\/etusivu\/wp-json\/wp\/v2\/posts"}],"about":[{"href":"https:\/\/www.tuky.fi\/etusivu\/wp-json\/wp\/v2\/types\/post"}],"author":[{"embeddable":true,"href":"https:\/\/www.tuky.fi\/etusivu\/wp-json\/wp\/v2\/users\/5"}],"replies":[{"embeddable":true,"href":"https:\/\/www.tuky.fi\/etusivu\/wp-json\/wp\/v2\/comments?post=13425"}],"version-history":[{"count":0,"href":"https:\/\/www.tuky.fi\/etusivu\/wp-json\/wp\/v2\/posts\/13425\/revisions"}],"wp:attachment":[{"href":"https:\/\/www.tuky.fi\/etusivu\/wp-json\/wp\/v2\/media?parent=13425"}],"wp:term":[{"taxonomy":"category","embeddable":true,"href":"https:\/\/www.tuky.fi\/etusivu\/wp-json\/wp\/v2\/categories?post=13425"},{"taxonomy":"post_tag","embeddable":true,"href":"https:\/\/www.tuky.fi\/etusivu\/wp-json\/wp\/v2\/tags?post=13425"}],"curies":[{"name":"wp","href":"https:\/\/api.w.org\/{rel}","templated":true}]}}