{"id":13205,"date":"2014-12-22T22:59:12","date_gmt":"2014-12-22T20:59:12","guid":{"rendered":"http:\/\/tuky.fi\/?p=13205"},"modified":"2014-12-22T22:59:12","modified_gmt":"2014-12-22T20:59:12","slug":"yrityssuhdetiimi-tiimilaisen-silmin","status":"publish","type":"post","link":"https:\/\/www.tuky.fi\/etusivu\/news\/yrityssuhdetiimi-tiimilaisen-silmin\/","title":{"rendered":"Yrityssuhdetiimi tiimil\u00e4isen silmin"},"content":{"rendered":"<p>Otatko haasteen vastaan?<\/p>\n<p>Paikka, jossa sin\u00e4 tulet ty\u00f6skentelem\u00e4\u00e4n ekonomin paperit taskussa edellytt\u00e4\u00e4 monia taitoja, joita pelk\u00e4st\u00e4\u00e4n luennoilla istumalla ei saa. Verkostoituminen, myynti- ja esiintymistaidot ovat olennaisessa osassa ty\u00f6nkuvasta riippumatta. Turun KY:n yrityssuhdesektorilla on onneksi tarjota jotain, josta voi varmasti hy\u00f6ty\u00e4 tulevaisuudessa. Haku yrityssuhdetiimiin on viel\u00e4 auki jouluaattoon asti!<\/p>\n<p>Kun vuosi sitten n\u00e4ihin aikoihin sain kuulla p\u00e4\u00e4sev\u00e4ni osaksi yrityssuhdetiimi\u00e4, en viel\u00e4 tiennyt mit\u00e4 odottaa. Tavoitteenani oli tietysti kehitt\u00e4\u00e4 myyntitaitojani ja laajentaa verkostojani, mutta vuosi tarjosikin paljon odotettua enemm\u00e4n. Sain ty\u00f6skennell\u00e4 vuoden tiimiss\u00e4, jossa kokoukset eiv\u00e4t todellakaan olleet tylsi\u00e4. J\u00e4rjestimme tapahtumia, joita ei ole aiemmin toteutettu. L\u00f6ysimme lukuisia uusia yhteisty\u00f6kumppaneita yhdistyksellemme.\u00a0 Ja mik\u00e4 t\u00e4rkeint\u00e4, pidimme hauskaa yhdess\u00e4.<\/p>\n<p>Mennyt vuosi on vienyt eteenp\u00e4in niin yhdistyst\u00e4mme, yrityssektoriamme kuin itse\u00e4nikin. Ty\u00f6nkuva oli hyvin erilainen muihin toimiin verrattuna, mik\u00e4 teki siit\u00e4 paitsi haastavaa, my\u00f6s mielenkiintoista. Lukuisat kylm\u00e4soitot, puhelinpalaverit ja tapaamiset muodostuivat kuitenkin vuoden kuluessa rutiineiksi. Tiimimme sis\u00e4ll\u00e4 vallitsi innovatiivinen ja innostava ilmapiiri, mist\u00e4 on kiitt\u00e4minen ymp\u00e4rill\u00e4ni ty\u00f6skennelleit\u00e4 YSTil\u00e4isi\u00e4. Toivonkin, ett\u00e4 ensi vuonna yrityssuhdetiimist\u00e4 tulisi entist\u00e4 t\u00e4rke\u00e4mpi toimija Turun KY:ss\u00e4. Turun KY t\u00e4ytt\u00e4\u00e4 ensi vuonna 65 vuotta ja yrityssuhteiden rooli tulee olemaan eritt\u00e4in merkitt\u00e4v\u00e4. Hakemalla voit vaikuttaa. Ota haaste vastaan!<\/p>\n<p>Jouluterveisin,<br \/>\nMaikkeli Laine<\/p>\n<p>&nbsp;<\/p>\n<p><em>Hakemuksia tiimiin voi l\u00e4hett\u00e4\u00e4 jouluaaton (24.12) loppuun saakka &#8221;miksi juuri min\u00e4?&#8221; hengess\u00e4 osoitteeseen yrityssuhteet@tuky.fi.<\/em><\/p>\n<div id=\"attachment_13206\" style=\"width: 584px\" class=\"wp-caption alignleft\"><a href=\"http:\/\/tuky.fi\/wordpress\/wp-content\/uploads\/2014\/12\/IMG-2219.jpg\"><img loading=\"lazy\" decoding=\"async\" aria-describedby=\"caption-attachment-13206\" class=\"wp-image-13206 \" alt=\"IMG_2219\" src=\"http:\/\/tuky.fi\/wordpress\/wp-content\/uploads\/2014\/12\/IMG-2219-1024x682.jpg\" width=\"574\" height=\"382\" \/><\/a><p id=\"caption-attachment-13206\" class=\"wp-caption-text\">YST:l\u00e4isi\u00e4 syksyn Selling Point Seminarissa. Oikealta vasemmalle Olli-Pekka, Ristomatti, Noora ja Oskari.<\/p><\/div>\n<p>&nbsp;<\/p>\n","protected":false},"excerpt":{"rendered":"<p>Otatko haasteen vastaan? Paikka, jossa sin\u00e4 tulet ty\u00f6skentelem\u00e4\u00e4n ekonomin paperit taskussa edellytt\u00e4\u00e4 monia taitoja, joita pelk\u00e4st\u00e4\u00e4n luennoilla istumalla ei saa. Verkostoituminen, myynti- ja esiintymistaidot ovat olennaisessa osassa ty\u00f6nkuvasta riippumatta. Turun [&hellip;]<\/p>\n","protected":false},"author":1,"featured_media":0,"comment_status":"open","ping_status":"open","sticky":false,"template":"","format":"standard","meta":{"_et_pb_use_builder":"","_et_pb_old_content":"","_et_gb_content_width":"","footnotes":""},"categories":[4],"tags":[238,381,439,440],"class_list":["post-13205","post","type-post","status-publish","format-standard","hentry","category-news","tag-myyntipaallikko","tag-yrityssuhdetiimi","tag-yrityssuhdevastaava","tag-yritysyhteistyo-2"],"yoast_head":"<!-- This site is optimized with the Yoast SEO plugin v27.2 - https:\/\/yoast.com\/product\/yoast-seo-wordpress\/ -->\n<title>Yrityssuhdetiimi tiimil\u00e4isen silmin - Turun KY<\/title>\n<meta name=\"robots\" content=\"index, follow, max-snippet:-1, max-image-preview:large, max-video-preview:-1\" \/>\n<link rel=\"canonical\" href=\"https:\/\/www.tuky.fi\/etusivu\/news\/yrityssuhdetiimi-tiimilaisen-silmin\/\" \/>\n<meta property=\"og:locale\" content=\"fi_FI\" \/>\n<meta property=\"og:type\" content=\"article\" \/>\n<meta property=\"og:title\" content=\"Yrityssuhdetiimi tiimil\u00e4isen silmin - Turun KY\" \/>\n<meta property=\"og:description\" content=\"Otatko haasteen vastaan? Paikka, jossa sin\u00e4 tulet ty\u00f6skentelem\u00e4\u00e4n ekonomin paperit taskussa edellytt\u00e4\u00e4 monia taitoja, joita pelk\u00e4st\u00e4\u00e4n luennoilla istumalla ei saa. Verkostoituminen, myynti- ja esiintymistaidot ovat olennaisessa osassa ty\u00f6nkuvasta riippumatta. Turun [&hellip;]\" \/>\n<meta property=\"og:url\" content=\"https:\/\/www.tuky.fi\/etusivu\/news\/yrityssuhdetiimi-tiimilaisen-silmin\/\" \/>\n<meta property=\"og:site_name\" content=\"Turun KY\" \/>\n<meta property=\"article:published_time\" content=\"2014-12-22T20:59:12+00:00\" \/>\n<meta property=\"og:image\" content=\"http:\/\/tuky.fi\/wordpress\/wp-content\/uploads\/2014\/12\/IMG-2219-1024x682.jpg\" \/>\n<meta name=\"author\" content=\"admin\" \/>\n<meta name=\"twitter:card\" content=\"summary_large_image\" \/>\n<meta name=\"twitter:label1\" content=\"Kirjoittanut\" \/>\n\t<meta name=\"twitter:data1\" content=\"admin\" \/>\n\t<meta name=\"twitter:label2\" content=\"Arvioitu lukuaika\" \/>\n\t<meta name=\"twitter:data2\" content=\"1 minuutti\" \/>\n<script type=\"application\/ld+json\" class=\"yoast-schema-graph\">{\"@context\":\"https:\/\/schema.org\",\"@graph\":[{\"@type\":\"Article\",\"@id\":\"https:\/\/www.tuky.fi\/etusivu\/news\/yrityssuhdetiimi-tiimilaisen-silmin\/#article\",\"isPartOf\":{\"@id\":\"https:\/\/www.tuky.fi\/etusivu\/news\/yrityssuhdetiimi-tiimilaisen-silmin\/\"},\"author\":{\"name\":\"admin\",\"@id\":\"https:\/\/www.tuky.fi\/etusivu\/#\/schema\/person\/479eb0d4ef732e133e3a76f9b7659a39\"},\"headline\":\"Yrityssuhdetiimi tiimil\u00e4isen silmin\",\"datePublished\":\"2014-12-22T20:59:12+00:00\",\"mainEntityOfPage\":{\"@id\":\"https:\/\/www.tuky.fi\/etusivu\/news\/yrityssuhdetiimi-tiimilaisen-silmin\/\"},\"wordCount\":263,\"commentCount\":0,\"publisher\":{\"@id\":\"https:\/\/www.tuky.fi\/etusivu\/#organization\"},\"image\":{\"@id\":\"https:\/\/www.tuky.fi\/etusivu\/news\/yrityssuhdetiimi-tiimilaisen-silmin\/#primaryimage\"},\"thumbnailUrl\":\"http:\/\/tuky.fi\/wordpress\/wp-content\/uploads\/2014\/12\/IMG-2219-1024x682.jpg\",\"keywords\":[\"myyntip\u00e4\u00e4llikk\u00f6\",\"yrityssuhdetiimi\",\"yrityssuhdevastaava\",\"yritysyhteisty\u00f6\"],\"articleSection\":[\"news\"],\"inLanguage\":\"fi\",\"potentialAction\":[{\"@type\":\"CommentAction\",\"name\":\"Comment\",\"target\":[\"https:\/\/www.tuky.fi\/etusivu\/news\/yrityssuhdetiimi-tiimilaisen-silmin\/#respond\"]}]},{\"@type\":\"WebPage\",\"@id\":\"https:\/\/www.tuky.fi\/etusivu\/news\/yrityssuhdetiimi-tiimilaisen-silmin\/\",\"url\":\"https:\/\/www.tuky.fi\/etusivu\/news\/yrityssuhdetiimi-tiimilaisen-silmin\/\",\"name\":\"Yrityssuhdetiimi tiimil\u00e4isen silmin - Turun KY\",\"isPartOf\":{\"@id\":\"https:\/\/www.tuky.fi\/etusivu\/#website\"},\"primaryImageOfPage\":{\"@id\":\"https:\/\/www.tuky.fi\/etusivu\/news\/yrityssuhdetiimi-tiimilaisen-silmin\/#primaryimage\"},\"image\":{\"@id\":\"https:\/\/www.tuky.fi\/etusivu\/news\/yrityssuhdetiimi-tiimilaisen-silmin\/#primaryimage\"},\"thumbnailUrl\":\"http:\/\/tuky.fi\/wordpress\/wp-content\/uploads\/2014\/12\/IMG-2219-1024x682.jpg\",\"datePublished\":\"2014-12-22T20:59:12+00:00\",\"breadcrumb\":{\"@id\":\"https:\/\/www.tuky.fi\/etusivu\/news\/yrityssuhdetiimi-tiimilaisen-silmin\/#breadcrumb\"},\"inLanguage\":\"fi\",\"potentialAction\":[{\"@type\":\"ReadAction\",\"target\":[\"https:\/\/www.tuky.fi\/etusivu\/news\/yrityssuhdetiimi-tiimilaisen-silmin\/\"]}]},{\"@type\":\"ImageObject\",\"inLanguage\":\"fi\",\"@id\":\"https:\/\/www.tuky.fi\/etusivu\/news\/yrityssuhdetiimi-tiimilaisen-silmin\/#primaryimage\",\"url\":\"http:\/\/tuky.fi\/wordpress\/wp-content\/uploads\/2014\/12\/IMG-2219-1024x682.jpg\",\"contentUrl\":\"http:\/\/tuky.fi\/wordpress\/wp-content\/uploads\/2014\/12\/IMG-2219-1024x682.jpg\"},{\"@type\":\"BreadcrumbList\",\"@id\":\"https:\/\/www.tuky.fi\/etusivu\/news\/yrityssuhdetiimi-tiimilaisen-silmin\/#breadcrumb\",\"itemListElement\":[{\"@type\":\"ListItem\",\"position\":1,\"name\":\"Etusivu\",\"item\":\"https:\/\/www.tuky.fi\/etusivu\/\"},{\"@type\":\"ListItem\",\"position\":2,\"name\":\"Yrityssuhdetiimi tiimil\u00e4isen silmin\"}]},{\"@type\":\"WebSite\",\"@id\":\"https:\/\/www.tuky.fi\/etusivu\/#website\",\"url\":\"https:\/\/www.tuky.fi\/etusivu\/\",\"name\":\"Turun KY\",\"description\":\"TuKY\",\"publisher\":{\"@id\":\"https:\/\/www.tuky.fi\/etusivu\/#organization\"},\"alternateName\":\"TuKY\",\"potentialAction\":[{\"@type\":\"SearchAction\",\"target\":{\"@type\":\"EntryPoint\",\"urlTemplate\":\"https:\/\/www.tuky.fi\/etusivu\/?s={search_term_string}\"},\"query-input\":{\"@type\":\"PropertyValueSpecification\",\"valueRequired\":true,\"valueName\":\"search_term_string\"}}],\"inLanguage\":\"fi\"},{\"@type\":\"Organization\",\"@id\":\"https:\/\/www.tuky.fi\/etusivu\/#organization\",\"name\":\"Turun KY\",\"alternateName\":\"TuKY\",\"url\":\"https:\/\/www.tuky.fi\/etusivu\/\",\"logo\":{\"@type\":\"ImageObject\",\"inLanguage\":\"fi\",\"@id\":\"https:\/\/www.tuky.fi\/etusivu\/#\/schema\/logo\/image\/\",\"url\":\"https:\/\/www.tuky.fi\/wp-content\/uploads\/2024\/09\/TuKY-logo-kulta-1.png\",\"contentUrl\":\"https:\/\/www.tuky.fi\/wp-content\/uploads\/2024\/09\/TuKY-logo-kulta-1.png\",\"width\":1080,\"height\":1080,\"caption\":\"Turun KY\"},\"image\":{\"@id\":\"https:\/\/www.tuky.fi\/etusivu\/#\/schema\/logo\/image\/\"},\"sameAs\":[\"https:\/\/instagram.com\/turunky\",\"https:\/\/linkedin.com\/turunky\"]},{\"@type\":\"Person\",\"@id\":\"https:\/\/www.tuky.fi\/etusivu\/#\/schema\/person\/479eb0d4ef732e133e3a76f9b7659a39\",\"name\":\"admin\",\"image\":{\"@type\":\"ImageObject\",\"inLanguage\":\"fi\",\"@id\":\"https:\/\/secure.gravatar.com\/avatar\/afbe741656101229147e16716fbedbcade65018caf8c467f89b9abae7aaffeea?s=96&d=mm&r=g\",\"url\":\"https:\/\/secure.gravatar.com\/avatar\/afbe741656101229147e16716fbedbcade65018caf8c467f89b9abae7aaffeea?s=96&d=mm&r=g\",\"contentUrl\":\"https:\/\/secure.gravatar.com\/avatar\/afbe741656101229147e16716fbedbcade65018caf8c467f89b9abae7aaffeea?s=96&d=mm&r=g\",\"caption\":\"admin\"},\"url\":\"https:\/\/www.tuky.fi\/etusivu\/author\/admin\/\"}]}<\/script>\n<!-- \/ Yoast SEO plugin. -->","yoast_head_json":{"title":"Yrityssuhdetiimi tiimil\u00e4isen silmin - Turun KY","robots":{"index":"index","follow":"follow","max-snippet":"max-snippet:-1","max-image-preview":"max-image-preview:large","max-video-preview":"max-video-preview:-1"},"canonical":"https:\/\/www.tuky.fi\/etusivu\/news\/yrityssuhdetiimi-tiimilaisen-silmin\/","og_locale":"fi_FI","og_type":"article","og_title":"Yrityssuhdetiimi tiimil\u00e4isen silmin - Turun KY","og_description":"Otatko haasteen vastaan? Paikka, jossa sin\u00e4 tulet ty\u00f6skentelem\u00e4\u00e4n ekonomin paperit taskussa edellytt\u00e4\u00e4 monia taitoja, joita pelk\u00e4st\u00e4\u00e4n luennoilla istumalla ei saa. Verkostoituminen, myynti- ja esiintymistaidot ovat olennaisessa osassa ty\u00f6nkuvasta riippumatta. Turun [&hellip;]","og_url":"https:\/\/www.tuky.fi\/etusivu\/news\/yrityssuhdetiimi-tiimilaisen-silmin\/","og_site_name":"Turun KY","article_published_time":"2014-12-22T20:59:12+00:00","og_image":[{"url":"http:\/\/tuky.fi\/wordpress\/wp-content\/uploads\/2014\/12\/IMG-2219-1024x682.jpg","type":"","width":"","height":""}],"author":"admin","twitter_card":"summary_large_image","twitter_misc":{"Kirjoittanut":"admin","Arvioitu lukuaika":"1 minuutti"},"schema":{"@context":"https:\/\/schema.org","@graph":[{"@type":"Article","@id":"https:\/\/www.tuky.fi\/etusivu\/news\/yrityssuhdetiimi-tiimilaisen-silmin\/#article","isPartOf":{"@id":"https:\/\/www.tuky.fi\/etusivu\/news\/yrityssuhdetiimi-tiimilaisen-silmin\/"},"author":{"name":"admin","@id":"https:\/\/www.tuky.fi\/etusivu\/#\/schema\/person\/479eb0d4ef732e133e3a76f9b7659a39"},"headline":"Yrityssuhdetiimi tiimil\u00e4isen silmin","datePublished":"2014-12-22T20:59:12+00:00","mainEntityOfPage":{"@id":"https:\/\/www.tuky.fi\/etusivu\/news\/yrityssuhdetiimi-tiimilaisen-silmin\/"},"wordCount":263,"commentCount":0,"publisher":{"@id":"https:\/\/www.tuky.fi\/etusivu\/#organization"},"image":{"@id":"https:\/\/www.tuky.fi\/etusivu\/news\/yrityssuhdetiimi-tiimilaisen-silmin\/#primaryimage"},"thumbnailUrl":"http:\/\/tuky.fi\/wordpress\/wp-content\/uploads\/2014\/12\/IMG-2219-1024x682.jpg","keywords":["myyntip\u00e4\u00e4llikk\u00f6","yrityssuhdetiimi","yrityssuhdevastaava","yritysyhteisty\u00f6"],"articleSection":["news"],"inLanguage":"fi","potentialAction":[{"@type":"CommentAction","name":"Comment","target":["https:\/\/www.tuky.fi\/etusivu\/news\/yrityssuhdetiimi-tiimilaisen-silmin\/#respond"]}]},{"@type":"WebPage","@id":"https:\/\/www.tuky.fi\/etusivu\/news\/yrityssuhdetiimi-tiimilaisen-silmin\/","url":"https:\/\/www.tuky.fi\/etusivu\/news\/yrityssuhdetiimi-tiimilaisen-silmin\/","name":"Yrityssuhdetiimi tiimil\u00e4isen silmin - Turun KY","isPartOf":{"@id":"https:\/\/www.tuky.fi\/etusivu\/#website"},"primaryImageOfPage":{"@id":"https:\/\/www.tuky.fi\/etusivu\/news\/yrityssuhdetiimi-tiimilaisen-silmin\/#primaryimage"},"image":{"@id":"https:\/\/www.tuky.fi\/etusivu\/news\/yrityssuhdetiimi-tiimilaisen-silmin\/#primaryimage"},"thumbnailUrl":"http:\/\/tuky.fi\/wordpress\/wp-content\/uploads\/2014\/12\/IMG-2219-1024x682.jpg","datePublished":"2014-12-22T20:59:12+00:00","breadcrumb":{"@id":"https:\/\/www.tuky.fi\/etusivu\/news\/yrityssuhdetiimi-tiimilaisen-silmin\/#breadcrumb"},"inLanguage":"fi","potentialAction":[{"@type":"ReadAction","target":["https:\/\/www.tuky.fi\/etusivu\/news\/yrityssuhdetiimi-tiimilaisen-silmin\/"]}]},{"@type":"ImageObject","inLanguage":"fi","@id":"https:\/\/www.tuky.fi\/etusivu\/news\/yrityssuhdetiimi-tiimilaisen-silmin\/#primaryimage","url":"http:\/\/tuky.fi\/wordpress\/wp-content\/uploads\/2014\/12\/IMG-2219-1024x682.jpg","contentUrl":"http:\/\/tuky.fi\/wordpress\/wp-content\/uploads\/2014\/12\/IMG-2219-1024x682.jpg"},{"@type":"BreadcrumbList","@id":"https:\/\/www.tuky.fi\/etusivu\/news\/yrityssuhdetiimi-tiimilaisen-silmin\/#breadcrumb","itemListElement":[{"@type":"ListItem","position":1,"name":"Etusivu","item":"https:\/\/www.tuky.fi\/etusivu\/"},{"@type":"ListItem","position":2,"name":"Yrityssuhdetiimi tiimil\u00e4isen silmin"}]},{"@type":"WebSite","@id":"https:\/\/www.tuky.fi\/etusivu\/#website","url":"https:\/\/www.tuky.fi\/etusivu\/","name":"Turun KY","description":"TuKY","publisher":{"@id":"https:\/\/www.tuky.fi\/etusivu\/#organization"},"alternateName":"TuKY","potentialAction":[{"@type":"SearchAction","target":{"@type":"EntryPoint","urlTemplate":"https:\/\/www.tuky.fi\/etusivu\/?s={search_term_string}"},"query-input":{"@type":"PropertyValueSpecification","valueRequired":true,"valueName":"search_term_string"}}],"inLanguage":"fi"},{"@type":"Organization","@id":"https:\/\/www.tuky.fi\/etusivu\/#organization","name":"Turun KY","alternateName":"TuKY","url":"https:\/\/www.tuky.fi\/etusivu\/","logo":{"@type":"ImageObject","inLanguage":"fi","@id":"https:\/\/www.tuky.fi\/etusivu\/#\/schema\/logo\/image\/","url":"https:\/\/www.tuky.fi\/wp-content\/uploads\/2024\/09\/TuKY-logo-kulta-1.png","contentUrl":"https:\/\/www.tuky.fi\/wp-content\/uploads\/2024\/09\/TuKY-logo-kulta-1.png","width":1080,"height":1080,"caption":"Turun KY"},"image":{"@id":"https:\/\/www.tuky.fi\/etusivu\/#\/schema\/logo\/image\/"},"sameAs":["https:\/\/instagram.com\/turunky","https:\/\/linkedin.com\/turunky"]},{"@type":"Person","@id":"https:\/\/www.tuky.fi\/etusivu\/#\/schema\/person\/479eb0d4ef732e133e3a76f9b7659a39","name":"admin","image":{"@type":"ImageObject","inLanguage":"fi","@id":"https:\/\/secure.gravatar.com\/avatar\/afbe741656101229147e16716fbedbcade65018caf8c467f89b9abae7aaffeea?s=96&d=mm&r=g","url":"https:\/\/secure.gravatar.com\/avatar\/afbe741656101229147e16716fbedbcade65018caf8c467f89b9abae7aaffeea?s=96&d=mm&r=g","contentUrl":"https:\/\/secure.gravatar.com\/avatar\/afbe741656101229147e16716fbedbcade65018caf8c467f89b9abae7aaffeea?s=96&d=mm&r=g","caption":"admin"},"url":"https:\/\/www.tuky.fi\/etusivu\/author\/admin\/"}]}},"lang":"fi","translations":{"fi":13205},"pll_sync_post":[],"_links":{"self":[{"href":"https:\/\/www.tuky.fi\/etusivu\/wp-json\/wp\/v2\/posts\/13205","targetHints":{"allow":["GET"]}}],"collection":[{"href":"https:\/\/www.tuky.fi\/etusivu\/wp-json\/wp\/v2\/posts"}],"about":[{"href":"https:\/\/www.tuky.fi\/etusivu\/wp-json\/wp\/v2\/types\/post"}],"author":[{"embeddable":true,"href":"https:\/\/www.tuky.fi\/etusivu\/wp-json\/wp\/v2\/users\/1"}],"replies":[{"embeddable":true,"href":"https:\/\/www.tuky.fi\/etusivu\/wp-json\/wp\/v2\/comments?post=13205"}],"version-history":[{"count":0,"href":"https:\/\/www.tuky.fi\/etusivu\/wp-json\/wp\/v2\/posts\/13205\/revisions"}],"wp:attachment":[{"href":"https:\/\/www.tuky.fi\/etusivu\/wp-json\/wp\/v2\/media?parent=13205"}],"wp:term":[{"taxonomy":"category","embeddable":true,"href":"https:\/\/www.tuky.fi\/etusivu\/wp-json\/wp\/v2\/categories?post=13205"},{"taxonomy":"post_tag","embeddable":true,"href":"https:\/\/www.tuky.fi\/etusivu\/wp-json\/wp\/v2\/tags?post=13205"}],"curies":[{"name":"wp","href":"https:\/\/api.w.org\/{rel}","templated":true}]}}