{"id":13188,"date":"2014-12-16T21:44:03","date_gmt":"2014-12-16T19:44:03","guid":{"rendered":"http:\/\/tuky.fi\/?p=13188"},"modified":"2014-12-16T21:44:03","modified_gmt":"2014-12-16T19:44:03","slug":"turun-kyn-seuraava-myyntipaallikko-katharina-schmidt","status":"publish","type":"post","link":"https:\/\/www.tuky.fi\/etusivu\/news\/turun-kyn-seuraava-myyntipaallikko-katharina-schmidt\/","title":{"rendered":"Turun KY:n seuraava myyntip\u00e4\u00e4llikk\u00f6: Katharina Schmidt"},"content":{"rendered":"<p>Katharina Schmidt on valittu Turun KY:n nuoremmaksi myyntip\u00e4\u00e4llik\u00f6ksi, ja h\u00e4nen ty\u00f6suhteensa alkaa 1.1.2015. Nykyisen myyntip\u00e4\u00e4llik\u00f6n el\u00e4k\u00f6idytty\u00e4 kev\u00e4\u00e4ll\u00e4 sektorilta, Katharina siirtyy vastaamaan yhdistyksemme yrityssuhteista uutena myyntip\u00e4\u00e4llikk\u00f6n\u00e4. Alkuvuosi menn\u00e4\u00e4n siis tehokkaasti kahden vet\u00e4j\u00e4n voimin.<\/p>\n<p>Alla Katharinan esitt\u00e4ytyminen:<\/p>\n<p>&nbsp;<\/p>\n<p><img loading=\"lazy\" decoding=\"async\" class=\"size-full wp-image-13190 alignright\" alt=\"kata\" src=\"http:\/\/tuky.fi\/wordpress\/wp-content\/uploads\/2014\/12\/kata.jpg\" width=\"180\" height=\"176\" \/><\/p>\n<p>&#8221;Olen Katharina Schmidt, 21-vuotias tietoj\u00e4rjestelm\u00e4tieteen p\u00e4\u00e4aineopiskelija Turun kauppakorkeakoulussa. Aloitan vuodenvaihteen j\u00e4lkeen hommani TuKYn toisena myyntip\u00e4\u00e4llikk\u00f6n\u00e4, joten kev\u00e4\u00e4ll\u00e4 toimimme viel\u00e4 yhdess\u00e4 konkarimyp\u00e4mme, Ristomatti Vaheen kanssa. Ristiksen el\u00e4k\u00f6idytty\u00e4 sektorin vastuu siirtyykin sitten minulle.<\/p>\n<p>Olen koko ik\u00e4ni tehnyt myyntity\u00f6t\u00e4 muodossa jos toisessa \u2013 oli sitten kyse 5-vuotiaana itsepuristetun \u201dsitruunalimonaatin\u201d myynnist\u00e4 kotipihalla tai isojen promootiotarjousten kauppaamisesta kuntosaleilla. Aloitin viisitoista-kes\u00e4isen\u00e4 Mediapex Oyn uljaassa lehtimyyj\u00e4timiss\u00e4 puhelinmyyj\u00e4n\u00e4 ja siit\u00e4 olen jatkanut ty\u00f6ntekoa opiskelujen sivussa erilaisissa ty\u00f6paikoissa aina promoottorin hommista palkanlaskentateht\u00e4viin. Vaihtelevista ty\u00f6paikoista huolimatta tietyt asiat ovat aina olleet l\u00e4sn\u00e4 ty\u00f6nteossani, ja n\u00e4m\u00e4 ovat sitoutuneisuus, luotettavuus ja huolellisuus.<\/p>\n<p>Lukiossa vietin mielett\u00f6m\u00e4n vaihto-oppilasvuoden Australiassa, miss\u00e4 uteen maailmaan sukeltaminen pakotti olemaan joustava mit\u00e4 yll\u00e4tt\u00e4vimmiss\u00e4 olosuhteissa sek\u00e4 olemaan avoin kaikelle uudelle tiedolle. Toisena lukiovuotenani toimin lukiomme oppilaskunnan puheenjohtajana, mik\u00e4 sytytti aktiivihommien liekin syd\u00e4meeni. Pid\u00e4n uusien ihmisten tapaamisesta ja uuden oppimisesta, sek\u00e4 itseni haastamisesta erilaisilla vastuuteht\u00e4vill\u00e4 \u2013 yliopistossa toiminkin ensimm\u00e4isen vuoteni NESU-TuKYn varapuheenjohtajana. T\u00e4m\u00e4 vuosi on ollut t\u00e4ynn\u00e4 kokemuksia, onnistumisia ja kommelluksia, jotka ovat kehitt\u00e4neet minua niin yksil\u00f6n\u00e4 kuin tiimitoimijanakin.<\/p>\n<p>Kaikki aktiiviteht\u00e4v\u00e4ni ovat opettaneet minulle ryhm\u00e4n johtamista ja teht\u00e4vien delegointia. Odotan innolla taitojeni haastamista uudelleen TuKYn myyntip\u00e4\u00e4llik\u00f6n teht\u00e4viss\u00e4 ja parhaani tekemist\u00e4 j\u00e4rjest\u00f6mm\u00e4 eteen. T\u00e4m\u00e4n kunnianhimoisen kauppismimmin liekki ei sammu ennen kuin hommat on viety kunnialla loppuun.<\/p>\n<p>&nbsp;<\/p>\n<p>-Katharina&#8221;<\/p>\n<p>&nbsp;<\/p>\n<p>&nbsp;<\/p>\n","protected":false},"excerpt":{"rendered":"<p>Katharina Schmidt on valittu Turun KY:n nuoremmaksi myyntip\u00e4\u00e4llik\u00f6ksi, ja h\u00e4nen ty\u00f6suhteensa alkaa 1.1.2015. Nykyisen myyntip\u00e4\u00e4llik\u00f6n el\u00e4k\u00f6idytty\u00e4 kev\u00e4\u00e4ll\u00e4 sektorilta, Katharina siirtyy vastaamaan yhdistyksemme yrityssuhteista uutena myyntip\u00e4\u00e4llikk\u00f6n\u00e4. Alkuvuosi menn\u00e4\u00e4n siis tehokkaasti kahden [&hellip;]<\/p>\n","protected":false},"author":42,"featured_media":0,"comment_status":"open","ping_status":"open","sticky":false,"template":"","format":"standard","meta":{"_et_pb_use_builder":"","_et_pb_old_content":"","_et_gb_content_width":"","footnotes":""},"categories":[4],"tags":[],"class_list":["post-13188","post","type-post","status-publish","format-standard","hentry","category-news"],"yoast_head":"<!-- This site is optimized with the Yoast SEO plugin v27.2 - https:\/\/yoast.com\/product\/yoast-seo-wordpress\/ -->\n<title>Turun KY:n seuraava myyntip\u00e4\u00e4llikk\u00f6: Katharina Schmidt - Turun KY<\/title>\n<meta name=\"robots\" content=\"index, follow, max-snippet:-1, max-image-preview:large, max-video-preview:-1\" \/>\n<link rel=\"canonical\" href=\"https:\/\/www.tuky.fi\/etusivu\/news\/turun-kyn-seuraava-myyntipaallikko-katharina-schmidt\/\" \/>\n<meta property=\"og:locale\" content=\"fi_FI\" \/>\n<meta property=\"og:type\" content=\"article\" \/>\n<meta property=\"og:title\" content=\"Turun KY:n seuraava myyntip\u00e4\u00e4llikk\u00f6: Katharina Schmidt - Turun KY\" \/>\n<meta property=\"og:description\" content=\"Katharina Schmidt on valittu Turun KY:n nuoremmaksi myyntip\u00e4\u00e4llik\u00f6ksi, ja h\u00e4nen ty\u00f6suhteensa alkaa 1.1.2015. Nykyisen myyntip\u00e4\u00e4llik\u00f6n el\u00e4k\u00f6idytty\u00e4 kev\u00e4\u00e4ll\u00e4 sektorilta, Katharina siirtyy vastaamaan yhdistyksemme yrityssuhteista uutena myyntip\u00e4\u00e4llikk\u00f6n\u00e4. Alkuvuosi menn\u00e4\u00e4n siis tehokkaasti kahden [&hellip;]\" \/>\n<meta property=\"og:url\" content=\"https:\/\/www.tuky.fi\/etusivu\/news\/turun-kyn-seuraava-myyntipaallikko-katharina-schmidt\/\" \/>\n<meta property=\"og:site_name\" content=\"Turun KY\" \/>\n<meta property=\"article:published_time\" content=\"2014-12-16T19:44:03+00:00\" \/>\n<meta property=\"og:image\" content=\"http:\/\/tuky.fi\/wordpress\/wp-content\/uploads\/2014\/12\/kata.jpg\" \/>\n<meta name=\"author\" content=\"Myyntip\u00e4\u00e4llikk\u00f6\" \/>\n<meta name=\"twitter:card\" content=\"summary_large_image\" \/>\n<meta name=\"twitter:label1\" content=\"Kirjoittanut\" \/>\n\t<meta name=\"twitter:data1\" content=\"Myyntip\u00e4\u00e4llikk\u00f6\" \/>\n\t<meta name=\"twitter:label2\" content=\"Arvioitu lukuaika\" \/>\n\t<meta name=\"twitter:data2\" content=\"1 minuutti\" \/>\n<script type=\"application\/ld+json\" class=\"yoast-schema-graph\">{\"@context\":\"https:\/\/schema.org\",\"@graph\":[{\"@type\":\"Article\",\"@id\":\"https:\/\/www.tuky.fi\/etusivu\/news\/turun-kyn-seuraava-myyntipaallikko-katharina-schmidt\/#article\",\"isPartOf\":{\"@id\":\"https:\/\/www.tuky.fi\/etusivu\/news\/turun-kyn-seuraava-myyntipaallikko-katharina-schmidt\/\"},\"author\":{\"name\":\"Myyntip\u00e4\u00e4llikk\u00f6\",\"@id\":\"https:\/\/www.tuky.fi\/etusivu\/#\/schema\/person\/66e53fffc743e17ca9d5603336ee4d59\"},\"headline\":\"Turun KY:n seuraava myyntip\u00e4\u00e4llikk\u00f6: Katharina Schmidt\",\"datePublished\":\"2014-12-16T19:44:03+00:00\",\"mainEntityOfPage\":{\"@id\":\"https:\/\/www.tuky.fi\/etusivu\/news\/turun-kyn-seuraava-myyntipaallikko-katharina-schmidt\/\"},\"wordCount\":300,\"commentCount\":0,\"publisher\":{\"@id\":\"https:\/\/www.tuky.fi\/etusivu\/#organization\"},\"image\":{\"@id\":\"https:\/\/www.tuky.fi\/etusivu\/news\/turun-kyn-seuraava-myyntipaallikko-katharina-schmidt\/#primaryimage\"},\"thumbnailUrl\":\"http:\/\/tuky.fi\/wordpress\/wp-content\/uploads\/2014\/12\/kata.jpg\",\"articleSection\":[\"news\"],\"inLanguage\":\"fi\",\"potentialAction\":[{\"@type\":\"CommentAction\",\"name\":\"Comment\",\"target\":[\"https:\/\/www.tuky.fi\/etusivu\/news\/turun-kyn-seuraava-myyntipaallikko-katharina-schmidt\/#respond\"]}]},{\"@type\":\"WebPage\",\"@id\":\"https:\/\/www.tuky.fi\/etusivu\/news\/turun-kyn-seuraava-myyntipaallikko-katharina-schmidt\/\",\"url\":\"https:\/\/www.tuky.fi\/etusivu\/news\/turun-kyn-seuraava-myyntipaallikko-katharina-schmidt\/\",\"name\":\"Turun KY:n seuraava myyntip\u00e4\u00e4llikk\u00f6: Katharina Schmidt - Turun KY\",\"isPartOf\":{\"@id\":\"https:\/\/www.tuky.fi\/etusivu\/#website\"},\"primaryImageOfPage\":{\"@id\":\"https:\/\/www.tuky.fi\/etusivu\/news\/turun-kyn-seuraava-myyntipaallikko-katharina-schmidt\/#primaryimage\"},\"image\":{\"@id\":\"https:\/\/www.tuky.fi\/etusivu\/news\/turun-kyn-seuraava-myyntipaallikko-katharina-schmidt\/#primaryimage\"},\"thumbnailUrl\":\"http:\/\/tuky.fi\/wordpress\/wp-content\/uploads\/2014\/12\/kata.jpg\",\"datePublished\":\"2014-12-16T19:44:03+00:00\",\"breadcrumb\":{\"@id\":\"https:\/\/www.tuky.fi\/etusivu\/news\/turun-kyn-seuraava-myyntipaallikko-katharina-schmidt\/#breadcrumb\"},\"inLanguage\":\"fi\",\"potentialAction\":[{\"@type\":\"ReadAction\",\"target\":[\"https:\/\/www.tuky.fi\/etusivu\/news\/turun-kyn-seuraava-myyntipaallikko-katharina-schmidt\/\"]}]},{\"@type\":\"ImageObject\",\"inLanguage\":\"fi\",\"@id\":\"https:\/\/www.tuky.fi\/etusivu\/news\/turun-kyn-seuraava-myyntipaallikko-katharina-schmidt\/#primaryimage\",\"url\":\"http:\/\/tuky.fi\/wordpress\/wp-content\/uploads\/2014\/12\/kata.jpg\",\"contentUrl\":\"http:\/\/tuky.fi\/wordpress\/wp-content\/uploads\/2014\/12\/kata.jpg\"},{\"@type\":\"BreadcrumbList\",\"@id\":\"https:\/\/www.tuky.fi\/etusivu\/news\/turun-kyn-seuraava-myyntipaallikko-katharina-schmidt\/#breadcrumb\",\"itemListElement\":[{\"@type\":\"ListItem\",\"position\":1,\"name\":\"Etusivu\",\"item\":\"https:\/\/www.tuky.fi\/etusivu\/\"},{\"@type\":\"ListItem\",\"position\":2,\"name\":\"Turun KY:n seuraava myyntip\u00e4\u00e4llikk\u00f6: Katharina Schmidt\"}]},{\"@type\":\"WebSite\",\"@id\":\"https:\/\/www.tuky.fi\/etusivu\/#website\",\"url\":\"https:\/\/www.tuky.fi\/etusivu\/\",\"name\":\"Turun KY\",\"description\":\"TuKY\",\"publisher\":{\"@id\":\"https:\/\/www.tuky.fi\/etusivu\/#organization\"},\"alternateName\":\"TuKY\",\"potentialAction\":[{\"@type\":\"SearchAction\",\"target\":{\"@type\":\"EntryPoint\",\"urlTemplate\":\"https:\/\/www.tuky.fi\/etusivu\/?s={search_term_string}\"},\"query-input\":{\"@type\":\"PropertyValueSpecification\",\"valueRequired\":true,\"valueName\":\"search_term_string\"}}],\"inLanguage\":\"fi\"},{\"@type\":\"Organization\",\"@id\":\"https:\/\/www.tuky.fi\/etusivu\/#organization\",\"name\":\"Turun KY\",\"alternateName\":\"TuKY\",\"url\":\"https:\/\/www.tuky.fi\/etusivu\/\",\"logo\":{\"@type\":\"ImageObject\",\"inLanguage\":\"fi\",\"@id\":\"https:\/\/www.tuky.fi\/etusivu\/#\/schema\/logo\/image\/\",\"url\":\"https:\/\/www.tuky.fi\/wp-content\/uploads\/2024\/09\/TuKY-logo-kulta-1.png\",\"contentUrl\":\"https:\/\/www.tuky.fi\/wp-content\/uploads\/2024\/09\/TuKY-logo-kulta-1.png\",\"width\":1080,\"height\":1080,\"caption\":\"Turun KY\"},\"image\":{\"@id\":\"https:\/\/www.tuky.fi\/etusivu\/#\/schema\/logo\/image\/\"},\"sameAs\":[\"https:\/\/instagram.com\/turunky\",\"https:\/\/linkedin.com\/turunky\"]},{\"@type\":\"Person\",\"@id\":\"https:\/\/www.tuky.fi\/etusivu\/#\/schema\/person\/66e53fffc743e17ca9d5603336ee4d59\",\"name\":\"Myyntip\u00e4\u00e4llikk\u00f6\",\"image\":{\"@type\":\"ImageObject\",\"inLanguage\":\"fi\",\"@id\":\"https:\/\/secure.gravatar.com\/avatar\/8b962a9242c53dff7d2be24f16a604a8094c1e5fbb76a692d2c8aa5be966ed37?s=96&d=mm&r=g\",\"url\":\"https:\/\/secure.gravatar.com\/avatar\/8b962a9242c53dff7d2be24f16a604a8094c1e5fbb76a692d2c8aa5be966ed37?s=96&d=mm&r=g\",\"contentUrl\":\"https:\/\/secure.gravatar.com\/avatar\/8b962a9242c53dff7d2be24f16a604a8094c1e5fbb76a692d2c8aa5be966ed37?s=96&d=mm&r=g\",\"caption\":\"Myyntip\u00e4\u00e4llikk\u00f6\"},\"url\":\"https:\/\/www.tuky.fi\/etusivu\/author\/ky-myyntipaallikko\/\"}]}<\/script>\n<!-- \/ Yoast SEO plugin. -->","yoast_head_json":{"title":"Turun KY:n seuraava myyntip\u00e4\u00e4llikk\u00f6: Katharina Schmidt - Turun KY","robots":{"index":"index","follow":"follow","max-snippet":"max-snippet:-1","max-image-preview":"max-image-preview:large","max-video-preview":"max-video-preview:-1"},"canonical":"https:\/\/www.tuky.fi\/etusivu\/news\/turun-kyn-seuraava-myyntipaallikko-katharina-schmidt\/","og_locale":"fi_FI","og_type":"article","og_title":"Turun KY:n seuraava myyntip\u00e4\u00e4llikk\u00f6: Katharina Schmidt - Turun KY","og_description":"Katharina Schmidt on valittu Turun KY:n nuoremmaksi myyntip\u00e4\u00e4llik\u00f6ksi, ja h\u00e4nen ty\u00f6suhteensa alkaa 1.1.2015. Nykyisen myyntip\u00e4\u00e4llik\u00f6n el\u00e4k\u00f6idytty\u00e4 kev\u00e4\u00e4ll\u00e4 sektorilta, Katharina siirtyy vastaamaan yhdistyksemme yrityssuhteista uutena myyntip\u00e4\u00e4llikk\u00f6n\u00e4. Alkuvuosi menn\u00e4\u00e4n siis tehokkaasti kahden [&hellip;]","og_url":"https:\/\/www.tuky.fi\/etusivu\/news\/turun-kyn-seuraava-myyntipaallikko-katharina-schmidt\/","og_site_name":"Turun KY","article_published_time":"2014-12-16T19:44:03+00:00","og_image":[{"url":"http:\/\/tuky.fi\/wordpress\/wp-content\/uploads\/2014\/12\/kata.jpg","type":"","width":"","height":""}],"author":"Myyntip\u00e4\u00e4llikk\u00f6","twitter_card":"summary_large_image","twitter_misc":{"Kirjoittanut":"Myyntip\u00e4\u00e4llikk\u00f6","Arvioitu lukuaika":"1 minuutti"},"schema":{"@context":"https:\/\/schema.org","@graph":[{"@type":"Article","@id":"https:\/\/www.tuky.fi\/etusivu\/news\/turun-kyn-seuraava-myyntipaallikko-katharina-schmidt\/#article","isPartOf":{"@id":"https:\/\/www.tuky.fi\/etusivu\/news\/turun-kyn-seuraava-myyntipaallikko-katharina-schmidt\/"},"author":{"name":"Myyntip\u00e4\u00e4llikk\u00f6","@id":"https:\/\/www.tuky.fi\/etusivu\/#\/schema\/person\/66e53fffc743e17ca9d5603336ee4d59"},"headline":"Turun KY:n seuraava myyntip\u00e4\u00e4llikk\u00f6: Katharina Schmidt","datePublished":"2014-12-16T19:44:03+00:00","mainEntityOfPage":{"@id":"https:\/\/www.tuky.fi\/etusivu\/news\/turun-kyn-seuraava-myyntipaallikko-katharina-schmidt\/"},"wordCount":300,"commentCount":0,"publisher":{"@id":"https:\/\/www.tuky.fi\/etusivu\/#organization"},"image":{"@id":"https:\/\/www.tuky.fi\/etusivu\/news\/turun-kyn-seuraava-myyntipaallikko-katharina-schmidt\/#primaryimage"},"thumbnailUrl":"http:\/\/tuky.fi\/wordpress\/wp-content\/uploads\/2014\/12\/kata.jpg","articleSection":["news"],"inLanguage":"fi","potentialAction":[{"@type":"CommentAction","name":"Comment","target":["https:\/\/www.tuky.fi\/etusivu\/news\/turun-kyn-seuraava-myyntipaallikko-katharina-schmidt\/#respond"]}]},{"@type":"WebPage","@id":"https:\/\/www.tuky.fi\/etusivu\/news\/turun-kyn-seuraava-myyntipaallikko-katharina-schmidt\/","url":"https:\/\/www.tuky.fi\/etusivu\/news\/turun-kyn-seuraava-myyntipaallikko-katharina-schmidt\/","name":"Turun KY:n seuraava myyntip\u00e4\u00e4llikk\u00f6: Katharina Schmidt - Turun KY","isPartOf":{"@id":"https:\/\/www.tuky.fi\/etusivu\/#website"},"primaryImageOfPage":{"@id":"https:\/\/www.tuky.fi\/etusivu\/news\/turun-kyn-seuraava-myyntipaallikko-katharina-schmidt\/#primaryimage"},"image":{"@id":"https:\/\/www.tuky.fi\/etusivu\/news\/turun-kyn-seuraava-myyntipaallikko-katharina-schmidt\/#primaryimage"},"thumbnailUrl":"http:\/\/tuky.fi\/wordpress\/wp-content\/uploads\/2014\/12\/kata.jpg","datePublished":"2014-12-16T19:44:03+00:00","breadcrumb":{"@id":"https:\/\/www.tuky.fi\/etusivu\/news\/turun-kyn-seuraava-myyntipaallikko-katharina-schmidt\/#breadcrumb"},"inLanguage":"fi","potentialAction":[{"@type":"ReadAction","target":["https:\/\/www.tuky.fi\/etusivu\/news\/turun-kyn-seuraava-myyntipaallikko-katharina-schmidt\/"]}]},{"@type":"ImageObject","inLanguage":"fi","@id":"https:\/\/www.tuky.fi\/etusivu\/news\/turun-kyn-seuraava-myyntipaallikko-katharina-schmidt\/#primaryimage","url":"http:\/\/tuky.fi\/wordpress\/wp-content\/uploads\/2014\/12\/kata.jpg","contentUrl":"http:\/\/tuky.fi\/wordpress\/wp-content\/uploads\/2014\/12\/kata.jpg"},{"@type":"BreadcrumbList","@id":"https:\/\/www.tuky.fi\/etusivu\/news\/turun-kyn-seuraava-myyntipaallikko-katharina-schmidt\/#breadcrumb","itemListElement":[{"@type":"ListItem","position":1,"name":"Etusivu","item":"https:\/\/www.tuky.fi\/etusivu\/"},{"@type":"ListItem","position":2,"name":"Turun KY:n seuraava myyntip\u00e4\u00e4llikk\u00f6: Katharina Schmidt"}]},{"@type":"WebSite","@id":"https:\/\/www.tuky.fi\/etusivu\/#website","url":"https:\/\/www.tuky.fi\/etusivu\/","name":"Turun KY","description":"TuKY","publisher":{"@id":"https:\/\/www.tuky.fi\/etusivu\/#organization"},"alternateName":"TuKY","potentialAction":[{"@type":"SearchAction","target":{"@type":"EntryPoint","urlTemplate":"https:\/\/www.tuky.fi\/etusivu\/?s={search_term_string}"},"query-input":{"@type":"PropertyValueSpecification","valueRequired":true,"valueName":"search_term_string"}}],"inLanguage":"fi"},{"@type":"Organization","@id":"https:\/\/www.tuky.fi\/etusivu\/#organization","name":"Turun KY","alternateName":"TuKY","url":"https:\/\/www.tuky.fi\/etusivu\/","logo":{"@type":"ImageObject","inLanguage":"fi","@id":"https:\/\/www.tuky.fi\/etusivu\/#\/schema\/logo\/image\/","url":"https:\/\/www.tuky.fi\/wp-content\/uploads\/2024\/09\/TuKY-logo-kulta-1.png","contentUrl":"https:\/\/www.tuky.fi\/wp-content\/uploads\/2024\/09\/TuKY-logo-kulta-1.png","width":1080,"height":1080,"caption":"Turun KY"},"image":{"@id":"https:\/\/www.tuky.fi\/etusivu\/#\/schema\/logo\/image\/"},"sameAs":["https:\/\/instagram.com\/turunky","https:\/\/linkedin.com\/turunky"]},{"@type":"Person","@id":"https:\/\/www.tuky.fi\/etusivu\/#\/schema\/person\/66e53fffc743e17ca9d5603336ee4d59","name":"Myyntip\u00e4\u00e4llikk\u00f6","image":{"@type":"ImageObject","inLanguage":"fi","@id":"https:\/\/secure.gravatar.com\/avatar\/8b962a9242c53dff7d2be24f16a604a8094c1e5fbb76a692d2c8aa5be966ed37?s=96&d=mm&r=g","url":"https:\/\/secure.gravatar.com\/avatar\/8b962a9242c53dff7d2be24f16a604a8094c1e5fbb76a692d2c8aa5be966ed37?s=96&d=mm&r=g","contentUrl":"https:\/\/secure.gravatar.com\/avatar\/8b962a9242c53dff7d2be24f16a604a8094c1e5fbb76a692d2c8aa5be966ed37?s=96&d=mm&r=g","caption":"Myyntip\u00e4\u00e4llikk\u00f6"},"url":"https:\/\/www.tuky.fi\/etusivu\/author\/ky-myyntipaallikko\/"}]}},"lang":"fi","translations":{"fi":13188},"pll_sync_post":[],"_links":{"self":[{"href":"https:\/\/www.tuky.fi\/etusivu\/wp-json\/wp\/v2\/posts\/13188","targetHints":{"allow":["GET"]}}],"collection":[{"href":"https:\/\/www.tuky.fi\/etusivu\/wp-json\/wp\/v2\/posts"}],"about":[{"href":"https:\/\/www.tuky.fi\/etusivu\/wp-json\/wp\/v2\/types\/post"}],"author":[{"embeddable":true,"href":"https:\/\/www.tuky.fi\/etusivu\/wp-json\/wp\/v2\/users\/42"}],"replies":[{"embeddable":true,"href":"https:\/\/www.tuky.fi\/etusivu\/wp-json\/wp\/v2\/comments?post=13188"}],"version-history":[{"count":0,"href":"https:\/\/www.tuky.fi\/etusivu\/wp-json\/wp\/v2\/posts\/13188\/revisions"}],"wp:attachment":[{"href":"https:\/\/www.tuky.fi\/etusivu\/wp-json\/wp\/v2\/media?parent=13188"}],"wp:term":[{"taxonomy":"category","embeddable":true,"href":"https:\/\/www.tuky.fi\/etusivu\/wp-json\/wp\/v2\/categories?post=13188"},{"taxonomy":"post_tag","embeddable":true,"href":"https:\/\/www.tuky.fi\/etusivu\/wp-json\/wp\/v2\/tags?post=13188"}],"curies":[{"name":"wp","href":"https:\/\/api.w.org\/{rel}","templated":true}]}}