{"id":13170,"date":"2014-12-14T23:09:26","date_gmt":"2014-12-14T21:09:26","guid":{"rendered":"http:\/\/tuky.fi\/?p=13170"},"modified":"2014-12-14T23:09:26","modified_gmt":"2014-12-14T21:09:26","slug":"turun-kyn-edunvalvontajaosto-2015-esittaytyy","status":"publish","type":"post","link":"https:\/\/www.tuky.fi\/etusivu\/news\/turun-kyn-edunvalvontajaosto-2015-esittaytyy\/","title":{"rendered":"Turun KY:n Edunvalvontajaosto 2015 esitt\u00e4ytyy"},"content":{"rendered":"<p style=\"text-align: justify\"><em>Turun KY:n hallitus on kokouksessaan (8.12.2014) p\u00e4\u00e4tt\u00e4nyt Edunvalvontajaoston kokoonpanon vuodelle 2015.<\/em>\u00a0<em>Turun KY:n vuoden 2015 sosiaalipoliittinen vastaava ja koulutuspoliittinen vastaava valittiin syyskokouksessa 18.11.2014. He toimivat my\u00f6s Edunvalvontajaoston puheenjohtajana ja varapuheenjohtajana.<\/em><i><br \/>\n<\/i><\/p>\n<p style=\"text-align: justify\">\n<p style=\"text-align: justify\">\n<p style=\"text-align: justify\"><strong>Salla:<\/strong><\/p>\n<p style=\"text-align: justify\"><a href=\"http:\/\/tuky.fi\/wordpress\/wp-content\/uploads\/2014\/12\/IMG-0459.jpg\"><img loading=\"lazy\" decoding=\"async\" class=\"size-thumbnail wp-image-13171 alignright\" alt=\"IMG_0459\" src=\"http:\/\/tuky.fi\/wordpress\/wp-content\/uploads\/2014\/12\/IMG-0459-150x150.jpg\" width=\"150\" height=\"150\" \/><\/a>Heipsansaa!<\/p>\n<p style=\"text-align: justify\">Olen Salla, parikymppinen turkulaistunut espoolainen, ja ensi vuonna toimin Turun KY:n sosiaalipoliittisena vastaavana eli samalla EVAn puheenjohtajana. Nyt toisena opiskeluvuotenani minut on voinut bongata tutoreiden j\u00e4rjest\u00e4mist\u00e4 tapahtumista, Ulkkiksen maileista tai Mercalta, jossa tunteja on tullut vietetty\u00e4 yksi jos toinenkin. Tykk\u00e4\u00e4n hyv\u00e4st\u00e4 seurasta, ruoasta ja erilaisista tapahtumista eli eik\u00f6h\u00e4n n\u00e4it\u00e4 voi EVAlta my\u00f6s ensi vuonna odottaa! Innolla astun edelt\u00e4j\u00e4ni suuriin saappaisiin, enk\u00e4 malta odottaa, mit\u00e4 t\u00e4ll\u00e4 porukalla saadaan tulevana vuonna aikaan!<\/p>\n<p style=\"text-align: justify\">\n<p style=\"text-align: justify\"><strong>Paula:<\/strong><\/p>\n<p style=\"text-align: justify\"><a href=\"http:\/\/tuky.fi\/wordpress\/wp-content\/uploads\/2014\/12\/Paula-tukyh.jpg\"><img loading=\"lazy\" decoding=\"async\" class=\"alignright size-thumbnail wp-image-13172\" alt=\"Paula_tukyh\" src=\"http:\/\/tuky.fi\/wordpress\/wp-content\/uploads\/2014\/12\/Paula-tukyh-150x150.jpg\" width=\"150\" height=\"150\" \/><\/a><\/p>\n<p style=\"text-align: justify\">Moikkulimoikkuulii,<\/p>\n<p style=\"text-align: justify\">Olen syntyper\u00e4inen turkulainen, loistavaa vuosikertaa \u201992, tietoj\u00e4rjestelm\u00e4tieteen p\u00e4\u00e4aineopiskelija toisella vuosikurssilla. Rentoudun vapaa-ajalla l\u00f6h\u00f6ilem\u00e4ll\u00e4 yst\u00e4vien kanssa, lis\u00e4ksi minut saa onnelliseksi hyv\u00e4 ruoka ja viini. Sarkasmi ja huono huumorintaju kuvaavat minua paremmin kuin hyvin. Jaostotoiminnassa olen ollut mukana nyt vuoden verran Kulttiksen vpj:n\u00e4 ja odotan innolla tulevaa vuotta EVAssa! Ideoita riitt\u00e4\u00e4 ja motivaatiota toteuttaa niit\u00e4.<\/p>\n<p style=\"text-align: justify\">\n<p style=\"text-align: justify\">\n<p style=\"text-align: justify\"><em><strong>Laitosvastaavat\u00a0<\/strong><\/em><\/p>\n<p style=\"text-align: justify\">\n<p style=\"text-align: justify\"><strong>Reea:<\/strong><\/p>\n<p style=\"text-align: justify\"><a href=\"http:\/\/tuky.fi\/wordpress\/wp-content\/uploads\/2014\/12\/EVA-Reea.jpg\"><img loading=\"lazy\" decoding=\"async\" class=\"alignright size-thumbnail wp-image-13173\" alt=\"EVA_Reea\" src=\"http:\/\/tuky.fi\/wordpress\/wp-content\/uploads\/2014\/12\/EVA-Reea-150x150.jpg\" width=\"150\" height=\"150\" \/><\/a>Moikka,<\/p>\n<p style=\"text-align: justify\">nimeni on Reea Ikonen ja toimin vuonna 2015 EVAn laskentatoimen ja rahoituksen laitosvastaavana. Olen toisen vuosikurssin opiskelija p\u00e4\u00e4aineenani lasketatoimi ja rahoitus sek\u00e4 sivuaineena kansantaloustiede. Olen kotoisin Vantaalta, mutta turkulaistumassa hyv\u00e4\u00e4 vauhtia. Toimin Aktiivassa vuoden 2014 hallituksessa tiedottajana, joten kiinnostus laskentoimen, rahoituksen ja yritysjuridiikan opetuksen laatuun ja ongelmiin syntyi jo pupuvuonna. Lis\u00e4ksi toimin Perestroikan rahastonhoitajana ja olin mukana j\u00e4rjest\u00e4m\u00e4ss\u00e4 Alumni Keynote Speakers -luentosarjaa 2014 syksyll\u00e4. Odotan innolla tulevaa hallitusvuotta, sill\u00e4 uskon, ett\u00e4 meill\u00e4 tulee olemaan mahtava vuosi ja saamme paljon uutta aikaan!<\/p>\n<p style=\"text-align: justify\">\n<p style=\"text-align: justify\"><strong>Oula:<\/strong><\/p>\n<p style=\"text-align: justify\">\u00a0<a href=\"http:\/\/tuky.fi\/wordpress\/wp-content\/uploads\/2014\/12\/EVA-Oula.jpg\"><img loading=\"lazy\" decoding=\"async\" class=\"alignright size-thumbnail wp-image-13174\" alt=\"EVA_Oula\" src=\"http:\/\/tuky.fi\/wordpress\/wp-content\/uploads\/2014\/12\/EVA-Oula-150x150.jpg\" width=\"150\" height=\"150\" \/><\/a>Moi,<\/p>\n<p style=\"text-align: justify\">olen Oula, 23-vuotias, ensimm\u00e4isen vuosikurssin opiskelija Turun kauppakorkeakoulussa. Edellisen\u00e4 lukuvuonna olin samaisen koulun Porin yksik\u00f6ss\u00e4, mutta vaihdon t\u00e4nne nyt syksyll\u00e4. Toimin EVA:n hallituksessa kielten- ja liikeviestinn\u00e4n laitosvastaavana 2015. Lis\u00e4ksi olen saman vuosimallin KY-Tricoloren rahastonhoitaja.<\/p>\n<p style=\"text-align: justify\">\n<p style=\"text-align: justify\"><strong><span style=\"line-height: 1.5em\">Juli:<\/span><\/strong><\/p>\n<p style=\"text-align: justify\"><a href=\"http:\/\/tuky.fi\/wordpress\/wp-content\/uploads\/2014\/12\/EVA-Juli.jpg\"><img loading=\"lazy\" decoding=\"async\" class=\"alignright size-thumbnail wp-image-13175\" alt=\"EVA_Juli\" src=\"http:\/\/tuky.fi\/wordpress\/wp-content\/uploads\/2014\/12\/EVA-Juli-150x150.jpg\" width=\"150\" height=\"150\" \/><\/a><\/p>\n<p style=\"text-align: justify\">Moikkuli moooi!<\/p>\n<p style=\"text-align: justify\">Olen Juli Huovinen, 22v alkuper\u00e4lt\u00e4\u00e4n lietolainen, eli ei l\u00e4hellek\u00e4\u00e4n turkulainen! Toinen opiskelu vuosi on meneill\u00e4\u00e4n, ja p\u00e4\u00e4aineenani on markkinointi. Kiinnostus EVAa kohtaan nousi toden teolla esiin t\u00e4n\u00e4 syksyn\u00e4, kun tutorina tutustui asioihin tarkemmin, ja t\u00e4s\u00e4 sit\u00e4 nyt ollaan! Vuonna 2015 tulen toimimaan johtamisen ja yritt\u00e4jyyden laitosvastaavana. Tehd\u00e4\u00e4n kovasti t\u00f6it\u00e4 opiskelijoiden edunvalvonnassa, sek\u00e4 j\u00e4rjestet\u00e4\u00e4n huikeita tapahtumia. Innosta puhkuen t\u00e4m\u00e4 tytt\u00f6 l\u00e4htee kohti EVA vuottaan, en malta odottaa mit\u00e4 se tuo tullessaan! Nyt menn\u00e4\u00e4n eik\u00e4 meinata!<\/p>\n<p style=\"text-align: justify\">\n<p style=\"text-align: justify\"><strong>Petra:<\/strong><\/p>\n<p style=\"text-align: justify\"><a href=\"http:\/\/tuky.fi\/wordpress\/wp-content\/uploads\/2014\/12\/EVA-Petra.jpg\"><img loading=\"lazy\" decoding=\"async\" class=\"alignright size-thumbnail wp-image-13176\" alt=\"EVA_Petra\" src=\"http:\/\/tuky.fi\/wordpress\/wp-content\/uploads\/2014\/12\/EVA-Petra-150x150.jpg\" width=\"150\" height=\"150\" \/><\/a><\/p>\n<p style=\"text-align: justify\"><strong><\/strong>Moikka moi!<\/p>\n<p style=\"text-align: justify\">Olen Petra, toisen vuoden opiskelija ja p\u00e4\u00e4aineenani on kansis. Ik\u00e4\u00e4 l\u00f6ytyy 21 vuotta ja kaikki komeat vuodet on vietetty t\u00e4\u00e4ll\u00e4 Turussa, enk\u00e4 viel\u00e4k\u00e4\u00e4n ole t\u00e4\u00e4lt\u00e4 p\u00e4\u00e4ssyt pois. Olen positiivinen, perusiloinen tyt\u00f6ntyller\u00f6, jolla on jonkinlaatuinen huiviaddiktio. Innostun uusita asioista helposti, ja niin k\u00e4vi my\u00f6s t\u00e4ll\u00e4kin kertaa kun sain selville EVAn hakevan uutta hallitusta. Aikasempaa kokemusta l\u00f6ytyy vuju-tiimiss\u00e4 toisena sillis-vastaavana heilumisesta ja tutorina toimimisesta. Otan mielell\u00e4 haasteita vastaan, ja tied\u00e4n tulevasta vuodesta tulevan mahtava!<\/p>\n<p style=\"text-align: justify\">\n<p style=\"text-align: justify\"><strong>Henna L.:<\/strong><\/p>\n<p style=\"text-align: justify\"><a href=\"http:\/\/tuky.fi\/wordpress\/wp-content\/uploads\/2014\/12\/EVA-HennaL.jpg\"><img loading=\"lazy\" decoding=\"async\" class=\"alignright size-thumbnail wp-image-13178\" alt=\"EVA_HennaL\" src=\"http:\/\/tuky.fi\/wordpress\/wp-content\/uploads\/2014\/12\/EVA-HennaL-150x150.jpg\" width=\"150\" height=\"150\" \/><\/a><\/p>\n<p style=\"text-align: justify\"><strong><\/strong>Moikka!<\/p>\n<p style=\"text-align: justify\">Olen Henna, 23-vuotias viidennen vuoden markkinoinnin p\u00e4\u00e4aineopiskelija Espoosta ja t\u00e4ll\u00e4 hetkell\u00e4 viel\u00e4 Turun KY:n toiminnanjohtaja. Harrastuksiin kuuluu vahvasti j\u00e4rjest\u00f6toiminta, lis\u00e4ksi urheilu, salsatanssi ja lukeminen. Toiminnanjohtajan pesti loppuu kev\u00e4\u00e4n aikana, ja Edunvalvontajaostossa toimiminen erityisesti koposektorilla on loistava jatkumo ty\u00f6lle. Odotan innolla markkinoinnin ja kansainv\u00e4lisen liiketoiminnan laitosvastaavana toimimista ja EVAn kampanjoiden suunnittelua. Kopokokemusta on ehtinyt ty\u00f6pestin ohella kerty\u00e4 kauppakorkeakoulun eri ty\u00f6ryhmist\u00e4 ja TYYn edarista. Vet\u00e4ise ensi vuonna hihasta, jos markkinoinnin ja kv:n laitoksen alaisten kurssien osalta on jotain kehitett\u00e4v\u00e4\u00e4, niin vien asiaa eteenp\u00e4in!<\/p>\n<p style=\"text-align: justify\">\n<p style=\"text-align: justify\">\n<p style=\"text-align: justify\"><strong><em>Sosiaalipoliittiset j\u00e4senet<\/em><\/strong><\/p>\n<p style=\"text-align: justify\">\n<p style=\"text-align: justify\"><strong><em><\/em><\/strong><strong>Henna K.:<\/strong><\/p>\n<p style=\"text-align: justify\"><a href=\"http:\/\/tuky.fi\/wordpress\/wp-content\/uploads\/2014\/12\/EVA-Henna.jpg\"><img loading=\"lazy\" decoding=\"async\" class=\"alignright size-thumbnail wp-image-13177\" alt=\"EVA_Henna\" src=\"http:\/\/tuky.fi\/wordpress\/wp-content\/uploads\/2014\/12\/EVA-Henna-150x150.jpg\" width=\"150\" height=\"150\" \/><\/a><\/p>\n<p style=\"text-align: justify\">Moikka,<\/p>\n<p style=\"text-align: justify\">olen Henna, 20-vuotias t\u00e4m\u00e4n syksyn pupunen. Mi\u00e4 tuun Kotkast. Minut siis tunnistaa ainakin siit\u00e4, ett\u00e4 puhun hassulla murteella ja nauran kovaa &#8211; ja paljon. Pupusyksy on mennyt vauhdilla, ja kouraan j\u00e4i mahdottoman paljon upeita muistoja ja ihania uusia yst\u00e4vi\u00e4! Intoa puhkuen odotan tulevaa hallituskautta EVAssa, enk\u00e4 malttaisi odottaa projektien starttaamista.<\/p>\n<p style=\"text-align: justify\">\n<p style=\"text-align: justify\"><strong>Jenny:<\/strong><\/p>\n<p style=\"text-align: justify\"><a href=\"http:\/\/tuky.fi\/wordpress\/wp-content\/uploads\/2014\/12\/EVA-Jenny.jpg\"><img loading=\"lazy\" decoding=\"async\" class=\"alignright size-thumbnail wp-image-13179\" alt=\"EVA_Jenny\" src=\"http:\/\/tuky.fi\/wordpress\/wp-content\/uploads\/2014\/12\/EVA-Jenny-150x150.jpg\" width=\"150\" height=\"150\" \/><\/a><\/p>\n<p style=\"text-align: justify\">Moikka!<\/p>\n<p style=\"text-align: justify\">Olen Jenny Oksman, innokas uusi EVA:n j\u00e4sen ja ensimm\u00e4ist\u00e4 vuotta my\u00f6s Turun kauppakorkeakoulussa. Taipaleeni kauppatieteiden parissa alkoi syksyll\u00e4 2013 Jyv\u00e4skyl\u00e4ss\u00e4 mutta yll\u00e4tt\u00e4vien sattumien kautta l\u00f6ysinkin tieni takaisin kotikonnuille ja Turun kauppakorkeakouluun. Edunvalvontajaostoon hakeutuminen ei sent\u00e4\u00e4n ollut sattumaa, vaan loistava mahdollisuus kaltaiselleni hyvinvointi-intoilijalle p\u00e4\u00e4st\u00e4 mukaan kehitt\u00e4m\u00e4\u00e4n EVA:n toimintaa. Odotan j\u00e4nnittyneen\u00e4 tulevaa vuotta EVA:n parissa ja mahtavia tulevia tapahtumia!<\/p>\n<p style=\"text-align: justify\">\n<p style=\"text-align: justify\"><strong>Maria:\u00a0<\/strong><\/p>\n<p style=\"text-align: justify\"><a href=\"http:\/\/tuky.fi\/wordpress\/wp-content\/uploads\/2014\/12\/EVA-Maria.jpg\"><img loading=\"lazy\" decoding=\"async\" class=\"alignright size-thumbnail wp-image-13180\" alt=\"EVA_Maria\" src=\"http:\/\/tuky.fi\/wordpress\/wp-content\/uploads\/2014\/12\/EVA-Maria-150x150.jpg\" width=\"150\" height=\"150\" \/><\/a>Moikka!<\/p>\n<p style=\"text-align: justify\">20-vuotias Elovena-tyt\u00f6n muodossa my\u00f6nnetty Tampereen lahja Turulle. Intohimon kohteisiin lukeutuvat mm. sudokut, jazz ja Youtuben el\u00e4invideot. Harvinaisen p\u00e4tev\u00e4 keitti\u00f6psykologi ja entinen street-tanssija, jonka tamppaustarpeet purkautuvat nyky\u00e4\u00e4n Monkeyn tanssilattialla. Erikoistaitoihin kuuluvat my\u00f6s cupcakesit ja (suloisen) k\u00f6mpel\u00f6 tohelointi. Suuri syd\u00e4n, nokkela p\u00e4\u00e4 ja sulavat organisointitaidot \u2013 n\u00e4ist\u00e4 on EVA:n uusi tapahtumasopo tehty!<\/p>\n<p style=\"text-align: justify\">\n<p style=\"text-align: justify\">\n<p style=\"text-align: justify\"><em>Juurikin n\u00e4ille ihmisille kannattaa tulla juttelemaan, jos sinulla on asiaa tenttiarkistosta tai jonkin kurssin toteuttamisesta tai vaikkapa huikea ehdotus \u00a0uudesta alkoholittomasta tapahtumasta.<\/em><\/p>\n<p style=\"text-align: justify\">\n","protected":false},"excerpt":{"rendered":"<p>Turun KY:n hallitus on kokouksessaan (8.12.2014) p\u00e4\u00e4tt\u00e4nyt Edunvalvontajaoston kokoonpanon vuodelle 2015.\u00a0Turun KY:n vuoden 2015 sosiaalipoliittinen vastaava ja koulutuspoliittinen vastaava valittiin syyskokouksessa 18.11.2014. He toimivat my\u00f6s Edunvalvontajaoston puheenjohtajana ja varapuheenjohtajana. Salla: [&hellip;]<\/p>\n","protected":false},"author":7,"featured_media":0,"comment_status":"open","ping_status":"open","sticky":false,"template":"","format":"standard","meta":{"_et_pb_use_builder":"","_et_pb_old_content":"","_et_gb_content_width":"","footnotes":""},"categories":[4],"tags":[128,266,216,497,49,180,129,323,178],"class_list":["post-13170","post","type-post","status-publish","format-standard","hentry","category-news","tag-edunvalvonta","tag-edunvalvontajaosto","tag-eva","tag-eva2015","tag-hyvinvointi","tag-kopo","tag-koulutuspolitiikka","tag-sopo","tag-turun-ky"],"yoast_head":"<!-- This site is optimized with the Yoast SEO plugin v27.2 - https:\/\/yoast.com\/product\/yoast-seo-wordpress\/ -->\n<title>Turun KY:n Edunvalvontajaosto 2015 esitt\u00e4ytyy - Turun KY<\/title>\n<meta name=\"robots\" content=\"index, follow, max-snippet:-1, max-image-preview:large, max-video-preview:-1\" \/>\n<link rel=\"canonical\" href=\"https:\/\/www.tuky.fi\/etusivu\/news\/turun-kyn-edunvalvontajaosto-2015-esittaytyy\/\" \/>\n<meta property=\"og:locale\" content=\"fi_FI\" \/>\n<meta property=\"og:type\" content=\"article\" \/>\n<meta property=\"og:title\" content=\"Turun KY:n Edunvalvontajaosto 2015 esitt\u00e4ytyy - Turun KY\" \/>\n<meta property=\"og:description\" content=\"Turun KY:n hallitus on kokouksessaan (8.12.2014) p\u00e4\u00e4tt\u00e4nyt Edunvalvontajaoston kokoonpanon vuodelle 2015.\u00a0Turun KY:n vuoden 2015 sosiaalipoliittinen vastaava ja koulutuspoliittinen vastaava valittiin syyskokouksessa 18.11.2014. He toimivat my\u00f6s Edunvalvontajaoston puheenjohtajana ja varapuheenjohtajana. Salla: [&hellip;]\" \/>\n<meta property=\"og:url\" content=\"https:\/\/www.tuky.fi\/etusivu\/news\/turun-kyn-edunvalvontajaosto-2015-esittaytyy\/\" \/>\n<meta property=\"og:site_name\" content=\"Turun KY\" \/>\n<meta property=\"article:published_time\" content=\"2014-12-14T21:09:26+00:00\" \/>\n<meta property=\"og:image\" content=\"http:\/\/tuky.fi\/wordpress\/wp-content\/uploads\/2014\/12\/IMG-0459-150x150.jpg\" \/>\n<meta name=\"author\" content=\"Sosiaalipoliittinen vastaava\" \/>\n<meta name=\"twitter:card\" content=\"summary_large_image\" \/>\n<meta name=\"twitter:label1\" content=\"Kirjoittanut\" \/>\n\t<meta name=\"twitter:data1\" content=\"Sosiaalipoliittinen vastaava\" \/>\n\t<meta name=\"twitter:label2\" content=\"Arvioitu lukuaika\" \/>\n\t<meta name=\"twitter:data2\" content=\"4 minuuttia\" \/>\n<script type=\"application\/ld+json\" class=\"yoast-schema-graph\">{\"@context\":\"https:\/\/schema.org\",\"@graph\":[{\"@type\":\"Article\",\"@id\":\"https:\/\/www.tuky.fi\/etusivu\/news\/turun-kyn-edunvalvontajaosto-2015-esittaytyy\/#article\",\"isPartOf\":{\"@id\":\"https:\/\/www.tuky.fi\/etusivu\/news\/turun-kyn-edunvalvontajaosto-2015-esittaytyy\/\"},\"author\":{\"name\":\"Sosiaalipoliittinen vastaava\",\"@id\":\"https:\/\/www.tuky.fi\/etusivu\/#\/schema\/person\/6bafe1ca915065fb67bf89adbcce9f6e\"},\"headline\":\"Turun KY:n Edunvalvontajaosto 2015 esitt\u00e4ytyy\",\"datePublished\":\"2014-12-14T21:09:26+00:00\",\"mainEntityOfPage\":{\"@id\":\"https:\/\/www.tuky.fi\/etusivu\/news\/turun-kyn-edunvalvontajaosto-2015-esittaytyy\/\"},\"wordCount\":810,\"commentCount\":0,\"publisher\":{\"@id\":\"https:\/\/www.tuky.fi\/etusivu\/#organization\"},\"image\":{\"@id\":\"https:\/\/www.tuky.fi\/etusivu\/news\/turun-kyn-edunvalvontajaosto-2015-esittaytyy\/#primaryimage\"},\"thumbnailUrl\":\"http:\/\/tuky.fi\/wordpress\/wp-content\/uploads\/2014\/12\/IMG-0459-150x150.jpg\",\"keywords\":[\"Edunvalvonta\",\"Edunvalvontajaosto\",\"EVA\",\"EVA2015\",\"hyvinvointi\",\"Kopo\",\"Koulutuspolitiikka\",\"sopo\",\"turun ky\"],\"articleSection\":[\"news\"],\"inLanguage\":\"fi\",\"potentialAction\":[{\"@type\":\"CommentAction\",\"name\":\"Comment\",\"target\":[\"https:\/\/www.tuky.fi\/etusivu\/news\/turun-kyn-edunvalvontajaosto-2015-esittaytyy\/#respond\"]}]},{\"@type\":\"WebPage\",\"@id\":\"https:\/\/www.tuky.fi\/etusivu\/news\/turun-kyn-edunvalvontajaosto-2015-esittaytyy\/\",\"url\":\"https:\/\/www.tuky.fi\/etusivu\/news\/turun-kyn-edunvalvontajaosto-2015-esittaytyy\/\",\"name\":\"Turun KY:n Edunvalvontajaosto 2015 esitt\u00e4ytyy - Turun KY\",\"isPartOf\":{\"@id\":\"https:\/\/www.tuky.fi\/etusivu\/#website\"},\"primaryImageOfPage\":{\"@id\":\"https:\/\/www.tuky.fi\/etusivu\/news\/turun-kyn-edunvalvontajaosto-2015-esittaytyy\/#primaryimage\"},\"image\":{\"@id\":\"https:\/\/www.tuky.fi\/etusivu\/news\/turun-kyn-edunvalvontajaosto-2015-esittaytyy\/#primaryimage\"},\"thumbnailUrl\":\"http:\/\/tuky.fi\/wordpress\/wp-content\/uploads\/2014\/12\/IMG-0459-150x150.jpg\",\"datePublished\":\"2014-12-14T21:09:26+00:00\",\"breadcrumb\":{\"@id\":\"https:\/\/www.tuky.fi\/etusivu\/news\/turun-kyn-edunvalvontajaosto-2015-esittaytyy\/#breadcrumb\"},\"inLanguage\":\"fi\",\"potentialAction\":[{\"@type\":\"ReadAction\",\"target\":[\"https:\/\/www.tuky.fi\/etusivu\/news\/turun-kyn-edunvalvontajaosto-2015-esittaytyy\/\"]}]},{\"@type\":\"ImageObject\",\"inLanguage\":\"fi\",\"@id\":\"https:\/\/www.tuky.fi\/etusivu\/news\/turun-kyn-edunvalvontajaosto-2015-esittaytyy\/#primaryimage\",\"url\":\"http:\/\/tuky.fi\/wordpress\/wp-content\/uploads\/2014\/12\/IMG-0459-150x150.jpg\",\"contentUrl\":\"http:\/\/tuky.fi\/wordpress\/wp-content\/uploads\/2014\/12\/IMG-0459-150x150.jpg\"},{\"@type\":\"BreadcrumbList\",\"@id\":\"https:\/\/www.tuky.fi\/etusivu\/news\/turun-kyn-edunvalvontajaosto-2015-esittaytyy\/#breadcrumb\",\"itemListElement\":[{\"@type\":\"ListItem\",\"position\":1,\"name\":\"Etusivu\",\"item\":\"https:\/\/www.tuky.fi\/etusivu\/\"},{\"@type\":\"ListItem\",\"position\":2,\"name\":\"Turun KY:n Edunvalvontajaosto 2015 esitt\u00e4ytyy\"}]},{\"@type\":\"WebSite\",\"@id\":\"https:\/\/www.tuky.fi\/etusivu\/#website\",\"url\":\"https:\/\/www.tuky.fi\/etusivu\/\",\"name\":\"Turun KY\",\"description\":\"TuKY\",\"publisher\":{\"@id\":\"https:\/\/www.tuky.fi\/etusivu\/#organization\"},\"alternateName\":\"TuKY\",\"potentialAction\":[{\"@type\":\"SearchAction\",\"target\":{\"@type\":\"EntryPoint\",\"urlTemplate\":\"https:\/\/www.tuky.fi\/etusivu\/?s={search_term_string}\"},\"query-input\":{\"@type\":\"PropertyValueSpecification\",\"valueRequired\":true,\"valueName\":\"search_term_string\"}}],\"inLanguage\":\"fi\"},{\"@type\":\"Organization\",\"@id\":\"https:\/\/www.tuky.fi\/etusivu\/#organization\",\"name\":\"Turun KY\",\"alternateName\":\"TuKY\",\"url\":\"https:\/\/www.tuky.fi\/etusivu\/\",\"logo\":{\"@type\":\"ImageObject\",\"inLanguage\":\"fi\",\"@id\":\"https:\/\/www.tuky.fi\/etusivu\/#\/schema\/logo\/image\/\",\"url\":\"https:\/\/www.tuky.fi\/wp-content\/uploads\/2024\/09\/TuKY-logo-kulta-1.png\",\"contentUrl\":\"https:\/\/www.tuky.fi\/wp-content\/uploads\/2024\/09\/TuKY-logo-kulta-1.png\",\"width\":1080,\"height\":1080,\"caption\":\"Turun KY\"},\"image\":{\"@id\":\"https:\/\/www.tuky.fi\/etusivu\/#\/schema\/logo\/image\/\"},\"sameAs\":[\"https:\/\/instagram.com\/turunky\",\"https:\/\/linkedin.com\/turunky\"]},{\"@type\":\"Person\",\"@id\":\"https:\/\/www.tuky.fi\/etusivu\/#\/schema\/person\/6bafe1ca915065fb67bf89adbcce9f6e\",\"name\":\"Sosiaalipoliittinen vastaava\",\"image\":{\"@type\":\"ImageObject\",\"inLanguage\":\"fi\",\"@id\":\"https:\/\/secure.gravatar.com\/avatar\/76e8a0f31a466694f5211ef517ce8d1c12893f6c766c3cfc8d682e1e96077dd4?s=96&d=mm&r=g\",\"url\":\"https:\/\/secure.gravatar.com\/avatar\/76e8a0f31a466694f5211ef517ce8d1c12893f6c766c3cfc8d682e1e96077dd4?s=96&d=mm&r=g\",\"contentUrl\":\"https:\/\/secure.gravatar.com\/avatar\/76e8a0f31a466694f5211ef517ce8d1c12893f6c766c3cfc8d682e1e96077dd4?s=96&d=mm&r=g\",\"caption\":\"Sosiaalipoliittinen vastaava\"},\"url\":\"https:\/\/www.tuky.fi\/etusivu\/author\/ky-hyvinvointi\/\"}]}<\/script>\n<!-- \/ Yoast SEO plugin. -->","yoast_head_json":{"title":"Turun KY:n Edunvalvontajaosto 2015 esitt\u00e4ytyy - Turun KY","robots":{"index":"index","follow":"follow","max-snippet":"max-snippet:-1","max-image-preview":"max-image-preview:large","max-video-preview":"max-video-preview:-1"},"canonical":"https:\/\/www.tuky.fi\/etusivu\/news\/turun-kyn-edunvalvontajaosto-2015-esittaytyy\/","og_locale":"fi_FI","og_type":"article","og_title":"Turun KY:n Edunvalvontajaosto 2015 esitt\u00e4ytyy - Turun KY","og_description":"Turun KY:n hallitus on kokouksessaan (8.12.2014) p\u00e4\u00e4tt\u00e4nyt Edunvalvontajaoston kokoonpanon vuodelle 2015.\u00a0Turun KY:n vuoden 2015 sosiaalipoliittinen vastaava ja koulutuspoliittinen vastaava valittiin syyskokouksessa 18.11.2014. He toimivat my\u00f6s Edunvalvontajaoston puheenjohtajana ja varapuheenjohtajana. Salla: [&hellip;]","og_url":"https:\/\/www.tuky.fi\/etusivu\/news\/turun-kyn-edunvalvontajaosto-2015-esittaytyy\/","og_site_name":"Turun KY","article_published_time":"2014-12-14T21:09:26+00:00","og_image":[{"url":"http:\/\/tuky.fi\/wordpress\/wp-content\/uploads\/2014\/12\/IMG-0459-150x150.jpg","type":"","width":"","height":""}],"author":"Sosiaalipoliittinen vastaava","twitter_card":"summary_large_image","twitter_misc":{"Kirjoittanut":"Sosiaalipoliittinen vastaava","Arvioitu lukuaika":"4 minuuttia"},"schema":{"@context":"https:\/\/schema.org","@graph":[{"@type":"Article","@id":"https:\/\/www.tuky.fi\/etusivu\/news\/turun-kyn-edunvalvontajaosto-2015-esittaytyy\/#article","isPartOf":{"@id":"https:\/\/www.tuky.fi\/etusivu\/news\/turun-kyn-edunvalvontajaosto-2015-esittaytyy\/"},"author":{"name":"Sosiaalipoliittinen vastaava","@id":"https:\/\/www.tuky.fi\/etusivu\/#\/schema\/person\/6bafe1ca915065fb67bf89adbcce9f6e"},"headline":"Turun KY:n Edunvalvontajaosto 2015 esitt\u00e4ytyy","datePublished":"2014-12-14T21:09:26+00:00","mainEntityOfPage":{"@id":"https:\/\/www.tuky.fi\/etusivu\/news\/turun-kyn-edunvalvontajaosto-2015-esittaytyy\/"},"wordCount":810,"commentCount":0,"publisher":{"@id":"https:\/\/www.tuky.fi\/etusivu\/#organization"},"image":{"@id":"https:\/\/www.tuky.fi\/etusivu\/news\/turun-kyn-edunvalvontajaosto-2015-esittaytyy\/#primaryimage"},"thumbnailUrl":"http:\/\/tuky.fi\/wordpress\/wp-content\/uploads\/2014\/12\/IMG-0459-150x150.jpg","keywords":["Edunvalvonta","Edunvalvontajaosto","EVA","EVA2015","hyvinvointi","Kopo","Koulutuspolitiikka","sopo","turun ky"],"articleSection":["news"],"inLanguage":"fi","potentialAction":[{"@type":"CommentAction","name":"Comment","target":["https:\/\/www.tuky.fi\/etusivu\/news\/turun-kyn-edunvalvontajaosto-2015-esittaytyy\/#respond"]}]},{"@type":"WebPage","@id":"https:\/\/www.tuky.fi\/etusivu\/news\/turun-kyn-edunvalvontajaosto-2015-esittaytyy\/","url":"https:\/\/www.tuky.fi\/etusivu\/news\/turun-kyn-edunvalvontajaosto-2015-esittaytyy\/","name":"Turun KY:n Edunvalvontajaosto 2015 esitt\u00e4ytyy - Turun KY","isPartOf":{"@id":"https:\/\/www.tuky.fi\/etusivu\/#website"},"primaryImageOfPage":{"@id":"https:\/\/www.tuky.fi\/etusivu\/news\/turun-kyn-edunvalvontajaosto-2015-esittaytyy\/#primaryimage"},"image":{"@id":"https:\/\/www.tuky.fi\/etusivu\/news\/turun-kyn-edunvalvontajaosto-2015-esittaytyy\/#primaryimage"},"thumbnailUrl":"http:\/\/tuky.fi\/wordpress\/wp-content\/uploads\/2014\/12\/IMG-0459-150x150.jpg","datePublished":"2014-12-14T21:09:26+00:00","breadcrumb":{"@id":"https:\/\/www.tuky.fi\/etusivu\/news\/turun-kyn-edunvalvontajaosto-2015-esittaytyy\/#breadcrumb"},"inLanguage":"fi","potentialAction":[{"@type":"ReadAction","target":["https:\/\/www.tuky.fi\/etusivu\/news\/turun-kyn-edunvalvontajaosto-2015-esittaytyy\/"]}]},{"@type":"ImageObject","inLanguage":"fi","@id":"https:\/\/www.tuky.fi\/etusivu\/news\/turun-kyn-edunvalvontajaosto-2015-esittaytyy\/#primaryimage","url":"http:\/\/tuky.fi\/wordpress\/wp-content\/uploads\/2014\/12\/IMG-0459-150x150.jpg","contentUrl":"http:\/\/tuky.fi\/wordpress\/wp-content\/uploads\/2014\/12\/IMG-0459-150x150.jpg"},{"@type":"BreadcrumbList","@id":"https:\/\/www.tuky.fi\/etusivu\/news\/turun-kyn-edunvalvontajaosto-2015-esittaytyy\/#breadcrumb","itemListElement":[{"@type":"ListItem","position":1,"name":"Etusivu","item":"https:\/\/www.tuky.fi\/etusivu\/"},{"@type":"ListItem","position":2,"name":"Turun KY:n Edunvalvontajaosto 2015 esitt\u00e4ytyy"}]},{"@type":"WebSite","@id":"https:\/\/www.tuky.fi\/etusivu\/#website","url":"https:\/\/www.tuky.fi\/etusivu\/","name":"Turun KY","description":"TuKY","publisher":{"@id":"https:\/\/www.tuky.fi\/etusivu\/#organization"},"alternateName":"TuKY","potentialAction":[{"@type":"SearchAction","target":{"@type":"EntryPoint","urlTemplate":"https:\/\/www.tuky.fi\/etusivu\/?s={search_term_string}"},"query-input":{"@type":"PropertyValueSpecification","valueRequired":true,"valueName":"search_term_string"}}],"inLanguage":"fi"},{"@type":"Organization","@id":"https:\/\/www.tuky.fi\/etusivu\/#organization","name":"Turun KY","alternateName":"TuKY","url":"https:\/\/www.tuky.fi\/etusivu\/","logo":{"@type":"ImageObject","inLanguage":"fi","@id":"https:\/\/www.tuky.fi\/etusivu\/#\/schema\/logo\/image\/","url":"https:\/\/www.tuky.fi\/wp-content\/uploads\/2024\/09\/TuKY-logo-kulta-1.png","contentUrl":"https:\/\/www.tuky.fi\/wp-content\/uploads\/2024\/09\/TuKY-logo-kulta-1.png","width":1080,"height":1080,"caption":"Turun KY"},"image":{"@id":"https:\/\/www.tuky.fi\/etusivu\/#\/schema\/logo\/image\/"},"sameAs":["https:\/\/instagram.com\/turunky","https:\/\/linkedin.com\/turunky"]},{"@type":"Person","@id":"https:\/\/www.tuky.fi\/etusivu\/#\/schema\/person\/6bafe1ca915065fb67bf89adbcce9f6e","name":"Sosiaalipoliittinen vastaava","image":{"@type":"ImageObject","inLanguage":"fi","@id":"https:\/\/secure.gravatar.com\/avatar\/76e8a0f31a466694f5211ef517ce8d1c12893f6c766c3cfc8d682e1e96077dd4?s=96&d=mm&r=g","url":"https:\/\/secure.gravatar.com\/avatar\/76e8a0f31a466694f5211ef517ce8d1c12893f6c766c3cfc8d682e1e96077dd4?s=96&d=mm&r=g","contentUrl":"https:\/\/secure.gravatar.com\/avatar\/76e8a0f31a466694f5211ef517ce8d1c12893f6c766c3cfc8d682e1e96077dd4?s=96&d=mm&r=g","caption":"Sosiaalipoliittinen vastaava"},"url":"https:\/\/www.tuky.fi\/etusivu\/author\/ky-hyvinvointi\/"}]}},"lang":"fi","translations":{"fi":13170},"pll_sync_post":[],"_links":{"self":[{"href":"https:\/\/www.tuky.fi\/etusivu\/wp-json\/wp\/v2\/posts\/13170","targetHints":{"allow":["GET"]}}],"collection":[{"href":"https:\/\/www.tuky.fi\/etusivu\/wp-json\/wp\/v2\/posts"}],"about":[{"href":"https:\/\/www.tuky.fi\/etusivu\/wp-json\/wp\/v2\/types\/post"}],"author":[{"embeddable":true,"href":"https:\/\/www.tuky.fi\/etusivu\/wp-json\/wp\/v2\/users\/7"}],"replies":[{"embeddable":true,"href":"https:\/\/www.tuky.fi\/etusivu\/wp-json\/wp\/v2\/comments?post=13170"}],"version-history":[{"count":0,"href":"https:\/\/www.tuky.fi\/etusivu\/wp-json\/wp\/v2\/posts\/13170\/revisions"}],"wp:attachment":[{"href":"https:\/\/www.tuky.fi\/etusivu\/wp-json\/wp\/v2\/media?parent=13170"}],"wp:term":[{"taxonomy":"category","embeddable":true,"href":"https:\/\/www.tuky.fi\/etusivu\/wp-json\/wp\/v2\/categories?post=13170"},{"taxonomy":"post_tag","embeddable":true,"href":"https:\/\/www.tuky.fi\/etusivu\/wp-json\/wp\/v2\/tags?post=13170"}],"curies":[{"name":"wp","href":"https:\/\/api.w.org\/{rel}","templated":true}]}}