{"id":13142,"date":"2014-12-09T23:59:58","date_gmt":"2014-12-09T21:59:58","guid":{"rendered":"http:\/\/tuky.fi\/?p=13142"},"modified":"2014-12-09T23:59:58","modified_gmt":"2014-12-09T21:59:58","slug":"hae-turun-kauppakorkeakoulun-halloped-koordinaattoriksi","status":"publish","type":"post","link":"https:\/\/www.tuky.fi\/etusivu\/news\/hae-turun-kauppakorkeakoulun-halloped-koordinaattoriksi\/","title":{"rendered":"Hae Turun kauppakorkeakoulun halloped-koordinaattoriksi!"},"content":{"rendered":"<p>Halloped-koordinaattorin teht\u00e4v\u00e4n\u00e4 on toimia linkkin\u00e4 kauppakorkeakoulun hallopedien eli hallinnon opiskelijaedustajien, tieteenalaj\u00e4rjest\u00f6n ja TYYn toimiston v\u00e4lill\u00e4. Teht\u00e4v\u00e4ss\u00e4<br \/>\ntoimiminen edellytt\u00e4\u00e4 ty\u00f6skentely\u00e4 kauppakorkeakoulun ja yliopiston hallinnon<br \/>\nasioiden parissa ja eritt\u00e4in l\u00e4heist\u00e4 yhteydenpitoa hallinnon opiskelijaedustajiin kauppakorkeakoulun johtokunnassa sek\u00e4 tieteenalaj\u00e4rjest\u00f6ihin ja TYYn toimistoon.<\/p>\n<p>Koordinaattoreiden velvollisuus on osallistua kuukausittaisiin TYYn halloped-koordinaattoreiden<br \/>\nohjausryhm\u00e4n kokouksiin. Poissaolot kokouksista ovat peruste uuden koordinaattorin valinnalle. TYY tulee tarjoamaan koulutusta valituille henkil\u00f6ille heti toimikauden alussa ja ylioppilaskunnan asiantuntemus on muutoinkin aina koordinaattoreiden k\u00e4ytett\u00e4viss\u00e4.<\/p>\n<p>Koordinaattorit valitaan tammikuussa pidett\u00e4v\u00e4ss\u00e4 TYYn hallituksen kokouksessa kaudeksi, joka p\u00e4\u00e4ttyy <strong>31.12.2015.<\/strong><\/p>\n<p>L\u00e4het\u00e4 vapaamuotoinen hakemus osoitteeseen <strong>kopo@tuky.fi <\/strong><br \/>\nRelevantti kokemus opiskelijoiden edunvalvonnasta ja koulutuspoliitiikasta, sek\u00e4 kauppakorkeakoulun tuntemus katsotaan eduksi.<\/p>\n<p>Haku Turun kauppakorkeakoulun halloped-koordinaattoriksi p\u00e4\u00e4ttyy <strong>sunnuntaina 14.12. klo 23.59.<\/strong><\/p>\n<p>Turun KY:n hallitus tulee esitt\u00e4m\u00e4\u00e4n TYYn hallitukselle halloped-koordinaattoria.<\/p>\n","protected":false},"excerpt":{"rendered":"<p>Halloped-koordinaattorin teht\u00e4v\u00e4n\u00e4 on toimia linkkin\u00e4 kauppakorkeakoulun hallopedien eli hallinnon opiskelijaedustajien, tieteenalaj\u00e4rjest\u00f6n ja TYYn toimiston v\u00e4lill\u00e4. Teht\u00e4v\u00e4ss\u00e4 toimiminen edellytt\u00e4\u00e4 ty\u00f6skentely\u00e4 kauppakorkeakoulun ja yliopiston hallinnon asioiden parissa ja eritt\u00e4in l\u00e4heist\u00e4 yhteydenpitoa hallinnon [&hellip;]<\/p>\n","protected":false},"author":8,"featured_media":0,"comment_status":"open","ping_status":"open","sticky":false,"template":"","format":"standard","meta":{"_et_pb_use_builder":"","_et_pb_old_content":"","_et_gb_content_width":"","footnotes":""},"categories":[4],"tags":[128,378,94,129],"class_list":["post-13142","post","type-post","status-publish","format-standard","hentry","category-news","tag-edunvalvonta","tag-halloped","tag-kauppakorkeakoulu","tag-koulutuspolitiikka"],"yoast_head":"<!-- This site is optimized with the Yoast SEO plugin v27.2 - https:\/\/yoast.com\/product\/yoast-seo-wordpress\/ -->\n<title>Hae Turun kauppakorkeakoulun halloped-koordinaattoriksi! - Turun KY<\/title>\n<meta name=\"robots\" content=\"index, follow, max-snippet:-1, max-image-preview:large, max-video-preview:-1\" \/>\n<link rel=\"canonical\" href=\"https:\/\/www.tuky.fi\/etusivu\/news\/hae-turun-kauppakorkeakoulun-halloped-koordinaattoriksi\/\" \/>\n<meta property=\"og:locale\" content=\"fi_FI\" \/>\n<meta property=\"og:type\" content=\"article\" \/>\n<meta property=\"og:title\" content=\"Hae Turun kauppakorkeakoulun halloped-koordinaattoriksi! - Turun KY\" \/>\n<meta property=\"og:description\" content=\"Halloped-koordinaattorin teht\u00e4v\u00e4n\u00e4 on toimia linkkin\u00e4 kauppakorkeakoulun hallopedien eli hallinnon opiskelijaedustajien, tieteenalaj\u00e4rjest\u00f6n ja TYYn toimiston v\u00e4lill\u00e4. Teht\u00e4v\u00e4ss\u00e4 toimiminen edellytt\u00e4\u00e4 ty\u00f6skentely\u00e4 kauppakorkeakoulun ja yliopiston hallinnon asioiden parissa ja eritt\u00e4in l\u00e4heist\u00e4 yhteydenpitoa hallinnon [&hellip;]\" \/>\n<meta property=\"og:url\" content=\"https:\/\/www.tuky.fi\/etusivu\/news\/hae-turun-kauppakorkeakoulun-halloped-koordinaattoriksi\/\" \/>\n<meta property=\"og:site_name\" content=\"Turun KY\" \/>\n<meta property=\"article:published_time\" content=\"2014-12-09T21:59:58+00:00\" \/>\n<meta name=\"author\" content=\"Koulutuspoliittinen vastaava\" \/>\n<meta name=\"twitter:card\" content=\"summary_large_image\" \/>\n<meta name=\"twitter:label1\" content=\"Kirjoittanut\" \/>\n\t<meta name=\"twitter:data1\" content=\"Koulutuspoliittinen vastaava\" \/>\n\t<meta name=\"twitter:label2\" content=\"Arvioitu lukuaika\" \/>\n\t<meta name=\"twitter:data2\" content=\"1 minuutti\" \/>\n<script type=\"application\/ld+json\" class=\"yoast-schema-graph\">{\"@context\":\"https:\/\/schema.org\",\"@graph\":[{\"@type\":\"Article\",\"@id\":\"https:\/\/www.tuky.fi\/etusivu\/news\/hae-turun-kauppakorkeakoulun-halloped-koordinaattoriksi\/#article\",\"isPartOf\":{\"@id\":\"https:\/\/www.tuky.fi\/etusivu\/news\/hae-turun-kauppakorkeakoulun-halloped-koordinaattoriksi\/\"},\"author\":{\"name\":\"Koulutuspoliittinen vastaava\",\"@id\":\"https:\/\/www.tuky.fi\/etusivu\/#\/schema\/person\/073351662690829f0e891b8e12a08593\"},\"headline\":\"Hae Turun kauppakorkeakoulun halloped-koordinaattoriksi!\",\"datePublished\":\"2014-12-09T21:59:58+00:00\",\"mainEntityOfPage\":{\"@id\":\"https:\/\/www.tuky.fi\/etusivu\/news\/hae-turun-kauppakorkeakoulun-halloped-koordinaattoriksi\/\"},\"wordCount\":142,\"commentCount\":0,\"publisher\":{\"@id\":\"https:\/\/www.tuky.fi\/etusivu\/#organization\"},\"keywords\":[\"Edunvalvonta\",\"Halloped\",\"kauppakorkeakoulu\",\"Koulutuspolitiikka\"],\"articleSection\":[\"news\"],\"inLanguage\":\"fi\",\"potentialAction\":[{\"@type\":\"CommentAction\",\"name\":\"Comment\",\"target\":[\"https:\/\/www.tuky.fi\/etusivu\/news\/hae-turun-kauppakorkeakoulun-halloped-koordinaattoriksi\/#respond\"]}]},{\"@type\":\"WebPage\",\"@id\":\"https:\/\/www.tuky.fi\/etusivu\/news\/hae-turun-kauppakorkeakoulun-halloped-koordinaattoriksi\/\",\"url\":\"https:\/\/www.tuky.fi\/etusivu\/news\/hae-turun-kauppakorkeakoulun-halloped-koordinaattoriksi\/\",\"name\":\"Hae Turun kauppakorkeakoulun halloped-koordinaattoriksi! - Turun KY\",\"isPartOf\":{\"@id\":\"https:\/\/www.tuky.fi\/etusivu\/#website\"},\"datePublished\":\"2014-12-09T21:59:58+00:00\",\"breadcrumb\":{\"@id\":\"https:\/\/www.tuky.fi\/etusivu\/news\/hae-turun-kauppakorkeakoulun-halloped-koordinaattoriksi\/#breadcrumb\"},\"inLanguage\":\"fi\",\"potentialAction\":[{\"@type\":\"ReadAction\",\"target\":[\"https:\/\/www.tuky.fi\/etusivu\/news\/hae-turun-kauppakorkeakoulun-halloped-koordinaattoriksi\/\"]}]},{\"@type\":\"BreadcrumbList\",\"@id\":\"https:\/\/www.tuky.fi\/etusivu\/news\/hae-turun-kauppakorkeakoulun-halloped-koordinaattoriksi\/#breadcrumb\",\"itemListElement\":[{\"@type\":\"ListItem\",\"position\":1,\"name\":\"Etusivu\",\"item\":\"https:\/\/www.tuky.fi\/etusivu\/\"},{\"@type\":\"ListItem\",\"position\":2,\"name\":\"Hae Turun kauppakorkeakoulun halloped-koordinaattoriksi!\"}]},{\"@type\":\"WebSite\",\"@id\":\"https:\/\/www.tuky.fi\/etusivu\/#website\",\"url\":\"https:\/\/www.tuky.fi\/etusivu\/\",\"name\":\"Turun KY\",\"description\":\"TuKY\",\"publisher\":{\"@id\":\"https:\/\/www.tuky.fi\/etusivu\/#organization\"},\"alternateName\":\"TuKY\",\"potentialAction\":[{\"@type\":\"SearchAction\",\"target\":{\"@type\":\"EntryPoint\",\"urlTemplate\":\"https:\/\/www.tuky.fi\/etusivu\/?s={search_term_string}\"},\"query-input\":{\"@type\":\"PropertyValueSpecification\",\"valueRequired\":true,\"valueName\":\"search_term_string\"}}],\"inLanguage\":\"fi\"},{\"@type\":\"Organization\",\"@id\":\"https:\/\/www.tuky.fi\/etusivu\/#organization\",\"name\":\"Turun KY\",\"alternateName\":\"TuKY\",\"url\":\"https:\/\/www.tuky.fi\/etusivu\/\",\"logo\":{\"@type\":\"ImageObject\",\"inLanguage\":\"fi\",\"@id\":\"https:\/\/www.tuky.fi\/etusivu\/#\/schema\/logo\/image\/\",\"url\":\"https:\/\/www.tuky.fi\/wp-content\/uploads\/2024\/09\/TuKY-logo-kulta-1.png\",\"contentUrl\":\"https:\/\/www.tuky.fi\/wp-content\/uploads\/2024\/09\/TuKY-logo-kulta-1.png\",\"width\":1080,\"height\":1080,\"caption\":\"Turun KY\"},\"image\":{\"@id\":\"https:\/\/www.tuky.fi\/etusivu\/#\/schema\/logo\/image\/\"},\"sameAs\":[\"https:\/\/instagram.com\/turunky\",\"https:\/\/linkedin.com\/turunky\"]},{\"@type\":\"Person\",\"@id\":\"https:\/\/www.tuky.fi\/etusivu\/#\/schema\/person\/073351662690829f0e891b8e12a08593\",\"name\":\"Koulutuspoliittinen vastaava\",\"image\":{\"@type\":\"ImageObject\",\"inLanguage\":\"fi\",\"@id\":\"https:\/\/secure.gravatar.com\/avatar\/4082d64b4eb2bd56b709be6b1fc26e767dfa41978007f58a4bc79154a740adb8?s=96&d=mm&r=g\",\"url\":\"https:\/\/secure.gravatar.com\/avatar\/4082d64b4eb2bd56b709be6b1fc26e767dfa41978007f58a4bc79154a740adb8?s=96&d=mm&r=g\",\"contentUrl\":\"https:\/\/secure.gravatar.com\/avatar\/4082d64b4eb2bd56b709be6b1fc26e767dfa41978007f58a4bc79154a740adb8?s=96&d=mm&r=g\",\"caption\":\"Koulutuspoliittinen vastaava\"},\"url\":\"https:\/\/www.tuky.fi\/etusivu\/author\/ky-kopo\/\"}]}<\/script>\n<!-- \/ Yoast SEO plugin. -->","yoast_head_json":{"title":"Hae Turun kauppakorkeakoulun halloped-koordinaattoriksi! - Turun KY","robots":{"index":"index","follow":"follow","max-snippet":"max-snippet:-1","max-image-preview":"max-image-preview:large","max-video-preview":"max-video-preview:-1"},"canonical":"https:\/\/www.tuky.fi\/etusivu\/news\/hae-turun-kauppakorkeakoulun-halloped-koordinaattoriksi\/","og_locale":"fi_FI","og_type":"article","og_title":"Hae Turun kauppakorkeakoulun halloped-koordinaattoriksi! - Turun KY","og_description":"Halloped-koordinaattorin teht\u00e4v\u00e4n\u00e4 on toimia linkkin\u00e4 kauppakorkeakoulun hallopedien eli hallinnon opiskelijaedustajien, tieteenalaj\u00e4rjest\u00f6n ja TYYn toimiston v\u00e4lill\u00e4. Teht\u00e4v\u00e4ss\u00e4 toimiminen edellytt\u00e4\u00e4 ty\u00f6skentely\u00e4 kauppakorkeakoulun ja yliopiston hallinnon asioiden parissa ja eritt\u00e4in l\u00e4heist\u00e4 yhteydenpitoa hallinnon [&hellip;]","og_url":"https:\/\/www.tuky.fi\/etusivu\/news\/hae-turun-kauppakorkeakoulun-halloped-koordinaattoriksi\/","og_site_name":"Turun KY","article_published_time":"2014-12-09T21:59:58+00:00","author":"Koulutuspoliittinen vastaava","twitter_card":"summary_large_image","twitter_misc":{"Kirjoittanut":"Koulutuspoliittinen vastaava","Arvioitu lukuaika":"1 minuutti"},"schema":{"@context":"https:\/\/schema.org","@graph":[{"@type":"Article","@id":"https:\/\/www.tuky.fi\/etusivu\/news\/hae-turun-kauppakorkeakoulun-halloped-koordinaattoriksi\/#article","isPartOf":{"@id":"https:\/\/www.tuky.fi\/etusivu\/news\/hae-turun-kauppakorkeakoulun-halloped-koordinaattoriksi\/"},"author":{"name":"Koulutuspoliittinen vastaava","@id":"https:\/\/www.tuky.fi\/etusivu\/#\/schema\/person\/073351662690829f0e891b8e12a08593"},"headline":"Hae Turun kauppakorkeakoulun halloped-koordinaattoriksi!","datePublished":"2014-12-09T21:59:58+00:00","mainEntityOfPage":{"@id":"https:\/\/www.tuky.fi\/etusivu\/news\/hae-turun-kauppakorkeakoulun-halloped-koordinaattoriksi\/"},"wordCount":142,"commentCount":0,"publisher":{"@id":"https:\/\/www.tuky.fi\/etusivu\/#organization"},"keywords":["Edunvalvonta","Halloped","kauppakorkeakoulu","Koulutuspolitiikka"],"articleSection":["news"],"inLanguage":"fi","potentialAction":[{"@type":"CommentAction","name":"Comment","target":["https:\/\/www.tuky.fi\/etusivu\/news\/hae-turun-kauppakorkeakoulun-halloped-koordinaattoriksi\/#respond"]}]},{"@type":"WebPage","@id":"https:\/\/www.tuky.fi\/etusivu\/news\/hae-turun-kauppakorkeakoulun-halloped-koordinaattoriksi\/","url":"https:\/\/www.tuky.fi\/etusivu\/news\/hae-turun-kauppakorkeakoulun-halloped-koordinaattoriksi\/","name":"Hae Turun kauppakorkeakoulun halloped-koordinaattoriksi! - Turun KY","isPartOf":{"@id":"https:\/\/www.tuky.fi\/etusivu\/#website"},"datePublished":"2014-12-09T21:59:58+00:00","breadcrumb":{"@id":"https:\/\/www.tuky.fi\/etusivu\/news\/hae-turun-kauppakorkeakoulun-halloped-koordinaattoriksi\/#breadcrumb"},"inLanguage":"fi","potentialAction":[{"@type":"ReadAction","target":["https:\/\/www.tuky.fi\/etusivu\/news\/hae-turun-kauppakorkeakoulun-halloped-koordinaattoriksi\/"]}]},{"@type":"BreadcrumbList","@id":"https:\/\/www.tuky.fi\/etusivu\/news\/hae-turun-kauppakorkeakoulun-halloped-koordinaattoriksi\/#breadcrumb","itemListElement":[{"@type":"ListItem","position":1,"name":"Etusivu","item":"https:\/\/www.tuky.fi\/etusivu\/"},{"@type":"ListItem","position":2,"name":"Hae Turun kauppakorkeakoulun halloped-koordinaattoriksi!"}]},{"@type":"WebSite","@id":"https:\/\/www.tuky.fi\/etusivu\/#website","url":"https:\/\/www.tuky.fi\/etusivu\/","name":"Turun KY","description":"TuKY","publisher":{"@id":"https:\/\/www.tuky.fi\/etusivu\/#organization"},"alternateName":"TuKY","potentialAction":[{"@type":"SearchAction","target":{"@type":"EntryPoint","urlTemplate":"https:\/\/www.tuky.fi\/etusivu\/?s={search_term_string}"},"query-input":{"@type":"PropertyValueSpecification","valueRequired":true,"valueName":"search_term_string"}}],"inLanguage":"fi"},{"@type":"Organization","@id":"https:\/\/www.tuky.fi\/etusivu\/#organization","name":"Turun KY","alternateName":"TuKY","url":"https:\/\/www.tuky.fi\/etusivu\/","logo":{"@type":"ImageObject","inLanguage":"fi","@id":"https:\/\/www.tuky.fi\/etusivu\/#\/schema\/logo\/image\/","url":"https:\/\/www.tuky.fi\/wp-content\/uploads\/2024\/09\/TuKY-logo-kulta-1.png","contentUrl":"https:\/\/www.tuky.fi\/wp-content\/uploads\/2024\/09\/TuKY-logo-kulta-1.png","width":1080,"height":1080,"caption":"Turun KY"},"image":{"@id":"https:\/\/www.tuky.fi\/etusivu\/#\/schema\/logo\/image\/"},"sameAs":["https:\/\/instagram.com\/turunky","https:\/\/linkedin.com\/turunky"]},{"@type":"Person","@id":"https:\/\/www.tuky.fi\/etusivu\/#\/schema\/person\/073351662690829f0e891b8e12a08593","name":"Koulutuspoliittinen vastaava","image":{"@type":"ImageObject","inLanguage":"fi","@id":"https:\/\/secure.gravatar.com\/avatar\/4082d64b4eb2bd56b709be6b1fc26e767dfa41978007f58a4bc79154a740adb8?s=96&d=mm&r=g","url":"https:\/\/secure.gravatar.com\/avatar\/4082d64b4eb2bd56b709be6b1fc26e767dfa41978007f58a4bc79154a740adb8?s=96&d=mm&r=g","contentUrl":"https:\/\/secure.gravatar.com\/avatar\/4082d64b4eb2bd56b709be6b1fc26e767dfa41978007f58a4bc79154a740adb8?s=96&d=mm&r=g","caption":"Koulutuspoliittinen vastaava"},"url":"https:\/\/www.tuky.fi\/etusivu\/author\/ky-kopo\/"}]}},"lang":"fi","translations":{"fi":13142},"pll_sync_post":[],"_links":{"self":[{"href":"https:\/\/www.tuky.fi\/etusivu\/wp-json\/wp\/v2\/posts\/13142","targetHints":{"allow":["GET"]}}],"collection":[{"href":"https:\/\/www.tuky.fi\/etusivu\/wp-json\/wp\/v2\/posts"}],"about":[{"href":"https:\/\/www.tuky.fi\/etusivu\/wp-json\/wp\/v2\/types\/post"}],"author":[{"embeddable":true,"href":"https:\/\/www.tuky.fi\/etusivu\/wp-json\/wp\/v2\/users\/8"}],"replies":[{"embeddable":true,"href":"https:\/\/www.tuky.fi\/etusivu\/wp-json\/wp\/v2\/comments?post=13142"}],"version-history":[{"count":0,"href":"https:\/\/www.tuky.fi\/etusivu\/wp-json\/wp\/v2\/posts\/13142\/revisions"}],"wp:attachment":[{"href":"https:\/\/www.tuky.fi\/etusivu\/wp-json\/wp\/v2\/media?parent=13142"}],"wp:term":[{"taxonomy":"category","embeddable":true,"href":"https:\/\/www.tuky.fi\/etusivu\/wp-json\/wp\/v2\/categories?post=13142"},{"taxonomy":"post_tag","embeddable":true,"href":"https:\/\/www.tuky.fi\/etusivu\/wp-json\/wp\/v2\/tags?post=13142"}],"curies":[{"name":"wp","href":"https:\/\/api.w.org\/{rel}","templated":true}]}}