{"id":13138,"date":"2014-12-10T20:39:57","date_gmt":"2014-12-10T18:39:57","guid":{"rendered":"http:\/\/tuky.fi\/?p=13138"},"modified":"2014-12-10T20:39:57","modified_gmt":"2014-12-10T18:39:57","slug":"jesse-huovinen-ja-lauri-liljenback-valittu-turun-yliopiston-ylioppilaskunnan-hallitukseen","status":"publish","type":"post","link":"https:\/\/www.tuky.fi\/etusivu\/news\/jesse-huovinen-ja-lauri-liljenback-valittu-turun-yliopiston-ylioppilaskunnan-hallitukseen\/","title":{"rendered":"Jesse Huovinen ja Lauri Liljenb\u00e4ck valittu Turun yliopiston ylioppilaskunnan hallitukseen"},"content":{"rendered":"<p>Hetki sitten p\u00e4\u00e4ttyneess\u00e4 Turun yliopiston ylioppilaskunnan edustajiston kokouksessa on valittu uusi hallitus vuodelle 2015. TuKY-listan ehdokkaat Jesse Huovinen ja Lauri Liljenb\u00e4ck on valittu mukaan kokoonpanoon. Ryhm\u00e4 Lexin ehdokas Mikko Mononen valittiin hallituksen puheenjohtajaksi.<\/p>\n<p>Hallituskokoonopano kokonaisuudessaan:<\/p>\n<p>Puheenjohtaja: Mikko Mononen (Ryhm\u00e4 Lex)<\/p>\n<p>Jesse Huovinen (TuKY-lista)<\/p>\n<p>Lauri Liljenb\u00e4ck (TuKY-lista)<\/p>\n<p>Julia Litokorpi (Vihre\u00e4 lista)<\/p>\n<p>Janika Takatalo (Oikeat)<\/p>\n<p>Riina Lumme (Soihdunkantajat)<\/p>\n<p>Sami-Petteri Sepp\u00e4 (Ryhm\u00e4 Lex)<\/p>\n<p>&nbsp;<\/p>\n<p>Samassa kokouksessa Tylkk\u00e4rin johtokuntaan on valittu TuKY-listalta puheenjohtajaksi Riku Hietarinta ja j\u00e4seniksi Karoliina Rajala ja Sanni Sirki\u00e4.<\/p>\n<p>Turun KY onnittelee kaikkia valittuja!<\/p>\n","protected":false},"excerpt":{"rendered":"<p>Hetki sitten p\u00e4\u00e4ttyneess\u00e4 Turun yliopiston ylioppilaskunnan edustajiston kokouksessa on valittu uusi hallitus vuodelle 2015. TuKY-listan ehdokkaat Jesse Huovinen ja Lauri Liljenb\u00e4ck on valittu mukaan kokoonpanoon. Ryhm\u00e4 Lexin ehdokas Mikko Mononen [&hellip;]<\/p>\n","protected":false},"author":1,"featured_media":0,"comment_status":"open","ping_status":"open","sticky":false,"template":"","format":"standard","meta":{"_et_pb_use_builder":"","_et_pb_old_content":"","_et_gb_content_width":"","footnotes":""},"categories":[4],"tags":[128,19,492,493,494,47,28,11,495,22],"class_list":["post-13138","post","type-post","status-publish","format-standard","hentry","category-news","tag-edunvalvonta","tag-edustajisto","tag-huovinen","tag-liljenback","tag-rajala","tag-sirkia","tag-tuky-lista","tag-turunky","tag-tylkkari","tag-tyy"],"yoast_head":"<!-- This site is optimized with the Yoast SEO plugin v27.2 - https:\/\/yoast.com\/product\/yoast-seo-wordpress\/ -->\n<title>Jesse Huovinen ja Lauri Liljenb\u00e4ck valittu Turun yliopiston ylioppilaskunnan hallitukseen - Turun KY<\/title>\n<meta name=\"robots\" content=\"index, follow, max-snippet:-1, max-image-preview:large, max-video-preview:-1\" \/>\n<link rel=\"canonical\" href=\"https:\/\/www.tuky.fi\/etusivu\/news\/jesse-huovinen-ja-lauri-liljenback-valittu-turun-yliopiston-ylioppilaskunnan-hallitukseen\/\" \/>\n<meta property=\"og:locale\" content=\"fi_FI\" \/>\n<meta property=\"og:type\" content=\"article\" \/>\n<meta property=\"og:title\" content=\"Jesse Huovinen ja Lauri Liljenb\u00e4ck valittu Turun yliopiston ylioppilaskunnan hallitukseen - Turun KY\" \/>\n<meta property=\"og:description\" content=\"Hetki sitten p\u00e4\u00e4ttyneess\u00e4 Turun yliopiston ylioppilaskunnan edustajiston kokouksessa on valittu uusi hallitus vuodelle 2015. TuKY-listan ehdokkaat Jesse Huovinen ja Lauri Liljenb\u00e4ck on valittu mukaan kokoonpanoon. Ryhm\u00e4 Lexin ehdokas Mikko Mononen [&hellip;]\" \/>\n<meta property=\"og:url\" content=\"https:\/\/www.tuky.fi\/etusivu\/news\/jesse-huovinen-ja-lauri-liljenback-valittu-turun-yliopiston-ylioppilaskunnan-hallitukseen\/\" \/>\n<meta property=\"og:site_name\" content=\"Turun KY\" \/>\n<meta property=\"article:published_time\" content=\"2014-12-10T18:39:57+00:00\" \/>\n<meta name=\"author\" content=\"admin\" \/>\n<meta name=\"twitter:card\" content=\"summary_large_image\" \/>\n<meta name=\"twitter:label1\" content=\"Kirjoittanut\" \/>\n\t<meta name=\"twitter:data1\" content=\"admin\" \/>\n<script type=\"application\/ld+json\" class=\"yoast-schema-graph\">{\"@context\":\"https:\/\/schema.org\",\"@graph\":[{\"@type\":\"Article\",\"@id\":\"https:\/\/www.tuky.fi\/etusivu\/news\/jesse-huovinen-ja-lauri-liljenback-valittu-turun-yliopiston-ylioppilaskunnan-hallitukseen\/#article\",\"isPartOf\":{\"@id\":\"https:\/\/www.tuky.fi\/etusivu\/news\/jesse-huovinen-ja-lauri-liljenback-valittu-turun-yliopiston-ylioppilaskunnan-hallitukseen\/\"},\"author\":{\"name\":\"admin\",\"@id\":\"https:\/\/www.tuky.fi\/etusivu\/#\/schema\/person\/479eb0d4ef732e133e3a76f9b7659a39\"},\"headline\":\"Jesse Huovinen ja Lauri Liljenb\u00e4ck valittu Turun yliopiston ylioppilaskunnan hallitukseen\",\"datePublished\":\"2014-12-10T18:39:57+00:00\",\"mainEntityOfPage\":{\"@id\":\"https:\/\/www.tuky.fi\/etusivu\/news\/jesse-huovinen-ja-lauri-liljenback-valittu-turun-yliopiston-ylioppilaskunnan-hallitukseen\/\"},\"wordCount\":98,\"commentCount\":0,\"publisher\":{\"@id\":\"https:\/\/www.tuky.fi\/etusivu\/#organization\"},\"keywords\":[\"Edunvalvonta\",\"edustajisto\",\"Huovinen\",\"Liljenb\u00e4ck\",\"Rajala\",\"Sirki\u00e4\",\"TuKY-lista\",\"turunky\",\"Tylkk\u00e4ri\",\"tyy\"],\"articleSection\":[\"news\"],\"inLanguage\":\"fi\",\"potentialAction\":[{\"@type\":\"CommentAction\",\"name\":\"Comment\",\"target\":[\"https:\/\/www.tuky.fi\/etusivu\/news\/jesse-huovinen-ja-lauri-liljenback-valittu-turun-yliopiston-ylioppilaskunnan-hallitukseen\/#respond\"]}]},{\"@type\":\"WebPage\",\"@id\":\"https:\/\/www.tuky.fi\/etusivu\/news\/jesse-huovinen-ja-lauri-liljenback-valittu-turun-yliopiston-ylioppilaskunnan-hallitukseen\/\",\"url\":\"https:\/\/www.tuky.fi\/etusivu\/news\/jesse-huovinen-ja-lauri-liljenback-valittu-turun-yliopiston-ylioppilaskunnan-hallitukseen\/\",\"name\":\"Jesse Huovinen ja Lauri Liljenb\u00e4ck valittu Turun yliopiston ylioppilaskunnan hallitukseen - Turun KY\",\"isPartOf\":{\"@id\":\"https:\/\/www.tuky.fi\/etusivu\/#website\"},\"datePublished\":\"2014-12-10T18:39:57+00:00\",\"breadcrumb\":{\"@id\":\"https:\/\/www.tuky.fi\/etusivu\/news\/jesse-huovinen-ja-lauri-liljenback-valittu-turun-yliopiston-ylioppilaskunnan-hallitukseen\/#breadcrumb\"},\"inLanguage\":\"fi\",\"potentialAction\":[{\"@type\":\"ReadAction\",\"target\":[\"https:\/\/www.tuky.fi\/etusivu\/news\/jesse-huovinen-ja-lauri-liljenback-valittu-turun-yliopiston-ylioppilaskunnan-hallitukseen\/\"]}]},{\"@type\":\"BreadcrumbList\",\"@id\":\"https:\/\/www.tuky.fi\/etusivu\/news\/jesse-huovinen-ja-lauri-liljenback-valittu-turun-yliopiston-ylioppilaskunnan-hallitukseen\/#breadcrumb\",\"itemListElement\":[{\"@type\":\"ListItem\",\"position\":1,\"name\":\"Etusivu\",\"item\":\"https:\/\/www.tuky.fi\/etusivu\/\"},{\"@type\":\"ListItem\",\"position\":2,\"name\":\"Jesse Huovinen ja Lauri Liljenb\u00e4ck valittu Turun yliopiston ylioppilaskunnan hallitukseen\"}]},{\"@type\":\"WebSite\",\"@id\":\"https:\/\/www.tuky.fi\/etusivu\/#website\",\"url\":\"https:\/\/www.tuky.fi\/etusivu\/\",\"name\":\"Turun KY\",\"description\":\"TuKY\",\"publisher\":{\"@id\":\"https:\/\/www.tuky.fi\/etusivu\/#organization\"},\"alternateName\":\"TuKY\",\"potentialAction\":[{\"@type\":\"SearchAction\",\"target\":{\"@type\":\"EntryPoint\",\"urlTemplate\":\"https:\/\/www.tuky.fi\/etusivu\/?s={search_term_string}\"},\"query-input\":{\"@type\":\"PropertyValueSpecification\",\"valueRequired\":true,\"valueName\":\"search_term_string\"}}],\"inLanguage\":\"fi\"},{\"@type\":\"Organization\",\"@id\":\"https:\/\/www.tuky.fi\/etusivu\/#organization\",\"name\":\"Turun KY\",\"alternateName\":\"TuKY\",\"url\":\"https:\/\/www.tuky.fi\/etusivu\/\",\"logo\":{\"@type\":\"ImageObject\",\"inLanguage\":\"fi\",\"@id\":\"https:\/\/www.tuky.fi\/etusivu\/#\/schema\/logo\/image\/\",\"url\":\"https:\/\/www.tuky.fi\/wp-content\/uploads\/2024\/09\/TuKY-logo-kulta-1.png\",\"contentUrl\":\"https:\/\/www.tuky.fi\/wp-content\/uploads\/2024\/09\/TuKY-logo-kulta-1.png\",\"width\":1080,\"height\":1080,\"caption\":\"Turun KY\"},\"image\":{\"@id\":\"https:\/\/www.tuky.fi\/etusivu\/#\/schema\/logo\/image\/\"},\"sameAs\":[\"https:\/\/instagram.com\/turunky\",\"https:\/\/linkedin.com\/turunky\"]},{\"@type\":\"Person\",\"@id\":\"https:\/\/www.tuky.fi\/etusivu\/#\/schema\/person\/479eb0d4ef732e133e3a76f9b7659a39\",\"name\":\"admin\",\"image\":{\"@type\":\"ImageObject\",\"inLanguage\":\"fi\",\"@id\":\"https:\/\/secure.gravatar.com\/avatar\/afbe741656101229147e16716fbedbcade65018caf8c467f89b9abae7aaffeea?s=96&d=mm&r=g\",\"url\":\"https:\/\/secure.gravatar.com\/avatar\/afbe741656101229147e16716fbedbcade65018caf8c467f89b9abae7aaffeea?s=96&d=mm&r=g\",\"contentUrl\":\"https:\/\/secure.gravatar.com\/avatar\/afbe741656101229147e16716fbedbcade65018caf8c467f89b9abae7aaffeea?s=96&d=mm&r=g\",\"caption\":\"admin\"},\"url\":\"https:\/\/www.tuky.fi\/etusivu\/author\/admin\/\"}]}<\/script>\n<!-- \/ Yoast SEO plugin. -->","yoast_head_json":{"title":"Jesse Huovinen ja Lauri Liljenb\u00e4ck valittu Turun yliopiston ylioppilaskunnan hallitukseen - Turun KY","robots":{"index":"index","follow":"follow","max-snippet":"max-snippet:-1","max-image-preview":"max-image-preview:large","max-video-preview":"max-video-preview:-1"},"canonical":"https:\/\/www.tuky.fi\/etusivu\/news\/jesse-huovinen-ja-lauri-liljenback-valittu-turun-yliopiston-ylioppilaskunnan-hallitukseen\/","og_locale":"fi_FI","og_type":"article","og_title":"Jesse Huovinen ja Lauri Liljenb\u00e4ck valittu Turun yliopiston ylioppilaskunnan hallitukseen - Turun KY","og_description":"Hetki sitten p\u00e4\u00e4ttyneess\u00e4 Turun yliopiston ylioppilaskunnan edustajiston kokouksessa on valittu uusi hallitus vuodelle 2015. TuKY-listan ehdokkaat Jesse Huovinen ja Lauri Liljenb\u00e4ck on valittu mukaan kokoonpanoon. Ryhm\u00e4 Lexin ehdokas Mikko Mononen [&hellip;]","og_url":"https:\/\/www.tuky.fi\/etusivu\/news\/jesse-huovinen-ja-lauri-liljenback-valittu-turun-yliopiston-ylioppilaskunnan-hallitukseen\/","og_site_name":"Turun KY","article_published_time":"2014-12-10T18:39:57+00:00","author":"admin","twitter_card":"summary_large_image","twitter_misc":{"Kirjoittanut":"admin"},"schema":{"@context":"https:\/\/schema.org","@graph":[{"@type":"Article","@id":"https:\/\/www.tuky.fi\/etusivu\/news\/jesse-huovinen-ja-lauri-liljenback-valittu-turun-yliopiston-ylioppilaskunnan-hallitukseen\/#article","isPartOf":{"@id":"https:\/\/www.tuky.fi\/etusivu\/news\/jesse-huovinen-ja-lauri-liljenback-valittu-turun-yliopiston-ylioppilaskunnan-hallitukseen\/"},"author":{"name":"admin","@id":"https:\/\/www.tuky.fi\/etusivu\/#\/schema\/person\/479eb0d4ef732e133e3a76f9b7659a39"},"headline":"Jesse Huovinen ja Lauri Liljenb\u00e4ck valittu Turun yliopiston ylioppilaskunnan hallitukseen","datePublished":"2014-12-10T18:39:57+00:00","mainEntityOfPage":{"@id":"https:\/\/www.tuky.fi\/etusivu\/news\/jesse-huovinen-ja-lauri-liljenback-valittu-turun-yliopiston-ylioppilaskunnan-hallitukseen\/"},"wordCount":98,"commentCount":0,"publisher":{"@id":"https:\/\/www.tuky.fi\/etusivu\/#organization"},"keywords":["Edunvalvonta","edustajisto","Huovinen","Liljenb\u00e4ck","Rajala","Sirki\u00e4","TuKY-lista","turunky","Tylkk\u00e4ri","tyy"],"articleSection":["news"],"inLanguage":"fi","potentialAction":[{"@type":"CommentAction","name":"Comment","target":["https:\/\/www.tuky.fi\/etusivu\/news\/jesse-huovinen-ja-lauri-liljenback-valittu-turun-yliopiston-ylioppilaskunnan-hallitukseen\/#respond"]}]},{"@type":"WebPage","@id":"https:\/\/www.tuky.fi\/etusivu\/news\/jesse-huovinen-ja-lauri-liljenback-valittu-turun-yliopiston-ylioppilaskunnan-hallitukseen\/","url":"https:\/\/www.tuky.fi\/etusivu\/news\/jesse-huovinen-ja-lauri-liljenback-valittu-turun-yliopiston-ylioppilaskunnan-hallitukseen\/","name":"Jesse Huovinen ja Lauri Liljenb\u00e4ck valittu Turun yliopiston ylioppilaskunnan hallitukseen - Turun KY","isPartOf":{"@id":"https:\/\/www.tuky.fi\/etusivu\/#website"},"datePublished":"2014-12-10T18:39:57+00:00","breadcrumb":{"@id":"https:\/\/www.tuky.fi\/etusivu\/news\/jesse-huovinen-ja-lauri-liljenback-valittu-turun-yliopiston-ylioppilaskunnan-hallitukseen\/#breadcrumb"},"inLanguage":"fi","potentialAction":[{"@type":"ReadAction","target":["https:\/\/www.tuky.fi\/etusivu\/news\/jesse-huovinen-ja-lauri-liljenback-valittu-turun-yliopiston-ylioppilaskunnan-hallitukseen\/"]}]},{"@type":"BreadcrumbList","@id":"https:\/\/www.tuky.fi\/etusivu\/news\/jesse-huovinen-ja-lauri-liljenback-valittu-turun-yliopiston-ylioppilaskunnan-hallitukseen\/#breadcrumb","itemListElement":[{"@type":"ListItem","position":1,"name":"Etusivu","item":"https:\/\/www.tuky.fi\/etusivu\/"},{"@type":"ListItem","position":2,"name":"Jesse Huovinen ja Lauri Liljenb\u00e4ck valittu Turun yliopiston ylioppilaskunnan hallitukseen"}]},{"@type":"WebSite","@id":"https:\/\/www.tuky.fi\/etusivu\/#website","url":"https:\/\/www.tuky.fi\/etusivu\/","name":"Turun KY","description":"TuKY","publisher":{"@id":"https:\/\/www.tuky.fi\/etusivu\/#organization"},"alternateName":"TuKY","potentialAction":[{"@type":"SearchAction","target":{"@type":"EntryPoint","urlTemplate":"https:\/\/www.tuky.fi\/etusivu\/?s={search_term_string}"},"query-input":{"@type":"PropertyValueSpecification","valueRequired":true,"valueName":"search_term_string"}}],"inLanguage":"fi"},{"@type":"Organization","@id":"https:\/\/www.tuky.fi\/etusivu\/#organization","name":"Turun KY","alternateName":"TuKY","url":"https:\/\/www.tuky.fi\/etusivu\/","logo":{"@type":"ImageObject","inLanguage":"fi","@id":"https:\/\/www.tuky.fi\/etusivu\/#\/schema\/logo\/image\/","url":"https:\/\/www.tuky.fi\/wp-content\/uploads\/2024\/09\/TuKY-logo-kulta-1.png","contentUrl":"https:\/\/www.tuky.fi\/wp-content\/uploads\/2024\/09\/TuKY-logo-kulta-1.png","width":1080,"height":1080,"caption":"Turun KY"},"image":{"@id":"https:\/\/www.tuky.fi\/etusivu\/#\/schema\/logo\/image\/"},"sameAs":["https:\/\/instagram.com\/turunky","https:\/\/linkedin.com\/turunky"]},{"@type":"Person","@id":"https:\/\/www.tuky.fi\/etusivu\/#\/schema\/person\/479eb0d4ef732e133e3a76f9b7659a39","name":"admin","image":{"@type":"ImageObject","inLanguage":"fi","@id":"https:\/\/secure.gravatar.com\/avatar\/afbe741656101229147e16716fbedbcade65018caf8c467f89b9abae7aaffeea?s=96&d=mm&r=g","url":"https:\/\/secure.gravatar.com\/avatar\/afbe741656101229147e16716fbedbcade65018caf8c467f89b9abae7aaffeea?s=96&d=mm&r=g","contentUrl":"https:\/\/secure.gravatar.com\/avatar\/afbe741656101229147e16716fbedbcade65018caf8c467f89b9abae7aaffeea?s=96&d=mm&r=g","caption":"admin"},"url":"https:\/\/www.tuky.fi\/etusivu\/author\/admin\/"}]}},"lang":"fi","translations":{"fi":13138},"pll_sync_post":[],"_links":{"self":[{"href":"https:\/\/www.tuky.fi\/etusivu\/wp-json\/wp\/v2\/posts\/13138","targetHints":{"allow":["GET"]}}],"collection":[{"href":"https:\/\/www.tuky.fi\/etusivu\/wp-json\/wp\/v2\/posts"}],"about":[{"href":"https:\/\/www.tuky.fi\/etusivu\/wp-json\/wp\/v2\/types\/post"}],"author":[{"embeddable":true,"href":"https:\/\/www.tuky.fi\/etusivu\/wp-json\/wp\/v2\/users\/1"}],"replies":[{"embeddable":true,"href":"https:\/\/www.tuky.fi\/etusivu\/wp-json\/wp\/v2\/comments?post=13138"}],"version-history":[{"count":0,"href":"https:\/\/www.tuky.fi\/etusivu\/wp-json\/wp\/v2\/posts\/13138\/revisions"}],"wp:attachment":[{"href":"https:\/\/www.tuky.fi\/etusivu\/wp-json\/wp\/v2\/media?parent=13138"}],"wp:term":[{"taxonomy":"category","embeddable":true,"href":"https:\/\/www.tuky.fi\/etusivu\/wp-json\/wp\/v2\/categories?post=13138"},{"taxonomy":"post_tag","embeddable":true,"href":"https:\/\/www.tuky.fi\/etusivu\/wp-json\/wp\/v2\/tags?post=13138"}],"curies":[{"name":"wp","href":"https:\/\/api.w.org\/{rel}","templated":true}]}}