{"id":13057,"date":"2014-11-30T23:18:19","date_gmt":"2014-11-30T21:18:19","guid":{"rendered":"http:\/\/tuky.fi\/?p=13057"},"modified":"2014-11-30T23:18:19","modified_gmt":"2014-11-30T21:18:19","slug":"turun-kauppakorkeakoulun-kirjaston-joulunajan-aukioloajat","status":"publish","type":"post","link":"https:\/\/www.tuky.fi\/etusivu\/news\/turun-kauppakorkeakoulun-kirjaston-joulunajan-aukioloajat\/","title":{"rendered":"Turun kauppakorkeakoulun kirjaston joulunajan aukioloajat"},"content":{"rendered":"<p><span style=\"line-height: 1.5em\">Vuoden viimeiset tentit l\u00e4hestyv\u00e4t ja on j\u00e4lleen aika linnoittautua kirjastoon. Vaikkei nyt ihan ole kyse 24\/7 majailumahdollisuudesta, on kirjasto esimerkiksi tulevana perjantaina 5.12. poikkeuksellisesti auki klo 15 asti itsen\u00e4isyysp\u00e4iv\u00e4n aatosta huolimatta. Loput joulunajan aukioloajat voit tarkistaa alla olevasta kuvasta.<\/span><\/p>\n<p><a href=\"http:\/\/tuky.fi\/wordpress\/wp-content\/uploads\/2014\/11\/Slide1.png\"><img loading=\"lazy\" decoding=\"async\" class=\"alignnone  wp-image-13058\" alt=\"Slide1\" src=\"http:\/\/tuky.fi\/wordpress\/wp-content\/uploads\/2014\/11\/Slide1.png\" width=\"507\" height=\"718\" \/><\/a><\/p>\n<p>&nbsp;<\/p>\n","protected":false},"excerpt":{"rendered":"<p>Vuoden viimeiset tentit l\u00e4hestyv\u00e4t ja on j\u00e4lleen aika linnoittautua kirjastoon. Vaikkei nyt ihan ole kyse 24\/7 majailumahdollisuudesta, on kirjasto esimerkiksi tulevana perjantaina 5.12. poikkeuksellisesti auki klo 15 asti itsen\u00e4isyysp\u00e4iv\u00e4n aatosta [&hellip;]<\/p>\n","protected":false},"author":7,"featured_media":0,"comment_status":"open","ping_status":"open","sticky":false,"template":"","format":"standard","meta":{"_et_pb_use_builder":"","_et_pb_old_content":"","_et_gb_content_width":"","footnotes":""},"categories":[4],"tags":[485,128,486,487,488,489,490,151],"class_list":["post-13057","post","type-post","status-publish","format-standard","hentry","category-news","tag-aukioloajat","tag-edunvalvonta","tag-joulutentit","tag-kirjasto","tag-library","tag-openinghours","tag-tenttiviikko","tag-tukkk"],"yoast_head":"<!-- This site is optimized with the Yoast SEO plugin v27.2 - https:\/\/yoast.com\/product\/yoast-seo-wordpress\/ -->\n<title>Turun kauppakorkeakoulun kirjaston joulunajan aukioloajat - Turun KY<\/title>\n<meta name=\"robots\" content=\"index, follow, max-snippet:-1, max-image-preview:large, max-video-preview:-1\" \/>\n<link rel=\"canonical\" href=\"https:\/\/www.tuky.fi\/etusivu\/news\/turun-kauppakorkeakoulun-kirjaston-joulunajan-aukioloajat\/\" \/>\n<meta property=\"og:locale\" content=\"fi_FI\" \/>\n<meta property=\"og:type\" content=\"article\" \/>\n<meta property=\"og:title\" content=\"Turun kauppakorkeakoulun kirjaston joulunajan aukioloajat - Turun KY\" \/>\n<meta property=\"og:description\" content=\"Vuoden viimeiset tentit l\u00e4hestyv\u00e4t ja on j\u00e4lleen aika linnoittautua kirjastoon. Vaikkei nyt ihan ole kyse 24\/7 majailumahdollisuudesta, on kirjasto esimerkiksi tulevana perjantaina 5.12. poikkeuksellisesti auki klo 15 asti itsen\u00e4isyysp\u00e4iv\u00e4n aatosta [&hellip;]\" \/>\n<meta property=\"og:url\" content=\"https:\/\/www.tuky.fi\/etusivu\/news\/turun-kauppakorkeakoulun-kirjaston-joulunajan-aukioloajat\/\" \/>\n<meta property=\"og:site_name\" content=\"Turun KY\" \/>\n<meta property=\"article:published_time\" content=\"2014-11-30T21:18:19+00:00\" \/>\n<meta property=\"og:image\" content=\"http:\/\/tuky.fi\/wordpress\/wp-content\/uploads\/2014\/11\/Slide1.png\" \/>\n<meta name=\"author\" content=\"Sosiaalipoliittinen vastaava\" \/>\n<meta name=\"twitter:card\" content=\"summary_large_image\" \/>\n<meta name=\"twitter:label1\" content=\"Kirjoittanut\" \/>\n\t<meta name=\"twitter:data1\" content=\"Sosiaalipoliittinen vastaava\" \/>\n<script type=\"application\/ld+json\" class=\"yoast-schema-graph\">{\"@context\":\"https:\/\/schema.org\",\"@graph\":[{\"@type\":\"Article\",\"@id\":\"https:\/\/www.tuky.fi\/etusivu\/news\/turun-kauppakorkeakoulun-kirjaston-joulunajan-aukioloajat\/#article\",\"isPartOf\":{\"@id\":\"https:\/\/www.tuky.fi\/etusivu\/news\/turun-kauppakorkeakoulun-kirjaston-joulunajan-aukioloajat\/\"},\"author\":{\"name\":\"Sosiaalipoliittinen vastaava\",\"@id\":\"https:\/\/www.tuky.fi\/etusivu\/#\/schema\/person\/6bafe1ca915065fb67bf89adbcce9f6e\"},\"headline\":\"Turun kauppakorkeakoulun kirjaston joulunajan aukioloajat\",\"datePublished\":\"2014-11-30T21:18:19+00:00\",\"mainEntityOfPage\":{\"@id\":\"https:\/\/www.tuky.fi\/etusivu\/news\/turun-kauppakorkeakoulun-kirjaston-joulunajan-aukioloajat\/\"},\"wordCount\":48,\"commentCount\":0,\"publisher\":{\"@id\":\"https:\/\/www.tuky.fi\/etusivu\/#organization\"},\"image\":{\"@id\":\"https:\/\/www.tuky.fi\/etusivu\/news\/turun-kauppakorkeakoulun-kirjaston-joulunajan-aukioloajat\/#primaryimage\"},\"thumbnailUrl\":\"http:\/\/tuky.fi\/wordpress\/wp-content\/uploads\/2014\/11\/Slide1.png\",\"keywords\":[\"aukioloajat\",\"Edunvalvonta\",\"joulutentit\",\"kirjasto\",\"library\",\"openinghours\",\"tenttiviikko\",\"tukkk\"],\"articleSection\":[\"news\"],\"inLanguage\":\"fi\",\"potentialAction\":[{\"@type\":\"CommentAction\",\"name\":\"Comment\",\"target\":[\"https:\/\/www.tuky.fi\/etusivu\/news\/turun-kauppakorkeakoulun-kirjaston-joulunajan-aukioloajat\/#respond\"]}]},{\"@type\":\"WebPage\",\"@id\":\"https:\/\/www.tuky.fi\/etusivu\/news\/turun-kauppakorkeakoulun-kirjaston-joulunajan-aukioloajat\/\",\"url\":\"https:\/\/www.tuky.fi\/etusivu\/news\/turun-kauppakorkeakoulun-kirjaston-joulunajan-aukioloajat\/\",\"name\":\"Turun kauppakorkeakoulun kirjaston joulunajan aukioloajat - Turun KY\",\"isPartOf\":{\"@id\":\"https:\/\/www.tuky.fi\/etusivu\/#website\"},\"primaryImageOfPage\":{\"@id\":\"https:\/\/www.tuky.fi\/etusivu\/news\/turun-kauppakorkeakoulun-kirjaston-joulunajan-aukioloajat\/#primaryimage\"},\"image\":{\"@id\":\"https:\/\/www.tuky.fi\/etusivu\/news\/turun-kauppakorkeakoulun-kirjaston-joulunajan-aukioloajat\/#primaryimage\"},\"thumbnailUrl\":\"http:\/\/tuky.fi\/wordpress\/wp-content\/uploads\/2014\/11\/Slide1.png\",\"datePublished\":\"2014-11-30T21:18:19+00:00\",\"breadcrumb\":{\"@id\":\"https:\/\/www.tuky.fi\/etusivu\/news\/turun-kauppakorkeakoulun-kirjaston-joulunajan-aukioloajat\/#breadcrumb\"},\"inLanguage\":\"fi\",\"potentialAction\":[{\"@type\":\"ReadAction\",\"target\":[\"https:\/\/www.tuky.fi\/etusivu\/news\/turun-kauppakorkeakoulun-kirjaston-joulunajan-aukioloajat\/\"]}]},{\"@type\":\"ImageObject\",\"inLanguage\":\"fi\",\"@id\":\"https:\/\/www.tuky.fi\/etusivu\/news\/turun-kauppakorkeakoulun-kirjaston-joulunajan-aukioloajat\/#primaryimage\",\"url\":\"http:\/\/tuky.fi\/wordpress\/wp-content\/uploads\/2014\/11\/Slide1.png\",\"contentUrl\":\"http:\/\/tuky.fi\/wordpress\/wp-content\/uploads\/2014\/11\/Slide1.png\"},{\"@type\":\"BreadcrumbList\",\"@id\":\"https:\/\/www.tuky.fi\/etusivu\/news\/turun-kauppakorkeakoulun-kirjaston-joulunajan-aukioloajat\/#breadcrumb\",\"itemListElement\":[{\"@type\":\"ListItem\",\"position\":1,\"name\":\"Etusivu\",\"item\":\"https:\/\/www.tuky.fi\/etusivu\/\"},{\"@type\":\"ListItem\",\"position\":2,\"name\":\"Turun kauppakorkeakoulun kirjaston joulunajan aukioloajat\"}]},{\"@type\":\"WebSite\",\"@id\":\"https:\/\/www.tuky.fi\/etusivu\/#website\",\"url\":\"https:\/\/www.tuky.fi\/etusivu\/\",\"name\":\"Turun KY\",\"description\":\"TuKY\",\"publisher\":{\"@id\":\"https:\/\/www.tuky.fi\/etusivu\/#organization\"},\"alternateName\":\"TuKY\",\"potentialAction\":[{\"@type\":\"SearchAction\",\"target\":{\"@type\":\"EntryPoint\",\"urlTemplate\":\"https:\/\/www.tuky.fi\/etusivu\/?s={search_term_string}\"},\"query-input\":{\"@type\":\"PropertyValueSpecification\",\"valueRequired\":true,\"valueName\":\"search_term_string\"}}],\"inLanguage\":\"fi\"},{\"@type\":\"Organization\",\"@id\":\"https:\/\/www.tuky.fi\/etusivu\/#organization\",\"name\":\"Turun KY\",\"alternateName\":\"TuKY\",\"url\":\"https:\/\/www.tuky.fi\/etusivu\/\",\"logo\":{\"@type\":\"ImageObject\",\"inLanguage\":\"fi\",\"@id\":\"https:\/\/www.tuky.fi\/etusivu\/#\/schema\/logo\/image\/\",\"url\":\"https:\/\/www.tuky.fi\/wp-content\/uploads\/2024\/09\/TuKY-logo-kulta-1.png\",\"contentUrl\":\"https:\/\/www.tuky.fi\/wp-content\/uploads\/2024\/09\/TuKY-logo-kulta-1.png\",\"width\":1080,\"height\":1080,\"caption\":\"Turun KY\"},\"image\":{\"@id\":\"https:\/\/www.tuky.fi\/etusivu\/#\/schema\/logo\/image\/\"},\"sameAs\":[\"https:\/\/instagram.com\/turunky\",\"https:\/\/linkedin.com\/turunky\"]},{\"@type\":\"Person\",\"@id\":\"https:\/\/www.tuky.fi\/etusivu\/#\/schema\/person\/6bafe1ca915065fb67bf89adbcce9f6e\",\"name\":\"Sosiaalipoliittinen vastaava\",\"image\":{\"@type\":\"ImageObject\",\"inLanguage\":\"fi\",\"@id\":\"https:\/\/secure.gravatar.com\/avatar\/76e8a0f31a466694f5211ef517ce8d1c12893f6c766c3cfc8d682e1e96077dd4?s=96&d=mm&r=g\",\"url\":\"https:\/\/secure.gravatar.com\/avatar\/76e8a0f31a466694f5211ef517ce8d1c12893f6c766c3cfc8d682e1e96077dd4?s=96&d=mm&r=g\",\"contentUrl\":\"https:\/\/secure.gravatar.com\/avatar\/76e8a0f31a466694f5211ef517ce8d1c12893f6c766c3cfc8d682e1e96077dd4?s=96&d=mm&r=g\",\"caption\":\"Sosiaalipoliittinen vastaava\"},\"url\":\"https:\/\/www.tuky.fi\/etusivu\/author\/ky-hyvinvointi\/\"}]}<\/script>\n<!-- \/ Yoast SEO plugin. -->","yoast_head_json":{"title":"Turun kauppakorkeakoulun kirjaston joulunajan aukioloajat - Turun KY","robots":{"index":"index","follow":"follow","max-snippet":"max-snippet:-1","max-image-preview":"max-image-preview:large","max-video-preview":"max-video-preview:-1"},"canonical":"https:\/\/www.tuky.fi\/etusivu\/news\/turun-kauppakorkeakoulun-kirjaston-joulunajan-aukioloajat\/","og_locale":"fi_FI","og_type":"article","og_title":"Turun kauppakorkeakoulun kirjaston joulunajan aukioloajat - Turun KY","og_description":"Vuoden viimeiset tentit l\u00e4hestyv\u00e4t ja on j\u00e4lleen aika linnoittautua kirjastoon. Vaikkei nyt ihan ole kyse 24\/7 majailumahdollisuudesta, on kirjasto esimerkiksi tulevana perjantaina 5.12. poikkeuksellisesti auki klo 15 asti itsen\u00e4isyysp\u00e4iv\u00e4n aatosta [&hellip;]","og_url":"https:\/\/www.tuky.fi\/etusivu\/news\/turun-kauppakorkeakoulun-kirjaston-joulunajan-aukioloajat\/","og_site_name":"Turun KY","article_published_time":"2014-11-30T21:18:19+00:00","og_image":[{"url":"http:\/\/tuky.fi\/wordpress\/wp-content\/uploads\/2014\/11\/Slide1.png","type":"","width":"","height":""}],"author":"Sosiaalipoliittinen vastaava","twitter_card":"summary_large_image","twitter_misc":{"Kirjoittanut":"Sosiaalipoliittinen vastaava"},"schema":{"@context":"https:\/\/schema.org","@graph":[{"@type":"Article","@id":"https:\/\/www.tuky.fi\/etusivu\/news\/turun-kauppakorkeakoulun-kirjaston-joulunajan-aukioloajat\/#article","isPartOf":{"@id":"https:\/\/www.tuky.fi\/etusivu\/news\/turun-kauppakorkeakoulun-kirjaston-joulunajan-aukioloajat\/"},"author":{"name":"Sosiaalipoliittinen vastaava","@id":"https:\/\/www.tuky.fi\/etusivu\/#\/schema\/person\/6bafe1ca915065fb67bf89adbcce9f6e"},"headline":"Turun kauppakorkeakoulun kirjaston joulunajan aukioloajat","datePublished":"2014-11-30T21:18:19+00:00","mainEntityOfPage":{"@id":"https:\/\/www.tuky.fi\/etusivu\/news\/turun-kauppakorkeakoulun-kirjaston-joulunajan-aukioloajat\/"},"wordCount":48,"commentCount":0,"publisher":{"@id":"https:\/\/www.tuky.fi\/etusivu\/#organization"},"image":{"@id":"https:\/\/www.tuky.fi\/etusivu\/news\/turun-kauppakorkeakoulun-kirjaston-joulunajan-aukioloajat\/#primaryimage"},"thumbnailUrl":"http:\/\/tuky.fi\/wordpress\/wp-content\/uploads\/2014\/11\/Slide1.png","keywords":["aukioloajat","Edunvalvonta","joulutentit","kirjasto","library","openinghours","tenttiviikko","tukkk"],"articleSection":["news"],"inLanguage":"fi","potentialAction":[{"@type":"CommentAction","name":"Comment","target":["https:\/\/www.tuky.fi\/etusivu\/news\/turun-kauppakorkeakoulun-kirjaston-joulunajan-aukioloajat\/#respond"]}]},{"@type":"WebPage","@id":"https:\/\/www.tuky.fi\/etusivu\/news\/turun-kauppakorkeakoulun-kirjaston-joulunajan-aukioloajat\/","url":"https:\/\/www.tuky.fi\/etusivu\/news\/turun-kauppakorkeakoulun-kirjaston-joulunajan-aukioloajat\/","name":"Turun kauppakorkeakoulun kirjaston joulunajan aukioloajat - Turun KY","isPartOf":{"@id":"https:\/\/www.tuky.fi\/etusivu\/#website"},"primaryImageOfPage":{"@id":"https:\/\/www.tuky.fi\/etusivu\/news\/turun-kauppakorkeakoulun-kirjaston-joulunajan-aukioloajat\/#primaryimage"},"image":{"@id":"https:\/\/www.tuky.fi\/etusivu\/news\/turun-kauppakorkeakoulun-kirjaston-joulunajan-aukioloajat\/#primaryimage"},"thumbnailUrl":"http:\/\/tuky.fi\/wordpress\/wp-content\/uploads\/2014\/11\/Slide1.png","datePublished":"2014-11-30T21:18:19+00:00","breadcrumb":{"@id":"https:\/\/www.tuky.fi\/etusivu\/news\/turun-kauppakorkeakoulun-kirjaston-joulunajan-aukioloajat\/#breadcrumb"},"inLanguage":"fi","potentialAction":[{"@type":"ReadAction","target":["https:\/\/www.tuky.fi\/etusivu\/news\/turun-kauppakorkeakoulun-kirjaston-joulunajan-aukioloajat\/"]}]},{"@type":"ImageObject","inLanguage":"fi","@id":"https:\/\/www.tuky.fi\/etusivu\/news\/turun-kauppakorkeakoulun-kirjaston-joulunajan-aukioloajat\/#primaryimage","url":"http:\/\/tuky.fi\/wordpress\/wp-content\/uploads\/2014\/11\/Slide1.png","contentUrl":"http:\/\/tuky.fi\/wordpress\/wp-content\/uploads\/2014\/11\/Slide1.png"},{"@type":"BreadcrumbList","@id":"https:\/\/www.tuky.fi\/etusivu\/news\/turun-kauppakorkeakoulun-kirjaston-joulunajan-aukioloajat\/#breadcrumb","itemListElement":[{"@type":"ListItem","position":1,"name":"Etusivu","item":"https:\/\/www.tuky.fi\/etusivu\/"},{"@type":"ListItem","position":2,"name":"Turun kauppakorkeakoulun kirjaston joulunajan aukioloajat"}]},{"@type":"WebSite","@id":"https:\/\/www.tuky.fi\/etusivu\/#website","url":"https:\/\/www.tuky.fi\/etusivu\/","name":"Turun KY","description":"TuKY","publisher":{"@id":"https:\/\/www.tuky.fi\/etusivu\/#organization"},"alternateName":"TuKY","potentialAction":[{"@type":"SearchAction","target":{"@type":"EntryPoint","urlTemplate":"https:\/\/www.tuky.fi\/etusivu\/?s={search_term_string}"},"query-input":{"@type":"PropertyValueSpecification","valueRequired":true,"valueName":"search_term_string"}}],"inLanguage":"fi"},{"@type":"Organization","@id":"https:\/\/www.tuky.fi\/etusivu\/#organization","name":"Turun KY","alternateName":"TuKY","url":"https:\/\/www.tuky.fi\/etusivu\/","logo":{"@type":"ImageObject","inLanguage":"fi","@id":"https:\/\/www.tuky.fi\/etusivu\/#\/schema\/logo\/image\/","url":"https:\/\/www.tuky.fi\/wp-content\/uploads\/2024\/09\/TuKY-logo-kulta-1.png","contentUrl":"https:\/\/www.tuky.fi\/wp-content\/uploads\/2024\/09\/TuKY-logo-kulta-1.png","width":1080,"height":1080,"caption":"Turun KY"},"image":{"@id":"https:\/\/www.tuky.fi\/etusivu\/#\/schema\/logo\/image\/"},"sameAs":["https:\/\/instagram.com\/turunky","https:\/\/linkedin.com\/turunky"]},{"@type":"Person","@id":"https:\/\/www.tuky.fi\/etusivu\/#\/schema\/person\/6bafe1ca915065fb67bf89adbcce9f6e","name":"Sosiaalipoliittinen vastaava","image":{"@type":"ImageObject","inLanguage":"fi","@id":"https:\/\/secure.gravatar.com\/avatar\/76e8a0f31a466694f5211ef517ce8d1c12893f6c766c3cfc8d682e1e96077dd4?s=96&d=mm&r=g","url":"https:\/\/secure.gravatar.com\/avatar\/76e8a0f31a466694f5211ef517ce8d1c12893f6c766c3cfc8d682e1e96077dd4?s=96&d=mm&r=g","contentUrl":"https:\/\/secure.gravatar.com\/avatar\/76e8a0f31a466694f5211ef517ce8d1c12893f6c766c3cfc8d682e1e96077dd4?s=96&d=mm&r=g","caption":"Sosiaalipoliittinen vastaava"},"url":"https:\/\/www.tuky.fi\/etusivu\/author\/ky-hyvinvointi\/"}]}},"lang":"fi","translations":{"fi":13057},"pll_sync_post":[],"_links":{"self":[{"href":"https:\/\/www.tuky.fi\/etusivu\/wp-json\/wp\/v2\/posts\/13057","targetHints":{"allow":["GET"]}}],"collection":[{"href":"https:\/\/www.tuky.fi\/etusivu\/wp-json\/wp\/v2\/posts"}],"about":[{"href":"https:\/\/www.tuky.fi\/etusivu\/wp-json\/wp\/v2\/types\/post"}],"author":[{"embeddable":true,"href":"https:\/\/www.tuky.fi\/etusivu\/wp-json\/wp\/v2\/users\/7"}],"replies":[{"embeddable":true,"href":"https:\/\/www.tuky.fi\/etusivu\/wp-json\/wp\/v2\/comments?post=13057"}],"version-history":[{"count":0,"href":"https:\/\/www.tuky.fi\/etusivu\/wp-json\/wp\/v2\/posts\/13057\/revisions"}],"wp:attachment":[{"href":"https:\/\/www.tuky.fi\/etusivu\/wp-json\/wp\/v2\/media?parent=13057"}],"wp:term":[{"taxonomy":"category","embeddable":true,"href":"https:\/\/www.tuky.fi\/etusivu\/wp-json\/wp\/v2\/categories?post=13057"},{"taxonomy":"post_tag","embeddable":true,"href":"https:\/\/www.tuky.fi\/etusivu\/wp-json\/wp\/v2\/tags?post=13057"}],"curies":[{"name":"wp","href":"https:\/\/api.w.org\/{rel}","templated":true}]}}