{"id":13016,"date":"2014-11-26T17:45:03","date_gmt":"2014-11-26T15:45:03","guid":{"rendered":"http:\/\/tuky.fi\/?p=13016"},"modified":"2014-11-26T17:45:03","modified_gmt":"2014-11-26T15:45:03","slug":"turun-kyn-uusia-toimijoita-baarimestari-kylisteen-paatoimittaja-ja-taittovastaava-seka-uudet-parkkiryhmalaiset-on-valittu","status":"publish","type":"post","link":"https:\/\/www.tuky.fi\/etusivu\/news\/turun-kyn-uusia-toimijoita-baarimestari-kylisteen-paatoimittaja-ja-taittovastaava-seka-uudet-parkkiryhmalaiset-on-valittu\/","title":{"rendered":"Turun KY:n uusia toimijoita: Baarimestari, KYlisteen p\u00e4\u00e4toimittaja ja taittovastaava sek\u00e4 uudet parkkiryhm\u00e4l\u00e4iset on valittu"},"content":{"rendered":"<p>Viimeisen kuukauden aikana on Turun KY:lle valittu niin uusi Baarimestari, KYlisteelle uusi p\u00e4\u00e4toimittaja sek\u00e4 taittovastaava ja 4 uutta j\u00e4sent\u00e4 Parkkiryhm\u00e4\u00e4n.<\/p>\n<h3>Uusi baarimestari Anna Lamberg:<\/h3>\n<div><img loading=\"lazy\" decoding=\"async\" class=\"alignright  wp-image-13019\" alt=\"baarimestarin%20esittely\" src=\"http:\/\/tuky.fi\/wordpress\/wp-content\/uploads\/2014\/11\/baarimestarin-20esittely-300x300.jpg\" width=\"270\" height=\"270\" \/>Hellurei! Olen Anna Lamberg, 21-vuotias Turusta kotoisin oleva kolmannen vuoden opiskelija, joka ottaa baarimestarin homman innolla hoidettavakseen kulttuuri- ja perinnevastaavan pestin siirrytty\u00e4 seuraavalle vuodenvaihteessa. Pidet\u00e4\u00e4n ensi vuonna hauskaa yhdess\u00e4 ja varmistetaan, etteiv\u00e4t Montun valovoimaisuuden ajat ole ohi!<\/div>\n<p>After Workien kehitt\u00e4minen priimakuosiin on hommalistalla heti alkuvuodesta. Otan mielell\u00e4ni kehitysehdotuksia ja palautetta vastaan, jotta saadaan viritetty\u00e4 niin torstai-iltap\u00e4iv\u00e4t kuin bileillatkin parhaimmilleen. M\u00e4 olen t\u00e4ysill\u00e4 siin\u00e4 tavoitteessa messiss\u00e4, mutta tarvitsen siihen my\u00f6s teit\u00e4 muita! The Time is Now!<\/p>\n<div><\/div>\n<div><\/div>\n<div><\/div>\n<div><\/div>\n<h3>KYlisteen p\u00e4\u00e4toimittaja Karoliina Rajala:<\/h3>\n<div><\/div>\n<div><a href=\"http:\/\/tuky.fi\/wordpress\/wp-content\/uploads\/2014\/11\/10819779-10152827946983632-1267557059-o.jpg\"><img loading=\"lazy\" decoding=\"async\" class=\"alignright  wp-image-13020\" alt=\"10819779_10152827946983632_1267557059_o\" src=\"http:\/\/tuky.fi\/wordpress\/wp-content\/uploads\/2014\/11\/10819779-10152827946983632-1267557059-o-242x300.jpg\" width=\"218\" height=\"270\" \/><\/a><\/div>\n<p>Olen kolmatta vuotta Turun kauppakorkeakoulussa opiskeleva, media-alaan ja liikkuvaan el\u00e4m\u00e4ntapaan hurahtanut, freelance toimittaja. Kipin\u00e4 media-alalla ty\u00f6skentely\u00e4 kohtaan syttyi jo ennen opiskeluiden aloittamista vietettyn\u00e4 v\u00e4livuonna ja viimeisen parin vuoden aikana olen kirjoitellut aktiivisesti muun muassa Turun ylioppilaslehteen sek\u00e4 vaihteleviin nettijulkaisuihin. Olen toiminut my\u00f6s bloggaajana ja t\u00e4n\u00e4 syksyn\u00e4 sain ilokseni huomata, ett\u00e4 yksi blogiteksteist\u00e4ni her\u00e4tti keskustelua my\u00f6s Ylell\u00e4.<\/p>\n<p>Omia mielenkiinnon kohteita on paljon, suorastaan liikaa. T\u00e4n\u00e4 vuonna on tullut tehty\u00e4 yhteisty\u00f6t\u00e4 Yle 2:n Docventures-ohjelman kanssa, oltua mukana Turun YK-yhdistyksen, Kinokoplan sek\u00e4 CIA TuKYn hallitustoiminnassa, ty\u00f6skennelty\u00e4 vapaaehtoisena erin\u00e4isill\u00e4 musiikkifestivaaleilla ja suoritettua kansimiehen p\u00e4tevyys. Siin\u00e4 ohessa on v\u00e4lill\u00e4 tullut my\u00f6s opiskeltua, painottaen p\u00e4\u00e4asiassa kansainv\u00e4liseen liiketoimintaan sek\u00e4 muutamiin roikkuviin pupukursseihin.<\/p>\n<p>KYlisteen parissa ty\u00f6skentelyn aloitin jo ensimm\u00e4isen\u00e4 opiskeluvuonna. Olen taittanut, kuvannut ja kirjoittanut kyseiseen julkaisuun. P\u00e4\u00e4toimittajan pestiss\u00e4 aion l\u00e4hte\u00e4 kehitt\u00e4m\u00e4\u00e4n erityisesti lehden sis\u00e4lt\u00f6\u00e4 sek\u00e4 n\u00e4kyvyytt\u00e4 sosiaalisessa mediassa. Etsimme nyt my\u00f6s toimitukseemme uusia j\u00e4seni\u00e4, joten kannattaa ehdottomasti tulla pist\u00e4ytym\u00e4\u00e4n tulevissa toimituskokouksissa!<\/p>\n<h3><img loading=\"lazy\" decoding=\"async\" class=\"alignright size-medium wp-image-13024\" alt=\"10370376_689871271059496_4851638703992852208_n\" src=\"http:\/\/tuky.fi\/wordpress\/wp-content\/uploads\/2014\/11\/10370376-689871271059496-4851638703992852208-n-179x300.jpg\" width=\"179\" height=\"300\" \/>KYlisteen taittovastaava Miika Tiainen:<\/h3>\n<p>Moikka vaan!\u00a0Oon t\u00e4llanen viestint\u00e4h\u00f6rh\u00f6 ja KYliste-intoilija toiselta vuosikurssilta! Kaipasin ensi vuodelle viel\u00e4 kaiken muun kivan lis\u00e4ksi jotain taiteellisempaa puuhasteltavaa, joten siin\u00e4 mieless\u00e4 taittovastaavan pesti sopii mulle kuin nen\u00e4 p\u00e4\u00e4h\u00e4n. T\u00e4ss\u00e4 hommassa p\u00e4\u00e4see todella toteuttamaan itse\u00e4\u00e4n ja samalla tekem\u00e4\u00e4n KYlisteest\u00e4 viel\u00e4 astetta paremman. Ja itkem\u00e4\u00e4n sunnuntai-y\u00f6ll\u00e4 kello 4.30 toimistolla, kun InDesign ei pelit\u00e4k\u00e4\u00e4n. Yksin. Mutta ei siit\u00e4 sen enemp\u00e4\u00e4. Koska KYliste on vaan &lt;3. Liity sin\u00e4kin joukkoon iloiseen!<\/p>\n<p>&nbsp;<\/p>\n<p>&nbsp;<\/p>\n<p>&nbsp;<\/p>\n<h3>Uudet parkkiryhm\u00e4l\u00e4iset:<a href=\"http:\/\/tuky.fi\/wordpress\/wp-content\/uploads\/2014\/11\/IMG-3335.jpg\"><img loading=\"lazy\" decoding=\"async\" class=\"alignright size-medium wp-image-13040\" style=\"display: none !important; visibility: hidden !important; opacity: 0 !important; background-position: 120px 300px;\" alt=\"IMG_3335\" src=\"http:\/\/tuky.fi\/wordpress\/wp-content\/uploads\/2014\/11\/IMG-3335-120x300.jpg\" width=\"0\" height=\"0\" \/><\/a> <a href=\"http:\/\/tuky.fi\/wordpress\/wp-content\/uploads\/2014\/11\/maria-20helle.jpg\"><img loading=\"lazy\" decoding=\"async\" class=\"alignright  wp-image-13041\" alt=\"maria%20helle\" src=\"http:\/\/tuky.fi\/wordpress\/wp-content\/uploads\/2014\/11\/maria-20helle.jpg\" width=\"240\" height=\"211\" \/><\/a><\/h3>\n<p><strong>Maria Helle<\/strong>:\u00a0Moi, olen Maria! Olen toisen vuosikurssin kv-liiketoiminnan p\u00e4\u00e4aineopiskelija. TuKY:ss\u00e4 olen t\u00e4h\u00e4n menness\u00e4 ehtinyt olla mukana Pikkulaskiaisessa ja CIA TuKY:n hallituksessa sek\u00e4 tuutorina. Olen innoissani kun p\u00e4\u00e4sen nyt huolehtimaan omasta Parkistamme. Harrastuksena opiskelijayhdistystoiminnan lis\u00e4ksi minulla on my\u00f6s alppihiihto.<\/p>\n<p>&nbsp;<\/p>\n<p>&nbsp;<\/p>\n<p><a href=\"http:\/\/tuky.fi\/wordpress\/wp-content\/uploads\/2014\/11\/IMG-3335.jpg\"><img loading=\"lazy\" decoding=\"async\" class=\"alignright size-medium wp-image-13049\" style=\"display: none !important; visibility: hidden !important; opacity: 0 !important; background-position: 120px 300px;\" alt=\"IMG_3335\" src=\"http:\/\/tuky.fi\/wordpress\/wp-content\/uploads\/2014\/11\/IMG-3335-120x300.jpg\" width=\"0\" height=\"0\" \/><\/a><\/p>\n<p><a href=\"http:\/\/tuky.fi\/wordpress\/wp-content\/uploads\/2014\/11\/IMG-33351.jpg\"><img loading=\"lazy\" decoding=\"async\" class=\"alignright  wp-image-13052\" alt=\"IMG_3335\" src=\"http:\/\/tuky.fi\/wordpress\/wp-content\/uploads\/2014\/11\/IMG-33351.jpg\" width=\"178\" height=\"312\" \/><\/a><\/p>\n<p><strong>Riku Hietarinta<\/strong>:\u00a0Moikkulimoii! Olen Riku Hietarinta, kotoisin Hyvink\u00e4\u00e4lt\u00e4, tuolta Etel\u00e4-Suomen helmest\u00e4. Turkulaistun kuitenkin paraikaa pelottavaa tahtia. Olen kolmatta vuosikurssia ja ainakin omasta mielest\u00e4ni melko aktiivinen TuKYl\u00e4inen. Olen viel\u00e4 t\u00e4m\u00e4n vuoden loppuun Turun KY:n viestint\u00e4vastaava sek\u00e4 aiemmin olen toiminut mm. Kulttiksessa ja tutorina. Parkin nurkkia on siis tullut koluttua niin j\u00e4rjest\u00e4v\u00e4n\u00e4 osapuolena kuin vieraanakin. Ja kun piti ensi vuodellekin (tai koko lopulle opiskeluajalle) keksi\u00e4 sis\u00e4lt\u00f6\u00e4, niin Parkkiryhm\u00e4 oli luonnollinen valinta.<\/p>\n<p>&nbsp;<\/p>\n<p>&nbsp;<\/p>\n<p>&nbsp;<\/p>\n<p>&nbsp;<\/p>\n<p><a href=\"http:\/\/tuky.fi\/wordpress\/wp-content\/uploads\/2014\/11\/1912256-10152671523550884-702135705-n.jpg\"><img loading=\"lazy\" decoding=\"async\" class=\"alignright  wp-image-13048\" alt=\"1912256_10152671523550884_702135705_n\" src=\"http:\/\/tuky.fi\/wordpress\/wp-content\/uploads\/2014\/11\/1912256-10152671523550884-702135705-n-273x300.jpg\" width=\"196\" height=\"216\" \/><\/a><\/p>\n<p><strong>Ann-Sofie Leimu<\/strong>: Moikkulimoi! Olen Ansu, nelj\u00e4nnen vuosikurssin iki-espoolainen. Kuluvana vuonna olen toiminut Turun KY:n hallituksen puheenjohtajana, ja aiemmin mm. NESU-TuKYn puheenjohtajana sek\u00e4 KY-Sportissa. Parkilla on siis tullut py\u00f6ritty\u00e4 ja kun ensi vuodelle piti jotain keksi\u00e4, oli Parkkiryhm\u00e4 luonnollinen valinta.<\/p>\n<p>&nbsp;<\/p>\n<p>&nbsp;<\/p>\n<p>&nbsp;<\/p>\n<p>&nbsp;<\/p>\n<p><a href=\"http:\/\/tuky.fi\/wordpress\/wp-content\/uploads\/2014\/11\/Otto.jpg\"><img loading=\"lazy\" decoding=\"async\" class=\"alignright  wp-image-13042\" alt=\"Otto\" src=\"http:\/\/tuky.fi\/wordpress\/wp-content\/uploads\/2014\/11\/Otto-300x269.jpg\" width=\"216\" height=\"194\" \/><\/a><\/p>\n<p><strong>Otto Rouhiainen<\/strong>:\u00a0Moikkulimoi! Nimeni on Rouhiaisen Otto ja palailen Parkkiryhm\u00e4\u00e4n noin vuoden tauon j\u00e4lkeen kun vpj:n pesti alkaa k\u00e4\u00e4ntym\u00e4\u00e4n ehtoon puolelle. Olen nelj\u00e4nnen vuosikurssin laskiksen p\u00e4\u00e4aineopiskelija ja kokenut Parkin k\u00e4ytt\u00e4j\u00e4. Parkin siivoustarkistuksissa intohimonani ovat sohvien alle kurkistelu ja sy\u00f6m\u00e4kelpoisten ruokat\u00e4hteiden etsiminen j\u00e4\u00e4kaapista. Pullojen palauttaminen ei ole lempipuuhaani.<\/p>\n<p>&nbsp;<\/p>\n<p>&nbsp;<\/p>\n<p>&nbsp;<\/p>\n<p>&nbsp;<\/p>\n","protected":false},"excerpt":{"rendered":"<p>Viimeisen kuukauden aikana on Turun KY:lle valittu niin uusi Baarimestari, KYlisteelle uusi p\u00e4\u00e4toimittaja sek\u00e4 taittovastaava ja 4 uutta j\u00e4sent\u00e4 Parkkiryhm\u00e4\u00e4n. Uusi baarimestari Anna Lamberg: Hellurei! Olen Anna Lamberg, 21-vuotias Turusta [&hellip;]<\/p>\n","protected":false},"author":1,"featured_media":0,"comment_status":"open","ping_status":"open","sticky":false,"template":"","format":"standard","meta":{"_et_pb_use_builder":"","_et_pb_old_content":"","_et_gb_content_width":"","footnotes":""},"categories":[4],"tags":[268,456,41,42,14,15],"class_list":["post-13016","post","type-post","status-publish","format-standard","hentry","category-news","tag-baarimestari","tag-kyliste-2","tag-monttu","tag-montun-baari","tag-parkki","tag-parkkiryhma"],"yoast_head":"<!-- This site is optimized with the Yoast SEO plugin v27.2 - https:\/\/yoast.com\/product\/yoast-seo-wordpress\/ -->\n<title>Turun KY:n uusia toimijoita: Baarimestari, KYlisteen p\u00e4\u00e4toimittaja ja taittovastaava sek\u00e4 uudet parkkiryhm\u00e4l\u00e4iset on valittu - Turun KY<\/title>\n<meta name=\"robots\" content=\"index, follow, max-snippet:-1, max-image-preview:large, max-video-preview:-1\" \/>\n<link rel=\"canonical\" href=\"https:\/\/www.tuky.fi\/etusivu\/news\/turun-kyn-uusia-toimijoita-baarimestari-kylisteen-paatoimittaja-ja-taittovastaava-seka-uudet-parkkiryhmalaiset-on-valittu\/\" \/>\n<meta property=\"og:locale\" content=\"fi_FI\" \/>\n<meta property=\"og:type\" content=\"article\" \/>\n<meta property=\"og:title\" content=\"Turun KY:n uusia toimijoita: Baarimestari, KYlisteen p\u00e4\u00e4toimittaja ja taittovastaava sek\u00e4 uudet parkkiryhm\u00e4l\u00e4iset on valittu - Turun KY\" \/>\n<meta property=\"og:description\" content=\"Viimeisen kuukauden aikana on Turun KY:lle valittu niin uusi Baarimestari, KYlisteelle uusi p\u00e4\u00e4toimittaja sek\u00e4 taittovastaava ja 4 uutta j\u00e4sent\u00e4 Parkkiryhm\u00e4\u00e4n. Uusi baarimestari Anna Lamberg: Hellurei! Olen Anna Lamberg, 21-vuotias Turusta [&hellip;]\" \/>\n<meta property=\"og:url\" content=\"https:\/\/www.tuky.fi\/etusivu\/news\/turun-kyn-uusia-toimijoita-baarimestari-kylisteen-paatoimittaja-ja-taittovastaava-seka-uudet-parkkiryhmalaiset-on-valittu\/\" \/>\n<meta property=\"og:site_name\" content=\"Turun KY\" \/>\n<meta property=\"article:published_time\" content=\"2014-11-26T15:45:03+00:00\" \/>\n<meta property=\"og:image\" content=\"http:\/\/tuky.fi\/wordpress\/wp-content\/uploads\/2014\/11\/baarimestarin-20esittely-300x300.jpg\" \/>\n<meta name=\"author\" content=\"admin\" \/>\n<meta name=\"twitter:card\" content=\"summary_large_image\" \/>\n<meta name=\"twitter:label1\" content=\"Kirjoittanut\" \/>\n\t<meta name=\"twitter:data1\" content=\"admin\" \/>\n\t<meta name=\"twitter:label2\" content=\"Arvioitu lukuaika\" \/>\n\t<meta name=\"twitter:data2\" content=\"3 minuuttia\" \/>\n<script type=\"application\/ld+json\" class=\"yoast-schema-graph\">{\"@context\":\"https:\/\/schema.org\",\"@graph\":[{\"@type\":\"Article\",\"@id\":\"https:\/\/www.tuky.fi\/etusivu\/news\/turun-kyn-uusia-toimijoita-baarimestari-kylisteen-paatoimittaja-ja-taittovastaava-seka-uudet-parkkiryhmalaiset-on-valittu\/#article\",\"isPartOf\":{\"@id\":\"https:\/\/www.tuky.fi\/etusivu\/news\/turun-kyn-uusia-toimijoita-baarimestari-kylisteen-paatoimittaja-ja-taittovastaava-seka-uudet-parkkiryhmalaiset-on-valittu\/\"},\"author\":{\"name\":\"admin\",\"@id\":\"https:\/\/www.tuky.fi\/etusivu\/#\/schema\/person\/479eb0d4ef732e133e3a76f9b7659a39\"},\"headline\":\"Turun KY:n uusia toimijoita: Baarimestari, KYlisteen p\u00e4\u00e4toimittaja ja taittovastaava sek\u00e4 uudet parkkiryhm\u00e4l\u00e4iset on valittu\",\"datePublished\":\"2014-11-26T15:45:03+00:00\",\"mainEntityOfPage\":{\"@id\":\"https:\/\/www.tuky.fi\/etusivu\/news\/turun-kyn-uusia-toimijoita-baarimestari-kylisteen-paatoimittaja-ja-taittovastaava-seka-uudet-parkkiryhmalaiset-on-valittu\/\"},\"wordCount\":644,\"commentCount\":0,\"publisher\":{\"@id\":\"https:\/\/www.tuky.fi\/etusivu\/#organization\"},\"image\":{\"@id\":\"https:\/\/www.tuky.fi\/etusivu\/news\/turun-kyn-uusia-toimijoita-baarimestari-kylisteen-paatoimittaja-ja-taittovastaava-seka-uudet-parkkiryhmalaiset-on-valittu\/#primaryimage\"},\"thumbnailUrl\":\"http:\/\/tuky.fi\/wordpress\/wp-content\/uploads\/2014\/11\/baarimestarin-20esittely-300x300.jpg\",\"keywords\":[\"Baarimestari\",\"kyliste\",\"Monttu\",\"Montun baari\",\"Parkki\",\"Parkkiryhm\u00e4\"],\"articleSection\":[\"news\"],\"inLanguage\":\"fi\",\"potentialAction\":[{\"@type\":\"CommentAction\",\"name\":\"Comment\",\"target\":[\"https:\/\/www.tuky.fi\/etusivu\/news\/turun-kyn-uusia-toimijoita-baarimestari-kylisteen-paatoimittaja-ja-taittovastaava-seka-uudet-parkkiryhmalaiset-on-valittu\/#respond\"]}]},{\"@type\":\"WebPage\",\"@id\":\"https:\/\/www.tuky.fi\/etusivu\/news\/turun-kyn-uusia-toimijoita-baarimestari-kylisteen-paatoimittaja-ja-taittovastaava-seka-uudet-parkkiryhmalaiset-on-valittu\/\",\"url\":\"https:\/\/www.tuky.fi\/etusivu\/news\/turun-kyn-uusia-toimijoita-baarimestari-kylisteen-paatoimittaja-ja-taittovastaava-seka-uudet-parkkiryhmalaiset-on-valittu\/\",\"name\":\"Turun KY:n uusia toimijoita: Baarimestari, KYlisteen p\u00e4\u00e4toimittaja ja taittovastaava sek\u00e4 uudet parkkiryhm\u00e4l\u00e4iset on valittu - Turun KY\",\"isPartOf\":{\"@id\":\"https:\/\/www.tuky.fi\/etusivu\/#website\"},\"primaryImageOfPage\":{\"@id\":\"https:\/\/www.tuky.fi\/etusivu\/news\/turun-kyn-uusia-toimijoita-baarimestari-kylisteen-paatoimittaja-ja-taittovastaava-seka-uudet-parkkiryhmalaiset-on-valittu\/#primaryimage\"},\"image\":{\"@id\":\"https:\/\/www.tuky.fi\/etusivu\/news\/turun-kyn-uusia-toimijoita-baarimestari-kylisteen-paatoimittaja-ja-taittovastaava-seka-uudet-parkkiryhmalaiset-on-valittu\/#primaryimage\"},\"thumbnailUrl\":\"http:\/\/tuky.fi\/wordpress\/wp-content\/uploads\/2014\/11\/baarimestarin-20esittely-300x300.jpg\",\"datePublished\":\"2014-11-26T15:45:03+00:00\",\"breadcrumb\":{\"@id\":\"https:\/\/www.tuky.fi\/etusivu\/news\/turun-kyn-uusia-toimijoita-baarimestari-kylisteen-paatoimittaja-ja-taittovastaava-seka-uudet-parkkiryhmalaiset-on-valittu\/#breadcrumb\"},\"inLanguage\":\"fi\",\"potentialAction\":[{\"@type\":\"ReadAction\",\"target\":[\"https:\/\/www.tuky.fi\/etusivu\/news\/turun-kyn-uusia-toimijoita-baarimestari-kylisteen-paatoimittaja-ja-taittovastaava-seka-uudet-parkkiryhmalaiset-on-valittu\/\"]}]},{\"@type\":\"ImageObject\",\"inLanguage\":\"fi\",\"@id\":\"https:\/\/www.tuky.fi\/etusivu\/news\/turun-kyn-uusia-toimijoita-baarimestari-kylisteen-paatoimittaja-ja-taittovastaava-seka-uudet-parkkiryhmalaiset-on-valittu\/#primaryimage\",\"url\":\"http:\/\/tuky.fi\/wordpress\/wp-content\/uploads\/2014\/11\/baarimestarin-20esittely-300x300.jpg\",\"contentUrl\":\"http:\/\/tuky.fi\/wordpress\/wp-content\/uploads\/2014\/11\/baarimestarin-20esittely-300x300.jpg\"},{\"@type\":\"BreadcrumbList\",\"@id\":\"https:\/\/www.tuky.fi\/etusivu\/news\/turun-kyn-uusia-toimijoita-baarimestari-kylisteen-paatoimittaja-ja-taittovastaava-seka-uudet-parkkiryhmalaiset-on-valittu\/#breadcrumb\",\"itemListElement\":[{\"@type\":\"ListItem\",\"position\":1,\"name\":\"Etusivu\",\"item\":\"https:\/\/www.tuky.fi\/etusivu\/\"},{\"@type\":\"ListItem\",\"position\":2,\"name\":\"Turun KY:n uusia toimijoita: Baarimestari, KYlisteen p\u00e4\u00e4toimittaja ja taittovastaava sek\u00e4 uudet parkkiryhm\u00e4l\u00e4iset on valittu\"}]},{\"@type\":\"WebSite\",\"@id\":\"https:\/\/www.tuky.fi\/etusivu\/#website\",\"url\":\"https:\/\/www.tuky.fi\/etusivu\/\",\"name\":\"Turun KY\",\"description\":\"TuKY\",\"publisher\":{\"@id\":\"https:\/\/www.tuky.fi\/etusivu\/#organization\"},\"alternateName\":\"TuKY\",\"potentialAction\":[{\"@type\":\"SearchAction\",\"target\":{\"@type\":\"EntryPoint\",\"urlTemplate\":\"https:\/\/www.tuky.fi\/etusivu\/?s={search_term_string}\"},\"query-input\":{\"@type\":\"PropertyValueSpecification\",\"valueRequired\":true,\"valueName\":\"search_term_string\"}}],\"inLanguage\":\"fi\"},{\"@type\":\"Organization\",\"@id\":\"https:\/\/www.tuky.fi\/etusivu\/#organization\",\"name\":\"Turun KY\",\"alternateName\":\"TuKY\",\"url\":\"https:\/\/www.tuky.fi\/etusivu\/\",\"logo\":{\"@type\":\"ImageObject\",\"inLanguage\":\"fi\",\"@id\":\"https:\/\/www.tuky.fi\/etusivu\/#\/schema\/logo\/image\/\",\"url\":\"https:\/\/www.tuky.fi\/wp-content\/uploads\/2024\/09\/TuKY-logo-kulta-1.png\",\"contentUrl\":\"https:\/\/www.tuky.fi\/wp-content\/uploads\/2024\/09\/TuKY-logo-kulta-1.png\",\"width\":1080,\"height\":1080,\"caption\":\"Turun KY\"},\"image\":{\"@id\":\"https:\/\/www.tuky.fi\/etusivu\/#\/schema\/logo\/image\/\"},\"sameAs\":[\"https:\/\/instagram.com\/turunky\",\"https:\/\/linkedin.com\/turunky\"]},{\"@type\":\"Person\",\"@id\":\"https:\/\/www.tuky.fi\/etusivu\/#\/schema\/person\/479eb0d4ef732e133e3a76f9b7659a39\",\"name\":\"admin\",\"image\":{\"@type\":\"ImageObject\",\"inLanguage\":\"fi\",\"@id\":\"https:\/\/secure.gravatar.com\/avatar\/afbe741656101229147e16716fbedbcade65018caf8c467f89b9abae7aaffeea?s=96&d=mm&r=g\",\"url\":\"https:\/\/secure.gravatar.com\/avatar\/afbe741656101229147e16716fbedbcade65018caf8c467f89b9abae7aaffeea?s=96&d=mm&r=g\",\"contentUrl\":\"https:\/\/secure.gravatar.com\/avatar\/afbe741656101229147e16716fbedbcade65018caf8c467f89b9abae7aaffeea?s=96&d=mm&r=g\",\"caption\":\"admin\"},\"url\":\"https:\/\/www.tuky.fi\/etusivu\/author\/admin\/\"}]}<\/script>\n<!-- \/ Yoast SEO plugin. -->","yoast_head_json":{"title":"Turun KY:n uusia toimijoita: Baarimestari, KYlisteen p\u00e4\u00e4toimittaja ja taittovastaava sek\u00e4 uudet parkkiryhm\u00e4l\u00e4iset on valittu - Turun KY","robots":{"index":"index","follow":"follow","max-snippet":"max-snippet:-1","max-image-preview":"max-image-preview:large","max-video-preview":"max-video-preview:-1"},"canonical":"https:\/\/www.tuky.fi\/etusivu\/news\/turun-kyn-uusia-toimijoita-baarimestari-kylisteen-paatoimittaja-ja-taittovastaava-seka-uudet-parkkiryhmalaiset-on-valittu\/","og_locale":"fi_FI","og_type":"article","og_title":"Turun KY:n uusia toimijoita: Baarimestari, KYlisteen p\u00e4\u00e4toimittaja ja taittovastaava sek\u00e4 uudet parkkiryhm\u00e4l\u00e4iset on valittu - Turun KY","og_description":"Viimeisen kuukauden aikana on Turun KY:lle valittu niin uusi Baarimestari, KYlisteelle uusi p\u00e4\u00e4toimittaja sek\u00e4 taittovastaava ja 4 uutta j\u00e4sent\u00e4 Parkkiryhm\u00e4\u00e4n. Uusi baarimestari Anna Lamberg: Hellurei! Olen Anna Lamberg, 21-vuotias Turusta [&hellip;]","og_url":"https:\/\/www.tuky.fi\/etusivu\/news\/turun-kyn-uusia-toimijoita-baarimestari-kylisteen-paatoimittaja-ja-taittovastaava-seka-uudet-parkkiryhmalaiset-on-valittu\/","og_site_name":"Turun KY","article_published_time":"2014-11-26T15:45:03+00:00","og_image":[{"url":"http:\/\/tuky.fi\/wordpress\/wp-content\/uploads\/2014\/11\/baarimestarin-20esittely-300x300.jpg","type":"","width":"","height":""}],"author":"admin","twitter_card":"summary_large_image","twitter_misc":{"Kirjoittanut":"admin","Arvioitu lukuaika":"3 minuuttia"},"schema":{"@context":"https:\/\/schema.org","@graph":[{"@type":"Article","@id":"https:\/\/www.tuky.fi\/etusivu\/news\/turun-kyn-uusia-toimijoita-baarimestari-kylisteen-paatoimittaja-ja-taittovastaava-seka-uudet-parkkiryhmalaiset-on-valittu\/#article","isPartOf":{"@id":"https:\/\/www.tuky.fi\/etusivu\/news\/turun-kyn-uusia-toimijoita-baarimestari-kylisteen-paatoimittaja-ja-taittovastaava-seka-uudet-parkkiryhmalaiset-on-valittu\/"},"author":{"name":"admin","@id":"https:\/\/www.tuky.fi\/etusivu\/#\/schema\/person\/479eb0d4ef732e133e3a76f9b7659a39"},"headline":"Turun KY:n uusia toimijoita: Baarimestari, KYlisteen p\u00e4\u00e4toimittaja ja taittovastaava sek\u00e4 uudet parkkiryhm\u00e4l\u00e4iset on valittu","datePublished":"2014-11-26T15:45:03+00:00","mainEntityOfPage":{"@id":"https:\/\/www.tuky.fi\/etusivu\/news\/turun-kyn-uusia-toimijoita-baarimestari-kylisteen-paatoimittaja-ja-taittovastaava-seka-uudet-parkkiryhmalaiset-on-valittu\/"},"wordCount":644,"commentCount":0,"publisher":{"@id":"https:\/\/www.tuky.fi\/etusivu\/#organization"},"image":{"@id":"https:\/\/www.tuky.fi\/etusivu\/news\/turun-kyn-uusia-toimijoita-baarimestari-kylisteen-paatoimittaja-ja-taittovastaava-seka-uudet-parkkiryhmalaiset-on-valittu\/#primaryimage"},"thumbnailUrl":"http:\/\/tuky.fi\/wordpress\/wp-content\/uploads\/2014\/11\/baarimestarin-20esittely-300x300.jpg","keywords":["Baarimestari","kyliste","Monttu","Montun baari","Parkki","Parkkiryhm\u00e4"],"articleSection":["news"],"inLanguage":"fi","potentialAction":[{"@type":"CommentAction","name":"Comment","target":["https:\/\/www.tuky.fi\/etusivu\/news\/turun-kyn-uusia-toimijoita-baarimestari-kylisteen-paatoimittaja-ja-taittovastaava-seka-uudet-parkkiryhmalaiset-on-valittu\/#respond"]}]},{"@type":"WebPage","@id":"https:\/\/www.tuky.fi\/etusivu\/news\/turun-kyn-uusia-toimijoita-baarimestari-kylisteen-paatoimittaja-ja-taittovastaava-seka-uudet-parkkiryhmalaiset-on-valittu\/","url":"https:\/\/www.tuky.fi\/etusivu\/news\/turun-kyn-uusia-toimijoita-baarimestari-kylisteen-paatoimittaja-ja-taittovastaava-seka-uudet-parkkiryhmalaiset-on-valittu\/","name":"Turun KY:n uusia toimijoita: Baarimestari, KYlisteen p\u00e4\u00e4toimittaja ja taittovastaava sek\u00e4 uudet parkkiryhm\u00e4l\u00e4iset on valittu - Turun KY","isPartOf":{"@id":"https:\/\/www.tuky.fi\/etusivu\/#website"},"primaryImageOfPage":{"@id":"https:\/\/www.tuky.fi\/etusivu\/news\/turun-kyn-uusia-toimijoita-baarimestari-kylisteen-paatoimittaja-ja-taittovastaava-seka-uudet-parkkiryhmalaiset-on-valittu\/#primaryimage"},"image":{"@id":"https:\/\/www.tuky.fi\/etusivu\/news\/turun-kyn-uusia-toimijoita-baarimestari-kylisteen-paatoimittaja-ja-taittovastaava-seka-uudet-parkkiryhmalaiset-on-valittu\/#primaryimage"},"thumbnailUrl":"http:\/\/tuky.fi\/wordpress\/wp-content\/uploads\/2014\/11\/baarimestarin-20esittely-300x300.jpg","datePublished":"2014-11-26T15:45:03+00:00","breadcrumb":{"@id":"https:\/\/www.tuky.fi\/etusivu\/news\/turun-kyn-uusia-toimijoita-baarimestari-kylisteen-paatoimittaja-ja-taittovastaava-seka-uudet-parkkiryhmalaiset-on-valittu\/#breadcrumb"},"inLanguage":"fi","potentialAction":[{"@type":"ReadAction","target":["https:\/\/www.tuky.fi\/etusivu\/news\/turun-kyn-uusia-toimijoita-baarimestari-kylisteen-paatoimittaja-ja-taittovastaava-seka-uudet-parkkiryhmalaiset-on-valittu\/"]}]},{"@type":"ImageObject","inLanguage":"fi","@id":"https:\/\/www.tuky.fi\/etusivu\/news\/turun-kyn-uusia-toimijoita-baarimestari-kylisteen-paatoimittaja-ja-taittovastaava-seka-uudet-parkkiryhmalaiset-on-valittu\/#primaryimage","url":"http:\/\/tuky.fi\/wordpress\/wp-content\/uploads\/2014\/11\/baarimestarin-20esittely-300x300.jpg","contentUrl":"http:\/\/tuky.fi\/wordpress\/wp-content\/uploads\/2014\/11\/baarimestarin-20esittely-300x300.jpg"},{"@type":"BreadcrumbList","@id":"https:\/\/www.tuky.fi\/etusivu\/news\/turun-kyn-uusia-toimijoita-baarimestari-kylisteen-paatoimittaja-ja-taittovastaava-seka-uudet-parkkiryhmalaiset-on-valittu\/#breadcrumb","itemListElement":[{"@type":"ListItem","position":1,"name":"Etusivu","item":"https:\/\/www.tuky.fi\/etusivu\/"},{"@type":"ListItem","position":2,"name":"Turun KY:n uusia toimijoita: Baarimestari, KYlisteen p\u00e4\u00e4toimittaja ja taittovastaava sek\u00e4 uudet parkkiryhm\u00e4l\u00e4iset on valittu"}]},{"@type":"WebSite","@id":"https:\/\/www.tuky.fi\/etusivu\/#website","url":"https:\/\/www.tuky.fi\/etusivu\/","name":"Turun KY","description":"TuKY","publisher":{"@id":"https:\/\/www.tuky.fi\/etusivu\/#organization"},"alternateName":"TuKY","potentialAction":[{"@type":"SearchAction","target":{"@type":"EntryPoint","urlTemplate":"https:\/\/www.tuky.fi\/etusivu\/?s={search_term_string}"},"query-input":{"@type":"PropertyValueSpecification","valueRequired":true,"valueName":"search_term_string"}}],"inLanguage":"fi"},{"@type":"Organization","@id":"https:\/\/www.tuky.fi\/etusivu\/#organization","name":"Turun KY","alternateName":"TuKY","url":"https:\/\/www.tuky.fi\/etusivu\/","logo":{"@type":"ImageObject","inLanguage":"fi","@id":"https:\/\/www.tuky.fi\/etusivu\/#\/schema\/logo\/image\/","url":"https:\/\/www.tuky.fi\/wp-content\/uploads\/2024\/09\/TuKY-logo-kulta-1.png","contentUrl":"https:\/\/www.tuky.fi\/wp-content\/uploads\/2024\/09\/TuKY-logo-kulta-1.png","width":1080,"height":1080,"caption":"Turun KY"},"image":{"@id":"https:\/\/www.tuky.fi\/etusivu\/#\/schema\/logo\/image\/"},"sameAs":["https:\/\/instagram.com\/turunky","https:\/\/linkedin.com\/turunky"]},{"@type":"Person","@id":"https:\/\/www.tuky.fi\/etusivu\/#\/schema\/person\/479eb0d4ef732e133e3a76f9b7659a39","name":"admin","image":{"@type":"ImageObject","inLanguage":"fi","@id":"https:\/\/secure.gravatar.com\/avatar\/afbe741656101229147e16716fbedbcade65018caf8c467f89b9abae7aaffeea?s=96&d=mm&r=g","url":"https:\/\/secure.gravatar.com\/avatar\/afbe741656101229147e16716fbedbcade65018caf8c467f89b9abae7aaffeea?s=96&d=mm&r=g","contentUrl":"https:\/\/secure.gravatar.com\/avatar\/afbe741656101229147e16716fbedbcade65018caf8c467f89b9abae7aaffeea?s=96&d=mm&r=g","caption":"admin"},"url":"https:\/\/www.tuky.fi\/etusivu\/author\/admin\/"}]}},"lang":"fi","translations":{"fi":13016},"pll_sync_post":[],"_links":{"self":[{"href":"https:\/\/www.tuky.fi\/etusivu\/wp-json\/wp\/v2\/posts\/13016","targetHints":{"allow":["GET"]}}],"collection":[{"href":"https:\/\/www.tuky.fi\/etusivu\/wp-json\/wp\/v2\/posts"}],"about":[{"href":"https:\/\/www.tuky.fi\/etusivu\/wp-json\/wp\/v2\/types\/post"}],"author":[{"embeddable":true,"href":"https:\/\/www.tuky.fi\/etusivu\/wp-json\/wp\/v2\/users\/1"}],"replies":[{"embeddable":true,"href":"https:\/\/www.tuky.fi\/etusivu\/wp-json\/wp\/v2\/comments?post=13016"}],"version-history":[{"count":0,"href":"https:\/\/www.tuky.fi\/etusivu\/wp-json\/wp\/v2\/posts\/13016\/revisions"}],"wp:attachment":[{"href":"https:\/\/www.tuky.fi\/etusivu\/wp-json\/wp\/v2\/media?parent=13016"}],"wp:term":[{"taxonomy":"category","embeddable":true,"href":"https:\/\/www.tuky.fi\/etusivu\/wp-json\/wp\/v2\/categories?post=13016"},{"taxonomy":"post_tag","embeddable":true,"href":"https:\/\/www.tuky.fi\/etusivu\/wp-json\/wp\/v2\/tags?post=13016"}],"curies":[{"name":"wp","href":"https:\/\/api.w.org\/{rel}","templated":true}]}}