{"id":12934,"date":"2014-11-22T19:44:23","date_gmt":"2014-11-22T17:44:23","guid":{"rendered":"http:\/\/tuky.fi\/?p=12934"},"modified":"2014-11-22T19:44:23","modified_gmt":"2014-11-22T17:44:23","slug":"jussi-nieminen-suomen-ylioppilaskuntien-liiton-hallitukseen-vuodeksi-2015","status":"publish","type":"post","link":"https:\/\/www.tuky.fi\/etusivu\/news\/jussi-nieminen-suomen-ylioppilaskuntien-liiton-hallitukseen-vuodeksi-2015\/","title":{"rendered":"Jussi Nieminen Suomen ylioppilaskuntien liiton hallitukseen vuodeksi 2015"},"content":{"rendered":"<p><a href=\"http:\/\/tuky.fi\/wordpress\/wp-content\/uploads\/2011\/08\/Nieminen.jpg\"><img loading=\"lazy\" decoding=\"async\" class=\"alignright size-full wp-image-5997\" alt=\"Nieminen\" src=\"http:\/\/tuky.fi\/wordpress\/wp-content\/uploads\/2011\/08\/Nieminen.jpg\" width=\"130\" height=\"130\" \/><\/a>Turun KY:n vuoden 2013 varapuheenjohtaja ja Turun yliopiston ylioppilaskunnan istuva hallituksen puheenjohtaja Jussi Nieminen on valittu Suomen ylioppilaskuntien liiton (SYL) hallitukseen vuodeksi 2015. Jussi oli my\u00f6s Kylterirenkaan ehdokkaana.<\/p>\n<p>SYL:n hallituksen puheenjohtajaksi valittiin Tamyn Jari J\u00e4rvenp\u00e4\u00e4. Muut hallituksen j\u00e4senet ovat Lauri Lehtoruusu (Aalto yliopiston ylioppilaskunta, AYY), Silja Silvasti (Jyv\u00e4skyl\u00e4n yliopiston ylioppilaskunta, JYY) , Iiris Niinikoski (Helsingin yliopiston ylioppilaskunta, HYY), Janne H\u00e4linen (Lapin yliopiston ylioppilaskunta, LYY) sek\u00e4 Paula Martikainen (It\u00e4-Suomen yliopiston ylioppilaskunta, ISYY).<\/p>\n<p>T\u00e4m\u00e4 on ensimm\u00e4inen kerta yhdistysaikanamme, kun Turun KY:l\u00e4inen on mukana SYL:n hallituksessa. Lis\u00e4ksi Jussi on ensimm\u00e4inen kyltereiden edustaja SYL:n hallituksessa viiteen vuoteen.<\/p>\n<p>Turun KY onnittelee Jussia! Kiitokset kuuluu my\u00f6s Jussin taustatiimille, joka ahkerasti teki vaality\u00f6t\u00e4 koko kampanajan ajan.<\/p>\n","protected":false},"excerpt":{"rendered":"<p>Turun KY:n vuoden 2013 varapuheenjohtaja ja Turun yliopiston ylioppilaskunnan istuva hallituksen puheenjohtaja Jussi Nieminen on valittu Suomen ylioppilaskuntien liiton (SYL) hallitukseen vuodeksi 2015. Jussi oli my\u00f6s Kylterirenkaan ehdokkaana. SYL:n hallituksen [&hellip;]<\/p>\n","protected":false},"author":1,"featured_media":0,"comment_status":"open","ping_status":"open","sticky":false,"template":"","format":"standard","meta":{"_et_pb_use_builder":"","_et_pb_old_content":"","_et_gb_content_width":"","footnotes":""},"categories":[4],"tags":[128,129,479,480,222,27,28],"class_list":["post-12934","post","type-post","status-publish","format-standard","hentry","category-news","tag-edunvalvonta","tag-koulutuspolitiikka","tag-kylteri","tag-kylterit","tag-nieminen","tag-syl","tag-tuky-lista"],"yoast_head":"<!-- This site is optimized with the Yoast SEO plugin v27.2 - https:\/\/yoast.com\/product\/yoast-seo-wordpress\/ -->\n<title>Jussi Nieminen Suomen ylioppilaskuntien liiton hallitukseen vuodeksi 2015 - Turun KY<\/title>\n<meta name=\"robots\" content=\"index, follow, max-snippet:-1, max-image-preview:large, max-video-preview:-1\" \/>\n<link rel=\"canonical\" href=\"https:\/\/www.tuky.fi\/etusivu\/news\/jussi-nieminen-suomen-ylioppilaskuntien-liiton-hallitukseen-vuodeksi-2015\/\" \/>\n<meta property=\"og:locale\" content=\"fi_FI\" \/>\n<meta property=\"og:type\" content=\"article\" \/>\n<meta property=\"og:title\" content=\"Jussi Nieminen Suomen ylioppilaskuntien liiton hallitukseen vuodeksi 2015 - Turun KY\" \/>\n<meta property=\"og:description\" content=\"Turun KY:n vuoden 2013 varapuheenjohtaja ja Turun yliopiston ylioppilaskunnan istuva hallituksen puheenjohtaja Jussi Nieminen on valittu Suomen ylioppilaskuntien liiton (SYL) hallitukseen vuodeksi 2015. Jussi oli my\u00f6s Kylterirenkaan ehdokkaana. SYL:n hallituksen [&hellip;]\" \/>\n<meta property=\"og:url\" content=\"https:\/\/www.tuky.fi\/etusivu\/news\/jussi-nieminen-suomen-ylioppilaskuntien-liiton-hallitukseen-vuodeksi-2015\/\" \/>\n<meta property=\"og:site_name\" content=\"Turun KY\" \/>\n<meta property=\"article:published_time\" content=\"2014-11-22T17:44:23+00:00\" \/>\n<meta property=\"og:image\" content=\"http:\/\/tuky.fi\/wordpress\/wp-content\/uploads\/2011\/08\/Nieminen.jpg\" \/>\n<meta name=\"author\" content=\"admin\" \/>\n<meta name=\"twitter:card\" content=\"summary_large_image\" \/>\n<meta name=\"twitter:label1\" content=\"Kirjoittanut\" \/>\n\t<meta name=\"twitter:data1\" content=\"admin\" \/>\n\t<meta name=\"twitter:label2\" content=\"Arvioitu lukuaika\" \/>\n\t<meta name=\"twitter:data2\" content=\"1 minuutti\" \/>\n<script type=\"application\/ld+json\" class=\"yoast-schema-graph\">{\"@context\":\"https:\/\/schema.org\",\"@graph\":[{\"@type\":\"Article\",\"@id\":\"https:\/\/www.tuky.fi\/etusivu\/news\/jussi-nieminen-suomen-ylioppilaskuntien-liiton-hallitukseen-vuodeksi-2015\/#article\",\"isPartOf\":{\"@id\":\"https:\/\/www.tuky.fi\/etusivu\/news\/jussi-nieminen-suomen-ylioppilaskuntien-liiton-hallitukseen-vuodeksi-2015\/\"},\"author\":{\"name\":\"admin\",\"@id\":\"https:\/\/www.tuky.fi\/etusivu\/#\/schema\/person\/479eb0d4ef732e133e3a76f9b7659a39\"},\"headline\":\"Jussi Nieminen Suomen ylioppilaskuntien liiton hallitukseen vuodeksi 2015\",\"datePublished\":\"2014-11-22T17:44:23+00:00\",\"mainEntityOfPage\":{\"@id\":\"https:\/\/www.tuky.fi\/etusivu\/news\/jussi-nieminen-suomen-ylioppilaskuntien-liiton-hallitukseen-vuodeksi-2015\/\"},\"wordCount\":132,\"commentCount\":0,\"publisher\":{\"@id\":\"https:\/\/www.tuky.fi\/etusivu\/#organization\"},\"image\":{\"@id\":\"https:\/\/www.tuky.fi\/etusivu\/news\/jussi-nieminen-suomen-ylioppilaskuntien-liiton-hallitukseen-vuodeksi-2015\/#primaryimage\"},\"thumbnailUrl\":\"http:\/\/tuky.fi\/wordpress\/wp-content\/uploads\/2011\/08\/Nieminen.jpg\",\"keywords\":[\"Edunvalvonta\",\"Koulutuspolitiikka\",\"kylteri\",\"kylterit\",\"Nieminen\",\"SYL\",\"TuKY-lista\"],\"articleSection\":[\"news\"],\"inLanguage\":\"fi\",\"potentialAction\":[{\"@type\":\"CommentAction\",\"name\":\"Comment\",\"target\":[\"https:\/\/www.tuky.fi\/etusivu\/news\/jussi-nieminen-suomen-ylioppilaskuntien-liiton-hallitukseen-vuodeksi-2015\/#respond\"]}]},{\"@type\":\"WebPage\",\"@id\":\"https:\/\/www.tuky.fi\/etusivu\/news\/jussi-nieminen-suomen-ylioppilaskuntien-liiton-hallitukseen-vuodeksi-2015\/\",\"url\":\"https:\/\/www.tuky.fi\/etusivu\/news\/jussi-nieminen-suomen-ylioppilaskuntien-liiton-hallitukseen-vuodeksi-2015\/\",\"name\":\"Jussi Nieminen Suomen ylioppilaskuntien liiton hallitukseen vuodeksi 2015 - Turun KY\",\"isPartOf\":{\"@id\":\"https:\/\/www.tuky.fi\/etusivu\/#website\"},\"primaryImageOfPage\":{\"@id\":\"https:\/\/www.tuky.fi\/etusivu\/news\/jussi-nieminen-suomen-ylioppilaskuntien-liiton-hallitukseen-vuodeksi-2015\/#primaryimage\"},\"image\":{\"@id\":\"https:\/\/www.tuky.fi\/etusivu\/news\/jussi-nieminen-suomen-ylioppilaskuntien-liiton-hallitukseen-vuodeksi-2015\/#primaryimage\"},\"thumbnailUrl\":\"http:\/\/tuky.fi\/wordpress\/wp-content\/uploads\/2011\/08\/Nieminen.jpg\",\"datePublished\":\"2014-11-22T17:44:23+00:00\",\"breadcrumb\":{\"@id\":\"https:\/\/www.tuky.fi\/etusivu\/news\/jussi-nieminen-suomen-ylioppilaskuntien-liiton-hallitukseen-vuodeksi-2015\/#breadcrumb\"},\"inLanguage\":\"fi\",\"potentialAction\":[{\"@type\":\"ReadAction\",\"target\":[\"https:\/\/www.tuky.fi\/etusivu\/news\/jussi-nieminen-suomen-ylioppilaskuntien-liiton-hallitukseen-vuodeksi-2015\/\"]}]},{\"@type\":\"ImageObject\",\"inLanguage\":\"fi\",\"@id\":\"https:\/\/www.tuky.fi\/etusivu\/news\/jussi-nieminen-suomen-ylioppilaskuntien-liiton-hallitukseen-vuodeksi-2015\/#primaryimage\",\"url\":\"http:\/\/tuky.fi\/wordpress\/wp-content\/uploads\/2011\/08\/Nieminen.jpg\",\"contentUrl\":\"http:\/\/tuky.fi\/wordpress\/wp-content\/uploads\/2011\/08\/Nieminen.jpg\"},{\"@type\":\"BreadcrumbList\",\"@id\":\"https:\/\/www.tuky.fi\/etusivu\/news\/jussi-nieminen-suomen-ylioppilaskuntien-liiton-hallitukseen-vuodeksi-2015\/#breadcrumb\",\"itemListElement\":[{\"@type\":\"ListItem\",\"position\":1,\"name\":\"Etusivu\",\"item\":\"https:\/\/www.tuky.fi\/etusivu\/\"},{\"@type\":\"ListItem\",\"position\":2,\"name\":\"Jussi Nieminen Suomen ylioppilaskuntien liiton hallitukseen vuodeksi 2015\"}]},{\"@type\":\"WebSite\",\"@id\":\"https:\/\/www.tuky.fi\/etusivu\/#website\",\"url\":\"https:\/\/www.tuky.fi\/etusivu\/\",\"name\":\"Turun KY\",\"description\":\"TuKY\",\"publisher\":{\"@id\":\"https:\/\/www.tuky.fi\/etusivu\/#organization\"},\"alternateName\":\"TuKY\",\"potentialAction\":[{\"@type\":\"SearchAction\",\"target\":{\"@type\":\"EntryPoint\",\"urlTemplate\":\"https:\/\/www.tuky.fi\/etusivu\/?s={search_term_string}\"},\"query-input\":{\"@type\":\"PropertyValueSpecification\",\"valueRequired\":true,\"valueName\":\"search_term_string\"}}],\"inLanguage\":\"fi\"},{\"@type\":\"Organization\",\"@id\":\"https:\/\/www.tuky.fi\/etusivu\/#organization\",\"name\":\"Turun KY\",\"alternateName\":\"TuKY\",\"url\":\"https:\/\/www.tuky.fi\/etusivu\/\",\"logo\":{\"@type\":\"ImageObject\",\"inLanguage\":\"fi\",\"@id\":\"https:\/\/www.tuky.fi\/etusivu\/#\/schema\/logo\/image\/\",\"url\":\"https:\/\/www.tuky.fi\/wp-content\/uploads\/2024\/09\/TuKY-logo-kulta-1.png\",\"contentUrl\":\"https:\/\/www.tuky.fi\/wp-content\/uploads\/2024\/09\/TuKY-logo-kulta-1.png\",\"width\":1080,\"height\":1080,\"caption\":\"Turun KY\"},\"image\":{\"@id\":\"https:\/\/www.tuky.fi\/etusivu\/#\/schema\/logo\/image\/\"},\"sameAs\":[\"https:\/\/instagram.com\/turunky\",\"https:\/\/linkedin.com\/turunky\"]},{\"@type\":\"Person\",\"@id\":\"https:\/\/www.tuky.fi\/etusivu\/#\/schema\/person\/479eb0d4ef732e133e3a76f9b7659a39\",\"name\":\"admin\",\"image\":{\"@type\":\"ImageObject\",\"inLanguage\":\"fi\",\"@id\":\"https:\/\/secure.gravatar.com\/avatar\/afbe741656101229147e16716fbedbcade65018caf8c467f89b9abae7aaffeea?s=96&d=mm&r=g\",\"url\":\"https:\/\/secure.gravatar.com\/avatar\/afbe741656101229147e16716fbedbcade65018caf8c467f89b9abae7aaffeea?s=96&d=mm&r=g\",\"contentUrl\":\"https:\/\/secure.gravatar.com\/avatar\/afbe741656101229147e16716fbedbcade65018caf8c467f89b9abae7aaffeea?s=96&d=mm&r=g\",\"caption\":\"admin\"},\"url\":\"https:\/\/www.tuky.fi\/etusivu\/author\/admin\/\"}]}<\/script>\n<!-- \/ Yoast SEO plugin. -->","yoast_head_json":{"title":"Jussi Nieminen Suomen ylioppilaskuntien liiton hallitukseen vuodeksi 2015 - Turun KY","robots":{"index":"index","follow":"follow","max-snippet":"max-snippet:-1","max-image-preview":"max-image-preview:large","max-video-preview":"max-video-preview:-1"},"canonical":"https:\/\/www.tuky.fi\/etusivu\/news\/jussi-nieminen-suomen-ylioppilaskuntien-liiton-hallitukseen-vuodeksi-2015\/","og_locale":"fi_FI","og_type":"article","og_title":"Jussi Nieminen Suomen ylioppilaskuntien liiton hallitukseen vuodeksi 2015 - Turun KY","og_description":"Turun KY:n vuoden 2013 varapuheenjohtaja ja Turun yliopiston ylioppilaskunnan istuva hallituksen puheenjohtaja Jussi Nieminen on valittu Suomen ylioppilaskuntien liiton (SYL) hallitukseen vuodeksi 2015. Jussi oli my\u00f6s Kylterirenkaan ehdokkaana. SYL:n hallituksen [&hellip;]","og_url":"https:\/\/www.tuky.fi\/etusivu\/news\/jussi-nieminen-suomen-ylioppilaskuntien-liiton-hallitukseen-vuodeksi-2015\/","og_site_name":"Turun KY","article_published_time":"2014-11-22T17:44:23+00:00","og_image":[{"url":"http:\/\/tuky.fi\/wordpress\/wp-content\/uploads\/2011\/08\/Nieminen.jpg","type":"","width":"","height":""}],"author":"admin","twitter_card":"summary_large_image","twitter_misc":{"Kirjoittanut":"admin","Arvioitu lukuaika":"1 minuutti"},"schema":{"@context":"https:\/\/schema.org","@graph":[{"@type":"Article","@id":"https:\/\/www.tuky.fi\/etusivu\/news\/jussi-nieminen-suomen-ylioppilaskuntien-liiton-hallitukseen-vuodeksi-2015\/#article","isPartOf":{"@id":"https:\/\/www.tuky.fi\/etusivu\/news\/jussi-nieminen-suomen-ylioppilaskuntien-liiton-hallitukseen-vuodeksi-2015\/"},"author":{"name":"admin","@id":"https:\/\/www.tuky.fi\/etusivu\/#\/schema\/person\/479eb0d4ef732e133e3a76f9b7659a39"},"headline":"Jussi Nieminen Suomen ylioppilaskuntien liiton hallitukseen vuodeksi 2015","datePublished":"2014-11-22T17:44:23+00:00","mainEntityOfPage":{"@id":"https:\/\/www.tuky.fi\/etusivu\/news\/jussi-nieminen-suomen-ylioppilaskuntien-liiton-hallitukseen-vuodeksi-2015\/"},"wordCount":132,"commentCount":0,"publisher":{"@id":"https:\/\/www.tuky.fi\/etusivu\/#organization"},"image":{"@id":"https:\/\/www.tuky.fi\/etusivu\/news\/jussi-nieminen-suomen-ylioppilaskuntien-liiton-hallitukseen-vuodeksi-2015\/#primaryimage"},"thumbnailUrl":"http:\/\/tuky.fi\/wordpress\/wp-content\/uploads\/2011\/08\/Nieminen.jpg","keywords":["Edunvalvonta","Koulutuspolitiikka","kylteri","kylterit","Nieminen","SYL","TuKY-lista"],"articleSection":["news"],"inLanguage":"fi","potentialAction":[{"@type":"CommentAction","name":"Comment","target":["https:\/\/www.tuky.fi\/etusivu\/news\/jussi-nieminen-suomen-ylioppilaskuntien-liiton-hallitukseen-vuodeksi-2015\/#respond"]}]},{"@type":"WebPage","@id":"https:\/\/www.tuky.fi\/etusivu\/news\/jussi-nieminen-suomen-ylioppilaskuntien-liiton-hallitukseen-vuodeksi-2015\/","url":"https:\/\/www.tuky.fi\/etusivu\/news\/jussi-nieminen-suomen-ylioppilaskuntien-liiton-hallitukseen-vuodeksi-2015\/","name":"Jussi Nieminen Suomen ylioppilaskuntien liiton hallitukseen vuodeksi 2015 - Turun KY","isPartOf":{"@id":"https:\/\/www.tuky.fi\/etusivu\/#website"},"primaryImageOfPage":{"@id":"https:\/\/www.tuky.fi\/etusivu\/news\/jussi-nieminen-suomen-ylioppilaskuntien-liiton-hallitukseen-vuodeksi-2015\/#primaryimage"},"image":{"@id":"https:\/\/www.tuky.fi\/etusivu\/news\/jussi-nieminen-suomen-ylioppilaskuntien-liiton-hallitukseen-vuodeksi-2015\/#primaryimage"},"thumbnailUrl":"http:\/\/tuky.fi\/wordpress\/wp-content\/uploads\/2011\/08\/Nieminen.jpg","datePublished":"2014-11-22T17:44:23+00:00","breadcrumb":{"@id":"https:\/\/www.tuky.fi\/etusivu\/news\/jussi-nieminen-suomen-ylioppilaskuntien-liiton-hallitukseen-vuodeksi-2015\/#breadcrumb"},"inLanguage":"fi","potentialAction":[{"@type":"ReadAction","target":["https:\/\/www.tuky.fi\/etusivu\/news\/jussi-nieminen-suomen-ylioppilaskuntien-liiton-hallitukseen-vuodeksi-2015\/"]}]},{"@type":"ImageObject","inLanguage":"fi","@id":"https:\/\/www.tuky.fi\/etusivu\/news\/jussi-nieminen-suomen-ylioppilaskuntien-liiton-hallitukseen-vuodeksi-2015\/#primaryimage","url":"http:\/\/tuky.fi\/wordpress\/wp-content\/uploads\/2011\/08\/Nieminen.jpg","contentUrl":"http:\/\/tuky.fi\/wordpress\/wp-content\/uploads\/2011\/08\/Nieminen.jpg"},{"@type":"BreadcrumbList","@id":"https:\/\/www.tuky.fi\/etusivu\/news\/jussi-nieminen-suomen-ylioppilaskuntien-liiton-hallitukseen-vuodeksi-2015\/#breadcrumb","itemListElement":[{"@type":"ListItem","position":1,"name":"Etusivu","item":"https:\/\/www.tuky.fi\/etusivu\/"},{"@type":"ListItem","position":2,"name":"Jussi Nieminen Suomen ylioppilaskuntien liiton hallitukseen vuodeksi 2015"}]},{"@type":"WebSite","@id":"https:\/\/www.tuky.fi\/etusivu\/#website","url":"https:\/\/www.tuky.fi\/etusivu\/","name":"Turun KY","description":"TuKY","publisher":{"@id":"https:\/\/www.tuky.fi\/etusivu\/#organization"},"alternateName":"TuKY","potentialAction":[{"@type":"SearchAction","target":{"@type":"EntryPoint","urlTemplate":"https:\/\/www.tuky.fi\/etusivu\/?s={search_term_string}"},"query-input":{"@type":"PropertyValueSpecification","valueRequired":true,"valueName":"search_term_string"}}],"inLanguage":"fi"},{"@type":"Organization","@id":"https:\/\/www.tuky.fi\/etusivu\/#organization","name":"Turun KY","alternateName":"TuKY","url":"https:\/\/www.tuky.fi\/etusivu\/","logo":{"@type":"ImageObject","inLanguage":"fi","@id":"https:\/\/www.tuky.fi\/etusivu\/#\/schema\/logo\/image\/","url":"https:\/\/www.tuky.fi\/wp-content\/uploads\/2024\/09\/TuKY-logo-kulta-1.png","contentUrl":"https:\/\/www.tuky.fi\/wp-content\/uploads\/2024\/09\/TuKY-logo-kulta-1.png","width":1080,"height":1080,"caption":"Turun KY"},"image":{"@id":"https:\/\/www.tuky.fi\/etusivu\/#\/schema\/logo\/image\/"},"sameAs":["https:\/\/instagram.com\/turunky","https:\/\/linkedin.com\/turunky"]},{"@type":"Person","@id":"https:\/\/www.tuky.fi\/etusivu\/#\/schema\/person\/479eb0d4ef732e133e3a76f9b7659a39","name":"admin","image":{"@type":"ImageObject","inLanguage":"fi","@id":"https:\/\/secure.gravatar.com\/avatar\/afbe741656101229147e16716fbedbcade65018caf8c467f89b9abae7aaffeea?s=96&d=mm&r=g","url":"https:\/\/secure.gravatar.com\/avatar\/afbe741656101229147e16716fbedbcade65018caf8c467f89b9abae7aaffeea?s=96&d=mm&r=g","contentUrl":"https:\/\/secure.gravatar.com\/avatar\/afbe741656101229147e16716fbedbcade65018caf8c467f89b9abae7aaffeea?s=96&d=mm&r=g","caption":"admin"},"url":"https:\/\/www.tuky.fi\/etusivu\/author\/admin\/"}]}},"lang":"fi","translations":{"fi":12934},"pll_sync_post":[],"_links":{"self":[{"href":"https:\/\/www.tuky.fi\/etusivu\/wp-json\/wp\/v2\/posts\/12934","targetHints":{"allow":["GET"]}}],"collection":[{"href":"https:\/\/www.tuky.fi\/etusivu\/wp-json\/wp\/v2\/posts"}],"about":[{"href":"https:\/\/www.tuky.fi\/etusivu\/wp-json\/wp\/v2\/types\/post"}],"author":[{"embeddable":true,"href":"https:\/\/www.tuky.fi\/etusivu\/wp-json\/wp\/v2\/users\/1"}],"replies":[{"embeddable":true,"href":"https:\/\/www.tuky.fi\/etusivu\/wp-json\/wp\/v2\/comments?post=12934"}],"version-history":[{"count":0,"href":"https:\/\/www.tuky.fi\/etusivu\/wp-json\/wp\/v2\/posts\/12934\/revisions"}],"wp:attachment":[{"href":"https:\/\/www.tuky.fi\/etusivu\/wp-json\/wp\/v2\/media?parent=12934"}],"wp:term":[{"taxonomy":"category","embeddable":true,"href":"https:\/\/www.tuky.fi\/etusivu\/wp-json\/wp\/v2\/categories?post=12934"},{"taxonomy":"post_tag","embeddable":true,"href":"https:\/\/www.tuky.fi\/etusivu\/wp-json\/wp\/v2\/tags?post=12934"}],"curies":[{"name":"wp","href":"https:\/\/api.w.org\/{rel}","templated":true}]}}