{"id":12844,"date":"2014-11-11T16:59:16","date_gmt":"2014-11-11T14:59:16","guid":{"rendered":"http:\/\/tuky.fi\/?p=12844"},"modified":"2014-11-11T16:59:16","modified_gmt":"2014-11-11T14:59:16","slug":"kokouskutsu-turun-kyn-syyskokous-18-11-2013-klo-16-15","status":"publish","type":"post","link":"https:\/\/www.tuky.fi\/etusivu\/news\/kokouskutsu-turun-kyn-syyskokous-18-11-2013-klo-16-15\/","title":{"rendered":"KOKOUSKUTSU: Turun KY:n syyskokous 18.11.2013 klo 16.15"},"content":{"rendered":"<p>Hyv\u00e4 Turun KY:n j\u00e4sen,<\/p>\n<p>Turun kauppatieteiden ylioppilaat ry pit\u00e4\u00e4 s\u00e4\u00e4nt\u00f6m\u00e4\u00e4r\u00e4isen syyskokouksensa\u00a0<b>tiistaina 18.11.2014 klo 16.15 Ravintola Montussa.<\/b>\u00a0Yhdistyksess\u00e4 ylint\u00e4 p\u00e4\u00e4t\u00f6svaltaa k\u00e4ytt\u00e4\u00e4 yhdistyksen kokous. Kokouksessa \u00e4\u00e4nivaltaisia ovat kaikki yhdistyksen varsinaiset j\u00e4senet.\u00a0<b>Omaa \u00e4\u00e4nioikeutta voi k\u00e4ytt\u00e4\u00e4 vain paikan p\u00e4\u00e4ll\u00e4 kokouksessa!\u00a0<\/b><\/p>\n<p>Kokouksessa esitet\u00e4\u00e4n hyv\u00e4ksytt\u00e4v\u00e4ksi vuoden 2015 toimintasuunnitelma ja talousarvio. Lis\u00e4ksi hallitus esitt\u00e4\u00e4 hyv\u00e4ksytt\u00e4v\u00e4ksi viestint\u00e4ohjes\u00e4\u00e4nt\u00f6\u00e4. Asiakirjat ovat liitteen\u00e4 sek\u00e4\u00a0Turun KY:n\u00a0<a href=\"http:\/\/tuky.fi\" target=\"_blank\">internetisivuilla<\/a>.<\/p>\n<p><span style=\"line-height: 1.5em;\">Syyskokouksessa valitaan my\u00f6s hallitus vuodelle 2015 sek\u00e4 taloustoimikunnan puheenjohtaja. Ennakkoon ehdokkaaksi ilmoittautuneet ja heid\u00e4n vastauksensa ennakkokysymyksiin voit lukea Turun KY:n\u00a0<\/span><a style=\"line-height: 1.5em;\" href=\"http:\/\/tuky.fi\/halva-2015\" target=\"_blank\">hallitusvalintaportaalista<\/a><span style=\"line-height: 1.5em;\">. Ehdolle voi asettua kuitenkin viel\u00e4 syyskokouksessa sek\u00e4\u00a0<\/span><span style=\"text-decoration: underline;\">maanantaina 17.11. klo 16<\/span><span style=\"line-height: 1.5em;\">\u00a0Osuuskauppasalissa j\u00e4rjestett\u00e4v\u00e4ss\u00e4 hallitushaastattelussa.\u00a0<\/span><\/p>\n<p><span style=\"line-height: 1.5em;\">Kokouksen nopeuttamiseksi liitteisiin tulee perehty\u00e4 huolellisesti jo ennen kokousta, ja mahdolliset muutosesitykset ja kysymykset mietti\u00e4 etuk\u00e4teen. Syyskokouksessa ehdokkaiden esitt\u00e4ytymisaika on rajattu tarkoin, mink\u00e4 takia kannustammekin Teit\u00e4 esitt\u00e4m\u00e4\u00e4n yleis\u00f6kysymykset ehdokkaille jo hallitushaastatteluissa.\u00a0<\/span><\/p>\n<p><span style=\"line-height: 1.5em;\">Syyskokouksesta ja hallitushaastattelusta j\u00e4rjestet\u00e4\u00e4n my\u00f6s Livestream, jonka linkki jaetaan Turun KY:n\u00a0<\/span><a style=\"line-height: 1.5em;\" href=\"https:\/\/www.facebook.com\/tukyry\" target=\"_blank\">Facebook-sivulla<\/a><span style=\"line-height: 1.5em;\">. Mahdollisuuksien mukaan pyrimme kysym\u00e4\u00e4n hallitushaastattelussa yleis\u00f6kysymyksi\u00e4 my\u00f6s Streamin kautta seuraavilta. My\u00f6s t\u00e4st\u00e4 tarkempi ohjeistus tulee Facebookin kautta.\u00a0<\/span><\/p>\n<p>&nbsp;<\/p>\n<p>Liitteet:<\/p>\n<p><a href=\"http:\/\/tuky.fi\/wordpress\/wp-content\/uploads\/2014\/11\/LIITE-1-Talousarvio-2015.pdf\">LIITE 1 Talousarvio 2015<\/a><\/p>\n<p><a href=\"http:\/\/tuky.fi\/wordpress\/wp-content\/uploads\/2014\/11\/LIITE-2-Toimintasuunnitelma-2015.pdf\">LIITE 2 Toimintasuunnitelma 2015<\/a><\/p>\n<p><a href=\"http:\/\/tuky.fi\/wordpress\/wp-content\/uploads\/2014\/11\/LIITE-3-Kunniaseuran-kokoonpano.pdf\">LIITE 3 Kunniaseuran kokoonpano<\/a><\/p>\n<p><a href=\"http:\/\/tuky.fi\/wordpress\/wp-content\/uploads\/2014\/11\/LIITE-4-Viestintaohjesaanto.pdf\">LIITE 4 Viestint\u00e4ohjes\u00e4\u00e4nt\u00f6<\/a><\/p>\n<p><a href=\"http:\/\/tuky.fi\/wordpress\/wp-content\/uploads\/2014\/11\/LIITE-5-Esityslista.pdf\">LIITE 5 Esityslista<\/a><\/p>\n<p>&nbsp;<\/p>\n<p>Tervetuloa!<\/p>\n<p>&nbsp;<\/p>\n<p><b>Ann-Sofie Leimu<\/b><\/p>\n<p>Hallituksen puheenjohtaja<\/p>\n<p><a href=\"https:\/\/mail.utu.fi\/owa\/redir.aspx?C=Jse1XG-w5E2Ilm1qXNOl2gOJDHcs0dEImPgrVdPKrEu0e3iRkS1f8-sx4qRuPqekWVeTPIh3Jzs.&amp;URL=mailto%3apuheenjohtaja%40tuky.fi\" target=\"_blank\">puheenjohtaja@tuky.fi<\/a><\/p>\n","protected":false},"excerpt":{"rendered":"<p>Hyv\u00e4 Turun KY:n j\u00e4sen, Turun kauppatieteiden ylioppilaat ry pit\u00e4\u00e4 s\u00e4\u00e4nt\u00f6m\u00e4\u00e4r\u00e4isen syyskokouksensa\u00a0tiistaina 18.11.2014 klo 16.15 Ravintola Montussa.\u00a0Yhdistyksess\u00e4 ylint\u00e4 p\u00e4\u00e4t\u00f6svaltaa k\u00e4ytt\u00e4\u00e4 yhdistyksen kokous. Kokouksessa \u00e4\u00e4nivaltaisia ovat kaikki yhdistyksen varsinaiset j\u00e4senet.\u00a0Omaa \u00e4\u00e4nioikeutta voi [&hellip;]<\/p>\n","protected":false},"author":1,"featured_media":0,"comment_status":"open","ping_status":"open","sticky":false,"template":"","format":"standard","meta":{"_et_pb_use_builder":"","_et_pb_old_content":"","_et_gb_content_width":"","footnotes":""},"categories":[4],"tags":[189,135,477,257,364,365,185,10,413,478],"class_list":["post-12844","post","type-post","status-publish","format-standard","hentry","category-news","tag-hallitus-2","tag-halva","tag-halvajanna","tag-leimu","tag-syyskokous","tag-talousarvio","tag-toimintasuunnitelma","tag-tuky","tag-tukyh","tag-tukyh15"],"yoast_head":"<!-- This site is optimized with the Yoast SEO plugin v27.2 - https:\/\/yoast.com\/product\/yoast-seo-wordpress\/ -->\n<title>KOKOUSKUTSU: Turun KY:n syyskokous 18.11.2013 klo 16.15 - Turun KY<\/title>\n<meta name=\"robots\" content=\"index, follow, max-snippet:-1, max-image-preview:large, max-video-preview:-1\" \/>\n<link rel=\"canonical\" href=\"https:\/\/www.tuky.fi\/etusivu\/news\/kokouskutsu-turun-kyn-syyskokous-18-11-2013-klo-16-15\/\" \/>\n<meta property=\"og:locale\" content=\"fi_FI\" \/>\n<meta property=\"og:type\" content=\"article\" \/>\n<meta property=\"og:title\" content=\"KOKOUSKUTSU: Turun KY:n syyskokous 18.11.2013 klo 16.15 - Turun KY\" \/>\n<meta property=\"og:description\" content=\"Hyv\u00e4 Turun KY:n j\u00e4sen, Turun kauppatieteiden ylioppilaat ry pit\u00e4\u00e4 s\u00e4\u00e4nt\u00f6m\u00e4\u00e4r\u00e4isen syyskokouksensa\u00a0tiistaina 18.11.2014 klo 16.15 Ravintola Montussa.\u00a0Yhdistyksess\u00e4 ylint\u00e4 p\u00e4\u00e4t\u00f6svaltaa k\u00e4ytt\u00e4\u00e4 yhdistyksen kokous. Kokouksessa \u00e4\u00e4nivaltaisia ovat kaikki yhdistyksen varsinaiset j\u00e4senet.\u00a0Omaa \u00e4\u00e4nioikeutta voi [&hellip;]\" \/>\n<meta property=\"og:url\" content=\"https:\/\/www.tuky.fi\/etusivu\/news\/kokouskutsu-turun-kyn-syyskokous-18-11-2013-klo-16-15\/\" \/>\n<meta property=\"og:site_name\" content=\"Turun KY\" \/>\n<meta property=\"article:published_time\" content=\"2014-11-11T14:59:16+00:00\" \/>\n<meta name=\"author\" content=\"admin\" \/>\n<meta name=\"twitter:card\" content=\"summary_large_image\" \/>\n<meta name=\"twitter:label1\" content=\"Kirjoittanut\" \/>\n\t<meta name=\"twitter:data1\" content=\"admin\" \/>\n\t<meta name=\"twitter:label2\" content=\"Arvioitu lukuaika\" \/>\n\t<meta name=\"twitter:data2\" content=\"1 minuutti\" \/>\n<script type=\"application\/ld+json\" class=\"yoast-schema-graph\">{\"@context\":\"https:\/\/schema.org\",\"@graph\":[{\"@type\":\"Article\",\"@id\":\"https:\/\/www.tuky.fi\/etusivu\/news\/kokouskutsu-turun-kyn-syyskokous-18-11-2013-klo-16-15\/#article\",\"isPartOf\":{\"@id\":\"https:\/\/www.tuky.fi\/etusivu\/news\/kokouskutsu-turun-kyn-syyskokous-18-11-2013-klo-16-15\/\"},\"author\":{\"name\":\"admin\",\"@id\":\"https:\/\/www.tuky.fi\/etusivu\/#\/schema\/person\/479eb0d4ef732e133e3a76f9b7659a39\"},\"headline\":\"KOKOUSKUTSU: Turun KY:n syyskokous 18.11.2013 klo 16.15\",\"datePublished\":\"2014-11-11T14:59:16+00:00\",\"mainEntityOfPage\":{\"@id\":\"https:\/\/www.tuky.fi\/etusivu\/news\/kokouskutsu-turun-kyn-syyskokous-18-11-2013-klo-16-15\/\"},\"wordCount\":221,\"commentCount\":0,\"publisher\":{\"@id\":\"https:\/\/www.tuky.fi\/etusivu\/#organization\"},\"keywords\":[\"hallitus\",\"halva\",\"halvaj\u00e4nn\u00e4\",\"leimu\",\"syyskokous\",\"talousarvio\",\"toimintasuunnitelma\",\"tuky\",\"TuKYH\",\"tukyh15\"],\"articleSection\":[\"news\"],\"inLanguage\":\"fi\",\"potentialAction\":[{\"@type\":\"CommentAction\",\"name\":\"Comment\",\"target\":[\"https:\/\/www.tuky.fi\/etusivu\/news\/kokouskutsu-turun-kyn-syyskokous-18-11-2013-klo-16-15\/#respond\"]}]},{\"@type\":\"WebPage\",\"@id\":\"https:\/\/www.tuky.fi\/etusivu\/news\/kokouskutsu-turun-kyn-syyskokous-18-11-2013-klo-16-15\/\",\"url\":\"https:\/\/www.tuky.fi\/etusivu\/news\/kokouskutsu-turun-kyn-syyskokous-18-11-2013-klo-16-15\/\",\"name\":\"KOKOUSKUTSU: Turun KY:n syyskokous 18.11.2013 klo 16.15 - Turun KY\",\"isPartOf\":{\"@id\":\"https:\/\/www.tuky.fi\/etusivu\/#website\"},\"datePublished\":\"2014-11-11T14:59:16+00:00\",\"breadcrumb\":{\"@id\":\"https:\/\/www.tuky.fi\/etusivu\/news\/kokouskutsu-turun-kyn-syyskokous-18-11-2013-klo-16-15\/#breadcrumb\"},\"inLanguage\":\"fi\",\"potentialAction\":[{\"@type\":\"ReadAction\",\"target\":[\"https:\/\/www.tuky.fi\/etusivu\/news\/kokouskutsu-turun-kyn-syyskokous-18-11-2013-klo-16-15\/\"]}]},{\"@type\":\"BreadcrumbList\",\"@id\":\"https:\/\/www.tuky.fi\/etusivu\/news\/kokouskutsu-turun-kyn-syyskokous-18-11-2013-klo-16-15\/#breadcrumb\",\"itemListElement\":[{\"@type\":\"ListItem\",\"position\":1,\"name\":\"Etusivu\",\"item\":\"https:\/\/www.tuky.fi\/etusivu\/\"},{\"@type\":\"ListItem\",\"position\":2,\"name\":\"KOKOUSKUTSU: Turun KY:n syyskokous 18.11.2013 klo 16.15\"}]},{\"@type\":\"WebSite\",\"@id\":\"https:\/\/www.tuky.fi\/etusivu\/#website\",\"url\":\"https:\/\/www.tuky.fi\/etusivu\/\",\"name\":\"Turun KY\",\"description\":\"TuKY\",\"publisher\":{\"@id\":\"https:\/\/www.tuky.fi\/etusivu\/#organization\"},\"alternateName\":\"TuKY\",\"potentialAction\":[{\"@type\":\"SearchAction\",\"target\":{\"@type\":\"EntryPoint\",\"urlTemplate\":\"https:\/\/www.tuky.fi\/etusivu\/?s={search_term_string}\"},\"query-input\":{\"@type\":\"PropertyValueSpecification\",\"valueRequired\":true,\"valueName\":\"search_term_string\"}}],\"inLanguage\":\"fi\"},{\"@type\":\"Organization\",\"@id\":\"https:\/\/www.tuky.fi\/etusivu\/#organization\",\"name\":\"Turun KY\",\"alternateName\":\"TuKY\",\"url\":\"https:\/\/www.tuky.fi\/etusivu\/\",\"logo\":{\"@type\":\"ImageObject\",\"inLanguage\":\"fi\",\"@id\":\"https:\/\/www.tuky.fi\/etusivu\/#\/schema\/logo\/image\/\",\"url\":\"https:\/\/www.tuky.fi\/wp-content\/uploads\/2024\/09\/TuKY-logo-kulta-1.png\",\"contentUrl\":\"https:\/\/www.tuky.fi\/wp-content\/uploads\/2024\/09\/TuKY-logo-kulta-1.png\",\"width\":1080,\"height\":1080,\"caption\":\"Turun KY\"},\"image\":{\"@id\":\"https:\/\/www.tuky.fi\/etusivu\/#\/schema\/logo\/image\/\"},\"sameAs\":[\"https:\/\/instagram.com\/turunky\",\"https:\/\/linkedin.com\/turunky\"]},{\"@type\":\"Person\",\"@id\":\"https:\/\/www.tuky.fi\/etusivu\/#\/schema\/person\/479eb0d4ef732e133e3a76f9b7659a39\",\"name\":\"admin\",\"image\":{\"@type\":\"ImageObject\",\"inLanguage\":\"fi\",\"@id\":\"https:\/\/secure.gravatar.com\/avatar\/afbe741656101229147e16716fbedbcade65018caf8c467f89b9abae7aaffeea?s=96&d=mm&r=g\",\"url\":\"https:\/\/secure.gravatar.com\/avatar\/afbe741656101229147e16716fbedbcade65018caf8c467f89b9abae7aaffeea?s=96&d=mm&r=g\",\"contentUrl\":\"https:\/\/secure.gravatar.com\/avatar\/afbe741656101229147e16716fbedbcade65018caf8c467f89b9abae7aaffeea?s=96&d=mm&r=g\",\"caption\":\"admin\"},\"url\":\"https:\/\/www.tuky.fi\/etusivu\/author\/admin\/\"}]}<\/script>\n<!-- \/ Yoast SEO plugin. -->","yoast_head_json":{"title":"KOKOUSKUTSU: Turun KY:n syyskokous 18.11.2013 klo 16.15 - Turun KY","robots":{"index":"index","follow":"follow","max-snippet":"max-snippet:-1","max-image-preview":"max-image-preview:large","max-video-preview":"max-video-preview:-1"},"canonical":"https:\/\/www.tuky.fi\/etusivu\/news\/kokouskutsu-turun-kyn-syyskokous-18-11-2013-klo-16-15\/","og_locale":"fi_FI","og_type":"article","og_title":"KOKOUSKUTSU: Turun KY:n syyskokous 18.11.2013 klo 16.15 - Turun KY","og_description":"Hyv\u00e4 Turun KY:n j\u00e4sen, Turun kauppatieteiden ylioppilaat ry pit\u00e4\u00e4 s\u00e4\u00e4nt\u00f6m\u00e4\u00e4r\u00e4isen syyskokouksensa\u00a0tiistaina 18.11.2014 klo 16.15 Ravintola Montussa.\u00a0Yhdistyksess\u00e4 ylint\u00e4 p\u00e4\u00e4t\u00f6svaltaa k\u00e4ytt\u00e4\u00e4 yhdistyksen kokous. Kokouksessa \u00e4\u00e4nivaltaisia ovat kaikki yhdistyksen varsinaiset j\u00e4senet.\u00a0Omaa \u00e4\u00e4nioikeutta voi [&hellip;]","og_url":"https:\/\/www.tuky.fi\/etusivu\/news\/kokouskutsu-turun-kyn-syyskokous-18-11-2013-klo-16-15\/","og_site_name":"Turun KY","article_published_time":"2014-11-11T14:59:16+00:00","author":"admin","twitter_card":"summary_large_image","twitter_misc":{"Kirjoittanut":"admin","Arvioitu lukuaika":"1 minuutti"},"schema":{"@context":"https:\/\/schema.org","@graph":[{"@type":"Article","@id":"https:\/\/www.tuky.fi\/etusivu\/news\/kokouskutsu-turun-kyn-syyskokous-18-11-2013-klo-16-15\/#article","isPartOf":{"@id":"https:\/\/www.tuky.fi\/etusivu\/news\/kokouskutsu-turun-kyn-syyskokous-18-11-2013-klo-16-15\/"},"author":{"name":"admin","@id":"https:\/\/www.tuky.fi\/etusivu\/#\/schema\/person\/479eb0d4ef732e133e3a76f9b7659a39"},"headline":"KOKOUSKUTSU: Turun KY:n syyskokous 18.11.2013 klo 16.15","datePublished":"2014-11-11T14:59:16+00:00","mainEntityOfPage":{"@id":"https:\/\/www.tuky.fi\/etusivu\/news\/kokouskutsu-turun-kyn-syyskokous-18-11-2013-klo-16-15\/"},"wordCount":221,"commentCount":0,"publisher":{"@id":"https:\/\/www.tuky.fi\/etusivu\/#organization"},"keywords":["hallitus","halva","halvaj\u00e4nn\u00e4","leimu","syyskokous","talousarvio","toimintasuunnitelma","tuky","TuKYH","tukyh15"],"articleSection":["news"],"inLanguage":"fi","potentialAction":[{"@type":"CommentAction","name":"Comment","target":["https:\/\/www.tuky.fi\/etusivu\/news\/kokouskutsu-turun-kyn-syyskokous-18-11-2013-klo-16-15\/#respond"]}]},{"@type":"WebPage","@id":"https:\/\/www.tuky.fi\/etusivu\/news\/kokouskutsu-turun-kyn-syyskokous-18-11-2013-klo-16-15\/","url":"https:\/\/www.tuky.fi\/etusivu\/news\/kokouskutsu-turun-kyn-syyskokous-18-11-2013-klo-16-15\/","name":"KOKOUSKUTSU: Turun KY:n syyskokous 18.11.2013 klo 16.15 - Turun KY","isPartOf":{"@id":"https:\/\/www.tuky.fi\/etusivu\/#website"},"datePublished":"2014-11-11T14:59:16+00:00","breadcrumb":{"@id":"https:\/\/www.tuky.fi\/etusivu\/news\/kokouskutsu-turun-kyn-syyskokous-18-11-2013-klo-16-15\/#breadcrumb"},"inLanguage":"fi","potentialAction":[{"@type":"ReadAction","target":["https:\/\/www.tuky.fi\/etusivu\/news\/kokouskutsu-turun-kyn-syyskokous-18-11-2013-klo-16-15\/"]}]},{"@type":"BreadcrumbList","@id":"https:\/\/www.tuky.fi\/etusivu\/news\/kokouskutsu-turun-kyn-syyskokous-18-11-2013-klo-16-15\/#breadcrumb","itemListElement":[{"@type":"ListItem","position":1,"name":"Etusivu","item":"https:\/\/www.tuky.fi\/etusivu\/"},{"@type":"ListItem","position":2,"name":"KOKOUSKUTSU: Turun KY:n syyskokous 18.11.2013 klo 16.15"}]},{"@type":"WebSite","@id":"https:\/\/www.tuky.fi\/etusivu\/#website","url":"https:\/\/www.tuky.fi\/etusivu\/","name":"Turun KY","description":"TuKY","publisher":{"@id":"https:\/\/www.tuky.fi\/etusivu\/#organization"},"alternateName":"TuKY","potentialAction":[{"@type":"SearchAction","target":{"@type":"EntryPoint","urlTemplate":"https:\/\/www.tuky.fi\/etusivu\/?s={search_term_string}"},"query-input":{"@type":"PropertyValueSpecification","valueRequired":true,"valueName":"search_term_string"}}],"inLanguage":"fi"},{"@type":"Organization","@id":"https:\/\/www.tuky.fi\/etusivu\/#organization","name":"Turun KY","alternateName":"TuKY","url":"https:\/\/www.tuky.fi\/etusivu\/","logo":{"@type":"ImageObject","inLanguage":"fi","@id":"https:\/\/www.tuky.fi\/etusivu\/#\/schema\/logo\/image\/","url":"https:\/\/www.tuky.fi\/wp-content\/uploads\/2024\/09\/TuKY-logo-kulta-1.png","contentUrl":"https:\/\/www.tuky.fi\/wp-content\/uploads\/2024\/09\/TuKY-logo-kulta-1.png","width":1080,"height":1080,"caption":"Turun KY"},"image":{"@id":"https:\/\/www.tuky.fi\/etusivu\/#\/schema\/logo\/image\/"},"sameAs":["https:\/\/instagram.com\/turunky","https:\/\/linkedin.com\/turunky"]},{"@type":"Person","@id":"https:\/\/www.tuky.fi\/etusivu\/#\/schema\/person\/479eb0d4ef732e133e3a76f9b7659a39","name":"admin","image":{"@type":"ImageObject","inLanguage":"fi","@id":"https:\/\/secure.gravatar.com\/avatar\/afbe741656101229147e16716fbedbcade65018caf8c467f89b9abae7aaffeea?s=96&d=mm&r=g","url":"https:\/\/secure.gravatar.com\/avatar\/afbe741656101229147e16716fbedbcade65018caf8c467f89b9abae7aaffeea?s=96&d=mm&r=g","contentUrl":"https:\/\/secure.gravatar.com\/avatar\/afbe741656101229147e16716fbedbcade65018caf8c467f89b9abae7aaffeea?s=96&d=mm&r=g","caption":"admin"},"url":"https:\/\/www.tuky.fi\/etusivu\/author\/admin\/"}]}},"lang":"fi","translations":{"fi":12844},"pll_sync_post":[],"_links":{"self":[{"href":"https:\/\/www.tuky.fi\/etusivu\/wp-json\/wp\/v2\/posts\/12844","targetHints":{"allow":["GET"]}}],"collection":[{"href":"https:\/\/www.tuky.fi\/etusivu\/wp-json\/wp\/v2\/posts"}],"about":[{"href":"https:\/\/www.tuky.fi\/etusivu\/wp-json\/wp\/v2\/types\/post"}],"author":[{"embeddable":true,"href":"https:\/\/www.tuky.fi\/etusivu\/wp-json\/wp\/v2\/users\/1"}],"replies":[{"embeddable":true,"href":"https:\/\/www.tuky.fi\/etusivu\/wp-json\/wp\/v2\/comments?post=12844"}],"version-history":[{"count":0,"href":"https:\/\/www.tuky.fi\/etusivu\/wp-json\/wp\/v2\/posts\/12844\/revisions"}],"wp:attachment":[{"href":"https:\/\/www.tuky.fi\/etusivu\/wp-json\/wp\/v2\/media?parent=12844"}],"wp:term":[{"taxonomy":"category","embeddable":true,"href":"https:\/\/www.tuky.fi\/etusivu\/wp-json\/wp\/v2\/categories?post=12844"},{"taxonomy":"post_tag","embeddable":true,"href":"https:\/\/www.tuky.fi\/etusivu\/wp-json\/wp\/v2\/tags?post=12844"}],"curies":[{"name":"wp","href":"https:\/\/api.w.org\/{rel}","templated":true}]}}