{"id":10868,"date":"2014-03-02T17:34:41","date_gmt":"2014-03-02T15:34:41","guid":{"rendered":"http:\/\/tuky.fi\/?p=10868"},"modified":"2014-03-02T17:34:41","modified_gmt":"2014-03-02T15:34:41","slug":"tukkkn-4-vskn-risteily-lahestyy","status":"publish","type":"post","link":"https:\/\/www.tuky.fi\/etusivu\/news\/tukkkn-4-vskn-risteily-lahestyy\/","title":{"rendered":"TuKKK:n 4. vsk:n risteily l\u00e4hestyy!"},"content":{"rendered":"<h2><a href=\"http:\/\/tuky.fi\/wordpress\/wp-content\/uploads\/2014\/03\/risteily.png\"><img loading=\"lazy\" decoding=\"async\" class=\"alignnone size-full wp-image-10873 aligncenter\" alt=\"TuKKK:n 4. vsk:n risteily 2014\" src=\"http:\/\/tuky.fi\/wordpress\/wp-content\/uploads\/2014\/03\/risteily.png\" width=\"459\" height=\"287\" \/><\/a><\/h2>\n<h3>HOI! Ilmoittautuminen nelj\u00e4nnen vuosikurssin risteilylle on alkanut!<\/h3>\n<p>&nbsp;<\/p>\n<p>Maanantaina 24. maaliskuuta on aika nostaa ankkurit satamasta ja suunnata Suomenlahdelle vuoden uratapahtumaan! Nelj\u00e4nnen vuosikurssin risteily j\u00e4rjestet\u00e4\u00e4n nimitt\u00e4in silloin jo 45. kertaa ja t\u00e4n\u00e4kin vuonna se on saavuttanut huiman suosion yritysten keskuudessa. Risteilyll\u00e4 ovat mukana muun muassa Nordea, Tallink Silja, Accenture, Ernst &amp; Young ja P&amp;G. Risteilyn teemana on luonnollisesti <i>Oma urapolku<\/i>: <i>siin\u00e4<\/i> <i>kehittyminen ja hyvinvoiminen.<\/i><\/p>\n<p>On siis aika hioa CV:si jo nyt priimakuntoon, sill\u00e4 niit\u00e4 jaetaan yritysten edustajien tarkateltavaksi heti aamutuimaan! Luvassa on p\u00e4r\u00e4ytt\u00e4vi\u00e4 keynoteja ja workshopeja sek\u00e4 jo ty\u00f6llistyneit\u00e4 alumneja haastava paneelikeskustelu. Valmistaudu siis olemaan p\u00e4iv\u00e4 valppaana workshopeissa ja keskusteluissa. P\u00e4iv\u00e4 huipentuu s\u00e4ken\u00f6iv\u00e4\u00e4n iltagaalaan!<\/p>\n<p>&nbsp;<\/p>\n<p><span style=\"line-height: 1.5em;\">Ilmoittaudu kev\u00e4\u00e4n t\u00e4rkeimp\u00e4\u00e4n uratapahtumaan tapahtuu VIIMEIST\u00c4\u00c4N <\/span><b style=\"line-height: 1.5em;\">sunnuntaina, 9. maaliskuuta.<\/b><span style=\"line-height: 1.5em;\"> Ilmoittautumislinkki on l\u00e4hetetty s\u00e4hk\u00f6postitse koulumme nelj\u00e4nnen vuosikurssin opiskelijoille, jotka ovat aloittaneet opintonsa vuonna 2010.<\/span><\/p>\n<p>Mik\u00e4li sinulla on kysytt\u00e4v\u00e4\u00e4, \u00e4l\u00e4 ep\u00e4r\u00f6i ottaa yhteytt\u00e4 risteilyem\u00e4ntiin. Tsekkaa my\u00f6s Nelj\u00e4nnen vuosikurssin risteily <a href=\"https:\/\/www.facebook.com\/events\/1397670540494172\/?source=1\">Facebookissa<\/a>!<\/p>\n<p>&nbsp;<\/p>\n<p>Risteilylle osallistuminen on ilmaista.<\/p>\n<p>&nbsp;<\/p>\n<p><span style=\"line-height: 1.5em;\">Risteilyterkuin,<\/span><\/p>\n<p>Kati Nenonen &amp; Essi Rautiainen<br \/>\nRisteilyem\u00e4nn\u00e4t&#8217;14<\/p>\n","protected":false},"excerpt":{"rendered":"<p>HOI! Ilmoittautuminen nelj\u00e4nnen vuosikurssin risteilylle on alkanut! &nbsp; Maanantaina 24. maaliskuuta on aika nostaa ankkurit satamasta ja suunnata Suomenlahdelle vuoden uratapahtumaan! Nelj\u00e4nnen vuosikurssin risteily j\u00e4rjestet\u00e4\u00e4n nimitt\u00e4in silloin jo 45. kertaa [&hellip;]<\/p>\n","protected":false},"author":42,"featured_media":0,"comment_status":"open","ping_status":"open","sticky":false,"template":"","format":"standard","meta":{"_et_pb_use_builder":"","_et_pb_old_content":"","_et_gb_content_width":"","footnotes":""},"categories":[4,8],"tags":[],"class_list":["post-10868","post","type-post","status-publish","format-standard","hentry","category-news","category-yst_uutiset"],"yoast_head":"<!-- This site is optimized with the Yoast SEO plugin v27.2 - https:\/\/yoast.com\/product\/yoast-seo-wordpress\/ -->\n<title>TuKKK:n 4. vsk:n risteily l\u00e4hestyy! - Turun KY<\/title>\n<meta name=\"robots\" content=\"index, follow, max-snippet:-1, max-image-preview:large, max-video-preview:-1\" \/>\n<link rel=\"canonical\" href=\"https:\/\/www.tuky.fi\/etusivu\/news\/tukkkn-4-vskn-risteily-lahestyy\/\" \/>\n<meta property=\"og:locale\" content=\"fi_FI\" \/>\n<meta property=\"og:type\" content=\"article\" \/>\n<meta property=\"og:title\" content=\"TuKKK:n 4. vsk:n risteily l\u00e4hestyy! - Turun KY\" \/>\n<meta property=\"og:description\" content=\"HOI! Ilmoittautuminen nelj\u00e4nnen vuosikurssin risteilylle on alkanut! &nbsp; Maanantaina 24. maaliskuuta on aika nostaa ankkurit satamasta ja suunnata Suomenlahdelle vuoden uratapahtumaan! Nelj\u00e4nnen vuosikurssin risteily j\u00e4rjestet\u00e4\u00e4n nimitt\u00e4in silloin jo 45. kertaa [&hellip;]\" \/>\n<meta property=\"og:url\" content=\"https:\/\/www.tuky.fi\/etusivu\/news\/tukkkn-4-vskn-risteily-lahestyy\/\" \/>\n<meta property=\"og:site_name\" content=\"Turun KY\" \/>\n<meta property=\"article:published_time\" content=\"2014-03-02T15:34:41+00:00\" \/>\n<meta property=\"og:image\" content=\"http:\/\/tuky.fi\/wordpress\/wp-content\/uploads\/2014\/03\/risteily.png\" \/>\n<meta name=\"author\" content=\"Myyntip\u00e4\u00e4llikk\u00f6\" \/>\n<meta name=\"twitter:card\" content=\"summary_large_image\" \/>\n<meta name=\"twitter:label1\" content=\"Kirjoittanut\" \/>\n\t<meta name=\"twitter:data1\" content=\"Myyntip\u00e4\u00e4llikk\u00f6\" \/>\n\t<meta name=\"twitter:label2\" content=\"Arvioitu lukuaika\" \/>\n\t<meta name=\"twitter:data2\" content=\"1 minuutti\" \/>\n<script type=\"application\/ld+json\" class=\"yoast-schema-graph\">{\"@context\":\"https:\/\/schema.org\",\"@graph\":[{\"@type\":\"Article\",\"@id\":\"https:\/\/www.tuky.fi\/etusivu\/news\/tukkkn-4-vskn-risteily-lahestyy\/#article\",\"isPartOf\":{\"@id\":\"https:\/\/www.tuky.fi\/etusivu\/news\/tukkkn-4-vskn-risteily-lahestyy\/\"},\"author\":{\"name\":\"Myyntip\u00e4\u00e4llikk\u00f6\",\"@id\":\"https:\/\/www.tuky.fi\/etusivu\/#\/schema\/person\/66e53fffc743e17ca9d5603336ee4d59\"},\"headline\":\"TuKKK:n 4. vsk:n risteily l\u00e4hestyy!\",\"datePublished\":\"2014-03-02T15:34:41+00:00\",\"mainEntityOfPage\":{\"@id\":\"https:\/\/www.tuky.fi\/etusivu\/news\/tukkkn-4-vskn-risteily-lahestyy\/\"},\"wordCount\":195,\"commentCount\":0,\"publisher\":{\"@id\":\"https:\/\/www.tuky.fi\/etusivu\/#organization\"},\"image\":{\"@id\":\"https:\/\/www.tuky.fi\/etusivu\/news\/tukkkn-4-vskn-risteily-lahestyy\/#primaryimage\"},\"thumbnailUrl\":\"http:\/\/tuky.fi\/wordpress\/wp-content\/uploads\/2014\/03\/risteily.png\",\"articleSection\":[\"news\",\"YST - Uutiset\"],\"inLanguage\":\"fi\",\"potentialAction\":[{\"@type\":\"CommentAction\",\"name\":\"Comment\",\"target\":[\"https:\/\/www.tuky.fi\/etusivu\/news\/tukkkn-4-vskn-risteily-lahestyy\/#respond\"]}]},{\"@type\":\"WebPage\",\"@id\":\"https:\/\/www.tuky.fi\/etusivu\/news\/tukkkn-4-vskn-risteily-lahestyy\/\",\"url\":\"https:\/\/www.tuky.fi\/etusivu\/news\/tukkkn-4-vskn-risteily-lahestyy\/\",\"name\":\"TuKKK:n 4. vsk:n risteily l\u00e4hestyy! - Turun KY\",\"isPartOf\":{\"@id\":\"https:\/\/www.tuky.fi\/etusivu\/#website\"},\"primaryImageOfPage\":{\"@id\":\"https:\/\/www.tuky.fi\/etusivu\/news\/tukkkn-4-vskn-risteily-lahestyy\/#primaryimage\"},\"image\":{\"@id\":\"https:\/\/www.tuky.fi\/etusivu\/news\/tukkkn-4-vskn-risteily-lahestyy\/#primaryimage\"},\"thumbnailUrl\":\"http:\/\/tuky.fi\/wordpress\/wp-content\/uploads\/2014\/03\/risteily.png\",\"datePublished\":\"2014-03-02T15:34:41+00:00\",\"breadcrumb\":{\"@id\":\"https:\/\/www.tuky.fi\/etusivu\/news\/tukkkn-4-vskn-risteily-lahestyy\/#breadcrumb\"},\"inLanguage\":\"fi\",\"potentialAction\":[{\"@type\":\"ReadAction\",\"target\":[\"https:\/\/www.tuky.fi\/etusivu\/news\/tukkkn-4-vskn-risteily-lahestyy\/\"]}]},{\"@type\":\"ImageObject\",\"inLanguage\":\"fi\",\"@id\":\"https:\/\/www.tuky.fi\/etusivu\/news\/tukkkn-4-vskn-risteily-lahestyy\/#primaryimage\",\"url\":\"http:\/\/tuky.fi\/wordpress\/wp-content\/uploads\/2014\/03\/risteily.png\",\"contentUrl\":\"http:\/\/tuky.fi\/wordpress\/wp-content\/uploads\/2014\/03\/risteily.png\"},{\"@type\":\"BreadcrumbList\",\"@id\":\"https:\/\/www.tuky.fi\/etusivu\/news\/tukkkn-4-vskn-risteily-lahestyy\/#breadcrumb\",\"itemListElement\":[{\"@type\":\"ListItem\",\"position\":1,\"name\":\"Etusivu\",\"item\":\"https:\/\/www.tuky.fi\/etusivu\/\"},{\"@type\":\"ListItem\",\"position\":2,\"name\":\"TuKKK:n 4. vsk:n risteily l\u00e4hestyy!\"}]},{\"@type\":\"WebSite\",\"@id\":\"https:\/\/www.tuky.fi\/etusivu\/#website\",\"url\":\"https:\/\/www.tuky.fi\/etusivu\/\",\"name\":\"Turun KY\",\"description\":\"TuKY\",\"publisher\":{\"@id\":\"https:\/\/www.tuky.fi\/etusivu\/#organization\"},\"alternateName\":\"TuKY\",\"potentialAction\":[{\"@type\":\"SearchAction\",\"target\":{\"@type\":\"EntryPoint\",\"urlTemplate\":\"https:\/\/www.tuky.fi\/etusivu\/?s={search_term_string}\"},\"query-input\":{\"@type\":\"PropertyValueSpecification\",\"valueRequired\":true,\"valueName\":\"search_term_string\"}}],\"inLanguage\":\"fi\"},{\"@type\":\"Organization\",\"@id\":\"https:\/\/www.tuky.fi\/etusivu\/#organization\",\"name\":\"Turun KY\",\"alternateName\":\"TuKY\",\"url\":\"https:\/\/www.tuky.fi\/etusivu\/\",\"logo\":{\"@type\":\"ImageObject\",\"inLanguage\":\"fi\",\"@id\":\"https:\/\/www.tuky.fi\/etusivu\/#\/schema\/logo\/image\/\",\"url\":\"https:\/\/www.tuky.fi\/wp-content\/uploads\/2024\/09\/TuKY-logo-kulta-1.png\",\"contentUrl\":\"https:\/\/www.tuky.fi\/wp-content\/uploads\/2024\/09\/TuKY-logo-kulta-1.png\",\"width\":1080,\"height\":1080,\"caption\":\"Turun KY\"},\"image\":{\"@id\":\"https:\/\/www.tuky.fi\/etusivu\/#\/schema\/logo\/image\/\"},\"sameAs\":[\"https:\/\/instagram.com\/turunky\",\"https:\/\/linkedin.com\/turunky\"]},{\"@type\":\"Person\",\"@id\":\"https:\/\/www.tuky.fi\/etusivu\/#\/schema\/person\/66e53fffc743e17ca9d5603336ee4d59\",\"name\":\"Myyntip\u00e4\u00e4llikk\u00f6\",\"image\":{\"@type\":\"ImageObject\",\"inLanguage\":\"fi\",\"@id\":\"https:\/\/secure.gravatar.com\/avatar\/8b962a9242c53dff7d2be24f16a604a8094c1e5fbb76a692d2c8aa5be966ed37?s=96&d=mm&r=g\",\"url\":\"https:\/\/secure.gravatar.com\/avatar\/8b962a9242c53dff7d2be24f16a604a8094c1e5fbb76a692d2c8aa5be966ed37?s=96&d=mm&r=g\",\"contentUrl\":\"https:\/\/secure.gravatar.com\/avatar\/8b962a9242c53dff7d2be24f16a604a8094c1e5fbb76a692d2c8aa5be966ed37?s=96&d=mm&r=g\",\"caption\":\"Myyntip\u00e4\u00e4llikk\u00f6\"},\"url\":\"https:\/\/www.tuky.fi\/etusivu\/author\/ky-myyntipaallikko\/\"}]}<\/script>\n<!-- \/ Yoast SEO plugin. -->","yoast_head_json":{"title":"TuKKK:n 4. vsk:n risteily l\u00e4hestyy! - Turun KY","robots":{"index":"index","follow":"follow","max-snippet":"max-snippet:-1","max-image-preview":"max-image-preview:large","max-video-preview":"max-video-preview:-1"},"canonical":"https:\/\/www.tuky.fi\/etusivu\/news\/tukkkn-4-vskn-risteily-lahestyy\/","og_locale":"fi_FI","og_type":"article","og_title":"TuKKK:n 4. vsk:n risteily l\u00e4hestyy! - Turun KY","og_description":"HOI! Ilmoittautuminen nelj\u00e4nnen vuosikurssin risteilylle on alkanut! &nbsp; Maanantaina 24. maaliskuuta on aika nostaa ankkurit satamasta ja suunnata Suomenlahdelle vuoden uratapahtumaan! Nelj\u00e4nnen vuosikurssin risteily j\u00e4rjestet\u00e4\u00e4n nimitt\u00e4in silloin jo 45. kertaa [&hellip;]","og_url":"https:\/\/www.tuky.fi\/etusivu\/news\/tukkkn-4-vskn-risteily-lahestyy\/","og_site_name":"Turun KY","article_published_time":"2014-03-02T15:34:41+00:00","og_image":[{"url":"http:\/\/tuky.fi\/wordpress\/wp-content\/uploads\/2014\/03\/risteily.png","type":"","width":"","height":""}],"author":"Myyntip\u00e4\u00e4llikk\u00f6","twitter_card":"summary_large_image","twitter_misc":{"Kirjoittanut":"Myyntip\u00e4\u00e4llikk\u00f6","Arvioitu lukuaika":"1 minuutti"},"schema":{"@context":"https:\/\/schema.org","@graph":[{"@type":"Article","@id":"https:\/\/www.tuky.fi\/etusivu\/news\/tukkkn-4-vskn-risteily-lahestyy\/#article","isPartOf":{"@id":"https:\/\/www.tuky.fi\/etusivu\/news\/tukkkn-4-vskn-risteily-lahestyy\/"},"author":{"name":"Myyntip\u00e4\u00e4llikk\u00f6","@id":"https:\/\/www.tuky.fi\/etusivu\/#\/schema\/person\/66e53fffc743e17ca9d5603336ee4d59"},"headline":"TuKKK:n 4. vsk:n risteily l\u00e4hestyy!","datePublished":"2014-03-02T15:34:41+00:00","mainEntityOfPage":{"@id":"https:\/\/www.tuky.fi\/etusivu\/news\/tukkkn-4-vskn-risteily-lahestyy\/"},"wordCount":195,"commentCount":0,"publisher":{"@id":"https:\/\/www.tuky.fi\/etusivu\/#organization"},"image":{"@id":"https:\/\/www.tuky.fi\/etusivu\/news\/tukkkn-4-vskn-risteily-lahestyy\/#primaryimage"},"thumbnailUrl":"http:\/\/tuky.fi\/wordpress\/wp-content\/uploads\/2014\/03\/risteily.png","articleSection":["news","YST - Uutiset"],"inLanguage":"fi","potentialAction":[{"@type":"CommentAction","name":"Comment","target":["https:\/\/www.tuky.fi\/etusivu\/news\/tukkkn-4-vskn-risteily-lahestyy\/#respond"]}]},{"@type":"WebPage","@id":"https:\/\/www.tuky.fi\/etusivu\/news\/tukkkn-4-vskn-risteily-lahestyy\/","url":"https:\/\/www.tuky.fi\/etusivu\/news\/tukkkn-4-vskn-risteily-lahestyy\/","name":"TuKKK:n 4. vsk:n risteily l\u00e4hestyy! - Turun KY","isPartOf":{"@id":"https:\/\/www.tuky.fi\/etusivu\/#website"},"primaryImageOfPage":{"@id":"https:\/\/www.tuky.fi\/etusivu\/news\/tukkkn-4-vskn-risteily-lahestyy\/#primaryimage"},"image":{"@id":"https:\/\/www.tuky.fi\/etusivu\/news\/tukkkn-4-vskn-risteily-lahestyy\/#primaryimage"},"thumbnailUrl":"http:\/\/tuky.fi\/wordpress\/wp-content\/uploads\/2014\/03\/risteily.png","datePublished":"2014-03-02T15:34:41+00:00","breadcrumb":{"@id":"https:\/\/www.tuky.fi\/etusivu\/news\/tukkkn-4-vskn-risteily-lahestyy\/#breadcrumb"},"inLanguage":"fi","potentialAction":[{"@type":"ReadAction","target":["https:\/\/www.tuky.fi\/etusivu\/news\/tukkkn-4-vskn-risteily-lahestyy\/"]}]},{"@type":"ImageObject","inLanguage":"fi","@id":"https:\/\/www.tuky.fi\/etusivu\/news\/tukkkn-4-vskn-risteily-lahestyy\/#primaryimage","url":"http:\/\/tuky.fi\/wordpress\/wp-content\/uploads\/2014\/03\/risteily.png","contentUrl":"http:\/\/tuky.fi\/wordpress\/wp-content\/uploads\/2014\/03\/risteily.png"},{"@type":"BreadcrumbList","@id":"https:\/\/www.tuky.fi\/etusivu\/news\/tukkkn-4-vskn-risteily-lahestyy\/#breadcrumb","itemListElement":[{"@type":"ListItem","position":1,"name":"Etusivu","item":"https:\/\/www.tuky.fi\/etusivu\/"},{"@type":"ListItem","position":2,"name":"TuKKK:n 4. vsk:n risteily l\u00e4hestyy!"}]},{"@type":"WebSite","@id":"https:\/\/www.tuky.fi\/etusivu\/#website","url":"https:\/\/www.tuky.fi\/etusivu\/","name":"Turun KY","description":"TuKY","publisher":{"@id":"https:\/\/www.tuky.fi\/etusivu\/#organization"},"alternateName":"TuKY","potentialAction":[{"@type":"SearchAction","target":{"@type":"EntryPoint","urlTemplate":"https:\/\/www.tuky.fi\/etusivu\/?s={search_term_string}"},"query-input":{"@type":"PropertyValueSpecification","valueRequired":true,"valueName":"search_term_string"}}],"inLanguage":"fi"},{"@type":"Organization","@id":"https:\/\/www.tuky.fi\/etusivu\/#organization","name":"Turun KY","alternateName":"TuKY","url":"https:\/\/www.tuky.fi\/etusivu\/","logo":{"@type":"ImageObject","inLanguage":"fi","@id":"https:\/\/www.tuky.fi\/etusivu\/#\/schema\/logo\/image\/","url":"https:\/\/www.tuky.fi\/wp-content\/uploads\/2024\/09\/TuKY-logo-kulta-1.png","contentUrl":"https:\/\/www.tuky.fi\/wp-content\/uploads\/2024\/09\/TuKY-logo-kulta-1.png","width":1080,"height":1080,"caption":"Turun KY"},"image":{"@id":"https:\/\/www.tuky.fi\/etusivu\/#\/schema\/logo\/image\/"},"sameAs":["https:\/\/instagram.com\/turunky","https:\/\/linkedin.com\/turunky"]},{"@type":"Person","@id":"https:\/\/www.tuky.fi\/etusivu\/#\/schema\/person\/66e53fffc743e17ca9d5603336ee4d59","name":"Myyntip\u00e4\u00e4llikk\u00f6","image":{"@type":"ImageObject","inLanguage":"fi","@id":"https:\/\/secure.gravatar.com\/avatar\/8b962a9242c53dff7d2be24f16a604a8094c1e5fbb76a692d2c8aa5be966ed37?s=96&d=mm&r=g","url":"https:\/\/secure.gravatar.com\/avatar\/8b962a9242c53dff7d2be24f16a604a8094c1e5fbb76a692d2c8aa5be966ed37?s=96&d=mm&r=g","contentUrl":"https:\/\/secure.gravatar.com\/avatar\/8b962a9242c53dff7d2be24f16a604a8094c1e5fbb76a692d2c8aa5be966ed37?s=96&d=mm&r=g","caption":"Myyntip\u00e4\u00e4llikk\u00f6"},"url":"https:\/\/www.tuky.fi\/etusivu\/author\/ky-myyntipaallikko\/"}]}},"lang":"fi","translations":{"fi":10868},"pll_sync_post":[],"_links":{"self":[{"href":"https:\/\/www.tuky.fi\/etusivu\/wp-json\/wp\/v2\/posts\/10868","targetHints":{"allow":["GET"]}}],"collection":[{"href":"https:\/\/www.tuky.fi\/etusivu\/wp-json\/wp\/v2\/posts"}],"about":[{"href":"https:\/\/www.tuky.fi\/etusivu\/wp-json\/wp\/v2\/types\/post"}],"author":[{"embeddable":true,"href":"https:\/\/www.tuky.fi\/etusivu\/wp-json\/wp\/v2\/users\/42"}],"replies":[{"embeddable":true,"href":"https:\/\/www.tuky.fi\/etusivu\/wp-json\/wp\/v2\/comments?post=10868"}],"version-history":[{"count":0,"href":"https:\/\/www.tuky.fi\/etusivu\/wp-json\/wp\/v2\/posts\/10868\/revisions"}],"wp:attachment":[{"href":"https:\/\/www.tuky.fi\/etusivu\/wp-json\/wp\/v2\/media?parent=10868"}],"wp:term":[{"taxonomy":"category","embeddable":true,"href":"https:\/\/www.tuky.fi\/etusivu\/wp-json\/wp\/v2\/categories?post=10868"},{"taxonomy":"post_tag","embeddable":true,"href":"https:\/\/www.tuky.fi\/etusivu\/wp-json\/wp\/v2\/tags?post=10868"}],"curies":[{"name":"wp","href":"https:\/\/api.w.org\/{rel}","templated":true}]}}