{"id":1034,"date":"2011-02-03T11:03:00","date_gmt":"2008-02-29T00:00:00","guid":{"rendered":"http:\/\/www.tuky.fi\/uncategorized\/hallitusblogi-mika-ihmeen-edustajisto\/"},"modified":"2011-02-03T11:03:00","modified_gmt":"2008-02-29T00:00:00","slug":"hallitusblogi-mika-ihmeen-edustajisto","status":"publish","type":"post","link":"https:\/\/www.tuky.fi\/etusivu\/tukyblogi\/hallitusblogi-mika-ihmeen-edustajisto\/","title":{"rendered":"Mik\u00e4 ihmeen edustajisto?"},"content":{"rendered":"<p>Vuoden ensimm\u00e4inen (ja 18 minuutin kestollaan todenn\u00e4k\u00f6isesti my\u00f6s nopein) TYYn edarin kokous k\u00e4ytiin tammikuun 26. p\u00e4iv\u00e4. Kokouksen lyhyydest\u00e4 huolimatta edustajisto ehti p\u00e4\u00e4tt\u00e4\u00e4 kolmesta t\u00e4rke\u00e4st\u00e4 henkil\u00f6valinnasta. TuKY:n puolesta merkityksellisin oli Ville Valkosen valinta TYYn taloustoimikuntaan teht\u00e4v\u00e4n j\u00e4tt\u00e4v\u00e4n Joona Rauham\u00e4en tilalle.<\/p>\n<p>TYYn edari on varmasti yksi niist\u00e4 TuKY:n j\u00e4senten etujen ajamisen keinoista, joka j\u00e4\u00e4 kauas itse kuntalaisista. Lyhyesti sanottuna edustajisto on TYYn ylint\u00e4 p\u00e4\u00e4t\u00f6svaltaa k\u00e4ytt\u00e4v\u00e4 elin, joka p\u00e4\u00e4tt\u00e4\u00e4 muun muassa\u00a0 TYYn toimintasuunnitelmasta, talousarviosta ja j\u00e4senmaksusta. Edustajisto tekee my\u00f6s paljon henkil\u00f6valintoja, ja valitsee muun muassa TYYn hallituksen. Yksi edustajistokausi kest\u00e4\u00e4 normaalisti 2 vuotta, ja sen 41 j\u00e4sent\u00e4 valitaan edustajistovaaleilla.\u00a0<\/p>\n<p>Vaikka edustajistossa p\u00e4\u00e4tet\u00e4\u00e4nkin kaikkia TYYn j\u00e4seni\u00e4 koskevista asioista, TuKY-listan tavoitteena on ajaa asioita erityisesti TuKY:n j\u00e4senten n\u00e4k\u00f6kulmasta. Mik\u00e4li sinua siis mietitytt\u00e4\u00e4 jonkin asia johon TYYn edarissa voi vaikuttaa, kannattaa rohkeasti tulla keskustelemaan asiasta edaattorien kanssa. My\u00f6s TuKY-listan ryhm\u00e4palaverit (jotka yleens\u00e4 pidet\u00e4\u00e4n ennen kuukausittaisia edustajiston kokouksia Mercalla) ovat kaikille avoimia. Edaattorit kuulevat mielell\u00e4\u00e4n j\u00e4senist\u00f6n mielipiteit\u00e4 ajankohtaisista asioista, jotta osaamme paremmin ajaa juuri TuKY:n j\u00e4senten etuja.<\/p>\n<p>Alkanut vuosi on t\u00e4ll\u00e4 hetkell\u00e4 vaikuttavan edustajiston viimeinen, sill\u00e4 ensi vuonna aloittaa j\u00e4lleen uusi edustajisto uudella kokoonpanolla. Uusi edustajisto valitaan syksyll\u00e4, ja vaikka n\u00e4ihin seuraaviin vaaleihin on viel\u00e4 reilu puoli vuotta aikaa, kannattaa toiminnasta kiinnostuneiden jo alkaa harkita ehdolle asettumista.Kuten yll\u00e4 mainitsin, edaritoimintaan voi tutustua etuk\u00e4teen muun muassa juttelemalla nykyisten toimijoiden kanssa, k\u00e4ym\u00e4ll\u00e4 ryhm\u00e4palavereissa tai seuraamalla itse edarin kokouksia TYYn Turku-salissa.<\/p>\n<p>Lis\u00e4tietoa TYYn edustajistosta ja TuKY-listasta l\u00f6ytyy sivulta <a href=\"http:\/\/tyy.fi\/ylioppilaskunta\/edustajisto\" title=\"http:\/\/tyy.fi\/ylioppilaskunta\/edustajisto\">http:\/\/tyy.fi\/ylioppilaskunta\/edustajisto<\/a> sek\u00e4 TuKY:n nettisivujen edunvalvonta-osiosta.<\/p>\n<p>&nbsp;<\/p>\n<p>Sini Valtanen<\/p>\n<p>TuKY-listan ryhm\u00e4puheenjohtaja<\/p>\n<\/p><\/div>\n<\/p><\/div>\n","protected":false},"excerpt":{"rendered":"<p>Vuoden ensimm\u00e4inen (ja 18 minuutin kestollaan todenn\u00e4k\u00f6isesti my\u00f6s nopein) TYYn edarin kokous k\u00e4ytiin tammikuun 26. p\u00e4iv\u00e4. Kokouksen lyhyydest\u00e4 huolimatta edustajisto ehti p\u00e4\u00e4tt\u00e4\u00e4 kolmesta t\u00e4rke\u00e4st\u00e4 henkil\u00f6valinnasta. TuKY:n puolesta merkityksellisin oli Ville [&hellip;]<\/p>\n","protected":false},"author":1,"featured_media":0,"comment_status":"open","ping_status":"open","sticky":false,"template":"","format":"standard","meta":{"_et_pb_use_builder":"","_et_pb_old_content":"","_et_gb_content_width":"","footnotes":""},"categories":[12,6],"tags":[],"class_list":["post-1034","post","type-post","status-publish","format-standard","hentry","category-kaikki-blogit","category-tukyblogi"],"yoast_head":"<!-- This site is optimized with the Yoast SEO plugin v27.2 - https:\/\/yoast.com\/product\/yoast-seo-wordpress\/ -->\n<title>Mik\u00e4 ihmeen edustajisto? - Turun KY<\/title>\n<meta name=\"robots\" content=\"index, follow, max-snippet:-1, max-image-preview:large, max-video-preview:-1\" \/>\n<link rel=\"canonical\" href=\"https:\/\/www.tuky.fi\/etusivu\/tukyblogi\/hallitusblogi-mika-ihmeen-edustajisto\/\" \/>\n<meta property=\"og:locale\" content=\"fi_FI\" \/>\n<meta property=\"og:type\" content=\"article\" \/>\n<meta property=\"og:title\" content=\"Mik\u00e4 ihmeen edustajisto? - Turun KY\" \/>\n<meta property=\"og:description\" content=\"Vuoden ensimm\u00e4inen (ja 18 minuutin kestollaan todenn\u00e4k\u00f6isesti my\u00f6s nopein) TYYn edarin kokous k\u00e4ytiin tammikuun 26. p\u00e4iv\u00e4. Kokouksen lyhyydest\u00e4 huolimatta edustajisto ehti p\u00e4\u00e4tt\u00e4\u00e4 kolmesta t\u00e4rke\u00e4st\u00e4 henkil\u00f6valinnasta. TuKY:n puolesta merkityksellisin oli Ville [&hellip;]\" \/>\n<meta property=\"og:url\" content=\"https:\/\/www.tuky.fi\/etusivu\/tukyblogi\/hallitusblogi-mika-ihmeen-edustajisto\/\" \/>\n<meta property=\"og:site_name\" content=\"Turun KY\" \/>\n<meta property=\"article:published_time\" content=\"2008-02-29T00:00:00+00:00\" \/>\n<meta name=\"author\" content=\"admin\" \/>\n<meta name=\"twitter:card\" content=\"summary_large_image\" \/>\n<meta name=\"twitter:label1\" content=\"Kirjoittanut\" \/>\n\t<meta name=\"twitter:data1\" content=\"admin\" \/>\n\t<meta name=\"twitter:label2\" content=\"Arvioitu lukuaika\" \/>\n\t<meta name=\"twitter:data2\" content=\"1 minuutti\" \/>\n<script type=\"application\/ld+json\" class=\"yoast-schema-graph\">{\"@context\":\"https:\/\/schema.org\",\"@graph\":[{\"@type\":\"Article\",\"@id\":\"https:\/\/www.tuky.fi\/etusivu\/tukyblogi\/hallitusblogi-mika-ihmeen-edustajisto\/#article\",\"isPartOf\":{\"@id\":\"https:\/\/www.tuky.fi\/etusivu\/tukyblogi\/hallitusblogi-mika-ihmeen-edustajisto\/\"},\"author\":{\"name\":\"admin\",\"@id\":\"https:\/\/www.tuky.fi\/etusivu\/#\/schema\/person\/479eb0d4ef732e133e3a76f9b7659a39\"},\"headline\":\"Mik\u00e4 ihmeen edustajisto?\",\"datePublished\":\"2008-02-29T00:00:00+00:00\",\"mainEntityOfPage\":{\"@id\":\"https:\/\/www.tuky.fi\/etusivu\/tukyblogi\/hallitusblogi-mika-ihmeen-edustajisto\/\"},\"wordCount\":297,\"commentCount\":0,\"publisher\":{\"@id\":\"https:\/\/www.tuky.fi\/etusivu\/#organization\"},\"articleSection\":[\"Kaikki Blogit\",\"TuKY-blogi\"],\"inLanguage\":\"fi\",\"potentialAction\":[{\"@type\":\"CommentAction\",\"name\":\"Comment\",\"target\":[\"https:\/\/www.tuky.fi\/etusivu\/tukyblogi\/hallitusblogi-mika-ihmeen-edustajisto\/#respond\"]}]},{\"@type\":\"WebPage\",\"@id\":\"https:\/\/www.tuky.fi\/etusivu\/tukyblogi\/hallitusblogi-mika-ihmeen-edustajisto\/\",\"url\":\"https:\/\/www.tuky.fi\/etusivu\/tukyblogi\/hallitusblogi-mika-ihmeen-edustajisto\/\",\"name\":\"Mik\u00e4 ihmeen edustajisto? - Turun KY\",\"isPartOf\":{\"@id\":\"https:\/\/www.tuky.fi\/etusivu\/#website\"},\"datePublished\":\"2008-02-29T00:00:00+00:00\",\"breadcrumb\":{\"@id\":\"https:\/\/www.tuky.fi\/etusivu\/tukyblogi\/hallitusblogi-mika-ihmeen-edustajisto\/#breadcrumb\"},\"inLanguage\":\"fi\",\"potentialAction\":[{\"@type\":\"ReadAction\",\"target\":[\"https:\/\/www.tuky.fi\/etusivu\/tukyblogi\/hallitusblogi-mika-ihmeen-edustajisto\/\"]}]},{\"@type\":\"BreadcrumbList\",\"@id\":\"https:\/\/www.tuky.fi\/etusivu\/tukyblogi\/hallitusblogi-mika-ihmeen-edustajisto\/#breadcrumb\",\"itemListElement\":[{\"@type\":\"ListItem\",\"position\":1,\"name\":\"Etusivu\",\"item\":\"https:\/\/www.tuky.fi\/etusivu\/\"},{\"@type\":\"ListItem\",\"position\":2,\"name\":\"Mik\u00e4 ihmeen edustajisto?\"}]},{\"@type\":\"WebSite\",\"@id\":\"https:\/\/www.tuky.fi\/etusivu\/#website\",\"url\":\"https:\/\/www.tuky.fi\/etusivu\/\",\"name\":\"Turun KY\",\"description\":\"TuKY\",\"publisher\":{\"@id\":\"https:\/\/www.tuky.fi\/etusivu\/#organization\"},\"alternateName\":\"TuKY\",\"potentialAction\":[{\"@type\":\"SearchAction\",\"target\":{\"@type\":\"EntryPoint\",\"urlTemplate\":\"https:\/\/www.tuky.fi\/etusivu\/?s={search_term_string}\"},\"query-input\":{\"@type\":\"PropertyValueSpecification\",\"valueRequired\":true,\"valueName\":\"search_term_string\"}}],\"inLanguage\":\"fi\"},{\"@type\":\"Organization\",\"@id\":\"https:\/\/www.tuky.fi\/etusivu\/#organization\",\"name\":\"Turun KY\",\"alternateName\":\"TuKY\",\"url\":\"https:\/\/www.tuky.fi\/etusivu\/\",\"logo\":{\"@type\":\"ImageObject\",\"inLanguage\":\"fi\",\"@id\":\"https:\/\/www.tuky.fi\/etusivu\/#\/schema\/logo\/image\/\",\"url\":\"https:\/\/www.tuky.fi\/wp-content\/uploads\/2024\/09\/TuKY-logo-kulta-1.png\",\"contentUrl\":\"https:\/\/www.tuky.fi\/wp-content\/uploads\/2024\/09\/TuKY-logo-kulta-1.png\",\"width\":1080,\"height\":1080,\"caption\":\"Turun KY\"},\"image\":{\"@id\":\"https:\/\/www.tuky.fi\/etusivu\/#\/schema\/logo\/image\/\"},\"sameAs\":[\"https:\/\/instagram.com\/turunky\",\"https:\/\/linkedin.com\/turunky\"]},{\"@type\":\"Person\",\"@id\":\"https:\/\/www.tuky.fi\/etusivu\/#\/schema\/person\/479eb0d4ef732e133e3a76f9b7659a39\",\"name\":\"admin\",\"image\":{\"@type\":\"ImageObject\",\"inLanguage\":\"fi\",\"@id\":\"https:\/\/secure.gravatar.com\/avatar\/afbe741656101229147e16716fbedbcade65018caf8c467f89b9abae7aaffeea?s=96&d=mm&r=g\",\"url\":\"https:\/\/secure.gravatar.com\/avatar\/afbe741656101229147e16716fbedbcade65018caf8c467f89b9abae7aaffeea?s=96&d=mm&r=g\",\"contentUrl\":\"https:\/\/secure.gravatar.com\/avatar\/afbe741656101229147e16716fbedbcade65018caf8c467f89b9abae7aaffeea?s=96&d=mm&r=g\",\"caption\":\"admin\"},\"url\":\"https:\/\/www.tuky.fi\/etusivu\/author\/admin\/\"}]}<\/script>\n<!-- \/ Yoast SEO plugin. -->","yoast_head_json":{"title":"Mik\u00e4 ihmeen edustajisto? - Turun KY","robots":{"index":"index","follow":"follow","max-snippet":"max-snippet:-1","max-image-preview":"max-image-preview:large","max-video-preview":"max-video-preview:-1"},"canonical":"https:\/\/www.tuky.fi\/etusivu\/tukyblogi\/hallitusblogi-mika-ihmeen-edustajisto\/","og_locale":"fi_FI","og_type":"article","og_title":"Mik\u00e4 ihmeen edustajisto? - Turun KY","og_description":"Vuoden ensimm\u00e4inen (ja 18 minuutin kestollaan todenn\u00e4k\u00f6isesti my\u00f6s nopein) TYYn edarin kokous k\u00e4ytiin tammikuun 26. p\u00e4iv\u00e4. Kokouksen lyhyydest\u00e4 huolimatta edustajisto ehti p\u00e4\u00e4tt\u00e4\u00e4 kolmesta t\u00e4rke\u00e4st\u00e4 henkil\u00f6valinnasta. TuKY:n puolesta merkityksellisin oli Ville [&hellip;]","og_url":"https:\/\/www.tuky.fi\/etusivu\/tukyblogi\/hallitusblogi-mika-ihmeen-edustajisto\/","og_site_name":"Turun KY","article_published_time":"2008-02-29T00:00:00+00:00","author":"admin","twitter_card":"summary_large_image","twitter_misc":{"Kirjoittanut":"admin","Arvioitu lukuaika":"1 minuutti"},"schema":{"@context":"https:\/\/schema.org","@graph":[{"@type":"Article","@id":"https:\/\/www.tuky.fi\/etusivu\/tukyblogi\/hallitusblogi-mika-ihmeen-edustajisto\/#article","isPartOf":{"@id":"https:\/\/www.tuky.fi\/etusivu\/tukyblogi\/hallitusblogi-mika-ihmeen-edustajisto\/"},"author":{"name":"admin","@id":"https:\/\/www.tuky.fi\/etusivu\/#\/schema\/person\/479eb0d4ef732e133e3a76f9b7659a39"},"headline":"Mik\u00e4 ihmeen edustajisto?","datePublished":"2008-02-29T00:00:00+00:00","mainEntityOfPage":{"@id":"https:\/\/www.tuky.fi\/etusivu\/tukyblogi\/hallitusblogi-mika-ihmeen-edustajisto\/"},"wordCount":297,"commentCount":0,"publisher":{"@id":"https:\/\/www.tuky.fi\/etusivu\/#organization"},"articleSection":["Kaikki Blogit","TuKY-blogi"],"inLanguage":"fi","potentialAction":[{"@type":"CommentAction","name":"Comment","target":["https:\/\/www.tuky.fi\/etusivu\/tukyblogi\/hallitusblogi-mika-ihmeen-edustajisto\/#respond"]}]},{"@type":"WebPage","@id":"https:\/\/www.tuky.fi\/etusivu\/tukyblogi\/hallitusblogi-mika-ihmeen-edustajisto\/","url":"https:\/\/www.tuky.fi\/etusivu\/tukyblogi\/hallitusblogi-mika-ihmeen-edustajisto\/","name":"Mik\u00e4 ihmeen edustajisto? - Turun KY","isPartOf":{"@id":"https:\/\/www.tuky.fi\/etusivu\/#website"},"datePublished":"2008-02-29T00:00:00+00:00","breadcrumb":{"@id":"https:\/\/www.tuky.fi\/etusivu\/tukyblogi\/hallitusblogi-mika-ihmeen-edustajisto\/#breadcrumb"},"inLanguage":"fi","potentialAction":[{"@type":"ReadAction","target":["https:\/\/www.tuky.fi\/etusivu\/tukyblogi\/hallitusblogi-mika-ihmeen-edustajisto\/"]}]},{"@type":"BreadcrumbList","@id":"https:\/\/www.tuky.fi\/etusivu\/tukyblogi\/hallitusblogi-mika-ihmeen-edustajisto\/#breadcrumb","itemListElement":[{"@type":"ListItem","position":1,"name":"Etusivu","item":"https:\/\/www.tuky.fi\/etusivu\/"},{"@type":"ListItem","position":2,"name":"Mik\u00e4 ihmeen edustajisto?"}]},{"@type":"WebSite","@id":"https:\/\/www.tuky.fi\/etusivu\/#website","url":"https:\/\/www.tuky.fi\/etusivu\/","name":"Turun KY","description":"TuKY","publisher":{"@id":"https:\/\/www.tuky.fi\/etusivu\/#organization"},"alternateName":"TuKY","potentialAction":[{"@type":"SearchAction","target":{"@type":"EntryPoint","urlTemplate":"https:\/\/www.tuky.fi\/etusivu\/?s={search_term_string}"},"query-input":{"@type":"PropertyValueSpecification","valueRequired":true,"valueName":"search_term_string"}}],"inLanguage":"fi"},{"@type":"Organization","@id":"https:\/\/www.tuky.fi\/etusivu\/#organization","name":"Turun KY","alternateName":"TuKY","url":"https:\/\/www.tuky.fi\/etusivu\/","logo":{"@type":"ImageObject","inLanguage":"fi","@id":"https:\/\/www.tuky.fi\/etusivu\/#\/schema\/logo\/image\/","url":"https:\/\/www.tuky.fi\/wp-content\/uploads\/2024\/09\/TuKY-logo-kulta-1.png","contentUrl":"https:\/\/www.tuky.fi\/wp-content\/uploads\/2024\/09\/TuKY-logo-kulta-1.png","width":1080,"height":1080,"caption":"Turun KY"},"image":{"@id":"https:\/\/www.tuky.fi\/etusivu\/#\/schema\/logo\/image\/"},"sameAs":["https:\/\/instagram.com\/turunky","https:\/\/linkedin.com\/turunky"]},{"@type":"Person","@id":"https:\/\/www.tuky.fi\/etusivu\/#\/schema\/person\/479eb0d4ef732e133e3a76f9b7659a39","name":"admin","image":{"@type":"ImageObject","inLanguage":"fi","@id":"https:\/\/secure.gravatar.com\/avatar\/afbe741656101229147e16716fbedbcade65018caf8c467f89b9abae7aaffeea?s=96&d=mm&r=g","url":"https:\/\/secure.gravatar.com\/avatar\/afbe741656101229147e16716fbedbcade65018caf8c467f89b9abae7aaffeea?s=96&d=mm&r=g","contentUrl":"https:\/\/secure.gravatar.com\/avatar\/afbe741656101229147e16716fbedbcade65018caf8c467f89b9abae7aaffeea?s=96&d=mm&r=g","caption":"admin"},"url":"https:\/\/www.tuky.fi\/etusivu\/author\/admin\/"}]}},"lang":"fi","translations":{"fi":1034},"pll_sync_post":[],"_links":{"self":[{"href":"https:\/\/www.tuky.fi\/etusivu\/wp-json\/wp\/v2\/posts\/1034","targetHints":{"allow":["GET"]}}],"collection":[{"href":"https:\/\/www.tuky.fi\/etusivu\/wp-json\/wp\/v2\/posts"}],"about":[{"href":"https:\/\/www.tuky.fi\/etusivu\/wp-json\/wp\/v2\/types\/post"}],"author":[{"embeddable":true,"href":"https:\/\/www.tuky.fi\/etusivu\/wp-json\/wp\/v2\/users\/1"}],"replies":[{"embeddable":true,"href":"https:\/\/www.tuky.fi\/etusivu\/wp-json\/wp\/v2\/comments?post=1034"}],"version-history":[{"count":0,"href":"https:\/\/www.tuky.fi\/etusivu\/wp-json\/wp\/v2\/posts\/1034\/revisions"}],"wp:attachment":[{"href":"https:\/\/www.tuky.fi\/etusivu\/wp-json\/wp\/v2\/media?parent=1034"}],"wp:term":[{"taxonomy":"category","embeddable":true,"href":"https:\/\/www.tuky.fi\/etusivu\/wp-json\/wp\/v2\/categories?post=1034"},{"taxonomy":"post_tag","embeddable":true,"href":"https:\/\/www.tuky.fi\/etusivu\/wp-json\/wp\/v2\/tags?post=1034"}],"curies":[{"name":"wp","href":"https:\/\/api.w.org\/{rel}","templated":true}]}}