{"id":1032,"date":"2011-02-21T09:09:00","date_gmt":"2008-08-31T00:00:00","guid":{"rendered":"http:\/\/www.tuky.fi\/uncategorized\/hallitusblogi-duunissa-tukylla\/"},"modified":"2011-02-21T09:09:00","modified_gmt":"2008-08-31T00:00:00","slug":"hallitusblogi-duunissa-tukylla","status":"publish","type":"post","link":"https:\/\/www.tuky.fi\/etusivu\/tukyblogi\/hallitusblogi-duunissa-tukylla\/","title":{"rendered":"Duunissa TuKYll\u00e4"},"content":{"rendered":"<p style=\"margin: 0cm 0cm 10pt\" class=\"MsoNormal\">\nViime aikoina blogeissa ja muualla TuKY:n nettisivuilla on ollut keskustelua TuKYn luottamus- ja ty\u00f6teht\u00e4vist\u00e4. Toiset n\u00e4kev\u00e4t TuKY-teht\u00e4v\u00e4t hyv\u00e4n\u00e4 mahdollisuutena p\u00e4\u00e4st\u00e4 vaikuttamaan opiskelijoihin asioihin tai harjoittelemaan ty\u00f6el\u00e4m\u00e4n ja tulevaisuuden taitoja, toiset taas haluavat k\u00e4ytt\u00e4\u00e4 vapaa-aikansa johonkin muuhun. TuKY kuitenkin kiinnostaa \u2013 ei kai kukaan muuten t\u00e4ll\u00e4 nettisivuilla k\u00e4visi.. Itse innostuin jo pupuvuonna TuKYst\u00e4, ja siit\u00e4 asti olenkin k\u00e4ytt\u00e4nyt paljon aikaa erin\u00e4k\u00f6isiss\u00e4 luottamus- ja nyt viimeisimp\u00e4n\u00e4 ty\u00f6teht\u00e4viss\u00e4 toiminnanjohtajana.\n<\/p>\n<p>\nToiminnanjohtaja ty\u00f6skentelee hallituksen apuna, ja teht\u00e4v\u00e4t t\u00e4m\u00e4n reilun vuoden aikana ovat osoittautuneet monipuolisiksi, kuitenkin erityisesti taloushallinnollisiin teht\u00e4viin painottuen. Kiireet seuraavat aikalailla TuKYn kalenteria \u2013 kun on paljon tapahtumia, on my\u00f6s Patrialla paljon tekemist\u00e4, kun taas kes\u00e4ll\u00e4 on todella hiljaista. Kev\u00e4isin paljon aikaa vie my\u00f6s tilinp\u00e4\u00e4t\u00f6ksen ja siihen liittyvien teht\u00e4vien tekeminen, syksyisin taas uusien pupujen vastaanottaminen ja vuosijuhliin liittyv\u00e4t talous-, ym. sekalaiset yleisteht\u00e4v\u00e4t.\n<\/p>\n<p style=\"margin: 0cm 0cm 10pt\" class=\"MsoNormal\">\nNyt vaihtoon l\u00e4hd\u00f6n kynnyksell\u00e4 olen haikein mielin lopettelemassa t\u00e4m\u00e4n hetkist\u00e4 toiminnanjohtajan ty\u00f6t\u00e4ni. Kuten yll\u00e4 mainitsinkin, TuKY on vienyt paljon aikaa, mutta silti voin rehellisesti sanoa ett\u00e4 olen saanut siit\u00e4 paljon enemm\u00e4n. Olen oppinut nykyisess\u00e4 teht\u00e4v\u00e4ss\u00e4 paljon niin tekemist\u00e4ni ty\u00f6teht\u00e4vist\u00e4, kuin my\u00f6s ty\u00f6el\u00e4m\u00e4st\u00e4 ja yhdess\u00e4 tekemisest\u00e4 muiden kanssa. Toiminnanjohtajana olen saanut paljon vastuuta ja muuta arvokasta ty\u00f6kokemusta, mit\u00e4 kovin usein ei viel\u00e4 opintojen aikana muualta saa. Olen tutustunut mahtaviin tyyppeihin ja saanut tehd\u00e4 t\u00f6it\u00e4 sellaisessa porukassa, miss\u00e4 ihan jokainen ei voi sanoa t\u00f6it\u00e4 tehneens\u00e4 \u2013 t\u00e4ss\u00e4 rennossa porukassa on saanut nauraa, viett\u00e4\u00e4 my\u00f6s vapaa-aikaa ja sit\u00e4 mahtavaa opiskelijael\u00e4m\u00e4\u00e4.\n<\/p>\n<p style=\"margin: 0cm 0cm 10pt\" class=\"MsoNormal\">\nTuKY se on mik\u00e4 tekee opiskelijael\u00e4m\u00e4st\u00e4 opiskelijael\u00e4m\u00e4n, niin vapaa-aikana kuin opintoihinkin liittyen! Kiitos siit\u00e4 kuuluu niille kaikille jotka ovat tai ovat joskus olleet tekem\u00e4ss\u00e4 meid\u00e4n TuKY\u00e4 \u2013 aktiivisille ja v\u00e4h\u00e4n v\u00e4hemm\u00e4n aktiivisille nykyisille ja entisille toimijoille, bileiss\u00e4 joskus k\u00e4yneille, KYlluppiin tai kuntalaiskyselyyn vastanneille, palautetta nettisivuilla antaneille ja kaikille j\u00e4senille.\n<\/p>\n<p style=\"margin: 0cm 0cm 10pt\" class=\"MsoNormal\">\nEmma Mikkil\u00e4<br \/>\nToiminnanjohtaja\n<\/p>\n<\/p><\/div>\n<\/p><\/div>\n","protected":false},"excerpt":{"rendered":"<p>Viime aikoina blogeissa ja muualla TuKY:n nettisivuilla on ollut keskustelua TuKYn luottamus- ja ty\u00f6teht\u00e4vist\u00e4. Toiset n\u00e4kev\u00e4t TuKY-teht\u00e4v\u00e4t hyv\u00e4n\u00e4 mahdollisuutena p\u00e4\u00e4st\u00e4 vaikuttamaan opiskelijoihin asioihin tai harjoittelemaan ty\u00f6el\u00e4m\u00e4n ja tulevaisuuden taitoja, toiset [&hellip;]<\/p>\n","protected":false},"author":1,"featured_media":0,"comment_status":"open","ping_status":"open","sticky":false,"template":"","format":"standard","meta":{"_et_pb_use_builder":"","_et_pb_old_content":"","_et_gb_content_width":"","footnotes":""},"categories":[12,6],"tags":[],"class_list":["post-1032","post","type-post","status-publish","format-standard","hentry","category-kaikki-blogit","category-tukyblogi"],"yoast_head":"<!-- This site is optimized with the Yoast SEO plugin v27.2 - https:\/\/yoast.com\/product\/yoast-seo-wordpress\/ -->\n<title>Duunissa TuKYll\u00e4 - Turun KY<\/title>\n<meta name=\"robots\" content=\"index, follow, max-snippet:-1, max-image-preview:large, max-video-preview:-1\" \/>\n<link rel=\"canonical\" href=\"https:\/\/www.tuky.fi\/etusivu\/tukyblogi\/hallitusblogi-duunissa-tukylla\/\" \/>\n<meta property=\"og:locale\" content=\"fi_FI\" \/>\n<meta property=\"og:type\" content=\"article\" \/>\n<meta property=\"og:title\" content=\"Duunissa TuKYll\u00e4 - Turun KY\" \/>\n<meta property=\"og:description\" content=\"Viime aikoina blogeissa ja muualla TuKY:n nettisivuilla on ollut keskustelua TuKYn luottamus- ja ty\u00f6teht\u00e4vist\u00e4. Toiset n\u00e4kev\u00e4t TuKY-teht\u00e4v\u00e4t hyv\u00e4n\u00e4 mahdollisuutena p\u00e4\u00e4st\u00e4 vaikuttamaan opiskelijoihin asioihin tai harjoittelemaan ty\u00f6el\u00e4m\u00e4n ja tulevaisuuden taitoja, toiset [&hellip;]\" \/>\n<meta property=\"og:url\" content=\"https:\/\/www.tuky.fi\/etusivu\/tukyblogi\/hallitusblogi-duunissa-tukylla\/\" \/>\n<meta property=\"og:site_name\" content=\"Turun KY\" \/>\n<meta property=\"article:published_time\" content=\"2008-08-31T00:00:00+00:00\" \/>\n<meta name=\"author\" content=\"admin\" \/>\n<meta name=\"twitter:card\" content=\"summary_large_image\" \/>\n<meta name=\"twitter:label1\" content=\"Kirjoittanut\" \/>\n\t<meta name=\"twitter:data1\" content=\"admin\" \/>\n\t<meta name=\"twitter:label2\" content=\"Arvioitu lukuaika\" \/>\n\t<meta name=\"twitter:data2\" content=\"2 minuuttia\" \/>\n<script type=\"application\/ld+json\" class=\"yoast-schema-graph\">{\"@context\":\"https:\/\/schema.org\",\"@graph\":[{\"@type\":\"Article\",\"@id\":\"https:\/\/www.tuky.fi\/etusivu\/tukyblogi\/hallitusblogi-duunissa-tukylla\/#article\",\"isPartOf\":{\"@id\":\"https:\/\/www.tuky.fi\/etusivu\/tukyblogi\/hallitusblogi-duunissa-tukylla\/\"},\"author\":{\"name\":\"admin\",\"@id\":\"https:\/\/www.tuky.fi\/etusivu\/#\/schema\/person\/479eb0d4ef732e133e3a76f9b7659a39\"},\"headline\":\"Duunissa TuKYll\u00e4\",\"datePublished\":\"2008-08-31T00:00:00+00:00\",\"mainEntityOfPage\":{\"@id\":\"https:\/\/www.tuky.fi\/etusivu\/tukyblogi\/hallitusblogi-duunissa-tukylla\/\"},\"wordCount\":347,\"commentCount\":0,\"publisher\":{\"@id\":\"https:\/\/www.tuky.fi\/etusivu\/#organization\"},\"articleSection\":[\"Kaikki Blogit\",\"TuKY-blogi\"],\"inLanguage\":\"fi\",\"potentialAction\":[{\"@type\":\"CommentAction\",\"name\":\"Comment\",\"target\":[\"https:\/\/www.tuky.fi\/etusivu\/tukyblogi\/hallitusblogi-duunissa-tukylla\/#respond\"]}]},{\"@type\":\"WebPage\",\"@id\":\"https:\/\/www.tuky.fi\/etusivu\/tukyblogi\/hallitusblogi-duunissa-tukylla\/\",\"url\":\"https:\/\/www.tuky.fi\/etusivu\/tukyblogi\/hallitusblogi-duunissa-tukylla\/\",\"name\":\"Duunissa TuKYll\u00e4 - Turun KY\",\"isPartOf\":{\"@id\":\"https:\/\/www.tuky.fi\/etusivu\/#website\"},\"datePublished\":\"2008-08-31T00:00:00+00:00\",\"breadcrumb\":{\"@id\":\"https:\/\/www.tuky.fi\/etusivu\/tukyblogi\/hallitusblogi-duunissa-tukylla\/#breadcrumb\"},\"inLanguage\":\"fi\",\"potentialAction\":[{\"@type\":\"ReadAction\",\"target\":[\"https:\/\/www.tuky.fi\/etusivu\/tukyblogi\/hallitusblogi-duunissa-tukylla\/\"]}]},{\"@type\":\"BreadcrumbList\",\"@id\":\"https:\/\/www.tuky.fi\/etusivu\/tukyblogi\/hallitusblogi-duunissa-tukylla\/#breadcrumb\",\"itemListElement\":[{\"@type\":\"ListItem\",\"position\":1,\"name\":\"Etusivu\",\"item\":\"https:\/\/www.tuky.fi\/etusivu\/\"},{\"@type\":\"ListItem\",\"position\":2,\"name\":\"Duunissa TuKYll\u00e4\"}]},{\"@type\":\"WebSite\",\"@id\":\"https:\/\/www.tuky.fi\/etusivu\/#website\",\"url\":\"https:\/\/www.tuky.fi\/etusivu\/\",\"name\":\"Turun KY\",\"description\":\"TuKY\",\"publisher\":{\"@id\":\"https:\/\/www.tuky.fi\/etusivu\/#organization\"},\"alternateName\":\"TuKY\",\"potentialAction\":[{\"@type\":\"SearchAction\",\"target\":{\"@type\":\"EntryPoint\",\"urlTemplate\":\"https:\/\/www.tuky.fi\/etusivu\/?s={search_term_string}\"},\"query-input\":{\"@type\":\"PropertyValueSpecification\",\"valueRequired\":true,\"valueName\":\"search_term_string\"}}],\"inLanguage\":\"fi\"},{\"@type\":\"Organization\",\"@id\":\"https:\/\/www.tuky.fi\/etusivu\/#organization\",\"name\":\"Turun KY\",\"alternateName\":\"TuKY\",\"url\":\"https:\/\/www.tuky.fi\/etusivu\/\",\"logo\":{\"@type\":\"ImageObject\",\"inLanguage\":\"fi\",\"@id\":\"https:\/\/www.tuky.fi\/etusivu\/#\/schema\/logo\/image\/\",\"url\":\"https:\/\/www.tuky.fi\/wp-content\/uploads\/2024\/09\/TuKY-logo-kulta-1.png\",\"contentUrl\":\"https:\/\/www.tuky.fi\/wp-content\/uploads\/2024\/09\/TuKY-logo-kulta-1.png\",\"width\":1080,\"height\":1080,\"caption\":\"Turun KY\"},\"image\":{\"@id\":\"https:\/\/www.tuky.fi\/etusivu\/#\/schema\/logo\/image\/\"},\"sameAs\":[\"https:\/\/instagram.com\/turunky\",\"https:\/\/linkedin.com\/turunky\"]},{\"@type\":\"Person\",\"@id\":\"https:\/\/www.tuky.fi\/etusivu\/#\/schema\/person\/479eb0d4ef732e133e3a76f9b7659a39\",\"name\":\"admin\",\"image\":{\"@type\":\"ImageObject\",\"inLanguage\":\"fi\",\"@id\":\"https:\/\/secure.gravatar.com\/avatar\/afbe741656101229147e16716fbedbcade65018caf8c467f89b9abae7aaffeea?s=96&d=mm&r=g\",\"url\":\"https:\/\/secure.gravatar.com\/avatar\/afbe741656101229147e16716fbedbcade65018caf8c467f89b9abae7aaffeea?s=96&d=mm&r=g\",\"contentUrl\":\"https:\/\/secure.gravatar.com\/avatar\/afbe741656101229147e16716fbedbcade65018caf8c467f89b9abae7aaffeea?s=96&d=mm&r=g\",\"caption\":\"admin\"},\"url\":\"https:\/\/www.tuky.fi\/etusivu\/author\/admin\/\"}]}<\/script>\n<!-- \/ Yoast SEO plugin. -->","yoast_head_json":{"title":"Duunissa TuKYll\u00e4 - Turun KY","robots":{"index":"index","follow":"follow","max-snippet":"max-snippet:-1","max-image-preview":"max-image-preview:large","max-video-preview":"max-video-preview:-1"},"canonical":"https:\/\/www.tuky.fi\/etusivu\/tukyblogi\/hallitusblogi-duunissa-tukylla\/","og_locale":"fi_FI","og_type":"article","og_title":"Duunissa TuKYll\u00e4 - Turun KY","og_description":"Viime aikoina blogeissa ja muualla TuKY:n nettisivuilla on ollut keskustelua TuKYn luottamus- ja ty\u00f6teht\u00e4vist\u00e4. Toiset n\u00e4kev\u00e4t TuKY-teht\u00e4v\u00e4t hyv\u00e4n\u00e4 mahdollisuutena p\u00e4\u00e4st\u00e4 vaikuttamaan opiskelijoihin asioihin tai harjoittelemaan ty\u00f6el\u00e4m\u00e4n ja tulevaisuuden taitoja, toiset [&hellip;]","og_url":"https:\/\/www.tuky.fi\/etusivu\/tukyblogi\/hallitusblogi-duunissa-tukylla\/","og_site_name":"Turun KY","article_published_time":"2008-08-31T00:00:00+00:00","author":"admin","twitter_card":"summary_large_image","twitter_misc":{"Kirjoittanut":"admin","Arvioitu lukuaika":"2 minuuttia"},"schema":{"@context":"https:\/\/schema.org","@graph":[{"@type":"Article","@id":"https:\/\/www.tuky.fi\/etusivu\/tukyblogi\/hallitusblogi-duunissa-tukylla\/#article","isPartOf":{"@id":"https:\/\/www.tuky.fi\/etusivu\/tukyblogi\/hallitusblogi-duunissa-tukylla\/"},"author":{"name":"admin","@id":"https:\/\/www.tuky.fi\/etusivu\/#\/schema\/person\/479eb0d4ef732e133e3a76f9b7659a39"},"headline":"Duunissa TuKYll\u00e4","datePublished":"2008-08-31T00:00:00+00:00","mainEntityOfPage":{"@id":"https:\/\/www.tuky.fi\/etusivu\/tukyblogi\/hallitusblogi-duunissa-tukylla\/"},"wordCount":347,"commentCount":0,"publisher":{"@id":"https:\/\/www.tuky.fi\/etusivu\/#organization"},"articleSection":["Kaikki Blogit","TuKY-blogi"],"inLanguage":"fi","potentialAction":[{"@type":"CommentAction","name":"Comment","target":["https:\/\/www.tuky.fi\/etusivu\/tukyblogi\/hallitusblogi-duunissa-tukylla\/#respond"]}]},{"@type":"WebPage","@id":"https:\/\/www.tuky.fi\/etusivu\/tukyblogi\/hallitusblogi-duunissa-tukylla\/","url":"https:\/\/www.tuky.fi\/etusivu\/tukyblogi\/hallitusblogi-duunissa-tukylla\/","name":"Duunissa TuKYll\u00e4 - Turun KY","isPartOf":{"@id":"https:\/\/www.tuky.fi\/etusivu\/#website"},"datePublished":"2008-08-31T00:00:00+00:00","breadcrumb":{"@id":"https:\/\/www.tuky.fi\/etusivu\/tukyblogi\/hallitusblogi-duunissa-tukylla\/#breadcrumb"},"inLanguage":"fi","potentialAction":[{"@type":"ReadAction","target":["https:\/\/www.tuky.fi\/etusivu\/tukyblogi\/hallitusblogi-duunissa-tukylla\/"]}]},{"@type":"BreadcrumbList","@id":"https:\/\/www.tuky.fi\/etusivu\/tukyblogi\/hallitusblogi-duunissa-tukylla\/#breadcrumb","itemListElement":[{"@type":"ListItem","position":1,"name":"Etusivu","item":"https:\/\/www.tuky.fi\/etusivu\/"},{"@type":"ListItem","position":2,"name":"Duunissa TuKYll\u00e4"}]},{"@type":"WebSite","@id":"https:\/\/www.tuky.fi\/etusivu\/#website","url":"https:\/\/www.tuky.fi\/etusivu\/","name":"Turun KY","description":"TuKY","publisher":{"@id":"https:\/\/www.tuky.fi\/etusivu\/#organization"},"alternateName":"TuKY","potentialAction":[{"@type":"SearchAction","target":{"@type":"EntryPoint","urlTemplate":"https:\/\/www.tuky.fi\/etusivu\/?s={search_term_string}"},"query-input":{"@type":"PropertyValueSpecification","valueRequired":true,"valueName":"search_term_string"}}],"inLanguage":"fi"},{"@type":"Organization","@id":"https:\/\/www.tuky.fi\/etusivu\/#organization","name":"Turun KY","alternateName":"TuKY","url":"https:\/\/www.tuky.fi\/etusivu\/","logo":{"@type":"ImageObject","inLanguage":"fi","@id":"https:\/\/www.tuky.fi\/etusivu\/#\/schema\/logo\/image\/","url":"https:\/\/www.tuky.fi\/wp-content\/uploads\/2024\/09\/TuKY-logo-kulta-1.png","contentUrl":"https:\/\/www.tuky.fi\/wp-content\/uploads\/2024\/09\/TuKY-logo-kulta-1.png","width":1080,"height":1080,"caption":"Turun KY"},"image":{"@id":"https:\/\/www.tuky.fi\/etusivu\/#\/schema\/logo\/image\/"},"sameAs":["https:\/\/instagram.com\/turunky","https:\/\/linkedin.com\/turunky"]},{"@type":"Person","@id":"https:\/\/www.tuky.fi\/etusivu\/#\/schema\/person\/479eb0d4ef732e133e3a76f9b7659a39","name":"admin","image":{"@type":"ImageObject","inLanguage":"fi","@id":"https:\/\/secure.gravatar.com\/avatar\/afbe741656101229147e16716fbedbcade65018caf8c467f89b9abae7aaffeea?s=96&d=mm&r=g","url":"https:\/\/secure.gravatar.com\/avatar\/afbe741656101229147e16716fbedbcade65018caf8c467f89b9abae7aaffeea?s=96&d=mm&r=g","contentUrl":"https:\/\/secure.gravatar.com\/avatar\/afbe741656101229147e16716fbedbcade65018caf8c467f89b9abae7aaffeea?s=96&d=mm&r=g","caption":"admin"},"url":"https:\/\/www.tuky.fi\/etusivu\/author\/admin\/"}]}},"lang":"fi","translations":{"fi":1032},"pll_sync_post":[],"_links":{"self":[{"href":"https:\/\/www.tuky.fi\/etusivu\/wp-json\/wp\/v2\/posts\/1032","targetHints":{"allow":["GET"]}}],"collection":[{"href":"https:\/\/www.tuky.fi\/etusivu\/wp-json\/wp\/v2\/posts"}],"about":[{"href":"https:\/\/www.tuky.fi\/etusivu\/wp-json\/wp\/v2\/types\/post"}],"author":[{"embeddable":true,"href":"https:\/\/www.tuky.fi\/etusivu\/wp-json\/wp\/v2\/users\/1"}],"replies":[{"embeddable":true,"href":"https:\/\/www.tuky.fi\/etusivu\/wp-json\/wp\/v2\/comments?post=1032"}],"version-history":[{"count":0,"href":"https:\/\/www.tuky.fi\/etusivu\/wp-json\/wp\/v2\/posts\/1032\/revisions"}],"wp:attachment":[{"href":"https:\/\/www.tuky.fi\/etusivu\/wp-json\/wp\/v2\/media?parent=1032"}],"wp:term":[{"taxonomy":"category","embeddable":true,"href":"https:\/\/www.tuky.fi\/etusivu\/wp-json\/wp\/v2\/categories?post=1032"},{"taxonomy":"post_tag","embeddable":true,"href":"https:\/\/www.tuky.fi\/etusivu\/wp-json\/wp\/v2\/tags?post=1032"}],"curies":[{"name":"wp","href":"https:\/\/api.w.org\/{rel}","templated":true}]}}