{"id":1031,"date":"2011-03-03T23:48:00","date_gmt":"2011-03-03T23:48:00","guid":{"rendered":"http:\/\/www.tuky.fi\/uncategorized\/hallitusblogi-vuosineljanneskatsaus\/"},"modified":"2011-03-03T23:48:00","modified_gmt":"2011-03-03T23:48:00","slug":"hallitusblogi-vuosineljanneskatsaus","status":"publish","type":"post","link":"https:\/\/www.tuky.fi\/etusivu\/tukyblogi\/hallitusblogi-vuosineljanneskatsaus\/","title":{"rendered":"Vuosinelj\u00e4nneskatsaus"},"content":{"rendered":"<p>\nEnsimm\u00e4inen akateeminen vuosinelj\u00e4nnes eli kvartaali (amerikkalaisittain quarter year) on nyt kulunut ja on katsauksen paikka. Aiemmissa blogeissa ja kommenteissa on painotettu paljon tulevaisuutta sek\u00e4 suunnitelmia, mutta nyt pieni yhteenveto TuKY ry:n hallituksen t\u00e4rkeimmist\u00e4 projekteista t\u00e4h\u00e4n menness\u00e4 ja tiedottajan n\u00e4k\u00f6kulmasta.\n<\/p>\n<p>\n<br \/>\nKausi alkoi urakkameiningill\u00e4 Parkkitalkoilla. Parkin siisteys saatiin (viimeinkin?) asetettua halutulle tasolle ja Parkkiryhm\u00e4ll\u00e4 on n\u00e4yt\u00f6n paikka saman tason s\u00e4ilytt\u00e4misest\u00e4 huolehtimisessa. Alkuvuodesta potkaistiin k\u00e4yntiin Avoimuus ja toimijaryhm\u00e4t -projekti, jonka n\u00e4kyvist\u00e4 tuloksista esimerkkein\u00e4 ovat TuKYn aktivoituminen yhteis\u00f6llisess\u00e4 mediassa ja s\u00e4\u00e4nn\u00f6lliset toimijaryhm\u00e4tapaamiset, joissa toimijaryhmien puheenjohtajat kokoontuvat suunnittelemaan mm. toiminnan yhteisi\u00e4 linjoja ja tapahtumien ajankohtia. T\u00e4ll\u00e4 hetkell\u00e4 on viel\u00e4 k\u00e4ynniss\u00e4 uuden jaosto- ja toimijaryhm\u00e4ohjes\u00e4\u00e4nn\u00f6n luominen selkeytt\u00e4m\u00e4\u00e4n jaostojen toimintaa sek\u00e4 eritoten k\u00e4yt\u00e4nt\u00f6j\u00e4.<br \/>\nErin\u00e4k\u00f6isi\u00e4 hakuja on aloitettu ja lopetettu vuoden alusta alkaen, nytkin on k\u00e4ynniss\u00e4 haut kahteen eri pestiin. Etenkin n\u00e4iden TuKYn nettisivujen uutistarjonta on ollut varsin hakupainotteista alkuvuodesta, joskin se on ollut v\u00e4ltt\u00e4m\u00e4t\u00f6nt\u00e4 ja ajankohdalle luonnollista. T\u00e4h\u00e4n menness\u00e4 on valittu mm. Yrityssuhdevaliokunta sek\u00e4 Edunvalvontajaosto.\n<\/p>\n<p>\n<br \/>\nKoulutuspoliittisella sektorilla tavallisesti n\u00e4kym\u00e4t\u00f6n taustavaikuttaminen sai vaihtelua NettiOpsun rasitustestin merkeiss\u00e4. Uuden j\u00e4rjestelm\u00e4n puutteita osoitettiin jo k\u00e4ttelyss\u00e4 ja testaajia oli yli 900, mik\u00e4 on eritt\u00e4in kiitett\u00e4v\u00e4 m\u00e4\u00e4r\u00e4. NettiOpsulle annettiin uusi mahdollisuus ja hallitus toivookin innostusta viel\u00e4 toiseen ja viimeiseen rasitustestiin, johon on nyt osattu varautua riitt\u00e4v\u00e4ll\u00e4 kapasiteetilla. Toimiva kurssi-ilmoittautuminen on kaikkien etu.<br \/>\nKyliste saatiin uusille urille lievien alkuhidastelujen j\u00e4lkeen ja lehden linja muuttuu edellisest\u00e4. Hallitus esitt\u00e4ytyy nettisivuja tarkemmin ja ep\u00e4virallisemmin seuraavassa numerossa.<br \/>\nHallituksen uusimpana ja konkreettisimmin n\u00e4kyv\u00e4n\u00e4 projektina, toki eniten hallitukselle itselleen, on Patrian remontti. Patrian siivous on jokaisen hallituksen vuosittainen perinne ennen vuodenvaihdetta, mutta nyt se vietiin paljon pidemm\u00e4lle jo alkuvuodesta: autolasteittain tavaraa heitettiin pois tai vietiin s\u00e4il\u00f6\u00f6n Parkille ja loput j\u00e4rjesteltiin fiksummin. Esteettinen ilme on kokenut valtavan muutoksen, sill\u00e4 kahden huoneen sein\u00e4t on maalattu uudelleen ja nyt niill\u00e4 komeilevat TuKYn ja Patrian logot. Kengill\u00e4 sis\u00e4ll\u00e4 liikkuminen aiotaan my\u00f6s j\u00e4tt\u00e4\u00e4 historiaan. Remontin valmistuttua on my\u00f6s huhuttu j\u00e4rjestett\u00e4v\u00e4n avoimien ovien p\u00e4iv\u00e4t. Toki Patrialla saa k\u00e4yd\u00e4 ennen sit\u00e4kin normaalisti toiminnanjohtajan p\u00e4ivystysaikoina kurkistelemassa.\n<\/p>\n<p>\n<br \/>\nHenkil\u00f6kohtaisista projekteistani haluaisin mainita pienen mutta n\u00e4kyv\u00e4n: TuKYn ilmoitustaulut. Allekirjoittanut tarkastaa ne aina k\u00e4ydess\u00e4\u00e4n korkeakoululla ja pit\u00e4\u00e4 huolen, ett\u00e4 niit\u00e4 k\u00e4ytet\u00e4\u00e4n vain niille tarkoitettuun viestint\u00e4\u00e4n. V\u00e4litt\u00f6m\u00e4n k\u00e4\u00e4nnytyksen ovat saaneet esimerkiksi uskonnollinen propaganda ja &quot;ostetaan matkapuhelin&quot;-ilmoitus.<br \/>\nKoulutusviikonloppua ei onnistuttu j\u00e4rjest\u00e4m\u00e4\u00e4n alkuper\u00e4isen\u00e4 ajankohtana v\u00e4h\u00e4isen ilmoittautumisinnokkuuden takia, mutta tapahtuman luonnetta on hieman muutettu ja se pidet\u00e4\u00e4n viikolla 10.<br \/>\nKaiken t\u00e4m\u00e4n lis\u00e4ksi on toki hyvin paljon v\u00e4hemm\u00e4n n\u00e4kyv\u00e4\u00e4 toimintaa Montun siivouksen helpottamisesta sijoitusvarallisuuden hajauttamisen muuttamiseen. Kaksi yhdistyksen ylim\u00e4\u00e4r\u00e4ist\u00e4 kokoustakin on jo pidetty, joskaan niiden p\u00e4\u00e4t\u00f6kset eiv\u00e4t olleet varsin t\u00e4rkeit\u00e4, mik\u00e4 n\u00e4kyi my\u00f6s osaanottajam\u00e4\u00e4riss\u00e4.\n<\/p>\n<p>\n&nbsp;\n<\/p>\n<p>\nHallitus kiitt\u00e4\u00e4 ja kumartaa tenttiviikkoja, jolloin ehti tekem\u00e4\u00e4n kaikenlaisia r\u00e4stihommia, aloittamaan uusia ja ehk\u00e4 jopa v\u00e4h\u00e4n rentoutumaan muissa merkeiss\u00e4.<br \/>\nLopuksi haluaisin viel\u00e4 painottaa, ett\u00e4 TuKYn hallitus ei t\u00e4st\u00e4 &#8217;kvartaalikatsauksesta&#8217; huolimatta suinkaan toimi kvartaalikapitalismin tapaan vaan t\u00e4ht\u00e4\u00e4 pitk\u00e4nkin aikav\u00e4lin tavoitteisiin, my\u00f6s muutoin kuin investoinneissa.\n<\/p>\n<p>\n&nbsp;\n<\/p>\n<p>\n&#8211; Lauri Liljenb\u00e4ck\n<\/p>\n<p>\nKirjoittaja on hallituksen tiedottaja sek\u00e4 sihteeri ja viestint\u00e4-, oikeakielisyys-, s\u00e4ntillisyys-, TuKY.fi-, Kyliste-, valokuvaus-, metallimusiikki- ja trendivastaisuus-vastaava.\n<\/p>\n<p>\n&nbsp;\n<\/p>\n<p>\nPS. Hallituksen kokousten p\u00e4\u00e4t\u00f6sluettelot julkaistaan TuKYn ilmoitustaululla ja t\u00e4\u00e4ll\u00e4 nettisivuilla.\n<\/p>\n<\/p><\/div>\n<\/p><\/div>\n","protected":false},"excerpt":{"rendered":"<p>Ensimm\u00e4inen akateeminen vuosinelj\u00e4nnes eli kvartaali (amerikkalaisittain quarter year) on nyt kulunut ja on katsauksen paikka. Aiemmissa blogeissa ja kommenteissa on painotettu paljon tulevaisuutta sek\u00e4 suunnitelmia, mutta nyt pieni yhteenveto TuKY [&hellip;]<\/p>\n","protected":false},"author":1,"featured_media":0,"comment_status":"open","ping_status":"open","sticky":false,"template":"","format":"standard","meta":{"_et_pb_use_builder":"","_et_pb_old_content":"","_et_gb_content_width":"","footnotes":""},"categories":[12,6],"tags":[],"class_list":["post-1031","post","type-post","status-publish","format-standard","hentry","category-kaikki-blogit","category-tukyblogi"],"yoast_head":"<!-- This site is optimized with the Yoast SEO plugin v27.2 - https:\/\/yoast.com\/product\/yoast-seo-wordpress\/ -->\n<title>Vuosinelj\u00e4nneskatsaus - Turun KY<\/title>\n<meta name=\"robots\" content=\"index, follow, max-snippet:-1, max-image-preview:large, max-video-preview:-1\" \/>\n<link rel=\"canonical\" href=\"https:\/\/www.tuky.fi\/etusivu\/tukyblogi\/hallitusblogi-vuosineljanneskatsaus\/\" \/>\n<meta property=\"og:locale\" content=\"fi_FI\" \/>\n<meta property=\"og:type\" content=\"article\" \/>\n<meta property=\"og:title\" content=\"Vuosinelj\u00e4nneskatsaus - Turun KY\" \/>\n<meta property=\"og:description\" content=\"Ensimm\u00e4inen akateeminen vuosinelj\u00e4nnes eli kvartaali (amerikkalaisittain quarter year) on nyt kulunut ja on katsauksen paikka. Aiemmissa blogeissa ja kommenteissa on painotettu paljon tulevaisuutta sek\u00e4 suunnitelmia, mutta nyt pieni yhteenveto TuKY [&hellip;]\" \/>\n<meta property=\"og:url\" content=\"https:\/\/www.tuky.fi\/etusivu\/tukyblogi\/hallitusblogi-vuosineljanneskatsaus\/\" \/>\n<meta property=\"og:site_name\" content=\"Turun KY\" \/>\n<meta property=\"article:published_time\" content=\"2011-03-03T23:48:00+00:00\" \/>\n<meta name=\"author\" content=\"admin\" \/>\n<meta name=\"twitter:card\" content=\"summary_large_image\" \/>\n<meta name=\"twitter:label1\" content=\"Kirjoittanut\" \/>\n\t<meta name=\"twitter:data1\" content=\"admin\" \/>\n\t<meta name=\"twitter:label2\" content=\"Arvioitu lukuaika\" \/>\n\t<meta name=\"twitter:data2\" content=\"3 minuuttia\" \/>\n<script type=\"application\/ld+json\" class=\"yoast-schema-graph\">{\"@context\":\"https:\/\/schema.org\",\"@graph\":[{\"@type\":\"Article\",\"@id\":\"https:\/\/www.tuky.fi\/etusivu\/tukyblogi\/hallitusblogi-vuosineljanneskatsaus\/#article\",\"isPartOf\":{\"@id\":\"https:\/\/www.tuky.fi\/etusivu\/tukyblogi\/hallitusblogi-vuosineljanneskatsaus\/\"},\"author\":{\"name\":\"admin\",\"@id\":\"https:\/\/www.tuky.fi\/etusivu\/#\/schema\/person\/479eb0d4ef732e133e3a76f9b7659a39\"},\"headline\":\"Vuosinelj\u00e4nneskatsaus\",\"datePublished\":\"2011-03-03T23:48:00+00:00\",\"mainEntityOfPage\":{\"@id\":\"https:\/\/www.tuky.fi\/etusivu\/tukyblogi\/hallitusblogi-vuosineljanneskatsaus\/\"},\"wordCount\":598,\"commentCount\":0,\"publisher\":{\"@id\":\"https:\/\/www.tuky.fi\/etusivu\/#organization\"},\"articleSection\":[\"Kaikki Blogit\",\"TuKY-blogi\"],\"inLanguage\":\"fi\",\"potentialAction\":[{\"@type\":\"CommentAction\",\"name\":\"Comment\",\"target\":[\"https:\/\/www.tuky.fi\/etusivu\/tukyblogi\/hallitusblogi-vuosineljanneskatsaus\/#respond\"]}]},{\"@type\":\"WebPage\",\"@id\":\"https:\/\/www.tuky.fi\/etusivu\/tukyblogi\/hallitusblogi-vuosineljanneskatsaus\/\",\"url\":\"https:\/\/www.tuky.fi\/etusivu\/tukyblogi\/hallitusblogi-vuosineljanneskatsaus\/\",\"name\":\"Vuosinelj\u00e4nneskatsaus - Turun KY\",\"isPartOf\":{\"@id\":\"https:\/\/www.tuky.fi\/etusivu\/#website\"},\"datePublished\":\"2011-03-03T23:48:00+00:00\",\"breadcrumb\":{\"@id\":\"https:\/\/www.tuky.fi\/etusivu\/tukyblogi\/hallitusblogi-vuosineljanneskatsaus\/#breadcrumb\"},\"inLanguage\":\"fi\",\"potentialAction\":[{\"@type\":\"ReadAction\",\"target\":[\"https:\/\/www.tuky.fi\/etusivu\/tukyblogi\/hallitusblogi-vuosineljanneskatsaus\/\"]}]},{\"@type\":\"BreadcrumbList\",\"@id\":\"https:\/\/www.tuky.fi\/etusivu\/tukyblogi\/hallitusblogi-vuosineljanneskatsaus\/#breadcrumb\",\"itemListElement\":[{\"@type\":\"ListItem\",\"position\":1,\"name\":\"Etusivu\",\"item\":\"https:\/\/www.tuky.fi\/etusivu\/\"},{\"@type\":\"ListItem\",\"position\":2,\"name\":\"Vuosinelj\u00e4nneskatsaus\"}]},{\"@type\":\"WebSite\",\"@id\":\"https:\/\/www.tuky.fi\/etusivu\/#website\",\"url\":\"https:\/\/www.tuky.fi\/etusivu\/\",\"name\":\"Turun KY\",\"description\":\"TuKY\",\"publisher\":{\"@id\":\"https:\/\/www.tuky.fi\/etusivu\/#organization\"},\"alternateName\":\"TuKY\",\"potentialAction\":[{\"@type\":\"SearchAction\",\"target\":{\"@type\":\"EntryPoint\",\"urlTemplate\":\"https:\/\/www.tuky.fi\/etusivu\/?s={search_term_string}\"},\"query-input\":{\"@type\":\"PropertyValueSpecification\",\"valueRequired\":true,\"valueName\":\"search_term_string\"}}],\"inLanguage\":\"fi\"},{\"@type\":\"Organization\",\"@id\":\"https:\/\/www.tuky.fi\/etusivu\/#organization\",\"name\":\"Turun KY\",\"alternateName\":\"TuKY\",\"url\":\"https:\/\/www.tuky.fi\/etusivu\/\",\"logo\":{\"@type\":\"ImageObject\",\"inLanguage\":\"fi\",\"@id\":\"https:\/\/www.tuky.fi\/etusivu\/#\/schema\/logo\/image\/\",\"url\":\"https:\/\/www.tuky.fi\/wp-content\/uploads\/2024\/09\/TuKY-logo-kulta-1.png\",\"contentUrl\":\"https:\/\/www.tuky.fi\/wp-content\/uploads\/2024\/09\/TuKY-logo-kulta-1.png\",\"width\":1080,\"height\":1080,\"caption\":\"Turun KY\"},\"image\":{\"@id\":\"https:\/\/www.tuky.fi\/etusivu\/#\/schema\/logo\/image\/\"},\"sameAs\":[\"https:\/\/instagram.com\/turunky\",\"https:\/\/linkedin.com\/turunky\"]},{\"@type\":\"Person\",\"@id\":\"https:\/\/www.tuky.fi\/etusivu\/#\/schema\/person\/479eb0d4ef732e133e3a76f9b7659a39\",\"name\":\"admin\",\"image\":{\"@type\":\"ImageObject\",\"inLanguage\":\"fi\",\"@id\":\"https:\/\/secure.gravatar.com\/avatar\/afbe741656101229147e16716fbedbcade65018caf8c467f89b9abae7aaffeea?s=96&d=mm&r=g\",\"url\":\"https:\/\/secure.gravatar.com\/avatar\/afbe741656101229147e16716fbedbcade65018caf8c467f89b9abae7aaffeea?s=96&d=mm&r=g\",\"contentUrl\":\"https:\/\/secure.gravatar.com\/avatar\/afbe741656101229147e16716fbedbcade65018caf8c467f89b9abae7aaffeea?s=96&d=mm&r=g\",\"caption\":\"admin\"},\"url\":\"https:\/\/www.tuky.fi\/etusivu\/author\/admin\/\"}]}<\/script>\n<!-- \/ Yoast SEO plugin. -->","yoast_head_json":{"title":"Vuosinelj\u00e4nneskatsaus - Turun KY","robots":{"index":"index","follow":"follow","max-snippet":"max-snippet:-1","max-image-preview":"max-image-preview:large","max-video-preview":"max-video-preview:-1"},"canonical":"https:\/\/www.tuky.fi\/etusivu\/tukyblogi\/hallitusblogi-vuosineljanneskatsaus\/","og_locale":"fi_FI","og_type":"article","og_title":"Vuosinelj\u00e4nneskatsaus - Turun KY","og_description":"Ensimm\u00e4inen akateeminen vuosinelj\u00e4nnes eli kvartaali (amerikkalaisittain quarter year) on nyt kulunut ja on katsauksen paikka. Aiemmissa blogeissa ja kommenteissa on painotettu paljon tulevaisuutta sek\u00e4 suunnitelmia, mutta nyt pieni yhteenveto TuKY [&hellip;]","og_url":"https:\/\/www.tuky.fi\/etusivu\/tukyblogi\/hallitusblogi-vuosineljanneskatsaus\/","og_site_name":"Turun KY","article_published_time":"2011-03-03T23:48:00+00:00","author":"admin","twitter_card":"summary_large_image","twitter_misc":{"Kirjoittanut":"admin","Arvioitu lukuaika":"3 minuuttia"},"schema":{"@context":"https:\/\/schema.org","@graph":[{"@type":"Article","@id":"https:\/\/www.tuky.fi\/etusivu\/tukyblogi\/hallitusblogi-vuosineljanneskatsaus\/#article","isPartOf":{"@id":"https:\/\/www.tuky.fi\/etusivu\/tukyblogi\/hallitusblogi-vuosineljanneskatsaus\/"},"author":{"name":"admin","@id":"https:\/\/www.tuky.fi\/etusivu\/#\/schema\/person\/479eb0d4ef732e133e3a76f9b7659a39"},"headline":"Vuosinelj\u00e4nneskatsaus","datePublished":"2011-03-03T23:48:00+00:00","mainEntityOfPage":{"@id":"https:\/\/www.tuky.fi\/etusivu\/tukyblogi\/hallitusblogi-vuosineljanneskatsaus\/"},"wordCount":598,"commentCount":0,"publisher":{"@id":"https:\/\/www.tuky.fi\/etusivu\/#organization"},"articleSection":["Kaikki Blogit","TuKY-blogi"],"inLanguage":"fi","potentialAction":[{"@type":"CommentAction","name":"Comment","target":["https:\/\/www.tuky.fi\/etusivu\/tukyblogi\/hallitusblogi-vuosineljanneskatsaus\/#respond"]}]},{"@type":"WebPage","@id":"https:\/\/www.tuky.fi\/etusivu\/tukyblogi\/hallitusblogi-vuosineljanneskatsaus\/","url":"https:\/\/www.tuky.fi\/etusivu\/tukyblogi\/hallitusblogi-vuosineljanneskatsaus\/","name":"Vuosinelj\u00e4nneskatsaus - Turun KY","isPartOf":{"@id":"https:\/\/www.tuky.fi\/etusivu\/#website"},"datePublished":"2011-03-03T23:48:00+00:00","breadcrumb":{"@id":"https:\/\/www.tuky.fi\/etusivu\/tukyblogi\/hallitusblogi-vuosineljanneskatsaus\/#breadcrumb"},"inLanguage":"fi","potentialAction":[{"@type":"ReadAction","target":["https:\/\/www.tuky.fi\/etusivu\/tukyblogi\/hallitusblogi-vuosineljanneskatsaus\/"]}]},{"@type":"BreadcrumbList","@id":"https:\/\/www.tuky.fi\/etusivu\/tukyblogi\/hallitusblogi-vuosineljanneskatsaus\/#breadcrumb","itemListElement":[{"@type":"ListItem","position":1,"name":"Etusivu","item":"https:\/\/www.tuky.fi\/etusivu\/"},{"@type":"ListItem","position":2,"name":"Vuosinelj\u00e4nneskatsaus"}]},{"@type":"WebSite","@id":"https:\/\/www.tuky.fi\/etusivu\/#website","url":"https:\/\/www.tuky.fi\/etusivu\/","name":"Turun KY","description":"TuKY","publisher":{"@id":"https:\/\/www.tuky.fi\/etusivu\/#organization"},"alternateName":"TuKY","potentialAction":[{"@type":"SearchAction","target":{"@type":"EntryPoint","urlTemplate":"https:\/\/www.tuky.fi\/etusivu\/?s={search_term_string}"},"query-input":{"@type":"PropertyValueSpecification","valueRequired":true,"valueName":"search_term_string"}}],"inLanguage":"fi"},{"@type":"Organization","@id":"https:\/\/www.tuky.fi\/etusivu\/#organization","name":"Turun KY","alternateName":"TuKY","url":"https:\/\/www.tuky.fi\/etusivu\/","logo":{"@type":"ImageObject","inLanguage":"fi","@id":"https:\/\/www.tuky.fi\/etusivu\/#\/schema\/logo\/image\/","url":"https:\/\/www.tuky.fi\/wp-content\/uploads\/2024\/09\/TuKY-logo-kulta-1.png","contentUrl":"https:\/\/www.tuky.fi\/wp-content\/uploads\/2024\/09\/TuKY-logo-kulta-1.png","width":1080,"height":1080,"caption":"Turun KY"},"image":{"@id":"https:\/\/www.tuky.fi\/etusivu\/#\/schema\/logo\/image\/"},"sameAs":["https:\/\/instagram.com\/turunky","https:\/\/linkedin.com\/turunky"]},{"@type":"Person","@id":"https:\/\/www.tuky.fi\/etusivu\/#\/schema\/person\/479eb0d4ef732e133e3a76f9b7659a39","name":"admin","image":{"@type":"ImageObject","inLanguage":"fi","@id":"https:\/\/secure.gravatar.com\/avatar\/afbe741656101229147e16716fbedbcade65018caf8c467f89b9abae7aaffeea?s=96&d=mm&r=g","url":"https:\/\/secure.gravatar.com\/avatar\/afbe741656101229147e16716fbedbcade65018caf8c467f89b9abae7aaffeea?s=96&d=mm&r=g","contentUrl":"https:\/\/secure.gravatar.com\/avatar\/afbe741656101229147e16716fbedbcade65018caf8c467f89b9abae7aaffeea?s=96&d=mm&r=g","caption":"admin"},"url":"https:\/\/www.tuky.fi\/etusivu\/author\/admin\/"}]}},"lang":"fi","translations":{"fi":1031},"pll_sync_post":[],"_links":{"self":[{"href":"https:\/\/www.tuky.fi\/etusivu\/wp-json\/wp\/v2\/posts\/1031","targetHints":{"allow":["GET"]}}],"collection":[{"href":"https:\/\/www.tuky.fi\/etusivu\/wp-json\/wp\/v2\/posts"}],"about":[{"href":"https:\/\/www.tuky.fi\/etusivu\/wp-json\/wp\/v2\/types\/post"}],"author":[{"embeddable":true,"href":"https:\/\/www.tuky.fi\/etusivu\/wp-json\/wp\/v2\/users\/1"}],"replies":[{"embeddable":true,"href":"https:\/\/www.tuky.fi\/etusivu\/wp-json\/wp\/v2\/comments?post=1031"}],"version-history":[{"count":0,"href":"https:\/\/www.tuky.fi\/etusivu\/wp-json\/wp\/v2\/posts\/1031\/revisions"}],"wp:attachment":[{"href":"https:\/\/www.tuky.fi\/etusivu\/wp-json\/wp\/v2\/media?parent=1031"}],"wp:term":[{"taxonomy":"category","embeddable":true,"href":"https:\/\/www.tuky.fi\/etusivu\/wp-json\/wp\/v2\/categories?post=1031"},{"taxonomy":"post_tag","embeddable":true,"href":"https:\/\/www.tuky.fi\/etusivu\/wp-json\/wp\/v2\/tags?post=1031"}],"curies":[{"name":"wp","href":"https:\/\/api.w.org\/{rel}","templated":true}]}}