{"id":1030,"date":"2011-02-28T13:18:00","date_gmt":"2011-02-28T13:18:00","guid":{"rendered":"http:\/\/www.tuky.fi\/uncategorized\/hallitusblogi-voitto-tyyn-kirjastolle-tappio-taloudelle\/"},"modified":"2011-02-28T13:18:00","modified_gmt":"2011-02-28T13:18:00","slug":"hallitusblogi-voitto-tyyn-kirjastolle-tappio-taloudelle","status":"publish","type":"post","link":"https:\/\/www.tuky.fi\/etusivu\/tukyblogi\/hallitusblogi-voitto-tyyn-kirjastolle-tappio-taloudelle\/","title":{"rendered":"Voitto TYYn kirjastolle &#8211; tappio taloudelle?!"},"content":{"rendered":"<p><strong>T\u00e4ytyyk\u00f6 ylioppilaskunnan ylip\u00e4\u00e4ns\u00e4 tuottaa palvelua (kirjasto), joka ilmaisen opiskelun periaatteen mukaan kuuluu yliopistolle? Halutaanko TYYn kirjasto s\u00e4ilytt\u00e4\u00e4 ja jos kyll\u00e4, halutaanko kirjasto kehitt\u00e4mistoimena siirt\u00e4\u00e4 Yo-talo A:han parhaalle paraatipaikalle remontoitavaan avoimeen tilaan vai j\u00e4\u00e4k\u00f6 kirjasto nykyiseen tilaansa Yo-talo B:n uumeniin?<\/strong><br \/>\n<strong><br \/>\nHalutaanko b\u00e4ndi-iltojen jatkuvan S-Osiksella my\u00f6s yo-talo B:n remontin j\u00e4lkeen?<\/strong><strong><br \/>\n<\/strong><br \/>\n<em><strong>Ja kuinka paljon t\u00e4st\u00e4 kaikesta ollaan valmiita maksamaan?<\/strong><\/em> <\/p>\n<p>Muun muassa n\u00e4ihin kysymyksiin otettiin kantaa viimekeskiviikkoisessa edustajiston kokouksessa, jossa p\u00e4\u00e4tettiin Turun yliopiston ylioppilaskunnan kirjaston kohtalosta ja laajemmin ylioppilastalojen A ja B remonttitavoitteista. Turun ylioppilaskyl\u00e4s\u00e4\u00e4ti\u00f6n (TYS) omistamien yo-talojen remontointi etenee jo valmistuneen C-osan j\u00e4lkeen aikanaan B- ja A-osiin, joita koskevia neuvotteluja TYYn remonttitavoitteista k\u00e4yd\u00e4\u00e4n jo nyt. <\/p>\n<ul>\n<li>Yo-talo B:ss\u00e4 sijaitseva kirjasto on merkitt\u00e4v\u00e4 tekij\u00e4 remontissa etenkin, mik\u00e4li se kirjaston kehitt\u00e4misty\u00f6ryhm\u00e4n esityksen mukaisesti p\u00e4\u00e4tet\u00e4\u00e4n siirt\u00e4\u00e4 paraatipaikalle Yo-talo A:han. <strong>Arvio muuton ja remontin kokonaiskustannuksista on reilu puoli miljoonaa euroa<\/strong>.  Ennen n\u00e4iden kustannusten jakamiseen liittyv\u00e4\u00e4 p\u00e4\u00e4t\u00f6st\u00e4 remonttitavoitteista edustajisto p\u00e4\u00e4tti kirjaston kohtalosta. <\/li>\n<\/ul>\n<ul>\n<li>Osana remonttikokonaisuutta on my\u00f6s Yo-talo B:n pohjakerroksessa sijaitseva Satakuntalais-H\u00e4m\u00e4l\u00e4isen ja Savo-Karjalaisen Osakunnan py\u00f6ritt\u00e4m\u00e4 ja erityisesti livekeikoistaan tunnettu<strong> S-Osis<\/strong>. Mik\u00e4li nykyisen kaltaista tai per\u00e4ti laajempaa musiikkitoimintaa halutaan tiloissa j\u00e4rjest\u00e4\u00e4 my\u00f6s tulevaisuudessa, on tiloja remontoitava huomattavasti erityisesti \u00e4\u00e4nieristyksen osalta. <strong>Riitt\u00e4v\u00e4n \u00e4\u00e4nieristyksen kanssa kustannusarvio tilojen remontille on per\u00e4ti 1,7 miljoonaa euroa.<\/strong><\/li>\n<\/ul>\n<p>Edustajisto p\u00e4\u00e4tti TYYn neuvottelutavoitteista eli pyrkimyksist\u00e4 remonttikustannusten jakamiseen tilojen omistajan (TYS) kanssa, jotta ylioppilaskunnan neuvottelijat tiet\u00e4isiv\u00e4t limiittins\u00e4. Neuvotteluteknisist\u00e4 syist\u00e4 kyseiset p\u00e4\u00e4t\u00f6kset julistettiin salaisiksi. Edell\u00e4 mainitut remonttikustannukset ovat kokonaisarvioita.<\/p>\n<p><strong>Opiskelijat tietenkin tarvitsevat kirjoja, mutta kuuluuko kirjastopalvelun tuottaminen ylioppilaskunnalle?<\/strong><\/p>\n<p>Yleisesti ottaen on tietenkin opiskelijoiden etu, ett\u00e4 opiskeluun liittyv\u00e4\u00e4 kirjallisuutta ja muuta materiaalia on mahdollisimman paljon ja helposti saatavilla. T\u00e4st\u00e4 ovat kaikki edustajistoryhm\u00e4t harvinaisen samaa mielt\u00e4.<br \/>\nYht\u00e4 p\u00e4iv\u00e4nselv\u00e4\u00e4 ei kuitenkaan ole, kuuluuko ilmaisen korkeakouluopiskelun edellytyksiin vahvasti liittyv\u00e4n kirjastopalvelun yll\u00e4pit\u00e4minen ylioppilaskunnalle &#8211; siis opiskelijoiden maksettavaksi. N\u00e4hd\u00e4kseni p\u00e4\u00e4vastuun perusopintojen edellytt\u00e4m\u00e4n kirjallisuuden riitt\u00e4v\u00e4st\u00e4 saatavuudesta ja hankinnasta tulee yksiselitteisesti olla yliopiston kirjastolla. Tilannetta voi my\u00f6s hahmottaa seuraavalla kysymyksell\u00e4: <em>Ellei ylioppilaskunnalla jo olisi kirjastoa, niin perustettaisiinko se nykyisess\u00e4 tilanteessa?<\/em><\/p>\n<p>Mik\u00e4li kirjastokysymyksess\u00e4 olisi kyse vain kirjoista ja niiden pysymisess\u00e4 opiskelijoiden saatavilla mahdollisen kirjaston lopettamisenkin j\u00e4lkeen, <em>voitaisiin asia ratkaista yksinkertaisen tehokkaasti esimerkiksi lahjoittamalla TYYn kirjaston kokoelma Turun yliopiston ja Turun kaupungin kirjastoille<\/em>. TYY voisi my\u00f6s halutessaan varmistaa kirjallisuuden nykym\u00e4\u00e4r\u00e4isen saatavuuden sitoutumalla hankkimaan yliopistolle kurssikirjallisuutta esimerkiksi nykyist\u00e4 materiaalihankintabudjettiaan (15 000 \u20ac\/v) vastaavalla summalla &#8211; ja silti s\u00e4\u00e4st\u00e4\u00e4 vuosittain huomattavasti oman kirjastonsa vuosibudjettiin (2011: 51 000\u20ac) verrattuna. N\u00e4m\u00e4 vaihtoehdot tuotiin esille my\u00f6s edustajiston kokouksessa. <\/p>\n<p>Useat edustajistoryhm\u00e4t ja edaattorit kuitenkin mielt\u00e4v\u00e4t TYYn oman kirjaston yhdeksi parhaista opiskelijat (siis ylioppilaskunnan j\u00e4senet ja ylioppilaskuntamaksun maksajat) laajasti tavoittavista, suoraan ylioppilaskunnan itsens\u00e4 tuottamista palveluista. Kirjojen lis\u00e4ksi kirjasto tarjoaa mahdollisuuden ja tilat hengailuun ja pienimuotoisten kokousten pit\u00e4miseen.<br \/>\nMik\u00e4li kokonaiskustannuksiltaan yli 500 000 euroksi arvioitu kirjaston siirto paraatipaikalle yo-talo A:han toteutuu, kasvaa k\u00e4vij\u00e4m\u00e4\u00e4r\u00e4 todenn\u00e4k\u00f6isesti ja ylioppilaskunta p\u00e4\u00e4see l\u00e4hemm\u00e4ksi j\u00e4senist\u00f6\u00e4\u00e4n kuin ehk\u00e4 ikin\u00e4. <em>T\u00e4m\u00e4 onkin ehdottomasti kirjaston siirt\u00e4misvision ehdoton vahvuus mutta samalla my\u00f6s heikkous: <\/em>k\u00e4vij\u00e4m\u00e4\u00e4r\u00e4n kasvaessa my\u00f6s kirjojen kysynt\u00e4 kasvaa, mink\u00e4 seurauksena hankintam\u00e4\u00e4r\u00e4rahoja jouduttaneen palvelutason yll\u00e4pit\u00e4miseksi vastaavasti lis\u00e4\u00e4m\u00e4\u00e4n.<br \/>\nToinen pullonkaula tulevat olemaan kirjaston aukioloajat. T\u00e4ll\u00e4 hetkell\u00e4h\u00e4n kirjasto on auki yhden henkil\u00f6n voimin ma 14.00-18 ja ti-pe 10-14.30 eli vain 22 tuntia viikossa. Aukioloaikojen kasvattamiseksi TYYn kirjaston budjetti mahdollistaa osa-aikaisen kirjastoharjoittelijan palkkaamisen syyskuusta 2011 alkaen. Harjoitteluun tulee kuitenkin liitty\u00e4 my\u00f6s ohjausta, joten vain osa harjoittelijan ty\u00f6tunneista voidaan k\u00e4ytt\u00e4\u00e4 aukioloaikojen pident\u00e4miseen. Riitt\u00e4v\u00e4tk\u00f6 aukioloajat t\u00e4m\u00e4nk\u00e4\u00e4n j\u00e4lkeen laadukkaan ja kattavan palvelun tarjoamiseksi? <\/p>\n<p><strong>Lyhyesti sanottuna: Uuden uljaan kirjaston kustannukset uhkaavat l\u00e4hte\u00e4 k\u00e4sist\u00e4. Kuitenkin kirjaston lakkauttamisesitys kaatui \u00e4\u00e4nin 17-24.<\/strong> <\/p>\n<p>Viisi TuKY-listalaista ja 12 muuta edaattoria siis j\u00e4iv\u00e4t ylioppilaskunnan oman kirjastotoiminnan tuottamisen ja etenkin sen tulevaisuudessa aiheuttamien huomattavien remontti- ja kehitt\u00e4miskustannusten kyseenalaistajina v\u00e4hemmist\u00f6\u00f6n 41-paikkaisessa edustajistossa. <\/p>\n<p>S-Osiksen osalta edustajiston kanta oli huomattavasti yhten\u00e4isempi; Monipuolista opiskelijatoimintaa ja ainutlaatuisen keikkapaikan tarjoavan S-Osiksen toimintaedellytykset tulee remonttisuunnitelmissa turvata. Emmeh\u00e4n toivo S-Osiksen jakavan Yo-talo C:n kellarista remontin my\u00f6t\u00e4 kev\u00e4\u00e4ll\u00e4 2010 h\u00e4\u00e4d\u00f6n saaneen TVO:n (Turun yliopiston varsinaissuomalainen osakunta) kohtaloa. Sit\u00e4 paitsi toisin kuin ylioppilaskunnan yll\u00e4pit\u00e4m\u00e4lle kirjastotoiminnalle, pienten b\u00e4ndien keikkabudjettiin sopivalle esiintymispaikalle ei ole Turussa tarjolla varteenotettavaa substituuttia.<\/p>\n<p>Eetu Simpanen<br \/>\nTuKY-listan edaattori<\/p>\n<p>PS. Kyseess\u00e4 ei ollut suinkaan ensimm\u00e4inen kerta, kun kirjasto selvisi lakkautusuhalta; viimeisen kymmenen vuoden aikana kirjastoa ollaan oltu lakkauttamassa per\u00e4ti seitsem\u00e4n kertaa.<\/p>\n<p><strong>Lis\u00e4tietoa ja taustoja<\/strong><\/p>\n<ul>\n<li>Ylioppilaskunnan ylint\u00e4 p\u00e4\u00e4t\u00e4nt\u00e4valtaa k\u00e4ytt\u00e4\u00e4 edustajisto, jonka kaikille avointen kokousten aikataulut sek\u00e4 p\u00e4\u00e4t\u00f6sluettelot l\u00f6ytyv\u00e4t osoitteesta <a href=\"http:\/\/tyy.fi\/ylioppilaskunta\/edustajisto\" title=\"http:\/\/tyy.fi\/ylioppilaskunta\/edustajisto\">http:\/\/tyy.fi\/ylioppilaskunta\/edustajisto<\/a>. Edustajiston kokousten p\u00f6yt\u00e4kirjat ja esityslistat l\u00f6ytyv\u00e4t osoitteesta <a href=\"http:\/\/www.tyy.fi\/node\/1013\" title=\"http:\/\/www.tyy.fi\/node\/1013\">http:\/\/www.tyy.fi\/node\/1013<\/a>.<\/li>\n<\/ul>\n<ul>\n<li>TYYn kirjasto: <a href=\"http:\/\/tyy.fi\/palvelut\/tyyn-kirjasto\" title=\"http:\/\/tyy.fi\/palvelut\/tyyn-kirjasto\">http:\/\/tyy.fi\/palvelut\/tyyn-kirjasto<\/a> <\/li>\n<\/ul>\n<ul>\n<li>S-Osis: <a href=\"http:\/\/sho.utu.fi\/?sosis\" title=\"http:\/\/sho.utu.fi\/?sosis\">http:\/\/sho.utu.fi\/?sosis<\/a><\/li>\n<\/ul><\/div>\n<\/p><\/div>\n","protected":false},"excerpt":{"rendered":"<p>T\u00e4ytyyk\u00f6 ylioppilaskunnan ylip\u00e4\u00e4ns\u00e4 tuottaa palvelua (kirjasto), joka ilmaisen opiskelun periaatteen mukaan kuuluu yliopistolle? Halutaanko TYYn kirjasto s\u00e4ilytt\u00e4\u00e4 ja jos kyll\u00e4, halutaanko kirjasto kehitt\u00e4mistoimena siirt\u00e4\u00e4 Yo-talo A:han parhaalle paraatipaikalle remontoitavaan avoimeen [&hellip;]<\/p>\n","protected":false},"author":1,"featured_media":0,"comment_status":"open","ping_status":"open","sticky":false,"template":"","format":"standard","meta":{"_et_pb_use_builder":"","_et_pb_old_content":"","_et_gb_content_width":"","footnotes":""},"categories":[12,6],"tags":[],"class_list":["post-1030","post","type-post","status-publish","format-standard","hentry","category-kaikki-blogit","category-tukyblogi"],"yoast_head":"<!-- This site is optimized with the Yoast SEO plugin v27.2 - https:\/\/yoast.com\/product\/yoast-seo-wordpress\/ -->\n<title>Voitto TYYn kirjastolle - tappio taloudelle?! - Turun KY<\/title>\n<meta name=\"robots\" content=\"index, follow, max-snippet:-1, max-image-preview:large, max-video-preview:-1\" \/>\n<link rel=\"canonical\" href=\"https:\/\/www.tuky.fi\/etusivu\/tukyblogi\/hallitusblogi-voitto-tyyn-kirjastolle-tappio-taloudelle\/\" \/>\n<meta property=\"og:locale\" content=\"fi_FI\" \/>\n<meta property=\"og:type\" content=\"article\" \/>\n<meta property=\"og:title\" content=\"Voitto TYYn kirjastolle - tappio taloudelle?! - Turun KY\" \/>\n<meta property=\"og:description\" content=\"T\u00e4ytyyk\u00f6 ylioppilaskunnan ylip\u00e4\u00e4ns\u00e4 tuottaa palvelua (kirjasto), joka ilmaisen opiskelun periaatteen mukaan kuuluu yliopistolle? Halutaanko TYYn kirjasto s\u00e4ilytt\u00e4\u00e4 ja jos kyll\u00e4, halutaanko kirjasto kehitt\u00e4mistoimena siirt\u00e4\u00e4 Yo-talo A:han parhaalle paraatipaikalle remontoitavaan avoimeen [&hellip;]\" \/>\n<meta property=\"og:url\" content=\"https:\/\/www.tuky.fi\/etusivu\/tukyblogi\/hallitusblogi-voitto-tyyn-kirjastolle-tappio-taloudelle\/\" \/>\n<meta property=\"og:site_name\" content=\"Turun KY\" \/>\n<meta property=\"article:published_time\" content=\"2011-02-28T13:18:00+00:00\" \/>\n<meta name=\"author\" content=\"admin\" \/>\n<meta name=\"twitter:card\" content=\"summary_large_image\" \/>\n<meta name=\"twitter:label1\" content=\"Kirjoittanut\" \/>\n\t<meta name=\"twitter:data1\" content=\"admin\" \/>\n\t<meta name=\"twitter:label2\" content=\"Arvioitu lukuaika\" \/>\n\t<meta name=\"twitter:data2\" content=\"4 minuuttia\" \/>\n<script type=\"application\/ld+json\" class=\"yoast-schema-graph\">{\"@context\":\"https:\/\/schema.org\",\"@graph\":[{\"@type\":\"Article\",\"@id\":\"https:\/\/www.tuky.fi\/etusivu\/tukyblogi\/hallitusblogi-voitto-tyyn-kirjastolle-tappio-taloudelle\/#article\",\"isPartOf\":{\"@id\":\"https:\/\/www.tuky.fi\/etusivu\/tukyblogi\/hallitusblogi-voitto-tyyn-kirjastolle-tappio-taloudelle\/\"},\"author\":{\"name\":\"admin\",\"@id\":\"https:\/\/www.tuky.fi\/etusivu\/#\/schema\/person\/479eb0d4ef732e133e3a76f9b7659a39\"},\"headline\":\"Voitto TYYn kirjastolle &#8211; tappio taloudelle?!\",\"datePublished\":\"2011-02-28T13:18:00+00:00\",\"mainEntityOfPage\":{\"@id\":\"https:\/\/www.tuky.fi\/etusivu\/tukyblogi\/hallitusblogi-voitto-tyyn-kirjastolle-tappio-taloudelle\/\"},\"wordCount\":837,\"commentCount\":0,\"publisher\":{\"@id\":\"https:\/\/www.tuky.fi\/etusivu\/#organization\"},\"articleSection\":[\"Kaikki Blogit\",\"TuKY-blogi\"],\"inLanguage\":\"fi\",\"potentialAction\":[{\"@type\":\"CommentAction\",\"name\":\"Comment\",\"target\":[\"https:\/\/www.tuky.fi\/etusivu\/tukyblogi\/hallitusblogi-voitto-tyyn-kirjastolle-tappio-taloudelle\/#respond\"]}]},{\"@type\":\"WebPage\",\"@id\":\"https:\/\/www.tuky.fi\/etusivu\/tukyblogi\/hallitusblogi-voitto-tyyn-kirjastolle-tappio-taloudelle\/\",\"url\":\"https:\/\/www.tuky.fi\/etusivu\/tukyblogi\/hallitusblogi-voitto-tyyn-kirjastolle-tappio-taloudelle\/\",\"name\":\"Voitto TYYn kirjastolle - tappio taloudelle?! - Turun KY\",\"isPartOf\":{\"@id\":\"https:\/\/www.tuky.fi\/etusivu\/#website\"},\"datePublished\":\"2011-02-28T13:18:00+00:00\",\"breadcrumb\":{\"@id\":\"https:\/\/www.tuky.fi\/etusivu\/tukyblogi\/hallitusblogi-voitto-tyyn-kirjastolle-tappio-taloudelle\/#breadcrumb\"},\"inLanguage\":\"fi\",\"potentialAction\":[{\"@type\":\"ReadAction\",\"target\":[\"https:\/\/www.tuky.fi\/etusivu\/tukyblogi\/hallitusblogi-voitto-tyyn-kirjastolle-tappio-taloudelle\/\"]}]},{\"@type\":\"BreadcrumbList\",\"@id\":\"https:\/\/www.tuky.fi\/etusivu\/tukyblogi\/hallitusblogi-voitto-tyyn-kirjastolle-tappio-taloudelle\/#breadcrumb\",\"itemListElement\":[{\"@type\":\"ListItem\",\"position\":1,\"name\":\"Etusivu\",\"item\":\"https:\/\/www.tuky.fi\/etusivu\/\"},{\"@type\":\"ListItem\",\"position\":2,\"name\":\"Voitto TYYn kirjastolle &#8211; tappio taloudelle?!\"}]},{\"@type\":\"WebSite\",\"@id\":\"https:\/\/www.tuky.fi\/etusivu\/#website\",\"url\":\"https:\/\/www.tuky.fi\/etusivu\/\",\"name\":\"Turun KY\",\"description\":\"TuKY\",\"publisher\":{\"@id\":\"https:\/\/www.tuky.fi\/etusivu\/#organization\"},\"alternateName\":\"TuKY\",\"potentialAction\":[{\"@type\":\"SearchAction\",\"target\":{\"@type\":\"EntryPoint\",\"urlTemplate\":\"https:\/\/www.tuky.fi\/etusivu\/?s={search_term_string}\"},\"query-input\":{\"@type\":\"PropertyValueSpecification\",\"valueRequired\":true,\"valueName\":\"search_term_string\"}}],\"inLanguage\":\"fi\"},{\"@type\":\"Organization\",\"@id\":\"https:\/\/www.tuky.fi\/etusivu\/#organization\",\"name\":\"Turun KY\",\"alternateName\":\"TuKY\",\"url\":\"https:\/\/www.tuky.fi\/etusivu\/\",\"logo\":{\"@type\":\"ImageObject\",\"inLanguage\":\"fi\",\"@id\":\"https:\/\/www.tuky.fi\/etusivu\/#\/schema\/logo\/image\/\",\"url\":\"https:\/\/www.tuky.fi\/wp-content\/uploads\/2024\/09\/TuKY-logo-kulta-1.png\",\"contentUrl\":\"https:\/\/www.tuky.fi\/wp-content\/uploads\/2024\/09\/TuKY-logo-kulta-1.png\",\"width\":1080,\"height\":1080,\"caption\":\"Turun KY\"},\"image\":{\"@id\":\"https:\/\/www.tuky.fi\/etusivu\/#\/schema\/logo\/image\/\"},\"sameAs\":[\"https:\/\/instagram.com\/turunky\",\"https:\/\/linkedin.com\/turunky\"]},{\"@type\":\"Person\",\"@id\":\"https:\/\/www.tuky.fi\/etusivu\/#\/schema\/person\/479eb0d4ef732e133e3a76f9b7659a39\",\"name\":\"admin\",\"image\":{\"@type\":\"ImageObject\",\"inLanguage\":\"fi\",\"@id\":\"https:\/\/secure.gravatar.com\/avatar\/afbe741656101229147e16716fbedbcade65018caf8c467f89b9abae7aaffeea?s=96&d=mm&r=g\",\"url\":\"https:\/\/secure.gravatar.com\/avatar\/afbe741656101229147e16716fbedbcade65018caf8c467f89b9abae7aaffeea?s=96&d=mm&r=g\",\"contentUrl\":\"https:\/\/secure.gravatar.com\/avatar\/afbe741656101229147e16716fbedbcade65018caf8c467f89b9abae7aaffeea?s=96&d=mm&r=g\",\"caption\":\"admin\"},\"url\":\"https:\/\/www.tuky.fi\/etusivu\/author\/admin\/\"}]}<\/script>\n<!-- \/ Yoast SEO plugin. -->","yoast_head_json":{"title":"Voitto TYYn kirjastolle - tappio taloudelle?! - Turun KY","robots":{"index":"index","follow":"follow","max-snippet":"max-snippet:-1","max-image-preview":"max-image-preview:large","max-video-preview":"max-video-preview:-1"},"canonical":"https:\/\/www.tuky.fi\/etusivu\/tukyblogi\/hallitusblogi-voitto-tyyn-kirjastolle-tappio-taloudelle\/","og_locale":"fi_FI","og_type":"article","og_title":"Voitto TYYn kirjastolle - tappio taloudelle?! - Turun KY","og_description":"T\u00e4ytyyk\u00f6 ylioppilaskunnan ylip\u00e4\u00e4ns\u00e4 tuottaa palvelua (kirjasto), joka ilmaisen opiskelun periaatteen mukaan kuuluu yliopistolle? Halutaanko TYYn kirjasto s\u00e4ilytt\u00e4\u00e4 ja jos kyll\u00e4, halutaanko kirjasto kehitt\u00e4mistoimena siirt\u00e4\u00e4 Yo-talo A:han parhaalle paraatipaikalle remontoitavaan avoimeen [&hellip;]","og_url":"https:\/\/www.tuky.fi\/etusivu\/tukyblogi\/hallitusblogi-voitto-tyyn-kirjastolle-tappio-taloudelle\/","og_site_name":"Turun KY","article_published_time":"2011-02-28T13:18:00+00:00","author":"admin","twitter_card":"summary_large_image","twitter_misc":{"Kirjoittanut":"admin","Arvioitu lukuaika":"4 minuuttia"},"schema":{"@context":"https:\/\/schema.org","@graph":[{"@type":"Article","@id":"https:\/\/www.tuky.fi\/etusivu\/tukyblogi\/hallitusblogi-voitto-tyyn-kirjastolle-tappio-taloudelle\/#article","isPartOf":{"@id":"https:\/\/www.tuky.fi\/etusivu\/tukyblogi\/hallitusblogi-voitto-tyyn-kirjastolle-tappio-taloudelle\/"},"author":{"name":"admin","@id":"https:\/\/www.tuky.fi\/etusivu\/#\/schema\/person\/479eb0d4ef732e133e3a76f9b7659a39"},"headline":"Voitto TYYn kirjastolle &#8211; tappio taloudelle?!","datePublished":"2011-02-28T13:18:00+00:00","mainEntityOfPage":{"@id":"https:\/\/www.tuky.fi\/etusivu\/tukyblogi\/hallitusblogi-voitto-tyyn-kirjastolle-tappio-taloudelle\/"},"wordCount":837,"commentCount":0,"publisher":{"@id":"https:\/\/www.tuky.fi\/etusivu\/#organization"},"articleSection":["Kaikki Blogit","TuKY-blogi"],"inLanguage":"fi","potentialAction":[{"@type":"CommentAction","name":"Comment","target":["https:\/\/www.tuky.fi\/etusivu\/tukyblogi\/hallitusblogi-voitto-tyyn-kirjastolle-tappio-taloudelle\/#respond"]}]},{"@type":"WebPage","@id":"https:\/\/www.tuky.fi\/etusivu\/tukyblogi\/hallitusblogi-voitto-tyyn-kirjastolle-tappio-taloudelle\/","url":"https:\/\/www.tuky.fi\/etusivu\/tukyblogi\/hallitusblogi-voitto-tyyn-kirjastolle-tappio-taloudelle\/","name":"Voitto TYYn kirjastolle - tappio taloudelle?! - Turun KY","isPartOf":{"@id":"https:\/\/www.tuky.fi\/etusivu\/#website"},"datePublished":"2011-02-28T13:18:00+00:00","breadcrumb":{"@id":"https:\/\/www.tuky.fi\/etusivu\/tukyblogi\/hallitusblogi-voitto-tyyn-kirjastolle-tappio-taloudelle\/#breadcrumb"},"inLanguage":"fi","potentialAction":[{"@type":"ReadAction","target":["https:\/\/www.tuky.fi\/etusivu\/tukyblogi\/hallitusblogi-voitto-tyyn-kirjastolle-tappio-taloudelle\/"]}]},{"@type":"BreadcrumbList","@id":"https:\/\/www.tuky.fi\/etusivu\/tukyblogi\/hallitusblogi-voitto-tyyn-kirjastolle-tappio-taloudelle\/#breadcrumb","itemListElement":[{"@type":"ListItem","position":1,"name":"Etusivu","item":"https:\/\/www.tuky.fi\/etusivu\/"},{"@type":"ListItem","position":2,"name":"Voitto TYYn kirjastolle &#8211; tappio taloudelle?!"}]},{"@type":"WebSite","@id":"https:\/\/www.tuky.fi\/etusivu\/#website","url":"https:\/\/www.tuky.fi\/etusivu\/","name":"Turun KY","description":"TuKY","publisher":{"@id":"https:\/\/www.tuky.fi\/etusivu\/#organization"},"alternateName":"TuKY","potentialAction":[{"@type":"SearchAction","target":{"@type":"EntryPoint","urlTemplate":"https:\/\/www.tuky.fi\/etusivu\/?s={search_term_string}"},"query-input":{"@type":"PropertyValueSpecification","valueRequired":true,"valueName":"search_term_string"}}],"inLanguage":"fi"},{"@type":"Organization","@id":"https:\/\/www.tuky.fi\/etusivu\/#organization","name":"Turun KY","alternateName":"TuKY","url":"https:\/\/www.tuky.fi\/etusivu\/","logo":{"@type":"ImageObject","inLanguage":"fi","@id":"https:\/\/www.tuky.fi\/etusivu\/#\/schema\/logo\/image\/","url":"https:\/\/www.tuky.fi\/wp-content\/uploads\/2024\/09\/TuKY-logo-kulta-1.png","contentUrl":"https:\/\/www.tuky.fi\/wp-content\/uploads\/2024\/09\/TuKY-logo-kulta-1.png","width":1080,"height":1080,"caption":"Turun KY"},"image":{"@id":"https:\/\/www.tuky.fi\/etusivu\/#\/schema\/logo\/image\/"},"sameAs":["https:\/\/instagram.com\/turunky","https:\/\/linkedin.com\/turunky"]},{"@type":"Person","@id":"https:\/\/www.tuky.fi\/etusivu\/#\/schema\/person\/479eb0d4ef732e133e3a76f9b7659a39","name":"admin","image":{"@type":"ImageObject","inLanguage":"fi","@id":"https:\/\/secure.gravatar.com\/avatar\/afbe741656101229147e16716fbedbcade65018caf8c467f89b9abae7aaffeea?s=96&d=mm&r=g","url":"https:\/\/secure.gravatar.com\/avatar\/afbe741656101229147e16716fbedbcade65018caf8c467f89b9abae7aaffeea?s=96&d=mm&r=g","contentUrl":"https:\/\/secure.gravatar.com\/avatar\/afbe741656101229147e16716fbedbcade65018caf8c467f89b9abae7aaffeea?s=96&d=mm&r=g","caption":"admin"},"url":"https:\/\/www.tuky.fi\/etusivu\/author\/admin\/"}]}},"lang":"fi","translations":{"fi":1030},"pll_sync_post":[],"_links":{"self":[{"href":"https:\/\/www.tuky.fi\/etusivu\/wp-json\/wp\/v2\/posts\/1030","targetHints":{"allow":["GET"]}}],"collection":[{"href":"https:\/\/www.tuky.fi\/etusivu\/wp-json\/wp\/v2\/posts"}],"about":[{"href":"https:\/\/www.tuky.fi\/etusivu\/wp-json\/wp\/v2\/types\/post"}],"author":[{"embeddable":true,"href":"https:\/\/www.tuky.fi\/etusivu\/wp-json\/wp\/v2\/users\/1"}],"replies":[{"embeddable":true,"href":"https:\/\/www.tuky.fi\/etusivu\/wp-json\/wp\/v2\/comments?post=1030"}],"version-history":[{"count":0,"href":"https:\/\/www.tuky.fi\/etusivu\/wp-json\/wp\/v2\/posts\/1030\/revisions"}],"wp:attachment":[{"href":"https:\/\/www.tuky.fi\/etusivu\/wp-json\/wp\/v2\/media?parent=1030"}],"wp:term":[{"taxonomy":"category","embeddable":true,"href":"https:\/\/www.tuky.fi\/etusivu\/wp-json\/wp\/v2\/categories?post=1030"},{"taxonomy":"post_tag","embeddable":true,"href":"https:\/\/www.tuky.fi\/etusivu\/wp-json\/wp\/v2\/tags?post=1030"}],"curies":[{"name":"wp","href":"https:\/\/api.w.org\/{rel}","templated":true}]}}