{"id":1029,"date":"2011-03-07T23:46:00","date_gmt":"2011-03-07T23:46:00","guid":{"rendered":"http:\/\/www.tuky.fi\/uncategorized\/hallitusblogi-koti-on-siella-missa-sydan-on-parkki-3\/"},"modified":"2011-03-07T23:46:00","modified_gmt":"2011-03-07T23:46:00","slug":"hallitusblogi-koti-on-siella-missa-sydan-on-parkki-3","status":"publish","type":"post","link":"https:\/\/www.tuky.fi\/etusivu\/tukyblogi\/hallitusblogi-koti-on-siella-missa-sydan-on-parkki-3\/","title":{"rendered":"Koti on siell\u00e4 miss\u00e4 syd\u00e4n on. Parkki <3"},"content":{"rendered":"<p>Monelle j\u00e4senelle voi olla yll\u00e4tys, ett\u00e4 TuKYll\u00e4 on ollut<br \/>\nParkiksi nimetty toimisto- ja kerhotalo vasta 25 vuotta, joista uudempi vain<br \/>\nviisi. N\u00e4m\u00e4 ajat ovat yll\u00e4tt\u00e4v\u00e4n lyhyit\u00e4 verrattuna TuKY:n olemassaoloon.<br \/>\nMolempien Parkkien taival on ollut sek\u00e4 kivikkoinen ett\u00e4 ikimuistoisia<br \/>\ntapahtumia t\u00e4ynn\u00e4. T\u00e4st\u00e4 l\u00e4htee katsaus Parkin pimeimpiin nurkkiin sek\u00e4<br \/>\nvaloisimpiin hetkiin, ja yleist\u00e4 paatosta Parkinkatu kuuteen liittyen.<\/p>\n<p>Ylioppilaskunnan pitk\u00e4aikainen haave omasta toimisto- ja<br \/>\nkerhotalosta toteutui vihdoin vuonna 1986, kun nykyiselt\u00e4 paikalta ostettiin<br \/>\nmyynniss\u00e4 ollut omakotitalo. Siit\u00e4 hetkest\u00e4 eteenp\u00e4in Parkin asema on<br \/>\nvakiintunut kuntalaisten ja j\u00e4senten mieliss\u00e4 mm. Monttubileiden<br \/>\nunohtumattomana jatkopaikkana. Vuonna 1945 rakennettu omakotitalo ei kuitenkaan<br \/>\nkest\u00e4nyt saamaansa \u201dhuomiota\u201d ja mutkien kautta vuonna 2003 p\u00e4\u00e4tettiin uudisrakennuksesta.<br \/>\nKolme vuotta my\u00f6hemmin, raskaiden valitusprosessien j\u00e4lkeen, uusi Parkki vihittiin<br \/>\nk\u00e4ytt\u00f6\u00f6n.<\/p>\n<p>Menneiden vuosien tapahtumista on taltioitu useita mappeja<br \/>\ndokumentteja ja monien hallinto-oikeuteen tulleiden valituspaperien joukosta<br \/>\nl\u00f6ytyy hauskojakin yksityiskohtia projektista. Esimerkiksi yl\u00e4kerran<br \/>\noleskeluhuoneesta mainitaan yhdess\u00e4 muistiossa n\u00e4in: \u201d<em>Lotta lupasi kirjoittaa hakemuksen Inno-ohjelmaan tavoitteena saada<br \/>\nMarko suunnittelemaan Parkin takkahuone<\/em>\u201d. Milt\u00e4h\u00e4n se huone nyt n\u00e4ytt\u00e4isi<br \/>\njos t\u00e4m\u00e4 olisi toteutunut? Rakennusluvan k\u00e4sittelyvaiheessa ja my\u00f6s sen j\u00e4lkeen<br \/>\nnaapuri teki valituksen jos toisenkin, er\u00e4\u00e4seen niist\u00e4 h\u00e4n ker\u00e4si 31<br \/>\nallekirjoitusta l\u00e4hist\u00f6n asukkailta. T\u00e4h\u00e4n oli kuitenkin varauduttu: \u201d<em>Matti ja Kaisa k\u00e4yv\u00e4t viel\u00e4 ensi viikolla<br \/>\ntervehtim\u00e4ss\u00e4 naapuri Helin\u00e4 Vuorelaa<\/em> (nimi muutettu) <em>ja kyselem\u00e4ss\u00e4 \u201dkuinka sujuu\u201d. Annetaan ehk\u00e4 suklaarasia, jos Helin\u00e4 on<br \/>\nyhteisty\u00f6kykyinen\u201d. <\/em>Er\u00e4\u00e4n yrityksen kanssa puolestaan sovittiin (ainakin<br \/>\nalustavasti), ett\u00e4 he toimittaisivat Parkin tupakkahuoneeseen tupakkatuotteita<br \/>\n10 vuoden ajan kaikkiin niihin tapahtumiin, joihin niit\u00e4 pyydett\u00e4isiin..<\/p>\n<p>Parkista huolehtimaan perustettiin aikanaan oma ryhm\u00e4, joka<br \/>\non kantanut nimi\u00e4 taloryhm\u00e4, x-ryhm\u00e4 ja nyky\u00e4\u00e4n Parkkiryhm\u00e4. T\u00e4st\u00e4 porukasta on<br \/>\nhuhupuheiden hohto ja mystisyys kaukana, ellei Parkin korjaamista ja WC-paperin<br \/>\nostamista sek\u00e4 asettelemista telineisiin sellaisiksi lasketa. N\u00e4m\u00e4 ovat niit\u00e4<br \/>\naina kiukkuisia valittajia, jotka soittavat silloin t\u00e4ll\u00f6in vihaisia puheluja,<br \/>\nkun tanssilattian laattojen saumoja kauniisti my\u00f6t\u00e4ilev\u00e4 puro olutta ei olekaan<br \/>\n\u201dok\u201d. Parkkiryhm\u00e4 toimii usein taustalla n\u00e4kym\u00e4tt\u00f6m\u00e4sti ja kuten monesti on<br \/>\ntodettu, sen arvon huomaa vasta kun sit\u00e4 ei ole.<\/p>\n<p>Haluaisin esitt\u00e4\u00e4 kaikille j\u00e4senille kaihon toiveen. Seuraavan<br \/>\nkerran kun Parkin siivoaminen tai siell\u00e4 n\u00e4tisti juhliminen tuntuu<br \/>\nylivoimaiselta teht\u00e4v\u00e4lt\u00e4, asettakaa itsenne hetkeksi esimerkiksi 60-luvun<br \/>\nkuntalaisen saappaisiin ja pys\u00e4htyk\u00e4\u00e4 hetkeksi miettim\u00e4\u00e4n, mit\u00e4 meill\u00e4 t\u00e4n\u00e4<br \/>\np\u00e4iv\u00e4n\u00e4 on k\u00e4yt\u00f6ss\u00e4mme; Parkin kaltaisesta tilasta on varmasti entisen<br \/>\nylioppilaskunnan alkuajoista l\u00e4htien haaveiltu ja my\u00f6hemmin sen eteen on tehty<br \/>\nkorvaamatonta ty\u00f6t\u00e4 vuosikausia &#8211; vain jotta se nyky\u00e4\u00e4n voidaan ottaa<br \/>\nitsest\u00e4\u00e4nselvyyten\u00e4. <\/p>\n<p>Voisin kirjoittaa Parkista sek\u00e4 siihen liittyvist\u00e4<br \/>\nkommelluksista ja tarinoista pidemm\u00e4nkin palopuheen, mutta jottei mopo l\u00e4hde k\u00e4sist\u00e4<br \/>\nannettakoon tiedoksi viel\u00e4, ett\u00e4 s\u00e4ilytt\u00e4\u00e4ksemme Parkin perinn\u00f6n olemme<br \/>\nperustaneet kauan kaivatun Parkin kehitysty\u00f6ryhm\u00e4n m\u00e4\u00e4rittelem\u00e4\u00e4n tulevaisuuden<br \/>\nsuuntaviivat ja hiekkalaatikon rajat. T\u00e4h\u00e4n projektiin tulemme osallistuttamaan<br \/>\nmy\u00f6s j\u00e4senist\u00f6\u00e4. <\/p>\n<p>Liit\u00e4n blogikirjoituksen loppuun muutamia kuvia sek\u00e4<br \/>\nvanhasta ett\u00e4 uudesta Parkista. Kuriositeettina mainittakoon viel\u00e4, ett\u00e4<br \/>\ner\u00e4\u00e4ss\u00e4 kuvassa on pohjapiirros uuden Parkin kolmanteen kerrokseen<br \/>\nsuunnitellusta \u201dtalonmiehen yksi\u00f6st\u00e4\u201d. Sinne suunniteltiin my\u00f6s asuintiloja<br \/>\nsatunnaisille vieraille. <\/p>\n<p>Nauttikaamme yhdess\u00e4 ja vastuullisesti Parkista!<\/p>\n<p>&nbsp;<\/p>\n<p>Mikael Vainio<\/p>\n<p>&nbsp;<\/p>\n<p>Kirjoittaja on TuKY:n klubimestari ja vastaa Parkista sek\u00e4<br \/>\nMontusta, ja aikoo pit\u00e4\u00e4 huolen molempien s\u00e4ilymisest\u00e4 my\u00f6s tuleville TuKY -sukupolville.<br \/>\nH\u00e4net tapaa yleens\u00e4 tiluksiaan tarkastamassa tai Patrialla, jolloin on enemm\u00e4n<br \/>\nkuin suotavaa ampua t\u00e4yslaidallinen kehitysehdotuksia tai j\u00e4\u00e4d\u00e4 vaikka keskustelemaan<br \/>\nenemm\u00e4n Parkin v\u00e4rikk\u00e4\u00e4st\u00e4 historiasta.<\/p>\n<table id=\"attachments\">\n<thead>\n<tr>\n<th><\/th>\n<th>Liite<\/th>\n<th>Koko<\/th>\n<\/tr>\n<\/thead>\n<tbody>\n<tr class=\"odd\">\n<td><\/td>\n<td><a href=\"http:\/\/www.tuky.fi\/antiikkia\/drupal\/files\/alakerta_vanha.JPG\">alakerta_vanha.JPG<\/a><\/td>\n<td>92.25 Kt<\/td>\n<\/tr>\n<tr class=\"even\">\n<td><\/td>\n<td><a href=\"http:\/\/www.tuky.fi\/antiikkia\/drupal\/files\/baaritiski_vanha.JPG\">baaritiski_vanha.JPG<\/a><\/td>\n<td>102.99 Kt<\/td>\n<\/tr>\n<tr class=\"odd\">\n<td><\/td>\n<td><a href=\"http:\/\/www.tuky.fi\/antiikkia\/drupal\/files\/keitti\u00f6_ala_uusi.jpg\">keitti\u00f6_ala_uusi.jpg<\/a><\/td>\n<td>66 Kt<\/td>\n<\/tr>\n<tr class=\"even\">\n<td><\/td>\n<td><a href=\"http:\/\/www.tuky.fi\/antiikkia\/drupal\/files\/kokoushuone_uusi.jpg\">kokoushuone_uusi.jpg<\/a><\/td>\n<td>150.76 Kt<\/td>\n<\/tr>\n<tr class=\"odd\">\n<td><\/td>\n<td><a href=\"http:\/\/www.tuky.fi\/antiikkia\/drupal\/files\/kokoushuone_vanha.JPG\">kokoushuone_vanha.JPG<\/a><\/td>\n<td>99.11 Kt<\/td>\n<\/tr>\n<tr class=\"even\">\n<td><\/td>\n<td><a href=\"http:\/\/www.tuky.fi\/antiikkia\/drupal\/files\/sauna_uusi.jpg\">sauna_uusi.jpg<\/a><\/td>\n<td>198.87 Kt<\/td>\n<\/tr>\n<tr class=\"odd\">\n<td><\/td>\n<td><a href=\"http:\/\/www.tuky.fi\/antiikkia\/drupal\/files\/sauna_vanha.JPG\">sauna_vanha.JPG<\/a><\/td>\n<td>29.66 Kt<\/td>\n<\/tr>\n<tr class=\"even\">\n<td><\/td>\n<td><a href=\"http:\/\/www.tuky.fi\/antiikkia\/drupal\/files\/tanssilattia_uusi.jpg\">tanssilattia_uusi.jpg<\/a><\/td>\n<td>63.76 Kt<\/td>\n<\/tr>\n<tr class=\"odd\">\n<td><\/td>\n<td><a href=\"http:\/\/www.tuky.fi\/antiikkia\/drupal\/files\/tanssilattia_vanha.JPG\">tanssilattia_vanha.JPG<\/a><\/td>\n<td>93.88 Kt<\/td>\n<\/tr>\n<tr class=\"even\">\n<td><\/td>\n<td><a href=\"http:\/\/www.tuky.fi\/antiikkia\/drupal\/files\/toteutumaton_piirustus.jpeg\">toteutumaton_piirustus.jpeg<\/a><\/td>\n<td>54.18 Kt<\/td>\n<\/tr>\n<tr class=\"odd\">\n<td><\/td>\n<td><a href=\"http:\/\/www.tuky.fi\/antiikkia\/drupal\/files\/ulkoa_uusi.JPG\">ulkoa_uusi.JPG<\/a><\/td>\n<td>150.12 Kt<\/td>\n<\/tr>\n<tr class=\"even\">\n<td><\/td>\n<td><a href=\"http:\/\/www.tuky.fi\/antiikkia\/drupal\/files\/ulkoa_vanha.JPG\">ulkoa_vanha.JPG<\/a><\/td>\n<td>84.81 Kt<\/td>\n<\/tr>\n<\/tbody>\n<\/table><\/div>\n<\/p><\/div>\n","protected":false},"excerpt":{"rendered":"<p>Monelle j\u00e4senelle voi olla yll\u00e4tys, ett\u00e4 TuKYll\u00e4 on ollut Parkiksi nimetty toimisto- ja kerhotalo vasta 25 vuotta, joista uudempi vain viisi. N\u00e4m\u00e4 ajat ovat yll\u00e4tt\u00e4v\u00e4n lyhyit\u00e4 verrattuna TuKY:n olemassaoloon. Molempien [&hellip;]<\/p>\n","protected":false},"author":1,"featured_media":0,"comment_status":"open","ping_status":"open","sticky":false,"template":"","format":"standard","meta":{"_et_pb_use_builder":"","_et_pb_old_content":"","_et_gb_content_width":"","footnotes":""},"categories":[12,6],"tags":[],"class_list":["post-1029","post","type-post","status-publish","format-standard","hentry","category-kaikki-blogit","category-tukyblogi"],"yoast_head":"<!-- This site is optimized with the Yoast SEO plugin v27.2 - https:\/\/yoast.com\/product\/yoast-seo-wordpress\/ -->\n<title>Koti on siell\u00e4 miss\u00e4 syd\u00e4n on. Parkki<\/title>\n<meta name=\"robots\" content=\"index, follow, max-snippet:-1, max-image-preview:large, max-video-preview:-1\" \/>\n<link rel=\"canonical\" href=\"https:\/\/www.tuky.fi\/etusivu\/tukyblogi\/hallitusblogi-koti-on-siella-missa-sydan-on-parkki-3\/\" \/>\n<meta property=\"og:locale\" content=\"fi_FI\" \/>\n<meta property=\"og:type\" content=\"article\" \/>\n<meta property=\"og:title\" content=\"Koti on siell\u00e4 miss\u00e4 syd\u00e4n on. Parkki\" \/>\n<meta property=\"og:description\" content=\"Monelle j\u00e4senelle voi olla yll\u00e4tys, ett\u00e4 TuKYll\u00e4 on ollut Parkiksi nimetty toimisto- ja kerhotalo vasta 25 vuotta, joista uudempi vain viisi. N\u00e4m\u00e4 ajat ovat yll\u00e4tt\u00e4v\u00e4n lyhyit\u00e4 verrattuna TuKY:n olemassaoloon. Molempien [&hellip;]\" \/>\n<meta property=\"og:url\" content=\"https:\/\/www.tuky.fi\/etusivu\/tukyblogi\/hallitusblogi-koti-on-siella-missa-sydan-on-parkki-3\/\" \/>\n<meta property=\"og:site_name\" content=\"Turun KY\" \/>\n<meta property=\"article:published_time\" content=\"2011-03-07T23:46:00+00:00\" \/>\n<meta name=\"author\" content=\"admin\" \/>\n<meta name=\"twitter:card\" content=\"summary_large_image\" \/>\n<meta name=\"twitter:label1\" content=\"Kirjoittanut\" \/>\n\t<meta name=\"twitter:data1\" content=\"admin\" \/>\n\t<meta name=\"twitter:label2\" content=\"Arvioitu lukuaika\" \/>\n\t<meta name=\"twitter:data2\" content=\"3 minuuttia\" \/>\n<script type=\"application\/ld+json\" class=\"yoast-schema-graph\">{\"@context\":\"https:\/\/schema.org\",\"@graph\":[{\"@type\":\"Article\",\"@id\":\"https:\/\/www.tuky.fi\/etusivu\/tukyblogi\/hallitusblogi-koti-on-siella-missa-sydan-on-parkki-3\/#article\",\"isPartOf\":{\"@id\":\"https:\/\/www.tuky.fi\/etusivu\/tukyblogi\/hallitusblogi-koti-on-siella-missa-sydan-on-parkki-3\/\"},\"author\":{\"name\":\"admin\",\"@id\":\"https:\/\/www.tuky.fi\/etusivu\/#\/schema\/person\/479eb0d4ef732e133e3a76f9b7659a39\"},\"headline\":\"Koti on siell\u00e4 miss\u00e4 syd\u00e4n on. Parkki\",\"datePublished\":\"2011-03-07T23:46:00+00:00\",\"mainEntityOfPage\":{\"@id\":\"https:\/\/www.tuky.fi\/etusivu\/tukyblogi\/hallitusblogi-koti-on-siella-missa-sydan-on-parkki-3\/\"},\"wordCount\":8,\"commentCount\":0,\"publisher\":{\"@id\":\"https:\/\/www.tuky.fi\/etusivu\/#organization\"},\"articleSection\":[\"Kaikki Blogit\",\"TuKY-blogi\"],\"inLanguage\":\"fi\",\"potentialAction\":[{\"@type\":\"CommentAction\",\"name\":\"Comment\",\"target\":[\"https:\/\/www.tuky.fi\/etusivu\/tukyblogi\/hallitusblogi-koti-on-siella-missa-sydan-on-parkki-3\/#respond\"]}]},{\"@type\":\"WebPage\",\"@id\":\"https:\/\/www.tuky.fi\/etusivu\/tukyblogi\/hallitusblogi-koti-on-siella-missa-sydan-on-parkki-3\/\",\"url\":\"https:\/\/www.tuky.fi\/etusivu\/tukyblogi\/hallitusblogi-koti-on-siella-missa-sydan-on-parkki-3\/\",\"name\":\"Koti on siell\u00e4 miss\u00e4 syd\u00e4n on. Parkki\",\"isPartOf\":{\"@id\":\"https:\/\/www.tuky.fi\/etusivu\/#website\"},\"datePublished\":\"2011-03-07T23:46:00+00:00\",\"breadcrumb\":{\"@id\":\"https:\/\/www.tuky.fi\/etusivu\/tukyblogi\/hallitusblogi-koti-on-siella-missa-sydan-on-parkki-3\/#breadcrumb\"},\"inLanguage\":\"fi\",\"potentialAction\":[{\"@type\":\"ReadAction\",\"target\":[\"https:\/\/www.tuky.fi\/etusivu\/tukyblogi\/hallitusblogi-koti-on-siella-missa-sydan-on-parkki-3\/\"]}]},{\"@type\":\"BreadcrumbList\",\"@id\":\"https:\/\/www.tuky.fi\/etusivu\/tukyblogi\/hallitusblogi-koti-on-siella-missa-sydan-on-parkki-3\/#breadcrumb\",\"itemListElement\":[{\"@type\":\"ListItem\",\"position\":1,\"name\":\"Etusivu\",\"item\":\"https:\/\/www.tuky.fi\/etusivu\/\"},{\"@type\":\"ListItem\",\"position\":2,\"name\":\"Koti on siell\u00e4 miss\u00e4 syd\u00e4n on. Parkki\"}]},{\"@type\":\"WebSite\",\"@id\":\"https:\/\/www.tuky.fi\/etusivu\/#website\",\"url\":\"https:\/\/www.tuky.fi\/etusivu\/\",\"name\":\"Turun KY\",\"description\":\"TuKY\",\"publisher\":{\"@id\":\"https:\/\/www.tuky.fi\/etusivu\/#organization\"},\"alternateName\":\"TuKY\",\"potentialAction\":[{\"@type\":\"SearchAction\",\"target\":{\"@type\":\"EntryPoint\",\"urlTemplate\":\"https:\/\/www.tuky.fi\/etusivu\/?s={search_term_string}\"},\"query-input\":{\"@type\":\"PropertyValueSpecification\",\"valueRequired\":true,\"valueName\":\"search_term_string\"}}],\"inLanguage\":\"fi\"},{\"@type\":\"Organization\",\"@id\":\"https:\/\/www.tuky.fi\/etusivu\/#organization\",\"name\":\"Turun KY\",\"alternateName\":\"TuKY\",\"url\":\"https:\/\/www.tuky.fi\/etusivu\/\",\"logo\":{\"@type\":\"ImageObject\",\"inLanguage\":\"fi\",\"@id\":\"https:\/\/www.tuky.fi\/etusivu\/#\/schema\/logo\/image\/\",\"url\":\"https:\/\/www.tuky.fi\/wp-content\/uploads\/2024\/09\/TuKY-logo-kulta-1.png\",\"contentUrl\":\"https:\/\/www.tuky.fi\/wp-content\/uploads\/2024\/09\/TuKY-logo-kulta-1.png\",\"width\":1080,\"height\":1080,\"caption\":\"Turun KY\"},\"image\":{\"@id\":\"https:\/\/www.tuky.fi\/etusivu\/#\/schema\/logo\/image\/\"},\"sameAs\":[\"https:\/\/instagram.com\/turunky\",\"https:\/\/linkedin.com\/turunky\"]},{\"@type\":\"Person\",\"@id\":\"https:\/\/www.tuky.fi\/etusivu\/#\/schema\/person\/479eb0d4ef732e133e3a76f9b7659a39\",\"name\":\"admin\",\"image\":{\"@type\":\"ImageObject\",\"inLanguage\":\"fi\",\"@id\":\"https:\/\/secure.gravatar.com\/avatar\/afbe741656101229147e16716fbedbcade65018caf8c467f89b9abae7aaffeea?s=96&d=mm&r=g\",\"url\":\"https:\/\/secure.gravatar.com\/avatar\/afbe741656101229147e16716fbedbcade65018caf8c467f89b9abae7aaffeea?s=96&d=mm&r=g\",\"contentUrl\":\"https:\/\/secure.gravatar.com\/avatar\/afbe741656101229147e16716fbedbcade65018caf8c467f89b9abae7aaffeea?s=96&d=mm&r=g\",\"caption\":\"admin\"},\"url\":\"https:\/\/www.tuky.fi\/etusivu\/author\/admin\/\"}]}<\/script>\n<!-- \/ Yoast SEO plugin. -->","yoast_head_json":{"title":"Koti on siell\u00e4 miss\u00e4 syd\u00e4n on. Parkki","robots":{"index":"index","follow":"follow","max-snippet":"max-snippet:-1","max-image-preview":"max-image-preview:large","max-video-preview":"max-video-preview:-1"},"canonical":"https:\/\/www.tuky.fi\/etusivu\/tukyblogi\/hallitusblogi-koti-on-siella-missa-sydan-on-parkki-3\/","og_locale":"fi_FI","og_type":"article","og_title":"Koti on siell\u00e4 miss\u00e4 syd\u00e4n on. Parkki","og_description":"Monelle j\u00e4senelle voi olla yll\u00e4tys, ett\u00e4 TuKYll\u00e4 on ollut Parkiksi nimetty toimisto- ja kerhotalo vasta 25 vuotta, joista uudempi vain viisi. N\u00e4m\u00e4 ajat ovat yll\u00e4tt\u00e4v\u00e4n lyhyit\u00e4 verrattuna TuKY:n olemassaoloon. Molempien [&hellip;]","og_url":"https:\/\/www.tuky.fi\/etusivu\/tukyblogi\/hallitusblogi-koti-on-siella-missa-sydan-on-parkki-3\/","og_site_name":"Turun KY","article_published_time":"2011-03-07T23:46:00+00:00","author":"admin","twitter_card":"summary_large_image","twitter_misc":{"Kirjoittanut":"admin","Arvioitu lukuaika":"3 minuuttia"},"schema":{"@context":"https:\/\/schema.org","@graph":[{"@type":"Article","@id":"https:\/\/www.tuky.fi\/etusivu\/tukyblogi\/hallitusblogi-koti-on-siella-missa-sydan-on-parkki-3\/#article","isPartOf":{"@id":"https:\/\/www.tuky.fi\/etusivu\/tukyblogi\/hallitusblogi-koti-on-siella-missa-sydan-on-parkki-3\/"},"author":{"name":"admin","@id":"https:\/\/www.tuky.fi\/etusivu\/#\/schema\/person\/479eb0d4ef732e133e3a76f9b7659a39"},"headline":"Koti on siell\u00e4 miss\u00e4 syd\u00e4n on. Parkki","datePublished":"2011-03-07T23:46:00+00:00","mainEntityOfPage":{"@id":"https:\/\/www.tuky.fi\/etusivu\/tukyblogi\/hallitusblogi-koti-on-siella-missa-sydan-on-parkki-3\/"},"wordCount":8,"commentCount":0,"publisher":{"@id":"https:\/\/www.tuky.fi\/etusivu\/#organization"},"articleSection":["Kaikki Blogit","TuKY-blogi"],"inLanguage":"fi","potentialAction":[{"@type":"CommentAction","name":"Comment","target":["https:\/\/www.tuky.fi\/etusivu\/tukyblogi\/hallitusblogi-koti-on-siella-missa-sydan-on-parkki-3\/#respond"]}]},{"@type":"WebPage","@id":"https:\/\/www.tuky.fi\/etusivu\/tukyblogi\/hallitusblogi-koti-on-siella-missa-sydan-on-parkki-3\/","url":"https:\/\/www.tuky.fi\/etusivu\/tukyblogi\/hallitusblogi-koti-on-siella-missa-sydan-on-parkki-3\/","name":"Koti on siell\u00e4 miss\u00e4 syd\u00e4n on. Parkki","isPartOf":{"@id":"https:\/\/www.tuky.fi\/etusivu\/#website"},"datePublished":"2011-03-07T23:46:00+00:00","breadcrumb":{"@id":"https:\/\/www.tuky.fi\/etusivu\/tukyblogi\/hallitusblogi-koti-on-siella-missa-sydan-on-parkki-3\/#breadcrumb"},"inLanguage":"fi","potentialAction":[{"@type":"ReadAction","target":["https:\/\/www.tuky.fi\/etusivu\/tukyblogi\/hallitusblogi-koti-on-siella-missa-sydan-on-parkki-3\/"]}]},{"@type":"BreadcrumbList","@id":"https:\/\/www.tuky.fi\/etusivu\/tukyblogi\/hallitusblogi-koti-on-siella-missa-sydan-on-parkki-3\/#breadcrumb","itemListElement":[{"@type":"ListItem","position":1,"name":"Etusivu","item":"https:\/\/www.tuky.fi\/etusivu\/"},{"@type":"ListItem","position":2,"name":"Koti on siell\u00e4 miss\u00e4 syd\u00e4n on. Parkki"}]},{"@type":"WebSite","@id":"https:\/\/www.tuky.fi\/etusivu\/#website","url":"https:\/\/www.tuky.fi\/etusivu\/","name":"Turun KY","description":"TuKY","publisher":{"@id":"https:\/\/www.tuky.fi\/etusivu\/#organization"},"alternateName":"TuKY","potentialAction":[{"@type":"SearchAction","target":{"@type":"EntryPoint","urlTemplate":"https:\/\/www.tuky.fi\/etusivu\/?s={search_term_string}"},"query-input":{"@type":"PropertyValueSpecification","valueRequired":true,"valueName":"search_term_string"}}],"inLanguage":"fi"},{"@type":"Organization","@id":"https:\/\/www.tuky.fi\/etusivu\/#organization","name":"Turun KY","alternateName":"TuKY","url":"https:\/\/www.tuky.fi\/etusivu\/","logo":{"@type":"ImageObject","inLanguage":"fi","@id":"https:\/\/www.tuky.fi\/etusivu\/#\/schema\/logo\/image\/","url":"https:\/\/www.tuky.fi\/wp-content\/uploads\/2024\/09\/TuKY-logo-kulta-1.png","contentUrl":"https:\/\/www.tuky.fi\/wp-content\/uploads\/2024\/09\/TuKY-logo-kulta-1.png","width":1080,"height":1080,"caption":"Turun KY"},"image":{"@id":"https:\/\/www.tuky.fi\/etusivu\/#\/schema\/logo\/image\/"},"sameAs":["https:\/\/instagram.com\/turunky","https:\/\/linkedin.com\/turunky"]},{"@type":"Person","@id":"https:\/\/www.tuky.fi\/etusivu\/#\/schema\/person\/479eb0d4ef732e133e3a76f9b7659a39","name":"admin","image":{"@type":"ImageObject","inLanguage":"fi","@id":"https:\/\/secure.gravatar.com\/avatar\/afbe741656101229147e16716fbedbcade65018caf8c467f89b9abae7aaffeea?s=96&d=mm&r=g","url":"https:\/\/secure.gravatar.com\/avatar\/afbe741656101229147e16716fbedbcade65018caf8c467f89b9abae7aaffeea?s=96&d=mm&r=g","contentUrl":"https:\/\/secure.gravatar.com\/avatar\/afbe741656101229147e16716fbedbcade65018caf8c467f89b9abae7aaffeea?s=96&d=mm&r=g","caption":"admin"},"url":"https:\/\/www.tuky.fi\/etusivu\/author\/admin\/"}]}},"lang":"fi","translations":{"fi":1029},"pll_sync_post":[],"_links":{"self":[{"href":"https:\/\/www.tuky.fi\/etusivu\/wp-json\/wp\/v2\/posts\/1029","targetHints":{"allow":["GET"]}}],"collection":[{"href":"https:\/\/www.tuky.fi\/etusivu\/wp-json\/wp\/v2\/posts"}],"about":[{"href":"https:\/\/www.tuky.fi\/etusivu\/wp-json\/wp\/v2\/types\/post"}],"author":[{"embeddable":true,"href":"https:\/\/www.tuky.fi\/etusivu\/wp-json\/wp\/v2\/users\/1"}],"replies":[{"embeddable":true,"href":"https:\/\/www.tuky.fi\/etusivu\/wp-json\/wp\/v2\/comments?post=1029"}],"version-history":[{"count":0,"href":"https:\/\/www.tuky.fi\/etusivu\/wp-json\/wp\/v2\/posts\/1029\/revisions"}],"wp:attachment":[{"href":"https:\/\/www.tuky.fi\/etusivu\/wp-json\/wp\/v2\/media?parent=1029"}],"wp:term":[{"taxonomy":"category","embeddable":true,"href":"https:\/\/www.tuky.fi\/etusivu\/wp-json\/wp\/v2\/categories?post=1029"},{"taxonomy":"post_tag","embeddable":true,"href":"https:\/\/www.tuky.fi\/etusivu\/wp-json\/wp\/v2\/tags?post=1029"}],"curies":[{"name":"wp","href":"https:\/\/api.w.org\/{rel}","templated":true}]}}